{"id":6169,"date":"2021-05-25T06:27:33","date_gmt":"2021-05-25T10:27:33","guid":{"rendered":"https:\/\/www.eldiario.net\/portal\/?p=6169"},"modified":"2021-05-25T06:27:33","modified_gmt":"2021-05-25T10:27:33","slug":"dellien-remonta-y-avanza-en-el-roland-garros","status":"publish","type":"post","link":"https:\/\/www.eldiario.net\/portal\/2021\/05\/25\/dellien-remonta-y-avanza-en-el-roland-garros\/","title":{"rendered":"Dellien remonta y avanza en el Roland Garros"},"content":{"rendered":"<p>Hugo Dellien remont\u00f3 y gan\u00f3 ayer al b\u00falgaro Dimitar Kuzmanov por 3-6, 6-2 y 6-1 para avanzar a segunda ronda de la qualy (clasificaci\u00f3n) del Roland Garros de Francia, instancia en la que se enfrentar\u00e1 al esloveno Blaz Kavcic.<\/p>\n<p>El encuentro entre ambos en principio estaba programado para las 10.05 de Bolivia en la cancha 4 del Stade Roland Garros; sin embargo, los partidos previos se alargaron y el duelo arranc\u00f3 en horas de la tarde, pero en la pista 14.<\/p>\n<p>Pese al retraso ambos tenistas dieron lo mejor de s\u00ed en el primer set, pues ninguno de los dos ced\u00eda su servicio, aunque el boliviano estuvo muy cerca de conseguirlo en un par de oportunidades.<\/p>\n<p>Ello lo pag\u00f3 caro porque el b\u00falgaro aprovech\u00f3 la oportunidad de quebrarle el saque y lo hizo en el sexto game para ponerse arriba en el marcador (4-2). La diferencia se mantuvo hasta que gan\u00f3 por 6-3.<\/p>\n<p><strong>Reacci\u00f3n<\/strong><\/p>\n<p>El resultado hizo que Dellien termine muy enojado, pero para la segunda cancha se tranquiliz\u00f3 y mostr\u00f3 un mejor juego, producto de ello le rompi\u00f3 el saque a Kuzmanov en el cuarto juego para ponerse arriba 3-1.<\/p>\n<p>Pese a que su rival intent\u00f3 recuperarse no logr\u00f3 hacerlo y Dellien emparej\u00f3 el marcador de sets al ganar por 6-2.<\/p>\n<p>Si esa cancha fue buena para el nacido en Trinidad la tercera fue casi perfecta, pues le quebr\u00f3 el saque a su contrincante en dos oportunidades y gracias a ello gan\u00f3 por 6-1 en una hora y 56 minutos de juego.<\/p>\n<p>De esta manera Dellien no solo pas\u00f3 de ronda, sino que se cobr\u00f3 revancha de la derrota sufrida con el mismo rival en el Challenger de Lima en 2017: 6-2 y 7-6(5).<\/p>\n<p><strong>Favorito<\/strong><\/p>\n<p>En segunda ronda se enfrentar\u00e1 con Kavcic, tenista con el que jugar\u00e1 por primera vez. Su partido todav\u00eda no tiene fecha ni horario definido, aunque lo m\u00e1s seguro es que jueguen entre mi\u00e9rcoles y jueves.<\/p>\n<p>Kavcic llega a este duelo despu\u00e9s de vencer en primera ronda al polaco Kacper Zuk por 6-2 y 7-6(7).<\/p>\n<p>Al ubicarse en el puesto 124 del ranking mundial el boliviano es considerado el favorito para vencer, pues el esloveno se ubica en el 216.<\/p>\n<p>&nbsp;<\/p>\n","protected":false},"excerpt":{"rendered":"<p>Hugo Dellien remont\u00f3 y gan\u00f3 ayer al b\u00falgaro Dimitar Kuzmanov por 3-6, 6-2 y 6-1 para avanzar a segunda ronda de la qualy (clasificaci\u00f3n) del Roland Garros de Francia, instancia en la que se enfrentar\u00e1 al esloveno Blaz Kavcic. El encuentro entre ambos en principio estaba programado para las 10.05 de Bolivia en la cancha [&hellip;]<\/p>\n","protected":false},"author":1,"featured_media":6170,"comment_status":"closed","ping_status":"closed","sticky":false,"template":"","format":"standard","meta":{"_acf_changed":false,"footnotes":""},"categories":[6],"tags":[],"class_list":["post-6169","post","type-post","status-publish","format-standard","has-post-thumbnail","category-deportes"],"acf":{"antetitulo":""},"yoast_head":"<!-- This site is optimized with the Yoast SEO plugin v28.3 - https:\/\/yoast.com\/product\/yoast-seo-wordpress\/ -->\n<title>Dellien remonta y avanza en el Roland Garros - El Diario - Bolivia<\/title>\n<meta name=\"robots\" content=\"index, follow, max-snippet:-1, max-image-preview:large, max-video-preview:-1\" \/>\n<link rel=\"canonical\" href=\"https:\/\/www.eldiario.net\/portal\/2021\/05\/25\/dellien-remonta-y-avanza-en-el-roland-garros\/\" \/>\n<meta property=\"og:locale\" content=\"es_ES\" \/>\n<meta property=\"og:type\" content=\"article\" \/>\n<meta property=\"og:title\" content=\"Dellien remonta y avanza en el Roland Garros - El Diario - Bolivia\" \/>\n<meta property=\"og:description\" content=\"Hugo Dellien remont\u00f3 y gan\u00f3 ayer al b\u00falgaro Dimitar Kuzmanov por 3-6, 6-2 y 6-1 para avanzar a segunda ronda de la qualy (clasificaci\u00f3n) del Roland Garros de Francia, instancia en la que se enfrentar\u00e1 al esloveno Blaz Kavcic. El encuentro entre ambos en principio estaba programado para las 10.05 de Bolivia en la cancha [&hellip;]\" \/>\n<meta property=\"og:url\" content=\"https:\/\/www.eldiario.net\/portal\/2021\/05\/25\/dellien-remonta-y-avanza-en-el-roland-garros\/\" \/>\n<meta property=\"og:site_name\" content=\"El Diario - Bolivia\" \/>\n<meta property=\"article:publisher\" content=\"https:\/\/www.facebook.com\/eldiario.bolivia\/\" \/>\n<meta property=\"article:published_time\" content=\"2021-05-25T10:27:33+00:00\" \/>\n<meta name=\"author\" content=\"Jeanette\" \/>\n<meta name=\"twitter:card\" content=\"summary_large_image\" \/>\n<meta name=\"twitter:creator\" content=\"@eldiario_net\" \/>\n<meta name=\"twitter:site\" content=\"@eldiario_net\" \/>\n<meta name=\"twitter:label1\" content=\"Escrito por\" \/>\n\t<meta name=\"twitter:data1\" content=\"Jeanette\" \/>\n\t<meta name=\"twitter:label2\" content=\"Tiempo de lectura\" \/>\n\t<meta name=\"twitter:data2\" content=\"2 minutos\" \/>\n<script type=\"application\/ld+json\" class=\"yoast-schema-graph\">{\"@context\":\"https:\\\/\\\/schema.org\",\"@graph\":[{\"@type\":\"Article\",\"@id\":\"https:\\\/\\\/www.eldiario.net\\\/portal\\\/2021\\\/05\\\/25\\\/dellien-remonta-y-avanza-en-el-roland-garros\\\/#article\",\"isPartOf\":{\"@id\":\"https:\\\/\\\/www.eldiario.net\\\/portal\\\/2021\\\/05\\\/25\\\/dellien-remonta-y-avanza-en-el-roland-garros\\\/\"},\"author\":{\"name\":\"Jeanette\",\"@id\":\"https:\\\/\\\/www.eldiario.net\\\/portal\\\/#\\\/schema\\\/person\\\/f46445640444750d7d753ccd04ae01b7\"},\"headline\":\"Dellien remonta y avanza en el Roland Garros\",\"datePublished\":\"2021-05-25T10:27:33+00:00\",\"mainEntityOfPage\":{\"@id\":\"https:\\\/\\\/www.eldiario.net\\\/portal\\\/2021\\\/05\\\/25\\\/dellien-remonta-y-avanza-en-el-roland-garros\\\/\"},\"wordCount\":376,\"publisher\":{\"@id\":\"https:\\\/\\\/www.eldiario.net\\\/portal\\\/#organization\"},\"image\":{\"@id\":\"https:\\\/\\\/www.eldiario.net\\\/portal\\\/2021\\\/05\\\/25\\\/dellien-remonta-y-avanza-en-el-roland-garros\\\/#primaryimage\"},\"thumbnailUrl\":\"\",\"articleSection\":[\"Deportes\"],\"inLanguage\":\"es\"},{\"@type\":\"WebPage\",\"@id\":\"https:\\\/\\\/www.eldiario.net\\\/portal\\\/2021\\\/05\\\/25\\\/dellien-remonta-y-avanza-en-el-roland-garros\\\/\",\"url\":\"https:\\\/\\\/www.eldiario.net\\\/portal\\\/2021\\\/05\\\/25\\\/dellien-remonta-y-avanza-en-el-roland-garros\\\/\",\"name\":\"Dellien remonta y avanza en el Roland Garros - El Diario - Bolivia\",\"isPartOf\":{\"@id\":\"https:\\\/\\\/www.eldiario.net\\\/portal\\\/#website\"},\"primaryImageOfPage\":{\"@id\":\"https:\\\/\\\/www.eldiario.net\\\/portal\\\/2021\\\/05\\\/25\\\/dellien-remonta-y-avanza-en-el-roland-garros\\\/#primaryimage\"},\"image\":{\"@id\":\"https:\\\/\\\/www.eldiario.net\\\/portal\\\/2021\\\/05\\\/25\\\/dellien-remonta-y-avanza-en-el-roland-garros\\\/#primaryimage\"},\"thumbnailUrl\":\"\",\"datePublished\":\"2021-05-25T10:27:33+00:00\",\"breadcrumb\":{\"@id\":\"https:\\\/\\\/www.eldiario.net\\\/portal\\\/2021\\\/05\\\/25\\\/dellien-remonta-y-avanza-en-el-roland-garros\\\/#breadcrumb\"},\"inLanguage\":\"es\",\"potentialAction\":[{\"@type\":\"ReadAction\",\"target\":[\"https:\\\/\\\/www.eldiario.net\\\/portal\\\/2021\\\/05\\\/25\\\/dellien-remonta-y-avanza-en-el-roland-garros\\\/\"]}]},{\"@type\":\"ImageObject\",\"inLanguage\":\"es\",\"@id\":\"https:\\\/\\\/www.eldiario.net\\\/portal\\\/2021\\\/05\\\/25\\\/dellien-remonta-y-avanza-en-el-roland-garros\\\/#primaryimage\",\"url\":\"\",\"contentUrl\":\"\"},{\"@type\":\"BreadcrumbList\",\"@id\":\"https:\\\/\\\/www.eldiario.net\\\/portal\\\/2021\\\/05\\\/25\\\/dellien-remonta-y-avanza-en-el-roland-garros\\\/#breadcrumb\",\"itemListElement\":[{\"@type\":\"ListItem\",\"position\":1,\"name\":\"Portada\",\"item\":\"https:\\\/\\\/www.eldiario.net\\\/portal\\\/\"},{\"@type\":\"ListItem\",\"position\":2,\"name\":\"Dellien remonta y avanza en el Roland Garros\"}]},{\"@type\":\"WebSite\",\"@id\":\"https:\\\/\\\/www.eldiario.net\\\/portal\\\/#website\",\"url\":\"https:\\\/\\\/www.eldiario.net\\\/portal\\\/\",\"name\":\"El Diario - Decano de la prensa nacional\",\"description\":\"El Diario - Decano de la prensa nacional\",\"publisher\":{\"@id\":\"https:\\\/\\\/www.eldiario.net\\\/portal\\\/#organization\"},\"potentialAction\":[{\"@type\":\"SearchAction\",\"target\":{\"@type\":\"EntryPoint\",\"urlTemplate\":\"https:\\\/\\\/www.eldiario.net\\\/portal\\\/?s={search_term_string}\"},\"query-input\":{\"@type\":\"PropertyValueSpecification\",\"valueRequired\":true,\"valueName\":\"search_term_string\"}}],\"inLanguage\":\"es\"},{\"@type\":\"Organization\",\"@id\":\"https:\\\/\\\/www.eldiario.net\\\/portal\\\/#organization\",\"name\":\"El Diario - Decano de la prensa nacional\",\"url\":\"https:\\\/\\\/www.eldiario.net\\\/portal\\\/\",\"logo\":{\"@type\":\"ImageObject\",\"inLanguage\":\"es\",\"@id\":\"https:\\\/\\\/www.eldiario.net\\\/portal\\\/#\\\/schema\\\/logo\\\/image\\\/\",\"url\":\"https:\\\/\\\/www.eldiario.net\\\/portal\\\/wp-content\\\/uploads\\\/2023\\\/07\\\/logo_ED.jpg\",\"contentUrl\":\"https:\\\/\\\/www.eldiario.net\\\/portal\\\/wp-content\\\/uploads\\\/2023\\\/07\\\/logo_ED.jpg\",\"width\":272,\"height\":52,\"caption\":\"El Diario - Decano de la prensa nacional\"},\"image\":{\"@id\":\"https:\\\/\\\/www.eldiario.net\\\/portal\\\/#\\\/schema\\\/logo\\\/image\\\/\"},\"sameAs\":[\"https:\\\/\\\/www.facebook.com\\\/eldiario.bolivia\\\/\",\"https:\\\/\\\/x.com\\\/eldiario_net\"]},{\"@type\":\"Person\",\"@id\":\"https:\\\/\\\/www.eldiario.net\\\/portal\\\/#\\\/schema\\\/person\\\/f46445640444750d7d753ccd04ae01b7\",\"name\":\"Jeanette\",\"image\":{\"@type\":\"ImageObject\",\"inLanguage\":\"es\",\"@id\":\"https:\\\/\\\/secure.gravatar.com\\\/avatar\\\/3ea2118a5f7dad2b7138b1187a6b7ee55f160b9968b66013c3a3ef39dd7e5798?s=96&d=mm&r=g\",\"url\":\"https:\\\/\\\/secure.gravatar.com\\\/avatar\\\/3ea2118a5f7dad2b7138b1187a6b7ee55f160b9968b66013c3a3ef39dd7e5798?s=96&d=mm&r=g\",\"contentUrl\":\"https:\\\/\\\/secure.gravatar.com\\\/avatar\\\/3ea2118a5f7dad2b7138b1187a6b7ee55f160b9968b66013c3a3ef39dd7e5798?s=96&d=mm&r=g\",\"caption\":\"Jeanette\"},\"sameAs\":[\"https:\\\/\\\/www.eldiario.net\\\/portal\"],\"url\":\"https:\\\/\\\/www.eldiario.net\\\/portal\\\/author\\\/jeanette\\\/\"}]}<\/script>\n<!-- \/ Yoast SEO plugin. -->","yoast_head_json":{"title":"Dellien remonta y avanza en el Roland Garros - El Diario - Bolivia","robots":{"index":"index","follow":"follow","max-snippet":"max-snippet:-1","max-image-preview":"max-image-preview:large","max-video-preview":"max-video-preview:-1"},"canonical":"https:\/\/www.eldiario.net\/portal\/2021\/05\/25\/dellien-remonta-y-avanza-en-el-roland-garros\/","og_locale":"es_ES","og_type":"article","og_title":"Dellien remonta y avanza en el Roland Garros - El Diario - Bolivia","og_description":"Hugo Dellien remont\u00f3 y gan\u00f3 ayer al b\u00falgaro Dimitar Kuzmanov por 3-6, 6-2 y 6-1 para avanzar a segunda ronda de la qualy (clasificaci\u00f3n) del Roland Garros de Francia, instancia en la que se enfrentar\u00e1 al esloveno Blaz Kavcic. El encuentro entre ambos en principio estaba programado para las 10.05 de Bolivia en la cancha [&hellip;]","og_url":"https:\/\/www.eldiario.net\/portal\/2021\/05\/25\/dellien-remonta-y-avanza-en-el-roland-garros\/","og_site_name":"El Diario - Bolivia","article_publisher":"https:\/\/www.facebook.com\/eldiario.bolivia\/","article_published_time":"2021-05-25T10:27:33+00:00","author":"Jeanette","twitter_card":"summary_large_image","twitter_creator":"@eldiario_net","twitter_site":"@eldiario_net","twitter_misc":{"Escrito por":"Jeanette","Tiempo de lectura":"2 minutos"},"schema":{"@context":"https:\/\/schema.org","@graph":[{"@type":"Article","@id":"https:\/\/www.eldiario.net\/portal\/2021\/05\/25\/dellien-remonta-y-avanza-en-el-roland-garros\/#article","isPartOf":{"@id":"https:\/\/www.eldiario.net\/portal\/2021\/05\/25\/dellien-remonta-y-avanza-en-el-roland-garros\/"},"author":{"name":"Jeanette","@id":"https:\/\/www.eldiario.net\/portal\/#\/schema\/person\/f46445640444750d7d753ccd04ae01b7"},"headline":"Dellien remonta y avanza en el Roland Garros","datePublished":"2021-05-25T10:27:33+00:00","mainEntityOfPage":{"@id":"https:\/\/www.eldiario.net\/portal\/2021\/05\/25\/dellien-remonta-y-avanza-en-el-roland-garros\/"},"wordCount":376,"publisher":{"@id":"https:\/\/www.eldiario.net\/portal\/#organization"},"image":{"@id":"https:\/\/www.eldiario.net\/portal\/2021\/05\/25\/dellien-remonta-y-avanza-en-el-roland-garros\/#primaryimage"},"thumbnailUrl":"","articleSection":["Deportes"],"inLanguage":"es"},{"@type":"WebPage","@id":"https:\/\/www.eldiario.net\/portal\/2021\/05\/25\/dellien-remonta-y-avanza-en-el-roland-garros\/","url":"https:\/\/www.eldiario.net\/portal\/2021\/05\/25\/dellien-remonta-y-avanza-en-el-roland-garros\/","name":"Dellien remonta y avanza en el Roland Garros - El Diario - Bolivia","isPartOf":{"@id":"https:\/\/www.eldiario.net\/portal\/#website"},"primaryImageOfPage":{"@id":"https:\/\/www.eldiario.net\/portal\/2021\/05\/25\/dellien-remonta-y-avanza-en-el-roland-garros\/#primaryimage"},"image":{"@id":"https:\/\/www.eldiario.net\/portal\/2021\/05\/25\/dellien-remonta-y-avanza-en-el-roland-garros\/#primaryimage"},"thumbnailUrl":"","datePublished":"2021-05-25T10:27:33+00:00","breadcrumb":{"@id":"https:\/\/www.eldiario.net\/portal\/2021\/05\/25\/dellien-remonta-y-avanza-en-el-roland-garros\/#breadcrumb"},"inLanguage":"es","potentialAction":[{"@type":"ReadAction","target":["https:\/\/www.eldiario.net\/portal\/2021\/05\/25\/dellien-remonta-y-avanza-en-el-roland-garros\/"]}]},{"@type":"ImageObject","inLanguage":"es","@id":"https:\/\/www.eldiario.net\/portal\/2021\/05\/25\/dellien-remonta-y-avanza-en-el-roland-garros\/#primaryimage","url":"","contentUrl":""},{"@type":"BreadcrumbList","@id":"https:\/\/www.eldiario.net\/portal\/2021\/05\/25\/dellien-remonta-y-avanza-en-el-roland-garros\/#breadcrumb","itemListElement":[{"@type":"ListItem","position":1,"name":"Portada","item":"https:\/\/www.eldiario.net\/portal\/"},{"@type":"ListItem","position":2,"name":"Dellien remonta y avanza en el Roland Garros"}]},{"@type":"WebSite","@id":"https:\/\/www.eldiario.net\/portal\/#website","url":"https:\/\/www.eldiario.net\/portal\/","name":"El Diario - Decano de la prensa nacional","description":"El Diario - Decano de la prensa nacional","publisher":{"@id":"https:\/\/www.eldiario.net\/portal\/#organization"},"potentialAction":[{"@type":"SearchAction","target":{"@type":"EntryPoint","urlTemplate":"https:\/\/www.eldiario.net\/portal\/?s={search_term_string}"},"query-input":{"@type":"PropertyValueSpecification","valueRequired":true,"valueName":"search_term_string"}}],"inLanguage":"es"},{"@type":"Organization","@id":"https:\/\/www.eldiario.net\/portal\/#organization","name":"El Diario - Decano de la prensa nacional","url":"https:\/\/www.eldiario.net\/portal\/","logo":{"@type":"ImageObject","inLanguage":"es","@id":"https:\/\/www.eldiario.net\/portal\/#\/schema\/logo\/image\/","url":"https:\/\/www.eldiario.net\/portal\/wp-content\/uploads\/2023\/07\/logo_ED.jpg","contentUrl":"https:\/\/www.eldiario.net\/portal\/wp-content\/uploads\/2023\/07\/logo_ED.jpg","width":272,"height":52,"caption":"El Diario - Decano de la prensa nacional"},"image":{"@id":"https:\/\/www.eldiario.net\/portal\/#\/schema\/logo\/image\/"},"sameAs":["https:\/\/www.facebook.com\/eldiario.bolivia\/","https:\/\/x.com\/eldiario_net"]},{"@type":"Person","@id":"https:\/\/www.eldiario.net\/portal\/#\/schema\/person\/f46445640444750d7d753ccd04ae01b7","name":"Jeanette","image":{"@type":"ImageObject","inLanguage":"es","@id":"https:\/\/secure.gravatar.com\/avatar\/3ea2118a5f7dad2b7138b1187a6b7ee55f160b9968b66013c3a3ef39dd7e5798?s=96&d=mm&r=g","url":"https:\/\/secure.gravatar.com\/avatar\/3ea2118a5f7dad2b7138b1187a6b7ee55f160b9968b66013c3a3ef39dd7e5798?s=96&d=mm&r=g","contentUrl":"https:\/\/secure.gravatar.com\/avatar\/3ea2118a5f7dad2b7138b1187a6b7ee55f160b9968b66013c3a3ef39dd7e5798?s=96&d=mm&r=g","caption":"Jeanette"},"sameAs":["https:\/\/www.eldiario.net\/portal"],"url":"https:\/\/www.eldiario.net\/portal\/author\/jeanette\/"}]}},"_links":{"self":[{"href":"https:\/\/www.eldiario.net\/portal\/wp-json\/wp\/v2\/posts\/6169","targetHints":{"allow":["GET"]}}],"collection":[{"href":"https:\/\/www.eldiario.net\/portal\/wp-json\/wp\/v2\/posts"}],"about":[{"href":"https:\/\/www.eldiario.net\/portal\/wp-json\/wp\/v2\/types\/post"}],"author":[{"embeddable":true,"href":"https:\/\/www.eldiario.net\/portal\/wp-json\/wp\/v2\/users\/1"}],"replies":[{"embeddable":true,"href":"https:\/\/www.eldiario.net\/portal\/wp-json\/wp\/v2\/comments?post=6169"}],"version-history":[{"count":0,"href":"https:\/\/www.eldiario.net\/portal\/wp-json\/wp\/v2\/posts\/6169\/revisions"}],"wp:attachment":[{"href":"https:\/\/www.eldiario.net\/portal\/wp-json\/wp\/v2\/media?parent=6169"}],"wp:term":[{"taxonomy":"category","embeddable":true,"href":"https:\/\/www.eldiario.net\/portal\/wp-json\/wp\/v2\/categories?post=6169"},{"taxonomy":"post_tag","embeddable":true,"href":"https:\/\/www.eldiario.net\/portal\/wp-json\/wp\/v2\/tags?post=6169"}],"curies":[{"name":"wp","href":"https:\/\/api.w.org\/{rel}","templated":true}]}}