{"id":60716,"date":"2022-02-03T06:21:29","date_gmt":"2022-02-03T10:21:29","guid":{"rendered":"https:\/\/www.eldiario.net\/portal\/?p=60716"},"modified":"2022-02-03T06:21:29","modified_gmt":"2022-02-03T10:21:29","slug":"senador-paz-plantea-crear-ministerio-de-la-mujer","status":"publish","type":"post","link":"https:\/\/www.eldiario.net\/portal\/2022\/02\/03\/senador-paz-plantea-crear-ministerio-de-la-mujer\/","title":{"rendered":"Senador Paz plantea crear  \u201cMinisterio de la Mujer\u201d"},"content":{"rendered":"<p>Debido a las constantes denuncias por cr\u00edmenes violentos en contra de mujeres, tomando en cuenta la posibilidad de cambios y reformas en el gabinete ministerial en los siguientes d\u00edas, el senador Rodrigo Paz Pereira (CC) plante\u00f3 la creaci\u00f3n de un \u201cMinisterio de la Mujer\u201d, independiente del poder pol\u00edtico.<\/p>\n<p>Pidi\u00f3 de manera formal que el presidente del Estado, Luis Arce Catacora, considere la creaci\u00f3n de un ministerio enfocado en atender la problem\u00e1tica de la violencia contra la mujer, con autonom\u00eda econ\u00f3mica y pol\u00edtica, con miras a la defensa y desarrollo de las mujeres bolivianas.<\/p>\n<p>\u201cEl financiamiento para sostener esta entidad puede provenir del financiamiento que se otorga a las empresas deficitarias y quebradas que este a\u00f1o obtuvieron un presupuesto de 78 mil millones de bolivianos, lo cual ayudar\u00eda a resolver los problemas estructurales de la violencia contra las mujeres\u201d, dijo.<\/p>\n<p>Record\u00f3 que, en su gesti\u00f3n como alcalde de Tarija, se cre\u00f3 la \u201cSecretar\u00eda de la Mujer\u201d, que pese a disponer de pocos recursos econ\u00f3micos, obtuvo buenos resultados y experiencias exitosas.<\/p>\n<p>Paz observ\u00f3 que, si bien el presidente Luis Arce propuso la creaci\u00f3n de una Comisi\u00f3n de Revisi\u00f3n de Casos de Violaci\u00f3n y Feminicidios, \u201cresulta ser una perspectiva hacia al pasado, pero no hacia el futuro; aqu\u00ed se trata es garantizar futuro\u201d, insisti\u00f3.<\/p>\n<p>Cit\u00f3 que en Bolivia siete de cada diez mujeres sufrieron alg\u00fan tipo de agresi\u00f3n, en promedio dos mujeres mueren cada semana. Cuando se denuncian los casos de violencia ante la justicia s\u00f3lo el 1.3% de los fallos salen a favor, raz\u00f3n por la cual propuso nuevamente la creaci\u00f3n de este ministerio para garantizar la defensa de las mujeres.<\/p>\n<p>El martes pasado, tras el alarmante incremento de violencia contra las mujeres y luego de conocerse el caso de los operadores de justicia que beneficiaban con la libertad a feminicidas y violadores, el presidente Luis Arce, instruy\u00f3 la conformaci\u00f3n de una comisi\u00f3n encargada de revisar los casos en esta materia registrados en los \u00faltimos a\u00f1os.<\/p>\n","protected":false},"excerpt":{"rendered":"<p>Debido a las constantes denuncias por cr\u00edmenes violentos en contra de mujeres, tomando en cuenta la posibilidad de cambios y reformas en el gabinete ministerial en los siguientes d\u00edas, el senador Rodrigo Paz Pereira (CC) plante\u00f3 la creaci\u00f3n de un \u201cMinisterio de la Mujer\u201d, independiente del poder pol\u00edtico. Pidi\u00f3 de manera formal que el presidente [&hellip;]<\/p>\n","protected":false},"author":1,"featured_media":60717,"comment_status":"closed","ping_status":"closed","sticky":false,"template":"","format":"standard","meta":{"_acf_changed":false,"footnotes":""},"categories":[14],"tags":[],"class_list":["post-60716","post","type-post","status-publish","format-standard","has-post-thumbnail","category-politica"],"acf":{"antetitulo":""},"yoast_head":"<!-- This site is optimized with the Yoast SEO plugin v28.3 - https:\/\/yoast.com\/product\/yoast-seo-wordpress\/ -->\n<title>Senador Paz plantea crear \u201cMinisterio de la Mujer\u201d - El Diario - Bolivia<\/title>\n<meta name=\"robots\" content=\"index, follow, max-snippet:-1, max-image-preview:large, max-video-preview:-1\" \/>\n<link rel=\"canonical\" href=\"https:\/\/www.eldiario.net\/portal\/2022\/02\/03\/senador-paz-plantea-crear-ministerio-de-la-mujer\/\" \/>\n<meta property=\"og:locale\" content=\"es_ES\" \/>\n<meta property=\"og:type\" content=\"article\" \/>\n<meta property=\"og:title\" content=\"Senador Paz plantea crear \u201cMinisterio de la Mujer\u201d - El Diario - Bolivia\" \/>\n<meta property=\"og:description\" content=\"Debido a las constantes denuncias por cr\u00edmenes violentos en contra de mujeres, tomando en cuenta la posibilidad de cambios y reformas en el gabinete ministerial en los siguientes d\u00edas, el senador Rodrigo Paz Pereira (CC) plante\u00f3 la creaci\u00f3n de un \u201cMinisterio de la Mujer\u201d, independiente del poder pol\u00edtico. Pidi\u00f3 de manera formal que el presidente [&hellip;]\" \/>\n<meta property=\"og:url\" content=\"https:\/\/www.eldiario.net\/portal\/2022\/02\/03\/senador-paz-plantea-crear-ministerio-de-la-mujer\/\" \/>\n<meta property=\"og:site_name\" content=\"El Diario - Bolivia\" \/>\n<meta property=\"article:publisher\" content=\"https:\/\/www.facebook.com\/eldiario.bolivia\/\" \/>\n<meta property=\"article:published_time\" content=\"2022-02-03T10:21:29+00:00\" \/>\n<meta name=\"author\" content=\"Jeanette\" \/>\n<meta name=\"twitter:card\" content=\"summary_large_image\" \/>\n<meta name=\"twitter:creator\" content=\"@eldiario_net\" \/>\n<meta name=\"twitter:site\" content=\"@eldiario_net\" \/>\n<meta name=\"twitter:label1\" content=\"Escrito por\" \/>\n\t<meta name=\"twitter:data1\" content=\"Jeanette\" \/>\n\t<meta name=\"twitter:label2\" content=\"Tiempo de lectura\" \/>\n\t<meta name=\"twitter:data2\" content=\"2 minutos\" \/>\n<script type=\"application\/ld+json\" class=\"yoast-schema-graph\">{\"@context\":\"https:\\\/\\\/schema.org\",\"@graph\":[{\"@type\":\"Article\",\"@id\":\"https:\\\/\\\/www.eldiario.net\\\/portal\\\/2022\\\/02\\\/03\\\/senador-paz-plantea-crear-ministerio-de-la-mujer\\\/#article\",\"isPartOf\":{\"@id\":\"https:\\\/\\\/www.eldiario.net\\\/portal\\\/2022\\\/02\\\/03\\\/senador-paz-plantea-crear-ministerio-de-la-mujer\\\/\"},\"author\":{\"name\":\"Jeanette\",\"@id\":\"https:\\\/\\\/www.eldiario.net\\\/portal\\\/#\\\/schema\\\/person\\\/f46445640444750d7d753ccd04ae01b7\"},\"headline\":\"Senador Paz plantea crear \u201cMinisterio de la Mujer\u201d\",\"datePublished\":\"2022-02-03T10:21:29+00:00\",\"mainEntityOfPage\":{\"@id\":\"https:\\\/\\\/www.eldiario.net\\\/portal\\\/2022\\\/02\\\/03\\\/senador-paz-plantea-crear-ministerio-de-la-mujer\\\/\"},\"wordCount\":356,\"publisher\":{\"@id\":\"https:\\\/\\\/www.eldiario.net\\\/portal\\\/#organization\"},\"image\":{\"@id\":\"https:\\\/\\\/www.eldiario.net\\\/portal\\\/2022\\\/02\\\/03\\\/senador-paz-plantea-crear-ministerio-de-la-mujer\\\/#primaryimage\"},\"thumbnailUrl\":\"\",\"articleSection\":[\"Pol\u00edtica\"],\"inLanguage\":\"es\"},{\"@type\":\"WebPage\",\"@id\":\"https:\\\/\\\/www.eldiario.net\\\/portal\\\/2022\\\/02\\\/03\\\/senador-paz-plantea-crear-ministerio-de-la-mujer\\\/\",\"url\":\"https:\\\/\\\/www.eldiario.net\\\/portal\\\/2022\\\/02\\\/03\\\/senador-paz-plantea-crear-ministerio-de-la-mujer\\\/\",\"name\":\"Senador Paz plantea crear \u201cMinisterio de la Mujer\u201d - El Diario - Bolivia\",\"isPartOf\":{\"@id\":\"https:\\\/\\\/www.eldiario.net\\\/portal\\\/#website\"},\"primaryImageOfPage\":{\"@id\":\"https:\\\/\\\/www.eldiario.net\\\/portal\\\/2022\\\/02\\\/03\\\/senador-paz-plantea-crear-ministerio-de-la-mujer\\\/#primaryimage\"},\"image\":{\"@id\":\"https:\\\/\\\/www.eldiario.net\\\/portal\\\/2022\\\/02\\\/03\\\/senador-paz-plantea-crear-ministerio-de-la-mujer\\\/#primaryimage\"},\"thumbnailUrl\":\"\",\"datePublished\":\"2022-02-03T10:21:29+00:00\",\"breadcrumb\":{\"@id\":\"https:\\\/\\\/www.eldiario.net\\\/portal\\\/2022\\\/02\\\/03\\\/senador-paz-plantea-crear-ministerio-de-la-mujer\\\/#breadcrumb\"},\"inLanguage\":\"es\",\"potentialAction\":[{\"@type\":\"ReadAction\",\"target\":[\"https:\\\/\\\/www.eldiario.net\\\/portal\\\/2022\\\/02\\\/03\\\/senador-paz-plantea-crear-ministerio-de-la-mujer\\\/\"]}]},{\"@type\":\"ImageObject\",\"inLanguage\":\"es\",\"@id\":\"https:\\\/\\\/www.eldiario.net\\\/portal\\\/2022\\\/02\\\/03\\\/senador-paz-plantea-crear-ministerio-de-la-mujer\\\/#primaryimage\",\"url\":\"\",\"contentUrl\":\"\"},{\"@type\":\"BreadcrumbList\",\"@id\":\"https:\\\/\\\/www.eldiario.net\\\/portal\\\/2022\\\/02\\\/03\\\/senador-paz-plantea-crear-ministerio-de-la-mujer\\\/#breadcrumb\",\"itemListElement\":[{\"@type\":\"ListItem\",\"position\":1,\"name\":\"Portada\",\"item\":\"https:\\\/\\\/www.eldiario.net\\\/portal\\\/\"},{\"@type\":\"ListItem\",\"position\":2,\"name\":\"Senador Paz plantea crear \u201cMinisterio de la Mujer\u201d\"}]},{\"@type\":\"WebSite\",\"@id\":\"https:\\\/\\\/www.eldiario.net\\\/portal\\\/#website\",\"url\":\"https:\\\/\\\/www.eldiario.net\\\/portal\\\/\",\"name\":\"El Diario - Decano de la prensa nacional\",\"description\":\"El Diario - Decano de la prensa nacional\",\"publisher\":{\"@id\":\"https:\\\/\\\/www.eldiario.net\\\/portal\\\/#organization\"},\"potentialAction\":[{\"@type\":\"SearchAction\",\"target\":{\"@type\":\"EntryPoint\",\"urlTemplate\":\"https:\\\/\\\/www.eldiario.net\\\/portal\\\/?s={search_term_string}\"},\"query-input\":{\"@type\":\"PropertyValueSpecification\",\"valueRequired\":true,\"valueName\":\"search_term_string\"}}],\"inLanguage\":\"es\"},{\"@type\":\"Organization\",\"@id\":\"https:\\\/\\\/www.eldiario.net\\\/portal\\\/#organization\",\"name\":\"El Diario - Decano de la prensa nacional\",\"url\":\"https:\\\/\\\/www.eldiario.net\\\/portal\\\/\",\"logo\":{\"@type\":\"ImageObject\",\"inLanguage\":\"es\",\"@id\":\"https:\\\/\\\/www.eldiario.net\\\/portal\\\/#\\\/schema\\\/logo\\\/image\\\/\",\"url\":\"https:\\\/\\\/www.eldiario.net\\\/portal\\\/wp-content\\\/uploads\\\/2023\\\/07\\\/logo_ED.jpg\",\"contentUrl\":\"https:\\\/\\\/www.eldiario.net\\\/portal\\\/wp-content\\\/uploads\\\/2023\\\/07\\\/logo_ED.jpg\",\"width\":272,\"height\":52,\"caption\":\"El Diario - Decano de la prensa nacional\"},\"image\":{\"@id\":\"https:\\\/\\\/www.eldiario.net\\\/portal\\\/#\\\/schema\\\/logo\\\/image\\\/\"},\"sameAs\":[\"https:\\\/\\\/www.facebook.com\\\/eldiario.bolivia\\\/\",\"https:\\\/\\\/x.com\\\/eldiario_net\"]},{\"@type\":\"Person\",\"@id\":\"https:\\\/\\\/www.eldiario.net\\\/portal\\\/#\\\/schema\\\/person\\\/f46445640444750d7d753ccd04ae01b7\",\"name\":\"Jeanette\",\"image\":{\"@type\":\"ImageObject\",\"inLanguage\":\"es\",\"@id\":\"https:\\\/\\\/secure.gravatar.com\\\/avatar\\\/3ea2118a5f7dad2b7138b1187a6b7ee55f160b9968b66013c3a3ef39dd7e5798?s=96&d=mm&r=g\",\"url\":\"https:\\\/\\\/secure.gravatar.com\\\/avatar\\\/3ea2118a5f7dad2b7138b1187a6b7ee55f160b9968b66013c3a3ef39dd7e5798?s=96&d=mm&r=g\",\"contentUrl\":\"https:\\\/\\\/secure.gravatar.com\\\/avatar\\\/3ea2118a5f7dad2b7138b1187a6b7ee55f160b9968b66013c3a3ef39dd7e5798?s=96&d=mm&r=g\",\"caption\":\"Jeanette\"},\"sameAs\":[\"https:\\\/\\\/www.eldiario.net\\\/portal\"],\"url\":\"https:\\\/\\\/www.eldiario.net\\\/portal\\\/author\\\/jeanette\\\/\"}]}<\/script>\n<!-- \/ Yoast SEO plugin. -->","yoast_head_json":{"title":"Senador Paz plantea crear \u201cMinisterio de la Mujer\u201d - El Diario - Bolivia","robots":{"index":"index","follow":"follow","max-snippet":"max-snippet:-1","max-image-preview":"max-image-preview:large","max-video-preview":"max-video-preview:-1"},"canonical":"https:\/\/www.eldiario.net\/portal\/2022\/02\/03\/senador-paz-plantea-crear-ministerio-de-la-mujer\/","og_locale":"es_ES","og_type":"article","og_title":"Senador Paz plantea crear \u201cMinisterio de la Mujer\u201d - El Diario - Bolivia","og_description":"Debido a las constantes denuncias por cr\u00edmenes violentos en contra de mujeres, tomando en cuenta la posibilidad de cambios y reformas en el gabinete ministerial en los siguientes d\u00edas, el senador Rodrigo Paz Pereira (CC) plante\u00f3 la creaci\u00f3n de un \u201cMinisterio de la Mujer\u201d, independiente del poder pol\u00edtico. Pidi\u00f3 de manera formal que el presidente [&hellip;]","og_url":"https:\/\/www.eldiario.net\/portal\/2022\/02\/03\/senador-paz-plantea-crear-ministerio-de-la-mujer\/","og_site_name":"El Diario - Bolivia","article_publisher":"https:\/\/www.facebook.com\/eldiario.bolivia\/","article_published_time":"2022-02-03T10:21:29+00:00","author":"Jeanette","twitter_card":"summary_large_image","twitter_creator":"@eldiario_net","twitter_site":"@eldiario_net","twitter_misc":{"Escrito por":"Jeanette","Tiempo de lectura":"2 minutos"},"schema":{"@context":"https:\/\/schema.org","@graph":[{"@type":"Article","@id":"https:\/\/www.eldiario.net\/portal\/2022\/02\/03\/senador-paz-plantea-crear-ministerio-de-la-mujer\/#article","isPartOf":{"@id":"https:\/\/www.eldiario.net\/portal\/2022\/02\/03\/senador-paz-plantea-crear-ministerio-de-la-mujer\/"},"author":{"name":"Jeanette","@id":"https:\/\/www.eldiario.net\/portal\/#\/schema\/person\/f46445640444750d7d753ccd04ae01b7"},"headline":"Senador Paz plantea crear \u201cMinisterio de la Mujer\u201d","datePublished":"2022-02-03T10:21:29+00:00","mainEntityOfPage":{"@id":"https:\/\/www.eldiario.net\/portal\/2022\/02\/03\/senador-paz-plantea-crear-ministerio-de-la-mujer\/"},"wordCount":356,"publisher":{"@id":"https:\/\/www.eldiario.net\/portal\/#organization"},"image":{"@id":"https:\/\/www.eldiario.net\/portal\/2022\/02\/03\/senador-paz-plantea-crear-ministerio-de-la-mujer\/#primaryimage"},"thumbnailUrl":"","articleSection":["Pol\u00edtica"],"inLanguage":"es"},{"@type":"WebPage","@id":"https:\/\/www.eldiario.net\/portal\/2022\/02\/03\/senador-paz-plantea-crear-ministerio-de-la-mujer\/","url":"https:\/\/www.eldiario.net\/portal\/2022\/02\/03\/senador-paz-plantea-crear-ministerio-de-la-mujer\/","name":"Senador Paz plantea crear \u201cMinisterio de la Mujer\u201d - El Diario - Bolivia","isPartOf":{"@id":"https:\/\/www.eldiario.net\/portal\/#website"},"primaryImageOfPage":{"@id":"https:\/\/www.eldiario.net\/portal\/2022\/02\/03\/senador-paz-plantea-crear-ministerio-de-la-mujer\/#primaryimage"},"image":{"@id":"https:\/\/www.eldiario.net\/portal\/2022\/02\/03\/senador-paz-plantea-crear-ministerio-de-la-mujer\/#primaryimage"},"thumbnailUrl":"","datePublished":"2022-02-03T10:21:29+00:00","breadcrumb":{"@id":"https:\/\/www.eldiario.net\/portal\/2022\/02\/03\/senador-paz-plantea-crear-ministerio-de-la-mujer\/#breadcrumb"},"inLanguage":"es","potentialAction":[{"@type":"ReadAction","target":["https:\/\/www.eldiario.net\/portal\/2022\/02\/03\/senador-paz-plantea-crear-ministerio-de-la-mujer\/"]}]},{"@type":"ImageObject","inLanguage":"es","@id":"https:\/\/www.eldiario.net\/portal\/2022\/02\/03\/senador-paz-plantea-crear-ministerio-de-la-mujer\/#primaryimage","url":"","contentUrl":""},{"@type":"BreadcrumbList","@id":"https:\/\/www.eldiario.net\/portal\/2022\/02\/03\/senador-paz-plantea-crear-ministerio-de-la-mujer\/#breadcrumb","itemListElement":[{"@type":"ListItem","position":1,"name":"Portada","item":"https:\/\/www.eldiario.net\/portal\/"},{"@type":"ListItem","position":2,"name":"Senador Paz plantea crear \u201cMinisterio de la Mujer\u201d"}]},{"@type":"WebSite","@id":"https:\/\/www.eldiario.net\/portal\/#website","url":"https:\/\/www.eldiario.net\/portal\/","name":"El Diario - Decano de la prensa nacional","description":"El Diario - Decano de la prensa nacional","publisher":{"@id":"https:\/\/www.eldiario.net\/portal\/#organization"},"potentialAction":[{"@type":"SearchAction","target":{"@type":"EntryPoint","urlTemplate":"https:\/\/www.eldiario.net\/portal\/?s={search_term_string}"},"query-input":{"@type":"PropertyValueSpecification","valueRequired":true,"valueName":"search_term_string"}}],"inLanguage":"es"},{"@type":"Organization","@id":"https:\/\/www.eldiario.net\/portal\/#organization","name":"El Diario - Decano de la prensa nacional","url":"https:\/\/www.eldiario.net\/portal\/","logo":{"@type":"ImageObject","inLanguage":"es","@id":"https:\/\/www.eldiario.net\/portal\/#\/schema\/logo\/image\/","url":"https:\/\/www.eldiario.net\/portal\/wp-content\/uploads\/2023\/07\/logo_ED.jpg","contentUrl":"https:\/\/www.eldiario.net\/portal\/wp-content\/uploads\/2023\/07\/logo_ED.jpg","width":272,"height":52,"caption":"El Diario - Decano de la prensa nacional"},"image":{"@id":"https:\/\/www.eldiario.net\/portal\/#\/schema\/logo\/image\/"},"sameAs":["https:\/\/www.facebook.com\/eldiario.bolivia\/","https:\/\/x.com\/eldiario_net"]},{"@type":"Person","@id":"https:\/\/www.eldiario.net\/portal\/#\/schema\/person\/f46445640444750d7d753ccd04ae01b7","name":"Jeanette","image":{"@type":"ImageObject","inLanguage":"es","@id":"https:\/\/secure.gravatar.com\/avatar\/3ea2118a5f7dad2b7138b1187a6b7ee55f160b9968b66013c3a3ef39dd7e5798?s=96&d=mm&r=g","url":"https:\/\/secure.gravatar.com\/avatar\/3ea2118a5f7dad2b7138b1187a6b7ee55f160b9968b66013c3a3ef39dd7e5798?s=96&d=mm&r=g","contentUrl":"https:\/\/secure.gravatar.com\/avatar\/3ea2118a5f7dad2b7138b1187a6b7ee55f160b9968b66013c3a3ef39dd7e5798?s=96&d=mm&r=g","caption":"Jeanette"},"sameAs":["https:\/\/www.eldiario.net\/portal"],"url":"https:\/\/www.eldiario.net\/portal\/author\/jeanette\/"}]}},"_links":{"self":[{"href":"https:\/\/www.eldiario.net\/portal\/wp-json\/wp\/v2\/posts\/60716","targetHints":{"allow":["GET"]}}],"collection":[{"href":"https:\/\/www.eldiario.net\/portal\/wp-json\/wp\/v2\/posts"}],"about":[{"href":"https:\/\/www.eldiario.net\/portal\/wp-json\/wp\/v2\/types\/post"}],"author":[{"embeddable":true,"href":"https:\/\/www.eldiario.net\/portal\/wp-json\/wp\/v2\/users\/1"}],"replies":[{"embeddable":true,"href":"https:\/\/www.eldiario.net\/portal\/wp-json\/wp\/v2\/comments?post=60716"}],"version-history":[{"count":0,"href":"https:\/\/www.eldiario.net\/portal\/wp-json\/wp\/v2\/posts\/60716\/revisions"}],"wp:attachment":[{"href":"https:\/\/www.eldiario.net\/portal\/wp-json\/wp\/v2\/media?parent=60716"}],"wp:term":[{"taxonomy":"category","embeddable":true,"href":"https:\/\/www.eldiario.net\/portal\/wp-json\/wp\/v2\/categories?post=60716"},{"taxonomy":"post_tag","embeddable":true,"href":"https:\/\/www.eldiario.net\/portal\/wp-json\/wp\/v2\/tags?post=60716"}],"curies":[{"name":"wp","href":"https:\/\/api.w.org\/{rel}","templated":true}]}}