{"id":60520,"date":"2022-02-02T05:51:25","date_gmt":"2022-02-02T09:51:25","guid":{"rendered":"https:\/\/www.eldiario.net\/portal\/?p=60520"},"modified":"2022-02-02T05:51:25","modified_gmt":"2022-02-02T09:51:25","slug":"de-la-reforma-a-la-reestructuracion-judicial","status":"publish","type":"post","link":"https:\/\/www.eldiario.net\/portal\/2022\/02\/02\/de-la-reforma-a-la-reestructuracion-judicial\/","title":{"rendered":"De la reforma a la reestructuraci\u00f3n judicial"},"content":{"rendered":"<p>En el Siglo XX la resistencia a las directrices legislativas sociales americanas tuvo s\u00fabitas experiencias a partir del control judicial de constitucionalidad de esas leyes. En 1921 Edouard Lambert en su obra \u201cEl gobierno de los jueces\u201d reflej\u00f3 un an\u00e1lisis hito para el derecho constitucional sobre esa configuraci\u00f3n estatal, su principal cuesti\u00f3n la de jerarquizaci\u00f3n y revisi\u00f3n sobre las obras del legislador en raz\u00f3n de las atribuciones del \u00d3rgano Judicial. Desvirtuando, por as\u00ed plantearlo, el \u00e9pico manifiesto de Charles-Louis de Secondat en su \u201cDel esp\u00edritu de las leyes\u201d sobre la inadmisibilidad de la concentraci\u00f3n del poder a partir de los contrapesos entre los \u00f3rganos con la teor\u00eda de la separaci\u00f3n de poderes. Lamentablemente, esa garant\u00eda democr\u00e1tica se ve empa\u00f1ada por esa percepci\u00f3n \u201cinamovible\u201d que creen tener algunos malos miembros del \u00d3rgano Judicial en Bolivia.<br \/>\nHoy a pesar de esa discrecionalidad judicial de los juzgadores, parec\u00edan \u201cintocables\u201d, al extremo tal de liberar feminicidas seriales con anormalidades por dem\u00e1s evidentes: una resoluci\u00f3n contradictoria inadecuadamente interpretada de la Ley 2298 y su DS 26715, donde no se demuestra la fase terminal de la \u201cenfermedad incurable\u201d que motiv\u00f3 el excarcelamiento de un condenado por 30 a\u00f1os sin derecho a indulto. M\u00e1s a\u00fan cuando se encontraba en cumplimiento inicial de su pena de privaci\u00f3n de libertad, y adem\u00e1s sin imponer obligaciones sobre las condiciones de cumplimiento fuera del recinto penitenciario. En conclusi\u00f3n, estas irregularidades en una resoluci\u00f3n emitida por un juez no son otra cosa que prevaricato. Los efectos colaterales son irreparables, as\u00ed sentencien a la cadena de responsables, nadie devolver\u00e1 la vida a las hijas de las familias v\u00edctimas del feminicida liberado.<br \/>\nYa no m\u00e1s reformas. No son \u00fatiles. Existen m\u00e1s de mil jueces en Bolivia y hoy un desaf\u00edo importante desde el Consejo de la Magistratura y la Fiscal\u00eda General es consolidar la evaluaci\u00f3n de desempe\u00f1o y recalificaci\u00f3n meritocr\u00e1tica de sus operadores de justicia y si no aprueban, se los debe destituir de manera inmediata. A los buenos fiscales, jueces y vocales (porque s\u00ed los hay) se los debe mantener y promover, garantiz\u00e1ndoles carrera institucionalizada en el \u00d3rgano Judicial y Ministerio P\u00fablico.<br \/>\nLas coyunturas medi\u00e1tico-judiciales nos develan cada vez m\u00e1s el secreto a voces, por ello es impermisible pensar en la abyecci\u00f3n de los jueces al poder o las d\u00e1divas procesales. Se debe identificar a \u201clos juristas del horror\u201d, dir\u00eda Ingo M\u00fcller, porque se los tiene que extirpar del sistema judicial, ya que se convirtieron en un c\u00e1ncer que est\u00e1 lacerando a nuestra sociedad. Solo as\u00ed se puede garantizar una \u201crestructuraci\u00f3n judicial\u201d cre\u00edble por el pueblo.<\/p>\n<p>El autor es Abogado y Periodista.<\/p>\n","protected":false},"excerpt":{"rendered":"<p>En el Siglo XX la resistencia a las directrices legislativas sociales americanas tuvo s\u00fabitas experiencias a partir del control judicial de constitucionalidad de esas leyes. En 1921 Edouard Lambert en su obra \u201cEl gobierno de los jueces\u201d reflej\u00f3 un an\u00e1lisis hito para el derecho constitucional sobre esa configuraci\u00f3n estatal, su principal cuesti\u00f3n la de jerarquizaci\u00f3n [&hellip;]<\/p>\n","protected":false},"author":1,"featured_media":11131,"comment_status":"closed","ping_status":"closed","sticky":false,"template":"","format":"standard","meta":{"_acf_changed":false,"footnotes":""},"categories":[9],"tags":[],"class_list":["post-60520","post","type-post","status-publish","format-standard","has-post-thumbnail","category-opinion"],"acf":{"antetitulo":""},"yoast_head":"<!-- This site is optimized with the Yoast SEO plugin v28.4 - https:\/\/yoast.com\/product\/yoast-seo-wordpress\/ -->\n<title>De la reforma a la reestructuraci\u00f3n judicial - El Diario - Bolivia<\/title>\n<meta name=\"robots\" content=\"index, follow, max-snippet:-1, max-image-preview:large, max-video-preview:-1\" \/>\n<link rel=\"canonical\" href=\"https:\/\/www.eldiario.net\/portal\/2022\/02\/02\/de-la-reforma-a-la-reestructuracion-judicial\/\" \/>\n<meta property=\"og:locale\" content=\"es_ES\" \/>\n<meta property=\"og:type\" content=\"article\" \/>\n<meta property=\"og:title\" content=\"De la reforma a la reestructuraci\u00f3n judicial - El Diario - Bolivia\" \/>\n<meta property=\"og:description\" content=\"En el Siglo XX la resistencia a las directrices legislativas sociales americanas tuvo s\u00fabitas experiencias a partir del control judicial de constitucionalidad de esas leyes. En 1921 Edouard Lambert en su obra \u201cEl gobierno de los jueces\u201d reflej\u00f3 un an\u00e1lisis hito para el derecho constitucional sobre esa configuraci\u00f3n estatal, su principal cuesti\u00f3n la de jerarquizaci\u00f3n [&hellip;]\" \/>\n<meta property=\"og:url\" content=\"https:\/\/www.eldiario.net\/portal\/2022\/02\/02\/de-la-reforma-a-la-reestructuracion-judicial\/\" \/>\n<meta property=\"og:site_name\" content=\"El Diario - Bolivia\" \/>\n<meta property=\"article:publisher\" content=\"https:\/\/www.facebook.com\/eldiario.bolivia\/\" \/>\n<meta property=\"article:published_time\" content=\"2022-02-02T09:51:25+00:00\" \/>\n<meta name=\"author\" content=\"Jeanette\" \/>\n<meta name=\"twitter:card\" content=\"summary_large_image\" \/>\n<meta name=\"twitter:creator\" content=\"@eldiario_net\" \/>\n<meta name=\"twitter:site\" content=\"@eldiario_net\" \/>\n<meta name=\"twitter:label1\" content=\"Escrito por\" \/>\n\t<meta name=\"twitter:data1\" content=\"Jeanette\" \/>\n\t<meta name=\"twitter:label2\" content=\"Tiempo de lectura\" \/>\n\t<meta name=\"twitter:data2\" content=\"2 minutos\" \/>\n<script type=\"application\/ld+json\" class=\"yoast-schema-graph\">{\"@context\":\"https:\\\/\\\/schema.org\",\"@graph\":[{\"@type\":\"Article\",\"@id\":\"https:\\\/\\\/www.eldiario.net\\\/portal\\\/2022\\\/02\\\/02\\\/de-la-reforma-a-la-reestructuracion-judicial\\\/#article\",\"isPartOf\":{\"@id\":\"https:\\\/\\\/www.eldiario.net\\\/portal\\\/2022\\\/02\\\/02\\\/de-la-reforma-a-la-reestructuracion-judicial\\\/\"},\"author\":{\"name\":\"Jeanette\",\"@id\":\"https:\\\/\\\/www.eldiario.net\\\/portal\\\/#\\\/schema\\\/person\\\/f46445640444750d7d753ccd04ae01b7\"},\"headline\":\"De la reforma a la reestructuraci\u00f3n judicial\",\"datePublished\":\"2022-02-02T09:51:25+00:00\",\"mainEntityOfPage\":{\"@id\":\"https:\\\/\\\/www.eldiario.net\\\/portal\\\/2022\\\/02\\\/02\\\/de-la-reforma-a-la-reestructuracion-judicial\\\/\"},\"wordCount\":478,\"publisher\":{\"@id\":\"https:\\\/\\\/www.eldiario.net\\\/portal\\\/#organization\"},\"image\":{\"@id\":\"https:\\\/\\\/www.eldiario.net\\\/portal\\\/2022\\\/02\\\/02\\\/de-la-reforma-a-la-reestructuracion-judicial\\\/#primaryimage\"},\"thumbnailUrl\":\"\",\"articleSection\":[\"Opini\u00f3n\"],\"inLanguage\":\"es\"},{\"@type\":\"WebPage\",\"@id\":\"https:\\\/\\\/www.eldiario.net\\\/portal\\\/2022\\\/02\\\/02\\\/de-la-reforma-a-la-reestructuracion-judicial\\\/\",\"url\":\"https:\\\/\\\/www.eldiario.net\\\/portal\\\/2022\\\/02\\\/02\\\/de-la-reforma-a-la-reestructuracion-judicial\\\/\",\"name\":\"De la reforma a la reestructuraci\u00f3n judicial - El Diario - Bolivia\",\"isPartOf\":{\"@id\":\"https:\\\/\\\/www.eldiario.net\\\/portal\\\/#website\"},\"primaryImageOfPage\":{\"@id\":\"https:\\\/\\\/www.eldiario.net\\\/portal\\\/2022\\\/02\\\/02\\\/de-la-reforma-a-la-reestructuracion-judicial\\\/#primaryimage\"},\"image\":{\"@id\":\"https:\\\/\\\/www.eldiario.net\\\/portal\\\/2022\\\/02\\\/02\\\/de-la-reforma-a-la-reestructuracion-judicial\\\/#primaryimage\"},\"thumbnailUrl\":\"\",\"datePublished\":\"2022-02-02T09:51:25+00:00\",\"breadcrumb\":{\"@id\":\"https:\\\/\\\/www.eldiario.net\\\/portal\\\/2022\\\/02\\\/02\\\/de-la-reforma-a-la-reestructuracion-judicial\\\/#breadcrumb\"},\"inLanguage\":\"es\",\"potentialAction\":[{\"@type\":\"ReadAction\",\"target\":[\"https:\\\/\\\/www.eldiario.net\\\/portal\\\/2022\\\/02\\\/02\\\/de-la-reforma-a-la-reestructuracion-judicial\\\/\"]}]},{\"@type\":\"ImageObject\",\"inLanguage\":\"es\",\"@id\":\"https:\\\/\\\/www.eldiario.net\\\/portal\\\/2022\\\/02\\\/02\\\/de-la-reforma-a-la-reestructuracion-judicial\\\/#primaryimage\",\"url\":\"\",\"contentUrl\":\"\"},{\"@type\":\"BreadcrumbList\",\"@id\":\"https:\\\/\\\/www.eldiario.net\\\/portal\\\/2022\\\/02\\\/02\\\/de-la-reforma-a-la-reestructuracion-judicial\\\/#breadcrumb\",\"itemListElement\":[{\"@type\":\"ListItem\",\"position\":1,\"name\":\"Portada\",\"item\":\"https:\\\/\\\/www.eldiario.net\\\/portal\\\/\"},{\"@type\":\"ListItem\",\"position\":2,\"name\":\"De la reforma a la reestructuraci\u00f3n judicial\"}]},{\"@type\":\"WebSite\",\"@id\":\"https:\\\/\\\/www.eldiario.net\\\/portal\\\/#website\",\"url\":\"https:\\\/\\\/www.eldiario.net\\\/portal\\\/\",\"name\":\"El Diario - Decano de la prensa nacional\",\"description\":\"El Diario - Decano de la prensa nacional\",\"publisher\":{\"@id\":\"https:\\\/\\\/www.eldiario.net\\\/portal\\\/#organization\"},\"potentialAction\":[{\"@type\":\"SearchAction\",\"target\":{\"@type\":\"EntryPoint\",\"urlTemplate\":\"https:\\\/\\\/www.eldiario.net\\\/portal\\\/?s={search_term_string}\"},\"query-input\":{\"@type\":\"PropertyValueSpecification\",\"valueRequired\":true,\"valueName\":\"search_term_string\"}}],\"inLanguage\":\"es\"},{\"@type\":\"Organization\",\"@id\":\"https:\\\/\\\/www.eldiario.net\\\/portal\\\/#organization\",\"name\":\"El Diario - Decano de la prensa nacional\",\"url\":\"https:\\\/\\\/www.eldiario.net\\\/portal\\\/\",\"logo\":{\"@type\":\"ImageObject\",\"inLanguage\":\"es\",\"@id\":\"https:\\\/\\\/www.eldiario.net\\\/portal\\\/#\\\/schema\\\/logo\\\/image\\\/\",\"url\":\"https:\\\/\\\/www.eldiario.net\\\/portal\\\/wp-content\\\/uploads\\\/2023\\\/07\\\/logo_ED.jpg\",\"contentUrl\":\"https:\\\/\\\/www.eldiario.net\\\/portal\\\/wp-content\\\/uploads\\\/2023\\\/07\\\/logo_ED.jpg\",\"width\":272,\"height\":52,\"caption\":\"El Diario - Decano de la prensa nacional\"},\"image\":{\"@id\":\"https:\\\/\\\/www.eldiario.net\\\/portal\\\/#\\\/schema\\\/logo\\\/image\\\/\"},\"sameAs\":[\"https:\\\/\\\/www.facebook.com\\\/eldiario.bolivia\\\/\",\"https:\\\/\\\/x.com\\\/eldiario_net\"]},{\"@type\":\"Person\",\"@id\":\"https:\\\/\\\/www.eldiario.net\\\/portal\\\/#\\\/schema\\\/person\\\/f46445640444750d7d753ccd04ae01b7\",\"name\":\"Jeanette\",\"image\":{\"@type\":\"ImageObject\",\"inLanguage\":\"es\",\"@id\":\"https:\\\/\\\/secure.gravatar.com\\\/avatar\\\/3ea2118a5f7dad2b7138b1187a6b7ee55f160b9968b66013c3a3ef39dd7e5798?s=96&d=mm&r=g\",\"url\":\"https:\\\/\\\/secure.gravatar.com\\\/avatar\\\/3ea2118a5f7dad2b7138b1187a6b7ee55f160b9968b66013c3a3ef39dd7e5798?s=96&d=mm&r=g\",\"contentUrl\":\"https:\\\/\\\/secure.gravatar.com\\\/avatar\\\/3ea2118a5f7dad2b7138b1187a6b7ee55f160b9968b66013c3a3ef39dd7e5798?s=96&d=mm&r=g\",\"caption\":\"Jeanette\"},\"sameAs\":[\"https:\\\/\\\/www.eldiario.net\\\/portal\"],\"url\":\"https:\\\/\\\/www.eldiario.net\\\/portal\\\/author\\\/jeanette\\\/\"}]}<\/script>\n<!-- \/ Yoast SEO plugin. -->","yoast_head_json":{"title":"De la reforma a la reestructuraci\u00f3n judicial - El Diario - Bolivia","robots":{"index":"index","follow":"follow","max-snippet":"max-snippet:-1","max-image-preview":"max-image-preview:large","max-video-preview":"max-video-preview:-1"},"canonical":"https:\/\/www.eldiario.net\/portal\/2022\/02\/02\/de-la-reforma-a-la-reestructuracion-judicial\/","og_locale":"es_ES","og_type":"article","og_title":"De la reforma a la reestructuraci\u00f3n judicial - El Diario - Bolivia","og_description":"En el Siglo XX la resistencia a las directrices legislativas sociales americanas tuvo s\u00fabitas experiencias a partir del control judicial de constitucionalidad de esas leyes. En 1921 Edouard Lambert en su obra \u201cEl gobierno de los jueces\u201d reflej\u00f3 un an\u00e1lisis hito para el derecho constitucional sobre esa configuraci\u00f3n estatal, su principal cuesti\u00f3n la de jerarquizaci\u00f3n [&hellip;]","og_url":"https:\/\/www.eldiario.net\/portal\/2022\/02\/02\/de-la-reforma-a-la-reestructuracion-judicial\/","og_site_name":"El Diario - Bolivia","article_publisher":"https:\/\/www.facebook.com\/eldiario.bolivia\/","article_published_time":"2022-02-02T09:51:25+00:00","author":"Jeanette","twitter_card":"summary_large_image","twitter_creator":"@eldiario_net","twitter_site":"@eldiario_net","twitter_misc":{"Escrito por":"Jeanette","Tiempo de lectura":"2 minutos"},"schema":{"@context":"https:\/\/schema.org","@graph":[{"@type":"Article","@id":"https:\/\/www.eldiario.net\/portal\/2022\/02\/02\/de-la-reforma-a-la-reestructuracion-judicial\/#article","isPartOf":{"@id":"https:\/\/www.eldiario.net\/portal\/2022\/02\/02\/de-la-reforma-a-la-reestructuracion-judicial\/"},"author":{"name":"Jeanette","@id":"https:\/\/www.eldiario.net\/portal\/#\/schema\/person\/f46445640444750d7d753ccd04ae01b7"},"headline":"De la reforma a la reestructuraci\u00f3n judicial","datePublished":"2022-02-02T09:51:25+00:00","mainEntityOfPage":{"@id":"https:\/\/www.eldiario.net\/portal\/2022\/02\/02\/de-la-reforma-a-la-reestructuracion-judicial\/"},"wordCount":478,"publisher":{"@id":"https:\/\/www.eldiario.net\/portal\/#organization"},"image":{"@id":"https:\/\/www.eldiario.net\/portal\/2022\/02\/02\/de-la-reforma-a-la-reestructuracion-judicial\/#primaryimage"},"thumbnailUrl":"","articleSection":["Opini\u00f3n"],"inLanguage":"es"},{"@type":"WebPage","@id":"https:\/\/www.eldiario.net\/portal\/2022\/02\/02\/de-la-reforma-a-la-reestructuracion-judicial\/","url":"https:\/\/www.eldiario.net\/portal\/2022\/02\/02\/de-la-reforma-a-la-reestructuracion-judicial\/","name":"De la reforma a la reestructuraci\u00f3n judicial - El Diario - Bolivia","isPartOf":{"@id":"https:\/\/www.eldiario.net\/portal\/#website"},"primaryImageOfPage":{"@id":"https:\/\/www.eldiario.net\/portal\/2022\/02\/02\/de-la-reforma-a-la-reestructuracion-judicial\/#primaryimage"},"image":{"@id":"https:\/\/www.eldiario.net\/portal\/2022\/02\/02\/de-la-reforma-a-la-reestructuracion-judicial\/#primaryimage"},"thumbnailUrl":"","datePublished":"2022-02-02T09:51:25+00:00","breadcrumb":{"@id":"https:\/\/www.eldiario.net\/portal\/2022\/02\/02\/de-la-reforma-a-la-reestructuracion-judicial\/#breadcrumb"},"inLanguage":"es","potentialAction":[{"@type":"ReadAction","target":["https:\/\/www.eldiario.net\/portal\/2022\/02\/02\/de-la-reforma-a-la-reestructuracion-judicial\/"]}]},{"@type":"ImageObject","inLanguage":"es","@id":"https:\/\/www.eldiario.net\/portal\/2022\/02\/02\/de-la-reforma-a-la-reestructuracion-judicial\/#primaryimage","url":"","contentUrl":""},{"@type":"BreadcrumbList","@id":"https:\/\/www.eldiario.net\/portal\/2022\/02\/02\/de-la-reforma-a-la-reestructuracion-judicial\/#breadcrumb","itemListElement":[{"@type":"ListItem","position":1,"name":"Portada","item":"https:\/\/www.eldiario.net\/portal\/"},{"@type":"ListItem","position":2,"name":"De la reforma a la reestructuraci\u00f3n judicial"}]},{"@type":"WebSite","@id":"https:\/\/www.eldiario.net\/portal\/#website","url":"https:\/\/www.eldiario.net\/portal\/","name":"El Diario - Decano de la prensa nacional","description":"El Diario - Decano de la prensa nacional","publisher":{"@id":"https:\/\/www.eldiario.net\/portal\/#organization"},"potentialAction":[{"@type":"SearchAction","target":{"@type":"EntryPoint","urlTemplate":"https:\/\/www.eldiario.net\/portal\/?s={search_term_string}"},"query-input":{"@type":"PropertyValueSpecification","valueRequired":true,"valueName":"search_term_string"}}],"inLanguage":"es"},{"@type":"Organization","@id":"https:\/\/www.eldiario.net\/portal\/#organization","name":"El Diario - Decano de la prensa nacional","url":"https:\/\/www.eldiario.net\/portal\/","logo":{"@type":"ImageObject","inLanguage":"es","@id":"https:\/\/www.eldiario.net\/portal\/#\/schema\/logo\/image\/","url":"https:\/\/www.eldiario.net\/portal\/wp-content\/uploads\/2023\/07\/logo_ED.jpg","contentUrl":"https:\/\/www.eldiario.net\/portal\/wp-content\/uploads\/2023\/07\/logo_ED.jpg","width":272,"height":52,"caption":"El Diario - Decano de la prensa nacional"},"image":{"@id":"https:\/\/www.eldiario.net\/portal\/#\/schema\/logo\/image\/"},"sameAs":["https:\/\/www.facebook.com\/eldiario.bolivia\/","https:\/\/x.com\/eldiario_net"]},{"@type":"Person","@id":"https:\/\/www.eldiario.net\/portal\/#\/schema\/person\/f46445640444750d7d753ccd04ae01b7","name":"Jeanette","image":{"@type":"ImageObject","inLanguage":"es","@id":"https:\/\/secure.gravatar.com\/avatar\/3ea2118a5f7dad2b7138b1187a6b7ee55f160b9968b66013c3a3ef39dd7e5798?s=96&d=mm&r=g","url":"https:\/\/secure.gravatar.com\/avatar\/3ea2118a5f7dad2b7138b1187a6b7ee55f160b9968b66013c3a3ef39dd7e5798?s=96&d=mm&r=g","contentUrl":"https:\/\/secure.gravatar.com\/avatar\/3ea2118a5f7dad2b7138b1187a6b7ee55f160b9968b66013c3a3ef39dd7e5798?s=96&d=mm&r=g","caption":"Jeanette"},"sameAs":["https:\/\/www.eldiario.net\/portal"],"url":"https:\/\/www.eldiario.net\/portal\/author\/jeanette\/"}]}},"_links":{"self":[{"href":"https:\/\/www.eldiario.net\/portal\/wp-json\/wp\/v2\/posts\/60520","targetHints":{"allow":["GET"]}}],"collection":[{"href":"https:\/\/www.eldiario.net\/portal\/wp-json\/wp\/v2\/posts"}],"about":[{"href":"https:\/\/www.eldiario.net\/portal\/wp-json\/wp\/v2\/types\/post"}],"author":[{"embeddable":true,"href":"https:\/\/www.eldiario.net\/portal\/wp-json\/wp\/v2\/users\/1"}],"replies":[{"embeddable":true,"href":"https:\/\/www.eldiario.net\/portal\/wp-json\/wp\/v2\/comments?post=60520"}],"version-history":[{"count":0,"href":"https:\/\/www.eldiario.net\/portal\/wp-json\/wp\/v2\/posts\/60520\/revisions"}],"wp:attachment":[{"href":"https:\/\/www.eldiario.net\/portal\/wp-json\/wp\/v2\/media?parent=60520"}],"wp:term":[{"taxonomy":"category","embeddable":true,"href":"https:\/\/www.eldiario.net\/portal\/wp-json\/wp\/v2\/categories?post=60520"},{"taxonomy":"post_tag","embeddable":true,"href":"https:\/\/www.eldiario.net\/portal\/wp-json\/wp\/v2\/tags?post=60520"}],"curies":[{"name":"wp","href":"https:\/\/api.w.org\/{rel}","templated":true}]}}