{"id":60518,"date":"2022-02-02T05:50:52","date_gmt":"2022-02-02T09:50:52","guid":{"rendered":"https:\/\/www.eldiario.net\/portal\/?p=60518"},"modified":"2022-02-02T05:50:52","modified_gmt":"2022-02-02T09:50:52","slug":"tendencias-de-una-nivelacion-hacia-abajo-en-la-educacion","status":"publish","type":"post","link":"https:\/\/www.eldiario.net\/portal\/2022\/02\/02\/tendencias-de-una-nivelacion-hacia-abajo-en-la-educacion\/","title":{"rendered":"Tendencias de una nivelaci\u00f3n \u201chacia abajo\u201d en la educaci\u00f3n"},"content":{"rendered":"<p>Uno de los campos de an\u00e1lisis e inevitable reflexi\u00f3n se refiere al quehacer de la educaci\u00f3n y las m\u00faltiples contrariedades que ella encierra; los cuales promueven imaginarios que, en un sentido dicot\u00f3mico de cuestionamientos negativos frente a cifradas esperanzas de crecimiento y desarrollo, constantemente la instalan en toda agenda de discusi\u00f3n.<br \/>\nDesde la filosof\u00eda racionalista de la Ilustraci\u00f3n, el \u201csaber\u201d fue por s\u00ed sola un factor potente conducente a la emancipaci\u00f3n y promoci\u00f3n del g\u00e9nero humano. En esa l\u00ednea, la escuela &#8211;en sentido irrestricto&#8211; constituye la principal instituci\u00f3n que proporciona ese saber a todos, sin discriminaci\u00f3n y distinci\u00f3n de clase, origen, credo o color; empe\u00f1ada en hacer desaparecer toda forma de inequidad y desigualdad social, con un claro esfuerzo por destruir privilegios y posibilitar que el individuo ascienda en la jerarqu\u00eda social, aunque \u00e9sta \u00faltima no ha sido del todo satisfecha.<br \/>\nAl igual que en otros pa\u00edses, es evidente apreciar crisis peri\u00f3dica en la educaci\u00f3n, convertida en un problema pol\u00edtico estructural; cuyos factores de riesgo permiten apreciar, de modo sugerente, las grandes falencias y peligros que afronta, como el incremento inusitado de la matr\u00edcula, que contrapone a la d\u00e9bil e incipiente infraestructura; la falta de recursos humanos, insuficientes oportunidades de formaci\u00f3n y perfeccionamiento profesional; asignaci\u00f3n de salarios infravalorados que desmotivan y representan una afrenta a la dignidad. A ello se agrega la pobreza, la desigualdad y la exclusi\u00f3n social; el predominio de una econom\u00eda global que ha generado una riqueza superficial y consecuente devaluaci\u00f3n del empleo, subempleo e incremento del sector informal; as\u00ed como los esfuerzos intrascendentes de las autoridades para hacer frente a esta realidad.<br \/>\nEstamos viviendo una crisis educativa eufemizada, lenta, silenciosa e imperceptible que tiende a negar un futuro y mejores oportunidades a quienes cifran sus esperanzas y expectativas de formaci\u00f3n y superaci\u00f3n que permita situarlos en mejores condiciones dentro la estructura social.<br \/>\nLa pandemia sanitaria que no cesa agrav\u00f3 a\u00fan m\u00e1s esta crisis; pues dio lugar a incorporar contrasentidos ante ya un d\u00e9bil vaciamiento educativo, ahondado por el largo cierre de aulas, el aislamiento y distanciamiento social, generando una serie de distorsiones, como la presencia de inmensas brechas digitales; procesos de aprendizajes desiguales, externalizaci\u00f3n de mejores entornos de aprendizaje en relaci\u00f3n con otros y consecuente disminuci\u00f3n de los niveles de rendimiento acad\u00e9mico.<br \/>\nEn esa direcci\u00f3n, los tomadores de decisi\u00f3n vienen aplicando medidas que, lejos de buscar resolver el d\u00e9ficit educativo, plantean acciones que, en definitiva, no son las m\u00e1s apropiadas; pues m\u00e1s all\u00e1 de la evidente negaci\u00f3n de la misma &#8211;producto de una lectura miope y sesgada&#8211; optaron por introducir err\u00f3neamente directrices de nivelaci\u00f3n \u201chacia abajo\u201d de la educaci\u00f3n; traducidas en una validaci\u00f3n de conocimientos no adquiridos pero expresados en una promoci\u00f3n forzada; adem\u00e1s de una evidente discrecionalidad de la calidad e importancia de contenidos educativos, guiados inexorablemente por el acogimiento sem\u00e1ntico de aforismos y consignas incomprensibles que justifican la \u201cformaci\u00f3n light\u201d predominante.<br \/>\nM\u00e1s all\u00e1 de atentar flagrantemente contra la \u00e9tica, tambi\u00e9n afecta al educando, pues ataca a su dignidad e integridad, en raz\u00f3n a que vive una ficci\u00f3n, ya que obtiene logros basados en el m\u00ednimo esfuerzo posible. Todo ello hace evidente la tendencia a igualar el oscurantismo a trav\u00e9s de buscar una incomprensible \u201cnivelaci\u00f3n hacia abajo de la educaci\u00f3n\u201d y, con ello, se est\u00e1 atentando contra las leg\u00edtimas aspiraciones de aquellos profesores y estudiantes que apuestan por una mejor educaci\u00f3n de calidad, que solo se logra con sacrificio, esfuerzo y dedicaci\u00f3n al estudio, que asegura un reconocimiento y avance en t\u00e9rminos acad\u00e9micos.<br \/>\nOjal\u00e1 se entienda que inclusi\u00f3n y solidaridad no significa equiparar la mediocridad. Al contrario, deber\u00eda posibilitar el c\u00f3mo resolver y afrontar con firmeza los problemas descritos, por el bien de la educaci\u00f3n.<\/p>\n<p>MGR. Marcelo Chinche Calizaya, catedr\u00e1tico universitario e investigador.<\/p>\n","protected":false},"excerpt":{"rendered":"<p>Uno de los campos de an\u00e1lisis e inevitable reflexi\u00f3n se refiere al quehacer de la educaci\u00f3n y las m\u00faltiples contrariedades que ella encierra; los cuales promueven imaginarios que, en un sentido dicot\u00f3mico de cuestionamientos negativos frente a cifradas esperanzas de crecimiento y desarrollo, constantemente la instalan en toda agenda de discusi\u00f3n. Desde la filosof\u00eda racionalista [&hellip;]<\/p>\n","protected":false},"author":1,"featured_media":3357,"comment_status":"closed","ping_status":"closed","sticky":false,"template":"","format":"standard","meta":{"_acf_changed":false,"footnotes":""},"categories":[9],"tags":[],"class_list":["post-60518","post","type-post","status-publish","format-standard","has-post-thumbnail","category-opinion"],"acf":{"antetitulo":""},"yoast_head":"<!-- This site is optimized with the Yoast SEO plugin v28.4 - https:\/\/yoast.com\/product\/yoast-seo-wordpress\/ -->\n<title>Tendencias de una nivelaci\u00f3n \u201chacia abajo\u201d en la educaci\u00f3n - El Diario - Bolivia<\/title>\n<meta name=\"robots\" content=\"index, follow, max-snippet:-1, max-image-preview:large, max-video-preview:-1\" \/>\n<link rel=\"canonical\" href=\"https:\/\/www.eldiario.net\/portal\/2022\/02\/02\/tendencias-de-una-nivelacion-hacia-abajo-en-la-educacion\/\" \/>\n<meta property=\"og:locale\" content=\"es_ES\" \/>\n<meta property=\"og:type\" content=\"article\" \/>\n<meta property=\"og:title\" content=\"Tendencias de una nivelaci\u00f3n \u201chacia abajo\u201d en la educaci\u00f3n - El Diario - Bolivia\" \/>\n<meta property=\"og:description\" content=\"Uno de los campos de an\u00e1lisis e inevitable reflexi\u00f3n se refiere al quehacer de la educaci\u00f3n y las m\u00faltiples contrariedades que ella encierra; los cuales promueven imaginarios que, en un sentido dicot\u00f3mico de cuestionamientos negativos frente a cifradas esperanzas de crecimiento y desarrollo, constantemente la instalan en toda agenda de discusi\u00f3n. Desde la filosof\u00eda racionalista [&hellip;]\" \/>\n<meta property=\"og:url\" content=\"https:\/\/www.eldiario.net\/portal\/2022\/02\/02\/tendencias-de-una-nivelacion-hacia-abajo-en-la-educacion\/\" \/>\n<meta property=\"og:site_name\" content=\"El Diario - Bolivia\" \/>\n<meta property=\"article:publisher\" content=\"https:\/\/www.facebook.com\/eldiario.bolivia\/\" \/>\n<meta property=\"article:published_time\" content=\"2022-02-02T09:50:52+00:00\" \/>\n<meta name=\"author\" content=\"Jeanette\" \/>\n<meta name=\"twitter:card\" content=\"summary_large_image\" \/>\n<meta name=\"twitter:creator\" content=\"@eldiario_net\" \/>\n<meta name=\"twitter:site\" content=\"@eldiario_net\" \/>\n<meta name=\"twitter:label1\" content=\"Escrito por\" \/>\n\t<meta name=\"twitter:data1\" content=\"Jeanette\" \/>\n\t<meta name=\"twitter:label2\" content=\"Tiempo de lectura\" \/>\n\t<meta name=\"twitter:data2\" content=\"3 minutos\" \/>\n<script type=\"application\/ld+json\" class=\"yoast-schema-graph\">{\"@context\":\"https:\\\/\\\/schema.org\",\"@graph\":[{\"@type\":\"Article\",\"@id\":\"https:\\\/\\\/www.eldiario.net\\\/portal\\\/2022\\\/02\\\/02\\\/tendencias-de-una-nivelacion-hacia-abajo-en-la-educacion\\\/#article\",\"isPartOf\":{\"@id\":\"https:\\\/\\\/www.eldiario.net\\\/portal\\\/2022\\\/02\\\/02\\\/tendencias-de-una-nivelacion-hacia-abajo-en-la-educacion\\\/\"},\"author\":{\"name\":\"Jeanette\",\"@id\":\"https:\\\/\\\/www.eldiario.net\\\/portal\\\/#\\\/schema\\\/person\\\/f46445640444750d7d753ccd04ae01b7\"},\"headline\":\"Tendencias de una nivelaci\u00f3n \u201chacia abajo\u201d en la educaci\u00f3n\",\"datePublished\":\"2022-02-02T09:50:52+00:00\",\"mainEntityOfPage\":{\"@id\":\"https:\\\/\\\/www.eldiario.net\\\/portal\\\/2022\\\/02\\\/02\\\/tendencias-de-una-nivelacion-hacia-abajo-en-la-educacion\\\/\"},\"wordCount\":698,\"publisher\":{\"@id\":\"https:\\\/\\\/www.eldiario.net\\\/portal\\\/#organization\"},\"image\":{\"@id\":\"https:\\\/\\\/www.eldiario.net\\\/portal\\\/2022\\\/02\\\/02\\\/tendencias-de-una-nivelacion-hacia-abajo-en-la-educacion\\\/#primaryimage\"},\"thumbnailUrl\":\"\",\"articleSection\":[\"Opini\u00f3n\"],\"inLanguage\":\"es\"},{\"@type\":\"WebPage\",\"@id\":\"https:\\\/\\\/www.eldiario.net\\\/portal\\\/2022\\\/02\\\/02\\\/tendencias-de-una-nivelacion-hacia-abajo-en-la-educacion\\\/\",\"url\":\"https:\\\/\\\/www.eldiario.net\\\/portal\\\/2022\\\/02\\\/02\\\/tendencias-de-una-nivelacion-hacia-abajo-en-la-educacion\\\/\",\"name\":\"Tendencias de una nivelaci\u00f3n \u201chacia abajo\u201d en la educaci\u00f3n - El Diario - Bolivia\",\"isPartOf\":{\"@id\":\"https:\\\/\\\/www.eldiario.net\\\/portal\\\/#website\"},\"primaryImageOfPage\":{\"@id\":\"https:\\\/\\\/www.eldiario.net\\\/portal\\\/2022\\\/02\\\/02\\\/tendencias-de-una-nivelacion-hacia-abajo-en-la-educacion\\\/#primaryimage\"},\"image\":{\"@id\":\"https:\\\/\\\/www.eldiario.net\\\/portal\\\/2022\\\/02\\\/02\\\/tendencias-de-una-nivelacion-hacia-abajo-en-la-educacion\\\/#primaryimage\"},\"thumbnailUrl\":\"\",\"datePublished\":\"2022-02-02T09:50:52+00:00\",\"breadcrumb\":{\"@id\":\"https:\\\/\\\/www.eldiario.net\\\/portal\\\/2022\\\/02\\\/02\\\/tendencias-de-una-nivelacion-hacia-abajo-en-la-educacion\\\/#breadcrumb\"},\"inLanguage\":\"es\",\"potentialAction\":[{\"@type\":\"ReadAction\",\"target\":[\"https:\\\/\\\/www.eldiario.net\\\/portal\\\/2022\\\/02\\\/02\\\/tendencias-de-una-nivelacion-hacia-abajo-en-la-educacion\\\/\"]}]},{\"@type\":\"ImageObject\",\"inLanguage\":\"es\",\"@id\":\"https:\\\/\\\/www.eldiario.net\\\/portal\\\/2022\\\/02\\\/02\\\/tendencias-de-una-nivelacion-hacia-abajo-en-la-educacion\\\/#primaryimage\",\"url\":\"\",\"contentUrl\":\"\"},{\"@type\":\"BreadcrumbList\",\"@id\":\"https:\\\/\\\/www.eldiario.net\\\/portal\\\/2022\\\/02\\\/02\\\/tendencias-de-una-nivelacion-hacia-abajo-en-la-educacion\\\/#breadcrumb\",\"itemListElement\":[{\"@type\":\"ListItem\",\"position\":1,\"name\":\"Portada\",\"item\":\"https:\\\/\\\/www.eldiario.net\\\/portal\\\/\"},{\"@type\":\"ListItem\",\"position\":2,\"name\":\"Tendencias de una nivelaci\u00f3n \u201chacia abajo\u201d en la educaci\u00f3n\"}]},{\"@type\":\"WebSite\",\"@id\":\"https:\\\/\\\/www.eldiario.net\\\/portal\\\/#website\",\"url\":\"https:\\\/\\\/www.eldiario.net\\\/portal\\\/\",\"name\":\"El Diario - Decano de la prensa nacional\",\"description\":\"El Diario - Decano de la prensa nacional\",\"publisher\":{\"@id\":\"https:\\\/\\\/www.eldiario.net\\\/portal\\\/#organization\"},\"potentialAction\":[{\"@type\":\"SearchAction\",\"target\":{\"@type\":\"EntryPoint\",\"urlTemplate\":\"https:\\\/\\\/www.eldiario.net\\\/portal\\\/?s={search_term_string}\"},\"query-input\":{\"@type\":\"PropertyValueSpecification\",\"valueRequired\":true,\"valueName\":\"search_term_string\"}}],\"inLanguage\":\"es\"},{\"@type\":\"Organization\",\"@id\":\"https:\\\/\\\/www.eldiario.net\\\/portal\\\/#organization\",\"name\":\"El Diario - Decano de la prensa nacional\",\"url\":\"https:\\\/\\\/www.eldiario.net\\\/portal\\\/\",\"logo\":{\"@type\":\"ImageObject\",\"inLanguage\":\"es\",\"@id\":\"https:\\\/\\\/www.eldiario.net\\\/portal\\\/#\\\/schema\\\/logo\\\/image\\\/\",\"url\":\"https:\\\/\\\/www.eldiario.net\\\/portal\\\/wp-content\\\/uploads\\\/2023\\\/07\\\/logo_ED.jpg\",\"contentUrl\":\"https:\\\/\\\/www.eldiario.net\\\/portal\\\/wp-content\\\/uploads\\\/2023\\\/07\\\/logo_ED.jpg\",\"width\":272,\"height\":52,\"caption\":\"El Diario - Decano de la prensa nacional\"},\"image\":{\"@id\":\"https:\\\/\\\/www.eldiario.net\\\/portal\\\/#\\\/schema\\\/logo\\\/image\\\/\"},\"sameAs\":[\"https:\\\/\\\/www.facebook.com\\\/eldiario.bolivia\\\/\",\"https:\\\/\\\/x.com\\\/eldiario_net\"]},{\"@type\":\"Person\",\"@id\":\"https:\\\/\\\/www.eldiario.net\\\/portal\\\/#\\\/schema\\\/person\\\/f46445640444750d7d753ccd04ae01b7\",\"name\":\"Jeanette\",\"image\":{\"@type\":\"ImageObject\",\"inLanguage\":\"es\",\"@id\":\"https:\\\/\\\/secure.gravatar.com\\\/avatar\\\/3ea2118a5f7dad2b7138b1187a6b7ee55f160b9968b66013c3a3ef39dd7e5798?s=96&d=mm&r=g\",\"url\":\"https:\\\/\\\/secure.gravatar.com\\\/avatar\\\/3ea2118a5f7dad2b7138b1187a6b7ee55f160b9968b66013c3a3ef39dd7e5798?s=96&d=mm&r=g\",\"contentUrl\":\"https:\\\/\\\/secure.gravatar.com\\\/avatar\\\/3ea2118a5f7dad2b7138b1187a6b7ee55f160b9968b66013c3a3ef39dd7e5798?s=96&d=mm&r=g\",\"caption\":\"Jeanette\"},\"sameAs\":[\"https:\\\/\\\/www.eldiario.net\\\/portal\"],\"url\":\"https:\\\/\\\/www.eldiario.net\\\/portal\\\/author\\\/jeanette\\\/\"}]}<\/script>\n<!-- \/ Yoast SEO plugin. -->","yoast_head_json":{"title":"Tendencias de una nivelaci\u00f3n \u201chacia abajo\u201d en la educaci\u00f3n - El Diario - Bolivia","robots":{"index":"index","follow":"follow","max-snippet":"max-snippet:-1","max-image-preview":"max-image-preview:large","max-video-preview":"max-video-preview:-1"},"canonical":"https:\/\/www.eldiario.net\/portal\/2022\/02\/02\/tendencias-de-una-nivelacion-hacia-abajo-en-la-educacion\/","og_locale":"es_ES","og_type":"article","og_title":"Tendencias de una nivelaci\u00f3n \u201chacia abajo\u201d en la educaci\u00f3n - El Diario - Bolivia","og_description":"Uno de los campos de an\u00e1lisis e inevitable reflexi\u00f3n se refiere al quehacer de la educaci\u00f3n y las m\u00faltiples contrariedades que ella encierra; los cuales promueven imaginarios que, en un sentido dicot\u00f3mico de cuestionamientos negativos frente a cifradas esperanzas de crecimiento y desarrollo, constantemente la instalan en toda agenda de discusi\u00f3n. Desde la filosof\u00eda racionalista [&hellip;]","og_url":"https:\/\/www.eldiario.net\/portal\/2022\/02\/02\/tendencias-de-una-nivelacion-hacia-abajo-en-la-educacion\/","og_site_name":"El Diario - Bolivia","article_publisher":"https:\/\/www.facebook.com\/eldiario.bolivia\/","article_published_time":"2022-02-02T09:50:52+00:00","author":"Jeanette","twitter_card":"summary_large_image","twitter_creator":"@eldiario_net","twitter_site":"@eldiario_net","twitter_misc":{"Escrito por":"Jeanette","Tiempo de lectura":"3 minutos"},"schema":{"@context":"https:\/\/schema.org","@graph":[{"@type":"Article","@id":"https:\/\/www.eldiario.net\/portal\/2022\/02\/02\/tendencias-de-una-nivelacion-hacia-abajo-en-la-educacion\/#article","isPartOf":{"@id":"https:\/\/www.eldiario.net\/portal\/2022\/02\/02\/tendencias-de-una-nivelacion-hacia-abajo-en-la-educacion\/"},"author":{"name":"Jeanette","@id":"https:\/\/www.eldiario.net\/portal\/#\/schema\/person\/f46445640444750d7d753ccd04ae01b7"},"headline":"Tendencias de una nivelaci\u00f3n \u201chacia abajo\u201d en la educaci\u00f3n","datePublished":"2022-02-02T09:50:52+00:00","mainEntityOfPage":{"@id":"https:\/\/www.eldiario.net\/portal\/2022\/02\/02\/tendencias-de-una-nivelacion-hacia-abajo-en-la-educacion\/"},"wordCount":698,"publisher":{"@id":"https:\/\/www.eldiario.net\/portal\/#organization"},"image":{"@id":"https:\/\/www.eldiario.net\/portal\/2022\/02\/02\/tendencias-de-una-nivelacion-hacia-abajo-en-la-educacion\/#primaryimage"},"thumbnailUrl":"","articleSection":["Opini\u00f3n"],"inLanguage":"es"},{"@type":"WebPage","@id":"https:\/\/www.eldiario.net\/portal\/2022\/02\/02\/tendencias-de-una-nivelacion-hacia-abajo-en-la-educacion\/","url":"https:\/\/www.eldiario.net\/portal\/2022\/02\/02\/tendencias-de-una-nivelacion-hacia-abajo-en-la-educacion\/","name":"Tendencias de una nivelaci\u00f3n \u201chacia abajo\u201d en la educaci\u00f3n - El Diario - Bolivia","isPartOf":{"@id":"https:\/\/www.eldiario.net\/portal\/#website"},"primaryImageOfPage":{"@id":"https:\/\/www.eldiario.net\/portal\/2022\/02\/02\/tendencias-de-una-nivelacion-hacia-abajo-en-la-educacion\/#primaryimage"},"image":{"@id":"https:\/\/www.eldiario.net\/portal\/2022\/02\/02\/tendencias-de-una-nivelacion-hacia-abajo-en-la-educacion\/#primaryimage"},"thumbnailUrl":"","datePublished":"2022-02-02T09:50:52+00:00","breadcrumb":{"@id":"https:\/\/www.eldiario.net\/portal\/2022\/02\/02\/tendencias-de-una-nivelacion-hacia-abajo-en-la-educacion\/#breadcrumb"},"inLanguage":"es","potentialAction":[{"@type":"ReadAction","target":["https:\/\/www.eldiario.net\/portal\/2022\/02\/02\/tendencias-de-una-nivelacion-hacia-abajo-en-la-educacion\/"]}]},{"@type":"ImageObject","inLanguage":"es","@id":"https:\/\/www.eldiario.net\/portal\/2022\/02\/02\/tendencias-de-una-nivelacion-hacia-abajo-en-la-educacion\/#primaryimage","url":"","contentUrl":""},{"@type":"BreadcrumbList","@id":"https:\/\/www.eldiario.net\/portal\/2022\/02\/02\/tendencias-de-una-nivelacion-hacia-abajo-en-la-educacion\/#breadcrumb","itemListElement":[{"@type":"ListItem","position":1,"name":"Portada","item":"https:\/\/www.eldiario.net\/portal\/"},{"@type":"ListItem","position":2,"name":"Tendencias de una nivelaci\u00f3n \u201chacia abajo\u201d en la educaci\u00f3n"}]},{"@type":"WebSite","@id":"https:\/\/www.eldiario.net\/portal\/#website","url":"https:\/\/www.eldiario.net\/portal\/","name":"El Diario - Decano de la prensa nacional","description":"El Diario - Decano de la prensa nacional","publisher":{"@id":"https:\/\/www.eldiario.net\/portal\/#organization"},"potentialAction":[{"@type":"SearchAction","target":{"@type":"EntryPoint","urlTemplate":"https:\/\/www.eldiario.net\/portal\/?s={search_term_string}"},"query-input":{"@type":"PropertyValueSpecification","valueRequired":true,"valueName":"search_term_string"}}],"inLanguage":"es"},{"@type":"Organization","@id":"https:\/\/www.eldiario.net\/portal\/#organization","name":"El Diario - Decano de la prensa nacional","url":"https:\/\/www.eldiario.net\/portal\/","logo":{"@type":"ImageObject","inLanguage":"es","@id":"https:\/\/www.eldiario.net\/portal\/#\/schema\/logo\/image\/","url":"https:\/\/www.eldiario.net\/portal\/wp-content\/uploads\/2023\/07\/logo_ED.jpg","contentUrl":"https:\/\/www.eldiario.net\/portal\/wp-content\/uploads\/2023\/07\/logo_ED.jpg","width":272,"height":52,"caption":"El Diario - Decano de la prensa nacional"},"image":{"@id":"https:\/\/www.eldiario.net\/portal\/#\/schema\/logo\/image\/"},"sameAs":["https:\/\/www.facebook.com\/eldiario.bolivia\/","https:\/\/x.com\/eldiario_net"]},{"@type":"Person","@id":"https:\/\/www.eldiario.net\/portal\/#\/schema\/person\/f46445640444750d7d753ccd04ae01b7","name":"Jeanette","image":{"@type":"ImageObject","inLanguage":"es","@id":"https:\/\/secure.gravatar.com\/avatar\/3ea2118a5f7dad2b7138b1187a6b7ee55f160b9968b66013c3a3ef39dd7e5798?s=96&d=mm&r=g","url":"https:\/\/secure.gravatar.com\/avatar\/3ea2118a5f7dad2b7138b1187a6b7ee55f160b9968b66013c3a3ef39dd7e5798?s=96&d=mm&r=g","contentUrl":"https:\/\/secure.gravatar.com\/avatar\/3ea2118a5f7dad2b7138b1187a6b7ee55f160b9968b66013c3a3ef39dd7e5798?s=96&d=mm&r=g","caption":"Jeanette"},"sameAs":["https:\/\/www.eldiario.net\/portal"],"url":"https:\/\/www.eldiario.net\/portal\/author\/jeanette\/"}]}},"_links":{"self":[{"href":"https:\/\/www.eldiario.net\/portal\/wp-json\/wp\/v2\/posts\/60518","targetHints":{"allow":["GET"]}}],"collection":[{"href":"https:\/\/www.eldiario.net\/portal\/wp-json\/wp\/v2\/posts"}],"about":[{"href":"https:\/\/www.eldiario.net\/portal\/wp-json\/wp\/v2\/types\/post"}],"author":[{"embeddable":true,"href":"https:\/\/www.eldiario.net\/portal\/wp-json\/wp\/v2\/users\/1"}],"replies":[{"embeddable":true,"href":"https:\/\/www.eldiario.net\/portal\/wp-json\/wp\/v2\/comments?post=60518"}],"version-history":[{"count":0,"href":"https:\/\/www.eldiario.net\/portal\/wp-json\/wp\/v2\/posts\/60518\/revisions"}],"wp:attachment":[{"href":"https:\/\/www.eldiario.net\/portal\/wp-json\/wp\/v2\/media?parent=60518"}],"wp:term":[{"taxonomy":"category","embeddable":true,"href":"https:\/\/www.eldiario.net\/portal\/wp-json\/wp\/v2\/categories?post=60518"},{"taxonomy":"post_tag","embeddable":true,"href":"https:\/\/www.eldiario.net\/portal\/wp-json\/wp\/v2\/tags?post=60518"}],"curies":[{"name":"wp","href":"https:\/\/api.w.org\/{rel}","templated":true}]}}