{"id":60513,"date":"2022-02-02T05:45:42","date_gmt":"2022-02-02T09:45:42","guid":{"rendered":"https:\/\/www.eldiario.net\/portal\/?p=60513"},"modified":"2022-02-02T05:45:42","modified_gmt":"2022-02-02T09:45:42","slug":"la-pintura-en-el-diseno-curricular","status":"publish","type":"post","link":"https:\/\/www.eldiario.net\/portal\/2022\/02\/02\/la-pintura-en-el-diseno-curricular\/","title":{"rendered":"La pintura en el dise\u00f1o curricular"},"content":{"rendered":"<p>El dise\u00f1o curricular en el \u00e1mbito educativo es determinante e importante en el momento de llevar adelante un proceso educativo, tanto a nivel regular, alternativa y superior. Sin embargo, en la formaci\u00f3n art\u00edstica se tiende a un dise\u00f1o curricular por objetivos, en particular en las especialidades de pintura. Esta influye favorablemente en el proceso formativo del artista pl\u00e1stico visual, con una formaci\u00f3n integral, como ser las habilidades, destrezas, actitudes y valores.<br \/>\nLas habilidades, vinculadas a lo art\u00edstico, tienden a una expresi\u00f3n creativa, m\u00e1s exacta, esta habilidad se forma desde la infancia, como un medio de comunicaci\u00f3n creativa est\u00e9tica, iniciada en el mundo imaginario plasmado a trav\u00e9s de las emociones, sentimientos. La destreza va ligada a la habilidad, pero la destreza se adquiere con la experiencia. Ambas se complementan. Las actitudes se fomentan con la participaci\u00f3n en el entorno, y el comportamiento individual ante diferentes circunstancias. Y los valores y su conjugaci\u00f3n en la perspectiva de vida del individuo.<br \/>\nCon todos estos elementos descritos, la pintura como medio de comunicaci\u00f3n plasmado en un lienzo, o mural, etc., se va cultivando en el ser humano desde la infancia hasta la tercera edad.<br \/>\nQu\u00e9 pasa en las instituciones educativas. Si la expresi\u00f3n art\u00edstica creativa es natural en el ser humano, desde que nace hasta que se muere, es muy importante que las instituciones de formaci\u00f3n educativa de la especialidad de artes pl\u00e1sticas y visuales dise\u00f1en planes y programas para un fomento a la creatividad. Se menciona que un ni\u00f1o que entra a la primaria y termina \u00e9sta, ya perdi\u00f3 un noventa por ciento de su creatividad. Vivimos en una educaci\u00f3n de la respuesta, memorizada.<br \/>\nEn ese sentido, el dise\u00f1o curricular por objetivos se concretiza en el proceso formativo del artista pl\u00e1stico visual, especialmente en pintura. Asimismo, el dise\u00f1o curricular toma en cuenta todos los elementos curriculares orientados a la formaci\u00f3n integral considerando las habilidades, destrezas, actitudes y valores. Por tanto, el estudio plantea una propuesta estrat\u00e9gica de acuerdo con el modelo educativo a nivel meso y micro \u2013 curricular, como el plan de dise\u00f1o curricular y el plan de desarrollo curricular &#8211; plan de clases, para llevar adelante el proceso educativo en la especialidad de pintura.<br \/>\nPor otro lado, M. Stenhouse (1987), tras un an\u00e1lisis de varios trabajos cl\u00e1sicos de la misma l\u00ednea, menciona que un dise\u00f1o curricular por objetivos tiende a sistematizar, a medir, a manipular, a prever, a evaluar, a clasificar a proyectar, de antemano c\u00f3mo se va a comportar el estudiante despu\u00e9s de la instrucci\u00f3n.<br \/>\nCon dicha meta, los objetivos se relacionan con los conocimientos, destrezas, t\u00e9cnicas, y las actitudes que necesita el artista pl\u00e1stico visual, en un mercado laboral con mucha competencia. Pero no debemos olvidar la creatividad, va a depender de si es una educaci\u00f3n existencialista, donde predomina el individualismo, o el modelo comunitario productivo.<\/p>\n<p>El autor es Docente, Artista Pl\u00e1stico Visual.<\/p>\n","protected":false},"excerpt":{"rendered":"<p>El dise\u00f1o curricular en el \u00e1mbito educativo es determinante e importante en el momento de llevar adelante un proceso educativo, tanto a nivel regular, alternativa y superior. Sin embargo, en la formaci\u00f3n art\u00edstica se tiende a un dise\u00f1o curricular por objetivos, en particular en las especialidades de pintura. Esta influye favorablemente en el proceso formativo [&hellip;]<\/p>\n","protected":false},"author":1,"featured_media":0,"comment_status":"closed","ping_status":"closed","sticky":false,"template":"","format":"standard","meta":{"_acf_changed":false,"footnotes":""},"categories":[9],"tags":[],"class_list":["post-60513","post","type-post","status-publish","format-standard","category-opinion"],"acf":{"antetitulo":""},"yoast_head":"<!-- This site is optimized with the Yoast SEO plugin v28.4 - https:\/\/yoast.com\/product\/yoast-seo-wordpress\/ -->\n<title>La pintura en el dise\u00f1o curricular - El Diario - Bolivia<\/title>\n<meta name=\"robots\" content=\"index, follow, max-snippet:-1, max-image-preview:large, max-video-preview:-1\" \/>\n<link rel=\"canonical\" href=\"https:\/\/www.eldiario.net\/portal\/2022\/02\/02\/la-pintura-en-el-diseno-curricular\/\" \/>\n<meta property=\"og:locale\" content=\"es_ES\" \/>\n<meta property=\"og:type\" content=\"article\" \/>\n<meta property=\"og:title\" content=\"La pintura en el dise\u00f1o curricular - El Diario - Bolivia\" \/>\n<meta property=\"og:description\" content=\"El dise\u00f1o curricular en el \u00e1mbito educativo es determinante e importante en el momento de llevar adelante un proceso educativo, tanto a nivel regular, alternativa y superior. Sin embargo, en la formaci\u00f3n art\u00edstica se tiende a un dise\u00f1o curricular por objetivos, en particular en las especialidades de pintura. Esta influye favorablemente en el proceso formativo [&hellip;]\" \/>\n<meta property=\"og:url\" content=\"https:\/\/www.eldiario.net\/portal\/2022\/02\/02\/la-pintura-en-el-diseno-curricular\/\" \/>\n<meta property=\"og:site_name\" content=\"El Diario - Bolivia\" \/>\n<meta property=\"article:publisher\" content=\"https:\/\/www.facebook.com\/eldiario.bolivia\/\" \/>\n<meta property=\"article:published_time\" content=\"2022-02-02T09:45:42+00:00\" \/>\n<meta name=\"author\" content=\"Jeanette\" \/>\n<meta name=\"twitter:card\" content=\"summary_large_image\" \/>\n<meta name=\"twitter:creator\" content=\"@eldiario_net\" \/>\n<meta name=\"twitter:site\" content=\"@eldiario_net\" \/>\n<meta name=\"twitter:label1\" content=\"Escrito por\" \/>\n\t<meta name=\"twitter:data1\" content=\"Jeanette\" \/>\n\t<meta name=\"twitter:label2\" content=\"Tiempo de lectura\" \/>\n\t<meta name=\"twitter:data2\" content=\"3 minutos\" \/>\n<script type=\"application\/ld+json\" class=\"yoast-schema-graph\">{\"@context\":\"https:\\\/\\\/schema.org\",\"@graph\":[{\"@type\":\"Article\",\"@id\":\"https:\\\/\\\/www.eldiario.net\\\/portal\\\/2022\\\/02\\\/02\\\/la-pintura-en-el-diseno-curricular\\\/#article\",\"isPartOf\":{\"@id\":\"https:\\\/\\\/www.eldiario.net\\\/portal\\\/2022\\\/02\\\/02\\\/la-pintura-en-el-diseno-curricular\\\/\"},\"author\":{\"name\":\"Jeanette\",\"@id\":\"https:\\\/\\\/www.eldiario.net\\\/portal\\\/#\\\/schema\\\/person\\\/f46445640444750d7d753ccd04ae01b7\"},\"headline\":\"La pintura en el dise\u00f1o curricular\",\"datePublished\":\"2022-02-02T09:45:42+00:00\",\"mainEntityOfPage\":{\"@id\":\"https:\\\/\\\/www.eldiario.net\\\/portal\\\/2022\\\/02\\\/02\\\/la-pintura-en-el-diseno-curricular\\\/\"},\"wordCount\":518,\"publisher\":{\"@id\":\"https:\\\/\\\/www.eldiario.net\\\/portal\\\/#organization\"},\"articleSection\":[\"Opini\u00f3n\"],\"inLanguage\":\"es\"},{\"@type\":\"WebPage\",\"@id\":\"https:\\\/\\\/www.eldiario.net\\\/portal\\\/2022\\\/02\\\/02\\\/la-pintura-en-el-diseno-curricular\\\/\",\"url\":\"https:\\\/\\\/www.eldiario.net\\\/portal\\\/2022\\\/02\\\/02\\\/la-pintura-en-el-diseno-curricular\\\/\",\"name\":\"La pintura en el dise\u00f1o curricular - El Diario - Bolivia\",\"isPartOf\":{\"@id\":\"https:\\\/\\\/www.eldiario.net\\\/portal\\\/#website\"},\"datePublished\":\"2022-02-02T09:45:42+00:00\",\"breadcrumb\":{\"@id\":\"https:\\\/\\\/www.eldiario.net\\\/portal\\\/2022\\\/02\\\/02\\\/la-pintura-en-el-diseno-curricular\\\/#breadcrumb\"},\"inLanguage\":\"es\",\"potentialAction\":[{\"@type\":\"ReadAction\",\"target\":[\"https:\\\/\\\/www.eldiario.net\\\/portal\\\/2022\\\/02\\\/02\\\/la-pintura-en-el-diseno-curricular\\\/\"]}]},{\"@type\":\"BreadcrumbList\",\"@id\":\"https:\\\/\\\/www.eldiario.net\\\/portal\\\/2022\\\/02\\\/02\\\/la-pintura-en-el-diseno-curricular\\\/#breadcrumb\",\"itemListElement\":[{\"@type\":\"ListItem\",\"position\":1,\"name\":\"Portada\",\"item\":\"https:\\\/\\\/www.eldiario.net\\\/portal\\\/\"},{\"@type\":\"ListItem\",\"position\":2,\"name\":\"La pintura en el dise\u00f1o curricular\"}]},{\"@type\":\"WebSite\",\"@id\":\"https:\\\/\\\/www.eldiario.net\\\/portal\\\/#website\",\"url\":\"https:\\\/\\\/www.eldiario.net\\\/portal\\\/\",\"name\":\"El Diario - Decano de la prensa nacional\",\"description\":\"El Diario - Decano de la prensa nacional\",\"publisher\":{\"@id\":\"https:\\\/\\\/www.eldiario.net\\\/portal\\\/#organization\"},\"potentialAction\":[{\"@type\":\"SearchAction\",\"target\":{\"@type\":\"EntryPoint\",\"urlTemplate\":\"https:\\\/\\\/www.eldiario.net\\\/portal\\\/?s={search_term_string}\"},\"query-input\":{\"@type\":\"PropertyValueSpecification\",\"valueRequired\":true,\"valueName\":\"search_term_string\"}}],\"inLanguage\":\"es\"},{\"@type\":\"Organization\",\"@id\":\"https:\\\/\\\/www.eldiario.net\\\/portal\\\/#organization\",\"name\":\"El Diario - Decano de la prensa nacional\",\"url\":\"https:\\\/\\\/www.eldiario.net\\\/portal\\\/\",\"logo\":{\"@type\":\"ImageObject\",\"inLanguage\":\"es\",\"@id\":\"https:\\\/\\\/www.eldiario.net\\\/portal\\\/#\\\/schema\\\/logo\\\/image\\\/\",\"url\":\"https:\\\/\\\/www.eldiario.net\\\/portal\\\/wp-content\\\/uploads\\\/2023\\\/07\\\/logo_ED.jpg\",\"contentUrl\":\"https:\\\/\\\/www.eldiario.net\\\/portal\\\/wp-content\\\/uploads\\\/2023\\\/07\\\/logo_ED.jpg\",\"width\":272,\"height\":52,\"caption\":\"El Diario - Decano de la prensa nacional\"},\"image\":{\"@id\":\"https:\\\/\\\/www.eldiario.net\\\/portal\\\/#\\\/schema\\\/logo\\\/image\\\/\"},\"sameAs\":[\"https:\\\/\\\/www.facebook.com\\\/eldiario.bolivia\\\/\",\"https:\\\/\\\/x.com\\\/eldiario_net\"]},{\"@type\":\"Person\",\"@id\":\"https:\\\/\\\/www.eldiario.net\\\/portal\\\/#\\\/schema\\\/person\\\/f46445640444750d7d753ccd04ae01b7\",\"name\":\"Jeanette\",\"image\":{\"@type\":\"ImageObject\",\"inLanguage\":\"es\",\"@id\":\"https:\\\/\\\/secure.gravatar.com\\\/avatar\\\/3ea2118a5f7dad2b7138b1187a6b7ee55f160b9968b66013c3a3ef39dd7e5798?s=96&d=mm&r=g\",\"url\":\"https:\\\/\\\/secure.gravatar.com\\\/avatar\\\/3ea2118a5f7dad2b7138b1187a6b7ee55f160b9968b66013c3a3ef39dd7e5798?s=96&d=mm&r=g\",\"contentUrl\":\"https:\\\/\\\/secure.gravatar.com\\\/avatar\\\/3ea2118a5f7dad2b7138b1187a6b7ee55f160b9968b66013c3a3ef39dd7e5798?s=96&d=mm&r=g\",\"caption\":\"Jeanette\"},\"sameAs\":[\"https:\\\/\\\/www.eldiario.net\\\/portal\"],\"url\":\"https:\\\/\\\/www.eldiario.net\\\/portal\\\/author\\\/jeanette\\\/\"}]}<\/script>\n<!-- \/ Yoast SEO plugin. -->","yoast_head_json":{"title":"La pintura en el dise\u00f1o curricular - El Diario - Bolivia","robots":{"index":"index","follow":"follow","max-snippet":"max-snippet:-1","max-image-preview":"max-image-preview:large","max-video-preview":"max-video-preview:-1"},"canonical":"https:\/\/www.eldiario.net\/portal\/2022\/02\/02\/la-pintura-en-el-diseno-curricular\/","og_locale":"es_ES","og_type":"article","og_title":"La pintura en el dise\u00f1o curricular - El Diario - Bolivia","og_description":"El dise\u00f1o curricular en el \u00e1mbito educativo es determinante e importante en el momento de llevar adelante un proceso educativo, tanto a nivel regular, alternativa y superior. Sin embargo, en la formaci\u00f3n art\u00edstica se tiende a un dise\u00f1o curricular por objetivos, en particular en las especialidades de pintura. Esta influye favorablemente en el proceso formativo [&hellip;]","og_url":"https:\/\/www.eldiario.net\/portal\/2022\/02\/02\/la-pintura-en-el-diseno-curricular\/","og_site_name":"El Diario - Bolivia","article_publisher":"https:\/\/www.facebook.com\/eldiario.bolivia\/","article_published_time":"2022-02-02T09:45:42+00:00","author":"Jeanette","twitter_card":"summary_large_image","twitter_creator":"@eldiario_net","twitter_site":"@eldiario_net","twitter_misc":{"Escrito por":"Jeanette","Tiempo de lectura":"3 minutos"},"schema":{"@context":"https:\/\/schema.org","@graph":[{"@type":"Article","@id":"https:\/\/www.eldiario.net\/portal\/2022\/02\/02\/la-pintura-en-el-diseno-curricular\/#article","isPartOf":{"@id":"https:\/\/www.eldiario.net\/portal\/2022\/02\/02\/la-pintura-en-el-diseno-curricular\/"},"author":{"name":"Jeanette","@id":"https:\/\/www.eldiario.net\/portal\/#\/schema\/person\/f46445640444750d7d753ccd04ae01b7"},"headline":"La pintura en el dise\u00f1o curricular","datePublished":"2022-02-02T09:45:42+00:00","mainEntityOfPage":{"@id":"https:\/\/www.eldiario.net\/portal\/2022\/02\/02\/la-pintura-en-el-diseno-curricular\/"},"wordCount":518,"publisher":{"@id":"https:\/\/www.eldiario.net\/portal\/#organization"},"articleSection":["Opini\u00f3n"],"inLanguage":"es"},{"@type":"WebPage","@id":"https:\/\/www.eldiario.net\/portal\/2022\/02\/02\/la-pintura-en-el-diseno-curricular\/","url":"https:\/\/www.eldiario.net\/portal\/2022\/02\/02\/la-pintura-en-el-diseno-curricular\/","name":"La pintura en el dise\u00f1o curricular - El Diario - Bolivia","isPartOf":{"@id":"https:\/\/www.eldiario.net\/portal\/#website"},"datePublished":"2022-02-02T09:45:42+00:00","breadcrumb":{"@id":"https:\/\/www.eldiario.net\/portal\/2022\/02\/02\/la-pintura-en-el-diseno-curricular\/#breadcrumb"},"inLanguage":"es","potentialAction":[{"@type":"ReadAction","target":["https:\/\/www.eldiario.net\/portal\/2022\/02\/02\/la-pintura-en-el-diseno-curricular\/"]}]},{"@type":"BreadcrumbList","@id":"https:\/\/www.eldiario.net\/portal\/2022\/02\/02\/la-pintura-en-el-diseno-curricular\/#breadcrumb","itemListElement":[{"@type":"ListItem","position":1,"name":"Portada","item":"https:\/\/www.eldiario.net\/portal\/"},{"@type":"ListItem","position":2,"name":"La pintura en el dise\u00f1o curricular"}]},{"@type":"WebSite","@id":"https:\/\/www.eldiario.net\/portal\/#website","url":"https:\/\/www.eldiario.net\/portal\/","name":"El Diario - Decano de la prensa nacional","description":"El Diario - Decano de la prensa nacional","publisher":{"@id":"https:\/\/www.eldiario.net\/portal\/#organization"},"potentialAction":[{"@type":"SearchAction","target":{"@type":"EntryPoint","urlTemplate":"https:\/\/www.eldiario.net\/portal\/?s={search_term_string}"},"query-input":{"@type":"PropertyValueSpecification","valueRequired":true,"valueName":"search_term_string"}}],"inLanguage":"es"},{"@type":"Organization","@id":"https:\/\/www.eldiario.net\/portal\/#organization","name":"El Diario - Decano de la prensa nacional","url":"https:\/\/www.eldiario.net\/portal\/","logo":{"@type":"ImageObject","inLanguage":"es","@id":"https:\/\/www.eldiario.net\/portal\/#\/schema\/logo\/image\/","url":"https:\/\/www.eldiario.net\/portal\/wp-content\/uploads\/2023\/07\/logo_ED.jpg","contentUrl":"https:\/\/www.eldiario.net\/portal\/wp-content\/uploads\/2023\/07\/logo_ED.jpg","width":272,"height":52,"caption":"El Diario - Decano de la prensa nacional"},"image":{"@id":"https:\/\/www.eldiario.net\/portal\/#\/schema\/logo\/image\/"},"sameAs":["https:\/\/www.facebook.com\/eldiario.bolivia\/","https:\/\/x.com\/eldiario_net"]},{"@type":"Person","@id":"https:\/\/www.eldiario.net\/portal\/#\/schema\/person\/f46445640444750d7d753ccd04ae01b7","name":"Jeanette","image":{"@type":"ImageObject","inLanguage":"es","@id":"https:\/\/secure.gravatar.com\/avatar\/3ea2118a5f7dad2b7138b1187a6b7ee55f160b9968b66013c3a3ef39dd7e5798?s=96&d=mm&r=g","url":"https:\/\/secure.gravatar.com\/avatar\/3ea2118a5f7dad2b7138b1187a6b7ee55f160b9968b66013c3a3ef39dd7e5798?s=96&d=mm&r=g","contentUrl":"https:\/\/secure.gravatar.com\/avatar\/3ea2118a5f7dad2b7138b1187a6b7ee55f160b9968b66013c3a3ef39dd7e5798?s=96&d=mm&r=g","caption":"Jeanette"},"sameAs":["https:\/\/www.eldiario.net\/portal"],"url":"https:\/\/www.eldiario.net\/portal\/author\/jeanette\/"}]}},"_links":{"self":[{"href":"https:\/\/www.eldiario.net\/portal\/wp-json\/wp\/v2\/posts\/60513","targetHints":{"allow":["GET"]}}],"collection":[{"href":"https:\/\/www.eldiario.net\/portal\/wp-json\/wp\/v2\/posts"}],"about":[{"href":"https:\/\/www.eldiario.net\/portal\/wp-json\/wp\/v2\/types\/post"}],"author":[{"embeddable":true,"href":"https:\/\/www.eldiario.net\/portal\/wp-json\/wp\/v2\/users\/1"}],"replies":[{"embeddable":true,"href":"https:\/\/www.eldiario.net\/portal\/wp-json\/wp\/v2\/comments?post=60513"}],"version-history":[{"count":0,"href":"https:\/\/www.eldiario.net\/portal\/wp-json\/wp\/v2\/posts\/60513\/revisions"}],"wp:attachment":[{"href":"https:\/\/www.eldiario.net\/portal\/wp-json\/wp\/v2\/media?parent=60513"}],"wp:term":[{"taxonomy":"category","embeddable":true,"href":"https:\/\/www.eldiario.net\/portal\/wp-json\/wp\/v2\/categories?post=60513"},{"taxonomy":"post_tag","embeddable":true,"href":"https:\/\/www.eldiario.net\/portal\/wp-json\/wp\/v2\/tags?post=60513"}],"curies":[{"name":"wp","href":"https:\/\/api.w.org\/{rel}","templated":true}]}}