{"id":60510,"date":"2022-02-02T05:45:19","date_gmt":"2022-02-02T09:45:19","guid":{"rendered":"https:\/\/www.eldiario.net\/portal\/?p=60510"},"modified":"2022-02-02T05:45:19","modified_gmt":"2022-02-02T09:45:19","slug":"mayoria-de-estudiantes-fueron-vacunados-contra-coronavirus","status":"publish","type":"post","link":"https:\/\/www.eldiario.net\/portal\/2022\/02\/02\/mayoria-de-estudiantes-fueron-vacunados-contra-coronavirus\/","title":{"rendered":"Mayor\u00eda de estudiantes fueron vacunados contra coronavirus"},"content":{"rendered":"<p>Primer d\u00eda de clases en la ciudad de El Alto, el 60 % de estudiantes de los diferentes ciclos asistieron vacunados contra el covid-19, mientras que los maestros aseguran haber recibido esta dosis en el 90 %, seg\u00fan el dirigente del sector, \u00c1lex Morales.<br \/>\nDe acuerdo con el representante del sector, estos porcentajes en estudiantes vacunados son datos que se recibieron a trav\u00e9s de las autoridades en salud de esta urbe y por parte de los maestros son oficiales a trav\u00e9s de la dirigencia de esta ciudad.<br \/>\nSin embargo, la preocupaci\u00f3n de padres de familia y profesores est\u00e1 en la modalidad que se implement\u00f3 en este primer d\u00eda de clases en su mayor\u00eda de los establecimientos educativos presenciales, donde las aulas no est\u00e1n adecuadas, donde existe hacinamiento con el riesgo de un contagio en los estudiantes.<br \/>\n\u201cEn este momento, varios son los problemas que nos preocupa a pesar de haberse iniciado las clases de la presente gesti\u00f3n, porque muchos de estos colegios no cuentan con los requerimientos de infraestructura, que son esenciales para esta etapa de salud que estamos atravesando, como las bater\u00edas de ba\u00f1o, adem\u00e1s de la misma infraestructura, donde muchos colegios no cuentan con sus muros perimetrales\u201d, explic\u00f3 Morales.<br \/>\nOtro de los detalles que se repiti\u00f3, seg\u00fan el dirigente del magisterio, es la falta de material de bioseguridad en estas unidades educativas, carencia que nuevamente se convirti\u00f3 en la responsabilidad de los padres de familia a pesar de que deben ser las autoridades municipales y de Gobierno los que deben dotar de este servicio.<br \/>\nPor otro lado, la dirigencia del magisterio de El Alto exhort\u00f3 a los padres de familia a que puedan acceder a que sus hijos reciban la vacuna contra el covid-19, en aquellos colegios que faltan y de esta manera llegar a un buen porcentaje de estudiantes que cuenten con la dosis para garantizar su salud, as\u00ed como la de sus compa\u00f1eros.<br \/>\n\u201cEsperamos que aquellos padres de familia que faltan autorizar la vacuna de sus hijos, puedan de una vez hacer que reciban esta dosis contra el virus y de esta forma ellos puedan asistir a las clases presenciales con esta garant\u00eda y no estar propensos a contagiarse y contagiar a sus dem\u00e1s compa\u00f1eros, porque una mayor\u00eda de los colegios est\u00e1n pasando clases presenciales\u201d, exhort\u00f3 el dirigente.<br \/>\nPor otro lado, en el primer d\u00eda de clases de la presente gesti\u00f3n se ha visto en varias unidades educativas puntos de vacunaci\u00f3n contra el covid-19, implementadas por parte del municipio de El Alto, donde seg\u00fan el responsable de este trabajo, Ren\u00e9 Paco, estima que por lo menos de 150 a 200 estudiantes puedan recibir esta dosis.<br \/>\nSeg\u00fan los datos del Servicio Regional de El Alto (Seres) indican que entre cinco y 15 a\u00f1os, apenas 80.377 se vacunaron con la primera dosis.<br \/>\nLas cifras a las que tuvo acceso Urgente.bo, indican que el 10,9 % de cinco a 11 a\u00f1os recibi\u00f3 la primera dosis, es decir un total de 42.460, mientras que de 12 a 15 a\u00f1os se vacunaron 20.863, y de 16 a 17 a\u00f1os, 23.866.<br \/>\nMientras que la cobertura de segundas dosis muestra que de cinco a 11 a\u00f1os se vacunaron 13.967 personas; de 12 a 15 a\u00f1os, 20.863; de 16 a 17 a\u00f1os; 14.830. Lo que quiere decir que de cinco a 15 a\u00f1os un total de 34.830 se inmunizaron.<br \/>\nPor su parte, el director del Servicio Departamental de Salud (Sedes), Mayber Aparicio, inform\u00f3 que en El Alto se lleg\u00f3 a un porcentaje del 52 % de inmunizados de personas entre cinco a 17 a\u00f1os, una cifra, que seg\u00fan el galeno, es buena.<\/p>\n","protected":false},"excerpt":{"rendered":"<p>Primer d\u00eda de clases en la ciudad de El Alto, el 60 % de estudiantes de los diferentes ciclos asistieron vacunados contra el covid-19, mientras que los maestros aseguran haber recibido esta dosis en el 90 %, seg\u00fan el dirigente del sector, \u00c1lex Morales. De acuerdo con el representante del sector, estos porcentajes en estudiantes [&hellip;]<\/p>\n","protected":false},"author":1,"featured_media":60511,"comment_status":"closed","ping_status":"closed","sticky":false,"template":"","format":"standard","meta":{"_acf_changed":false,"footnotes":""},"categories":[12],"tags":[],"class_list":["post-60510","post","type-post","status-publish","format-standard","has-post-thumbnail","category-nacional"],"acf":{"antetitulo":""},"yoast_head":"<!-- This site is optimized with the Yoast SEO plugin v28.4 - https:\/\/yoast.com\/product\/yoast-seo-wordpress\/ -->\n<title>Mayor\u00eda de estudiantes fueron vacunados contra coronavirus - El Diario - Bolivia<\/title>\n<meta name=\"robots\" content=\"index, follow, max-snippet:-1, max-image-preview:large, max-video-preview:-1\" \/>\n<link rel=\"canonical\" href=\"https:\/\/www.eldiario.net\/portal\/2022\/02\/02\/mayoria-de-estudiantes-fueron-vacunados-contra-coronavirus\/\" \/>\n<meta property=\"og:locale\" content=\"es_ES\" \/>\n<meta property=\"og:type\" content=\"article\" \/>\n<meta property=\"og:title\" content=\"Mayor\u00eda de estudiantes fueron vacunados contra coronavirus - El Diario - Bolivia\" \/>\n<meta property=\"og:description\" content=\"Primer d\u00eda de clases en la ciudad de El Alto, el 60 % de estudiantes de los diferentes ciclos asistieron vacunados contra el covid-19, mientras que los maestros aseguran haber recibido esta dosis en el 90 %, seg\u00fan el dirigente del sector, \u00c1lex Morales. De acuerdo con el representante del sector, estos porcentajes en estudiantes [&hellip;]\" \/>\n<meta property=\"og:url\" content=\"https:\/\/www.eldiario.net\/portal\/2022\/02\/02\/mayoria-de-estudiantes-fueron-vacunados-contra-coronavirus\/\" \/>\n<meta property=\"og:site_name\" content=\"El Diario - Bolivia\" \/>\n<meta property=\"article:publisher\" content=\"https:\/\/www.facebook.com\/eldiario.bolivia\/\" \/>\n<meta property=\"article:published_time\" content=\"2022-02-02T09:45:19+00:00\" \/>\n<meta name=\"author\" content=\"Jeanette\" \/>\n<meta name=\"twitter:card\" content=\"summary_large_image\" \/>\n<meta name=\"twitter:creator\" content=\"@eldiario_net\" \/>\n<meta name=\"twitter:site\" content=\"@eldiario_net\" \/>\n<meta name=\"twitter:label1\" content=\"Escrito por\" \/>\n\t<meta name=\"twitter:data1\" content=\"Jeanette\" \/>\n\t<meta name=\"twitter:label2\" content=\"Tiempo de lectura\" \/>\n\t<meta name=\"twitter:data2\" content=\"3 minutos\" \/>\n<script type=\"application\/ld+json\" class=\"yoast-schema-graph\">{\"@context\":\"https:\\\/\\\/schema.org\",\"@graph\":[{\"@type\":\"Article\",\"@id\":\"https:\\\/\\\/www.eldiario.net\\\/portal\\\/2022\\\/02\\\/02\\\/mayoria-de-estudiantes-fueron-vacunados-contra-coronavirus\\\/#article\",\"isPartOf\":{\"@id\":\"https:\\\/\\\/www.eldiario.net\\\/portal\\\/2022\\\/02\\\/02\\\/mayoria-de-estudiantes-fueron-vacunados-contra-coronavirus\\\/\"},\"author\":{\"name\":\"Jeanette\",\"@id\":\"https:\\\/\\\/www.eldiario.net\\\/portal\\\/#\\\/schema\\\/person\\\/f46445640444750d7d753ccd04ae01b7\"},\"headline\":\"Mayor\u00eda de estudiantes fueron vacunados contra coronavirus\",\"datePublished\":\"2022-02-02T09:45:19+00:00\",\"mainEntityOfPage\":{\"@id\":\"https:\\\/\\\/www.eldiario.net\\\/portal\\\/2022\\\/02\\\/02\\\/mayoria-de-estudiantes-fueron-vacunados-contra-coronavirus\\\/\"},\"wordCount\":610,\"publisher\":{\"@id\":\"https:\\\/\\\/www.eldiario.net\\\/portal\\\/#organization\"},\"image\":{\"@id\":\"https:\\\/\\\/www.eldiario.net\\\/portal\\\/2022\\\/02\\\/02\\\/mayoria-de-estudiantes-fueron-vacunados-contra-coronavirus\\\/#primaryimage\"},\"thumbnailUrl\":\"\",\"articleSection\":[\"Nacional\"],\"inLanguage\":\"es\"},{\"@type\":\"WebPage\",\"@id\":\"https:\\\/\\\/www.eldiario.net\\\/portal\\\/2022\\\/02\\\/02\\\/mayoria-de-estudiantes-fueron-vacunados-contra-coronavirus\\\/\",\"url\":\"https:\\\/\\\/www.eldiario.net\\\/portal\\\/2022\\\/02\\\/02\\\/mayoria-de-estudiantes-fueron-vacunados-contra-coronavirus\\\/\",\"name\":\"Mayor\u00eda de estudiantes fueron vacunados contra coronavirus - El Diario - Bolivia\",\"isPartOf\":{\"@id\":\"https:\\\/\\\/www.eldiario.net\\\/portal\\\/#website\"},\"primaryImageOfPage\":{\"@id\":\"https:\\\/\\\/www.eldiario.net\\\/portal\\\/2022\\\/02\\\/02\\\/mayoria-de-estudiantes-fueron-vacunados-contra-coronavirus\\\/#primaryimage\"},\"image\":{\"@id\":\"https:\\\/\\\/www.eldiario.net\\\/portal\\\/2022\\\/02\\\/02\\\/mayoria-de-estudiantes-fueron-vacunados-contra-coronavirus\\\/#primaryimage\"},\"thumbnailUrl\":\"\",\"datePublished\":\"2022-02-02T09:45:19+00:00\",\"breadcrumb\":{\"@id\":\"https:\\\/\\\/www.eldiario.net\\\/portal\\\/2022\\\/02\\\/02\\\/mayoria-de-estudiantes-fueron-vacunados-contra-coronavirus\\\/#breadcrumb\"},\"inLanguage\":\"es\",\"potentialAction\":[{\"@type\":\"ReadAction\",\"target\":[\"https:\\\/\\\/www.eldiario.net\\\/portal\\\/2022\\\/02\\\/02\\\/mayoria-de-estudiantes-fueron-vacunados-contra-coronavirus\\\/\"]}]},{\"@type\":\"ImageObject\",\"inLanguage\":\"es\",\"@id\":\"https:\\\/\\\/www.eldiario.net\\\/portal\\\/2022\\\/02\\\/02\\\/mayoria-de-estudiantes-fueron-vacunados-contra-coronavirus\\\/#primaryimage\",\"url\":\"\",\"contentUrl\":\"\"},{\"@type\":\"BreadcrumbList\",\"@id\":\"https:\\\/\\\/www.eldiario.net\\\/portal\\\/2022\\\/02\\\/02\\\/mayoria-de-estudiantes-fueron-vacunados-contra-coronavirus\\\/#breadcrumb\",\"itemListElement\":[{\"@type\":\"ListItem\",\"position\":1,\"name\":\"Portada\",\"item\":\"https:\\\/\\\/www.eldiario.net\\\/portal\\\/\"},{\"@type\":\"ListItem\",\"position\":2,\"name\":\"Mayor\u00eda de estudiantes fueron vacunados contra coronavirus\"}]},{\"@type\":\"WebSite\",\"@id\":\"https:\\\/\\\/www.eldiario.net\\\/portal\\\/#website\",\"url\":\"https:\\\/\\\/www.eldiario.net\\\/portal\\\/\",\"name\":\"El Diario - Decano de la prensa nacional\",\"description\":\"El Diario - Decano de la prensa nacional\",\"publisher\":{\"@id\":\"https:\\\/\\\/www.eldiario.net\\\/portal\\\/#organization\"},\"potentialAction\":[{\"@type\":\"SearchAction\",\"target\":{\"@type\":\"EntryPoint\",\"urlTemplate\":\"https:\\\/\\\/www.eldiario.net\\\/portal\\\/?s={search_term_string}\"},\"query-input\":{\"@type\":\"PropertyValueSpecification\",\"valueRequired\":true,\"valueName\":\"search_term_string\"}}],\"inLanguage\":\"es\"},{\"@type\":\"Organization\",\"@id\":\"https:\\\/\\\/www.eldiario.net\\\/portal\\\/#organization\",\"name\":\"El Diario - Decano de la prensa nacional\",\"url\":\"https:\\\/\\\/www.eldiario.net\\\/portal\\\/\",\"logo\":{\"@type\":\"ImageObject\",\"inLanguage\":\"es\",\"@id\":\"https:\\\/\\\/www.eldiario.net\\\/portal\\\/#\\\/schema\\\/logo\\\/image\\\/\",\"url\":\"https:\\\/\\\/www.eldiario.net\\\/portal\\\/wp-content\\\/uploads\\\/2023\\\/07\\\/logo_ED.jpg\",\"contentUrl\":\"https:\\\/\\\/www.eldiario.net\\\/portal\\\/wp-content\\\/uploads\\\/2023\\\/07\\\/logo_ED.jpg\",\"width\":272,\"height\":52,\"caption\":\"El Diario - Decano de la prensa nacional\"},\"image\":{\"@id\":\"https:\\\/\\\/www.eldiario.net\\\/portal\\\/#\\\/schema\\\/logo\\\/image\\\/\"},\"sameAs\":[\"https:\\\/\\\/www.facebook.com\\\/eldiario.bolivia\\\/\",\"https:\\\/\\\/x.com\\\/eldiario_net\"]},{\"@type\":\"Person\",\"@id\":\"https:\\\/\\\/www.eldiario.net\\\/portal\\\/#\\\/schema\\\/person\\\/f46445640444750d7d753ccd04ae01b7\",\"name\":\"Jeanette\",\"image\":{\"@type\":\"ImageObject\",\"inLanguage\":\"es\",\"@id\":\"https:\\\/\\\/secure.gravatar.com\\\/avatar\\\/3ea2118a5f7dad2b7138b1187a6b7ee55f160b9968b66013c3a3ef39dd7e5798?s=96&d=mm&r=g\",\"url\":\"https:\\\/\\\/secure.gravatar.com\\\/avatar\\\/3ea2118a5f7dad2b7138b1187a6b7ee55f160b9968b66013c3a3ef39dd7e5798?s=96&d=mm&r=g\",\"contentUrl\":\"https:\\\/\\\/secure.gravatar.com\\\/avatar\\\/3ea2118a5f7dad2b7138b1187a6b7ee55f160b9968b66013c3a3ef39dd7e5798?s=96&d=mm&r=g\",\"caption\":\"Jeanette\"},\"sameAs\":[\"https:\\\/\\\/www.eldiario.net\\\/portal\"],\"url\":\"https:\\\/\\\/www.eldiario.net\\\/portal\\\/author\\\/jeanette\\\/\"}]}<\/script>\n<!-- \/ Yoast SEO plugin. -->","yoast_head_json":{"title":"Mayor\u00eda de estudiantes fueron vacunados contra coronavirus - El Diario - Bolivia","robots":{"index":"index","follow":"follow","max-snippet":"max-snippet:-1","max-image-preview":"max-image-preview:large","max-video-preview":"max-video-preview:-1"},"canonical":"https:\/\/www.eldiario.net\/portal\/2022\/02\/02\/mayoria-de-estudiantes-fueron-vacunados-contra-coronavirus\/","og_locale":"es_ES","og_type":"article","og_title":"Mayor\u00eda de estudiantes fueron vacunados contra coronavirus - El Diario - Bolivia","og_description":"Primer d\u00eda de clases en la ciudad de El Alto, el 60 % de estudiantes de los diferentes ciclos asistieron vacunados contra el covid-19, mientras que los maestros aseguran haber recibido esta dosis en el 90 %, seg\u00fan el dirigente del sector, \u00c1lex Morales. De acuerdo con el representante del sector, estos porcentajes en estudiantes [&hellip;]","og_url":"https:\/\/www.eldiario.net\/portal\/2022\/02\/02\/mayoria-de-estudiantes-fueron-vacunados-contra-coronavirus\/","og_site_name":"El Diario - Bolivia","article_publisher":"https:\/\/www.facebook.com\/eldiario.bolivia\/","article_published_time":"2022-02-02T09:45:19+00:00","author":"Jeanette","twitter_card":"summary_large_image","twitter_creator":"@eldiario_net","twitter_site":"@eldiario_net","twitter_misc":{"Escrito por":"Jeanette","Tiempo de lectura":"3 minutos"},"schema":{"@context":"https:\/\/schema.org","@graph":[{"@type":"Article","@id":"https:\/\/www.eldiario.net\/portal\/2022\/02\/02\/mayoria-de-estudiantes-fueron-vacunados-contra-coronavirus\/#article","isPartOf":{"@id":"https:\/\/www.eldiario.net\/portal\/2022\/02\/02\/mayoria-de-estudiantes-fueron-vacunados-contra-coronavirus\/"},"author":{"name":"Jeanette","@id":"https:\/\/www.eldiario.net\/portal\/#\/schema\/person\/f46445640444750d7d753ccd04ae01b7"},"headline":"Mayor\u00eda de estudiantes fueron vacunados contra coronavirus","datePublished":"2022-02-02T09:45:19+00:00","mainEntityOfPage":{"@id":"https:\/\/www.eldiario.net\/portal\/2022\/02\/02\/mayoria-de-estudiantes-fueron-vacunados-contra-coronavirus\/"},"wordCount":610,"publisher":{"@id":"https:\/\/www.eldiario.net\/portal\/#organization"},"image":{"@id":"https:\/\/www.eldiario.net\/portal\/2022\/02\/02\/mayoria-de-estudiantes-fueron-vacunados-contra-coronavirus\/#primaryimage"},"thumbnailUrl":"","articleSection":["Nacional"],"inLanguage":"es"},{"@type":"WebPage","@id":"https:\/\/www.eldiario.net\/portal\/2022\/02\/02\/mayoria-de-estudiantes-fueron-vacunados-contra-coronavirus\/","url":"https:\/\/www.eldiario.net\/portal\/2022\/02\/02\/mayoria-de-estudiantes-fueron-vacunados-contra-coronavirus\/","name":"Mayor\u00eda de estudiantes fueron vacunados contra coronavirus - El Diario - Bolivia","isPartOf":{"@id":"https:\/\/www.eldiario.net\/portal\/#website"},"primaryImageOfPage":{"@id":"https:\/\/www.eldiario.net\/portal\/2022\/02\/02\/mayoria-de-estudiantes-fueron-vacunados-contra-coronavirus\/#primaryimage"},"image":{"@id":"https:\/\/www.eldiario.net\/portal\/2022\/02\/02\/mayoria-de-estudiantes-fueron-vacunados-contra-coronavirus\/#primaryimage"},"thumbnailUrl":"","datePublished":"2022-02-02T09:45:19+00:00","breadcrumb":{"@id":"https:\/\/www.eldiario.net\/portal\/2022\/02\/02\/mayoria-de-estudiantes-fueron-vacunados-contra-coronavirus\/#breadcrumb"},"inLanguage":"es","potentialAction":[{"@type":"ReadAction","target":["https:\/\/www.eldiario.net\/portal\/2022\/02\/02\/mayoria-de-estudiantes-fueron-vacunados-contra-coronavirus\/"]}]},{"@type":"ImageObject","inLanguage":"es","@id":"https:\/\/www.eldiario.net\/portal\/2022\/02\/02\/mayoria-de-estudiantes-fueron-vacunados-contra-coronavirus\/#primaryimage","url":"","contentUrl":""},{"@type":"BreadcrumbList","@id":"https:\/\/www.eldiario.net\/portal\/2022\/02\/02\/mayoria-de-estudiantes-fueron-vacunados-contra-coronavirus\/#breadcrumb","itemListElement":[{"@type":"ListItem","position":1,"name":"Portada","item":"https:\/\/www.eldiario.net\/portal\/"},{"@type":"ListItem","position":2,"name":"Mayor\u00eda de estudiantes fueron vacunados contra coronavirus"}]},{"@type":"WebSite","@id":"https:\/\/www.eldiario.net\/portal\/#website","url":"https:\/\/www.eldiario.net\/portal\/","name":"El Diario - Decano de la prensa nacional","description":"El Diario - Decano de la prensa nacional","publisher":{"@id":"https:\/\/www.eldiario.net\/portal\/#organization"},"potentialAction":[{"@type":"SearchAction","target":{"@type":"EntryPoint","urlTemplate":"https:\/\/www.eldiario.net\/portal\/?s={search_term_string}"},"query-input":{"@type":"PropertyValueSpecification","valueRequired":true,"valueName":"search_term_string"}}],"inLanguage":"es"},{"@type":"Organization","@id":"https:\/\/www.eldiario.net\/portal\/#organization","name":"El Diario - Decano de la prensa nacional","url":"https:\/\/www.eldiario.net\/portal\/","logo":{"@type":"ImageObject","inLanguage":"es","@id":"https:\/\/www.eldiario.net\/portal\/#\/schema\/logo\/image\/","url":"https:\/\/www.eldiario.net\/portal\/wp-content\/uploads\/2023\/07\/logo_ED.jpg","contentUrl":"https:\/\/www.eldiario.net\/portal\/wp-content\/uploads\/2023\/07\/logo_ED.jpg","width":272,"height":52,"caption":"El Diario - Decano de la prensa nacional"},"image":{"@id":"https:\/\/www.eldiario.net\/portal\/#\/schema\/logo\/image\/"},"sameAs":["https:\/\/www.facebook.com\/eldiario.bolivia\/","https:\/\/x.com\/eldiario_net"]},{"@type":"Person","@id":"https:\/\/www.eldiario.net\/portal\/#\/schema\/person\/f46445640444750d7d753ccd04ae01b7","name":"Jeanette","image":{"@type":"ImageObject","inLanguage":"es","@id":"https:\/\/secure.gravatar.com\/avatar\/3ea2118a5f7dad2b7138b1187a6b7ee55f160b9968b66013c3a3ef39dd7e5798?s=96&d=mm&r=g","url":"https:\/\/secure.gravatar.com\/avatar\/3ea2118a5f7dad2b7138b1187a6b7ee55f160b9968b66013c3a3ef39dd7e5798?s=96&d=mm&r=g","contentUrl":"https:\/\/secure.gravatar.com\/avatar\/3ea2118a5f7dad2b7138b1187a6b7ee55f160b9968b66013c3a3ef39dd7e5798?s=96&d=mm&r=g","caption":"Jeanette"},"sameAs":["https:\/\/www.eldiario.net\/portal"],"url":"https:\/\/www.eldiario.net\/portal\/author\/jeanette\/"}]}},"_links":{"self":[{"href":"https:\/\/www.eldiario.net\/portal\/wp-json\/wp\/v2\/posts\/60510","targetHints":{"allow":["GET"]}}],"collection":[{"href":"https:\/\/www.eldiario.net\/portal\/wp-json\/wp\/v2\/posts"}],"about":[{"href":"https:\/\/www.eldiario.net\/portal\/wp-json\/wp\/v2\/types\/post"}],"author":[{"embeddable":true,"href":"https:\/\/www.eldiario.net\/portal\/wp-json\/wp\/v2\/users\/1"}],"replies":[{"embeddable":true,"href":"https:\/\/www.eldiario.net\/portal\/wp-json\/wp\/v2\/comments?post=60510"}],"version-history":[{"count":0,"href":"https:\/\/www.eldiario.net\/portal\/wp-json\/wp\/v2\/posts\/60510\/revisions"}],"wp:attachment":[{"href":"https:\/\/www.eldiario.net\/portal\/wp-json\/wp\/v2\/media?parent=60510"}],"wp:term":[{"taxonomy":"category","embeddable":true,"href":"https:\/\/www.eldiario.net\/portal\/wp-json\/wp\/v2\/categories?post=60510"},{"taxonomy":"post_tag","embeddable":true,"href":"https:\/\/www.eldiario.net\/portal\/wp-json\/wp\/v2\/tags?post=60510"}],"curies":[{"name":"wp","href":"https:\/\/api.w.org\/{rel}","templated":true}]}}