{"id":6051,"date":"2021-05-24T06:18:40","date_gmt":"2021-05-24T10:18:40","guid":{"rendered":"https:\/\/www.eldiario.net\/portal\/?p=6051"},"modified":"2021-05-24T06:18:40","modified_gmt":"2021-05-24T10:18:40","slug":"comerciantes-y-conductores-incumplen-uso-del-barbijo","status":"publish","type":"post","link":"https:\/\/www.eldiario.net\/portal\/2021\/05\/24\/comerciantes-y-conductores-incumplen-uso-del-barbijo\/","title":{"rendered":"Comerciantes y conductores incumplen uso del barbijo"},"content":{"rendered":"<p>Los vecinos de la zona 16 de Julio de la ciudad de El Alto denuncian que a pesar de la obligaci\u00f3n para el uso del barbijo, emitido por el municipio, comerciantes y choferes no cumplen con estas disposiciones, poniendo en riesgo la salud de la poblaci\u00f3n de un contagio masivo.<br \/>\nComo todos los domingos, comerciantes de todos los rubros instalan sus puestos de venta en las principales calles y avenidas de este barrio, para exponer sus productos, desde muy temprano, pero muchas personas no cumplen las normas de bioseguridad, como el uso del barbijo.<br \/>\nProducto de estas anormalidades y teniendo en cuenta que el coronavirus se ha incrementado en esta urbe, vecinos reunidos en torno a sus dirigentes acordaron denunciar estas irregularidades, ante las autoridades municipales, quienes tienen la obligaci\u00f3n de hacer cumplir dichas normas.<br \/>\n\u201cNo es que estemos en contra de sus actividades, pero no vamos seguir permitiendo que muchas de las comerciantes que asisten a esta feria, contin\u00faen incumpliendo el uso del barbijo y todas las normas de bioseguridad que significa el cuidado contra el virus del covid-19, porque con esta actitud de irresponsabilidad nos est\u00e1n exponiendo a todos los que vivimos en este barrio\u201d, dijo una de las vecinas de la avenida Alfonso Ugarte.<br \/>\nComerciantes de diferentes rubros, en puestos ambulantes y muchos otros en tarimas que exponen sus productos, se encuentran sin usar el barbijo, a pesar de que mediante sus dirigentes fueron advertidos con sanciones al incumplimiento a esta disposici\u00f3n municipal, donde muchas de ellas se encuentran junto a sus hijos en sus puestos de venta.<br \/>\nLas personas para asistir a esta feria, considerada la m\u00e1s grande del pa\u00eds, se aglomeran en grandes filas provocando casi durante todo el d\u00eda congestionamientos que no pueden ser controlados por el mismo Organismo Operativo de Tr\u00e1nsito (OOT).<br \/>\nAl margen de esta actitud irresponsable de los operadores de este sector del transporte p\u00fablico, muchos tambi\u00e9n incumplen con las normativas vigentes de la bioseguridad, donde dejan de usar el barbijo, as\u00ed como muchos de los requisitos que deben tener sus veh\u00edculos como la separaci\u00f3n con una mampara del conductor con el pasajero, el uso del alcohol en gel y ventanas abiertas de sus minibuses para la ventilaci\u00f3n correspondiente.<br \/>\nProducto de todas estas irregularidades que se presentan en ambos sectores, como el comercio y el transporte, vecinos de base advirtieron que de continuar con este tipo de actitudes de irresponsabilidad ser\u00e1n ellos los que salgan a hacer cumplir o de lo contrario exigir\u00e1n su retiro en el caso de las comerciantes.<br \/>\nDe la misma manera, a los operadores del transporte, al no existir un control por parte del OOT, y de no querer acatar las normas de bioseguridad, pedir\u00e1n mediante el municipio que todos los sindicatos que ingresan a estos barrios se retiren, especialmente los d\u00edas de feria como son jueves y domingo.<\/p>\n","protected":false},"excerpt":{"rendered":"<p>Los vecinos de la zona 16 de Julio de la ciudad de El Alto denuncian que a pesar de la obligaci\u00f3n para el uso del barbijo, emitido por el municipio, comerciantes y choferes no cumplen con estas disposiciones, poniendo en riesgo la salud de la poblaci\u00f3n de un contagio masivo. Como todos los domingos, comerciantes [&hellip;]<\/p>\n","protected":false},"author":1,"featured_media":6052,"comment_status":"closed","ping_status":"closed","sticky":false,"template":"","format":"standard","meta":{"_acf_changed":false,"footnotes":""},"categories":[12],"tags":[],"class_list":["post-6051","post","type-post","status-publish","format-standard","has-post-thumbnail","category-nacional"],"acf":{"antetitulo":""},"yoast_head":"<!-- This site is optimized with the Yoast SEO plugin v28.3 - https:\/\/yoast.com\/product\/yoast-seo-wordpress\/ -->\n<title>Comerciantes y conductores incumplen uso del barbijo - El Diario - Bolivia<\/title>\n<meta name=\"robots\" content=\"index, follow, max-snippet:-1, max-image-preview:large, max-video-preview:-1\" \/>\n<link rel=\"canonical\" href=\"https:\/\/www.eldiario.net\/portal\/2021\/05\/24\/comerciantes-y-conductores-incumplen-uso-del-barbijo\/\" \/>\n<meta property=\"og:locale\" content=\"es_ES\" \/>\n<meta property=\"og:type\" content=\"article\" \/>\n<meta property=\"og:title\" content=\"Comerciantes y conductores incumplen uso del barbijo - El Diario - Bolivia\" \/>\n<meta property=\"og:description\" content=\"Los vecinos de la zona 16 de Julio de la ciudad de El Alto denuncian que a pesar de la obligaci\u00f3n para el uso del barbijo, emitido por el municipio, comerciantes y choferes no cumplen con estas disposiciones, poniendo en riesgo la salud de la poblaci\u00f3n de un contagio masivo. Como todos los domingos, comerciantes [&hellip;]\" \/>\n<meta property=\"og:url\" content=\"https:\/\/www.eldiario.net\/portal\/2021\/05\/24\/comerciantes-y-conductores-incumplen-uso-del-barbijo\/\" \/>\n<meta property=\"og:site_name\" content=\"El Diario - Bolivia\" \/>\n<meta property=\"article:publisher\" content=\"https:\/\/www.facebook.com\/eldiario.bolivia\/\" \/>\n<meta property=\"article:published_time\" content=\"2021-05-24T10:18:40+00:00\" \/>\n<meta name=\"author\" content=\"Jeanette\" \/>\n<meta name=\"twitter:card\" content=\"summary_large_image\" \/>\n<meta name=\"twitter:creator\" content=\"@eldiario_net\" \/>\n<meta name=\"twitter:site\" content=\"@eldiario_net\" \/>\n<meta name=\"twitter:label1\" content=\"Escrito por\" \/>\n\t<meta name=\"twitter:data1\" content=\"Jeanette\" \/>\n\t<meta name=\"twitter:label2\" content=\"Tiempo de lectura\" \/>\n\t<meta name=\"twitter:data2\" content=\"3 minutos\" \/>\n<script type=\"application\/ld+json\" class=\"yoast-schema-graph\">{\"@context\":\"https:\\\/\\\/schema.org\",\"@graph\":[{\"@type\":\"Article\",\"@id\":\"https:\\\/\\\/www.eldiario.net\\\/portal\\\/2021\\\/05\\\/24\\\/comerciantes-y-conductores-incumplen-uso-del-barbijo\\\/#article\",\"isPartOf\":{\"@id\":\"https:\\\/\\\/www.eldiario.net\\\/portal\\\/2021\\\/05\\\/24\\\/comerciantes-y-conductores-incumplen-uso-del-barbijo\\\/\"},\"author\":{\"name\":\"Jeanette\",\"@id\":\"https:\\\/\\\/www.eldiario.net\\\/portal\\\/#\\\/schema\\\/person\\\/f46445640444750d7d753ccd04ae01b7\"},\"headline\":\"Comerciantes y conductores incumplen uso del barbijo\",\"datePublished\":\"2021-05-24T10:18:40+00:00\",\"mainEntityOfPage\":{\"@id\":\"https:\\\/\\\/www.eldiario.net\\\/portal\\\/2021\\\/05\\\/24\\\/comerciantes-y-conductores-incumplen-uso-del-barbijo\\\/\"},\"wordCount\":497,\"publisher\":{\"@id\":\"https:\\\/\\\/www.eldiario.net\\\/portal\\\/#organization\"},\"image\":{\"@id\":\"https:\\\/\\\/www.eldiario.net\\\/portal\\\/2021\\\/05\\\/24\\\/comerciantes-y-conductores-incumplen-uso-del-barbijo\\\/#primaryimage\"},\"thumbnailUrl\":\"\",\"articleSection\":[\"Nacional\"],\"inLanguage\":\"es\"},{\"@type\":\"WebPage\",\"@id\":\"https:\\\/\\\/www.eldiario.net\\\/portal\\\/2021\\\/05\\\/24\\\/comerciantes-y-conductores-incumplen-uso-del-barbijo\\\/\",\"url\":\"https:\\\/\\\/www.eldiario.net\\\/portal\\\/2021\\\/05\\\/24\\\/comerciantes-y-conductores-incumplen-uso-del-barbijo\\\/\",\"name\":\"Comerciantes y conductores incumplen uso del barbijo - El Diario - Bolivia\",\"isPartOf\":{\"@id\":\"https:\\\/\\\/www.eldiario.net\\\/portal\\\/#website\"},\"primaryImageOfPage\":{\"@id\":\"https:\\\/\\\/www.eldiario.net\\\/portal\\\/2021\\\/05\\\/24\\\/comerciantes-y-conductores-incumplen-uso-del-barbijo\\\/#primaryimage\"},\"image\":{\"@id\":\"https:\\\/\\\/www.eldiario.net\\\/portal\\\/2021\\\/05\\\/24\\\/comerciantes-y-conductores-incumplen-uso-del-barbijo\\\/#primaryimage\"},\"thumbnailUrl\":\"\",\"datePublished\":\"2021-05-24T10:18:40+00:00\",\"breadcrumb\":{\"@id\":\"https:\\\/\\\/www.eldiario.net\\\/portal\\\/2021\\\/05\\\/24\\\/comerciantes-y-conductores-incumplen-uso-del-barbijo\\\/#breadcrumb\"},\"inLanguage\":\"es\",\"potentialAction\":[{\"@type\":\"ReadAction\",\"target\":[\"https:\\\/\\\/www.eldiario.net\\\/portal\\\/2021\\\/05\\\/24\\\/comerciantes-y-conductores-incumplen-uso-del-barbijo\\\/\"]}]},{\"@type\":\"ImageObject\",\"inLanguage\":\"es\",\"@id\":\"https:\\\/\\\/www.eldiario.net\\\/portal\\\/2021\\\/05\\\/24\\\/comerciantes-y-conductores-incumplen-uso-del-barbijo\\\/#primaryimage\",\"url\":\"\",\"contentUrl\":\"\"},{\"@type\":\"BreadcrumbList\",\"@id\":\"https:\\\/\\\/www.eldiario.net\\\/portal\\\/2021\\\/05\\\/24\\\/comerciantes-y-conductores-incumplen-uso-del-barbijo\\\/#breadcrumb\",\"itemListElement\":[{\"@type\":\"ListItem\",\"position\":1,\"name\":\"Portada\",\"item\":\"https:\\\/\\\/www.eldiario.net\\\/portal\\\/\"},{\"@type\":\"ListItem\",\"position\":2,\"name\":\"Comerciantes y conductores incumplen uso del barbijo\"}]},{\"@type\":\"WebSite\",\"@id\":\"https:\\\/\\\/www.eldiario.net\\\/portal\\\/#website\",\"url\":\"https:\\\/\\\/www.eldiario.net\\\/portal\\\/\",\"name\":\"El Diario - Decano de la prensa nacional\",\"description\":\"El Diario - Decano de la prensa nacional\",\"publisher\":{\"@id\":\"https:\\\/\\\/www.eldiario.net\\\/portal\\\/#organization\"},\"potentialAction\":[{\"@type\":\"SearchAction\",\"target\":{\"@type\":\"EntryPoint\",\"urlTemplate\":\"https:\\\/\\\/www.eldiario.net\\\/portal\\\/?s={search_term_string}\"},\"query-input\":{\"@type\":\"PropertyValueSpecification\",\"valueRequired\":true,\"valueName\":\"search_term_string\"}}],\"inLanguage\":\"es\"},{\"@type\":\"Organization\",\"@id\":\"https:\\\/\\\/www.eldiario.net\\\/portal\\\/#organization\",\"name\":\"El Diario - Decano de la prensa nacional\",\"url\":\"https:\\\/\\\/www.eldiario.net\\\/portal\\\/\",\"logo\":{\"@type\":\"ImageObject\",\"inLanguage\":\"es\",\"@id\":\"https:\\\/\\\/www.eldiario.net\\\/portal\\\/#\\\/schema\\\/logo\\\/image\\\/\",\"url\":\"https:\\\/\\\/www.eldiario.net\\\/portal\\\/wp-content\\\/uploads\\\/2023\\\/07\\\/logo_ED.jpg\",\"contentUrl\":\"https:\\\/\\\/www.eldiario.net\\\/portal\\\/wp-content\\\/uploads\\\/2023\\\/07\\\/logo_ED.jpg\",\"width\":272,\"height\":52,\"caption\":\"El Diario - Decano de la prensa nacional\"},\"image\":{\"@id\":\"https:\\\/\\\/www.eldiario.net\\\/portal\\\/#\\\/schema\\\/logo\\\/image\\\/\"},\"sameAs\":[\"https:\\\/\\\/www.facebook.com\\\/eldiario.bolivia\\\/\",\"https:\\\/\\\/x.com\\\/eldiario_net\"]},{\"@type\":\"Person\",\"@id\":\"https:\\\/\\\/www.eldiario.net\\\/portal\\\/#\\\/schema\\\/person\\\/f46445640444750d7d753ccd04ae01b7\",\"name\":\"Jeanette\",\"image\":{\"@type\":\"ImageObject\",\"inLanguage\":\"es\",\"@id\":\"https:\\\/\\\/secure.gravatar.com\\\/avatar\\\/3ea2118a5f7dad2b7138b1187a6b7ee55f160b9968b66013c3a3ef39dd7e5798?s=96&d=mm&r=g\",\"url\":\"https:\\\/\\\/secure.gravatar.com\\\/avatar\\\/3ea2118a5f7dad2b7138b1187a6b7ee55f160b9968b66013c3a3ef39dd7e5798?s=96&d=mm&r=g\",\"contentUrl\":\"https:\\\/\\\/secure.gravatar.com\\\/avatar\\\/3ea2118a5f7dad2b7138b1187a6b7ee55f160b9968b66013c3a3ef39dd7e5798?s=96&d=mm&r=g\",\"caption\":\"Jeanette\"},\"sameAs\":[\"https:\\\/\\\/www.eldiario.net\\\/portal\"],\"url\":\"https:\\\/\\\/www.eldiario.net\\\/portal\\\/author\\\/jeanette\\\/\"}]}<\/script>\n<!-- \/ Yoast SEO plugin. -->","yoast_head_json":{"title":"Comerciantes y conductores incumplen uso del barbijo - El Diario - Bolivia","robots":{"index":"index","follow":"follow","max-snippet":"max-snippet:-1","max-image-preview":"max-image-preview:large","max-video-preview":"max-video-preview:-1"},"canonical":"https:\/\/www.eldiario.net\/portal\/2021\/05\/24\/comerciantes-y-conductores-incumplen-uso-del-barbijo\/","og_locale":"es_ES","og_type":"article","og_title":"Comerciantes y conductores incumplen uso del barbijo - El Diario - Bolivia","og_description":"Los vecinos de la zona 16 de Julio de la ciudad de El Alto denuncian que a pesar de la obligaci\u00f3n para el uso del barbijo, emitido por el municipio, comerciantes y choferes no cumplen con estas disposiciones, poniendo en riesgo la salud de la poblaci\u00f3n de un contagio masivo. Como todos los domingos, comerciantes [&hellip;]","og_url":"https:\/\/www.eldiario.net\/portal\/2021\/05\/24\/comerciantes-y-conductores-incumplen-uso-del-barbijo\/","og_site_name":"El Diario - Bolivia","article_publisher":"https:\/\/www.facebook.com\/eldiario.bolivia\/","article_published_time":"2021-05-24T10:18:40+00:00","author":"Jeanette","twitter_card":"summary_large_image","twitter_creator":"@eldiario_net","twitter_site":"@eldiario_net","twitter_misc":{"Escrito por":"Jeanette","Tiempo de lectura":"3 minutos"},"schema":{"@context":"https:\/\/schema.org","@graph":[{"@type":"Article","@id":"https:\/\/www.eldiario.net\/portal\/2021\/05\/24\/comerciantes-y-conductores-incumplen-uso-del-barbijo\/#article","isPartOf":{"@id":"https:\/\/www.eldiario.net\/portal\/2021\/05\/24\/comerciantes-y-conductores-incumplen-uso-del-barbijo\/"},"author":{"name":"Jeanette","@id":"https:\/\/www.eldiario.net\/portal\/#\/schema\/person\/f46445640444750d7d753ccd04ae01b7"},"headline":"Comerciantes y conductores incumplen uso del barbijo","datePublished":"2021-05-24T10:18:40+00:00","mainEntityOfPage":{"@id":"https:\/\/www.eldiario.net\/portal\/2021\/05\/24\/comerciantes-y-conductores-incumplen-uso-del-barbijo\/"},"wordCount":497,"publisher":{"@id":"https:\/\/www.eldiario.net\/portal\/#organization"},"image":{"@id":"https:\/\/www.eldiario.net\/portal\/2021\/05\/24\/comerciantes-y-conductores-incumplen-uso-del-barbijo\/#primaryimage"},"thumbnailUrl":"","articleSection":["Nacional"],"inLanguage":"es"},{"@type":"WebPage","@id":"https:\/\/www.eldiario.net\/portal\/2021\/05\/24\/comerciantes-y-conductores-incumplen-uso-del-barbijo\/","url":"https:\/\/www.eldiario.net\/portal\/2021\/05\/24\/comerciantes-y-conductores-incumplen-uso-del-barbijo\/","name":"Comerciantes y conductores incumplen uso del barbijo - El Diario - Bolivia","isPartOf":{"@id":"https:\/\/www.eldiario.net\/portal\/#website"},"primaryImageOfPage":{"@id":"https:\/\/www.eldiario.net\/portal\/2021\/05\/24\/comerciantes-y-conductores-incumplen-uso-del-barbijo\/#primaryimage"},"image":{"@id":"https:\/\/www.eldiario.net\/portal\/2021\/05\/24\/comerciantes-y-conductores-incumplen-uso-del-barbijo\/#primaryimage"},"thumbnailUrl":"","datePublished":"2021-05-24T10:18:40+00:00","breadcrumb":{"@id":"https:\/\/www.eldiario.net\/portal\/2021\/05\/24\/comerciantes-y-conductores-incumplen-uso-del-barbijo\/#breadcrumb"},"inLanguage":"es","potentialAction":[{"@type":"ReadAction","target":["https:\/\/www.eldiario.net\/portal\/2021\/05\/24\/comerciantes-y-conductores-incumplen-uso-del-barbijo\/"]}]},{"@type":"ImageObject","inLanguage":"es","@id":"https:\/\/www.eldiario.net\/portal\/2021\/05\/24\/comerciantes-y-conductores-incumplen-uso-del-barbijo\/#primaryimage","url":"","contentUrl":""},{"@type":"BreadcrumbList","@id":"https:\/\/www.eldiario.net\/portal\/2021\/05\/24\/comerciantes-y-conductores-incumplen-uso-del-barbijo\/#breadcrumb","itemListElement":[{"@type":"ListItem","position":1,"name":"Portada","item":"https:\/\/www.eldiario.net\/portal\/"},{"@type":"ListItem","position":2,"name":"Comerciantes y conductores incumplen uso del barbijo"}]},{"@type":"WebSite","@id":"https:\/\/www.eldiario.net\/portal\/#website","url":"https:\/\/www.eldiario.net\/portal\/","name":"El Diario - Decano de la prensa nacional","description":"El Diario - Decano de la prensa nacional","publisher":{"@id":"https:\/\/www.eldiario.net\/portal\/#organization"},"potentialAction":[{"@type":"SearchAction","target":{"@type":"EntryPoint","urlTemplate":"https:\/\/www.eldiario.net\/portal\/?s={search_term_string}"},"query-input":{"@type":"PropertyValueSpecification","valueRequired":true,"valueName":"search_term_string"}}],"inLanguage":"es"},{"@type":"Organization","@id":"https:\/\/www.eldiario.net\/portal\/#organization","name":"El Diario - Decano de la prensa nacional","url":"https:\/\/www.eldiario.net\/portal\/","logo":{"@type":"ImageObject","inLanguage":"es","@id":"https:\/\/www.eldiario.net\/portal\/#\/schema\/logo\/image\/","url":"https:\/\/www.eldiario.net\/portal\/wp-content\/uploads\/2023\/07\/logo_ED.jpg","contentUrl":"https:\/\/www.eldiario.net\/portal\/wp-content\/uploads\/2023\/07\/logo_ED.jpg","width":272,"height":52,"caption":"El Diario - Decano de la prensa nacional"},"image":{"@id":"https:\/\/www.eldiario.net\/portal\/#\/schema\/logo\/image\/"},"sameAs":["https:\/\/www.facebook.com\/eldiario.bolivia\/","https:\/\/x.com\/eldiario_net"]},{"@type":"Person","@id":"https:\/\/www.eldiario.net\/portal\/#\/schema\/person\/f46445640444750d7d753ccd04ae01b7","name":"Jeanette","image":{"@type":"ImageObject","inLanguage":"es","@id":"https:\/\/secure.gravatar.com\/avatar\/3ea2118a5f7dad2b7138b1187a6b7ee55f160b9968b66013c3a3ef39dd7e5798?s=96&d=mm&r=g","url":"https:\/\/secure.gravatar.com\/avatar\/3ea2118a5f7dad2b7138b1187a6b7ee55f160b9968b66013c3a3ef39dd7e5798?s=96&d=mm&r=g","contentUrl":"https:\/\/secure.gravatar.com\/avatar\/3ea2118a5f7dad2b7138b1187a6b7ee55f160b9968b66013c3a3ef39dd7e5798?s=96&d=mm&r=g","caption":"Jeanette"},"sameAs":["https:\/\/www.eldiario.net\/portal"],"url":"https:\/\/www.eldiario.net\/portal\/author\/jeanette\/"}]}},"_links":{"self":[{"href":"https:\/\/www.eldiario.net\/portal\/wp-json\/wp\/v2\/posts\/6051","targetHints":{"allow":["GET"]}}],"collection":[{"href":"https:\/\/www.eldiario.net\/portal\/wp-json\/wp\/v2\/posts"}],"about":[{"href":"https:\/\/www.eldiario.net\/portal\/wp-json\/wp\/v2\/types\/post"}],"author":[{"embeddable":true,"href":"https:\/\/www.eldiario.net\/portal\/wp-json\/wp\/v2\/users\/1"}],"replies":[{"embeddable":true,"href":"https:\/\/www.eldiario.net\/portal\/wp-json\/wp\/v2\/comments?post=6051"}],"version-history":[{"count":0,"href":"https:\/\/www.eldiario.net\/portal\/wp-json\/wp\/v2\/posts\/6051\/revisions"}],"wp:attachment":[{"href":"https:\/\/www.eldiario.net\/portal\/wp-json\/wp\/v2\/media?parent=6051"}],"wp:term":[{"taxonomy":"category","embeddable":true,"href":"https:\/\/www.eldiario.net\/portal\/wp-json\/wp\/v2\/categories?post=6051"},{"taxonomy":"post_tag","embeddable":true,"href":"https:\/\/www.eldiario.net\/portal\/wp-json\/wp\/v2\/tags?post=6051"}],"curies":[{"name":"wp","href":"https:\/\/api.w.org\/{rel}","templated":true}]}}