{"id":60502,"date":"2022-02-02T05:43:15","date_gmt":"2022-02-02T09:43:15","guid":{"rendered":"https:\/\/www.eldiario.net\/portal\/?p=60502"},"modified":"2022-02-02T05:43:15","modified_gmt":"2022-02-02T09:43:15","slug":"comision-investigara-casos-de-violacion-y-feminicidio","status":"publish","type":"post","link":"https:\/\/www.eldiario.net\/portal\/2022\/02\/02\/comision-investigara-casos-de-violacion-y-feminicidio\/","title":{"rendered":"Comisi\u00f3n investigar\u00e1 casos  de violaci\u00f3n y feminicidio"},"content":{"rendered":"<p>Tras las protestas ciudadanas en rechazo a las determinaciones judiciales que beneficiaron a feminicidas y violadores, el presidente del Estado, Luis Arce Catacora, instruy\u00f3 la creaci\u00f3n de una comisi\u00f3n encargada de hacer seguimiento de estos casos, en que los sentenciados fueron beneficiados con libertad.<br \/>\nLa primera autoridad del pa\u00eds, desde redes sociales, anunci\u00f3 que esta comisi\u00f3n tendr\u00e1 un tiempo de 120 d\u00edas para revisar todos los casos en que sentenciados por violaci\u00f3n y feminicidio fueron beneficiados con libertad de forma irregular.<br \/>\n\u201cAnte la preocupante conducta de los jueces y operadores de justicia, instruimos la creaci\u00f3n de la Comisi\u00f3n de Revisi\u00f3n de Casos de Violaci\u00f3n y Feminicidio, en el que los sentenciados fueron liberados. La misma deber\u00e1 presentar resultados en un plazo m\u00e1ximo de 120 d\u00edas\u201d, expres\u00f3 Arce desde su cuenta de Twitter.<br \/>\nAl respecto, el expresidente Eduardo Rodr\u00edguez Veltz\u00e9, cuestion\u00f3 los anuncios de Arce, al se\u00f1alar que para lograr una verdadera reforma a la justicia, se debe convocar a los \u00f3rganos del Estado y hallar consensos, con sectores de la oposici\u00f3n, por lo que la comisi\u00f3n anunciada no aportar\u00e1 soluciones estructurales.<br \/>\n\u201cPresidente Arce convoque a los \u00f3rganos de poder y a la oposici\u00f3n para trabajar en consenso una reforma estructural de la justicia. La poblaci\u00f3n espera soluciones, no comisiones\u201d, expres\u00f3 el exmandatario.<br \/>\nSobre la comisi\u00f3n, la ministra de la Presidencia, Mar\u00eda Nela Prada, en compa\u00f1\u00eda de los titulares de Justicia, Iv\u00e1n Lima Magne y de Gobierno, Eduardo Del Castillo, anunci\u00f3 que la primera reuni\u00f3n de esta Comisi\u00f3n tendr\u00e1 lugar el viernes 4 de febrero.<br \/>\nPrada inform\u00f3 que esta Comisi\u00f3n estar\u00e1 compuesta por representantes de los ministerios de la Presidencia, Justicia y Gobierno; tambi\u00e9n formar\u00e1n parte las presidencias de Diputados y Senadores, y autoridades del Tribunal Supremo de Justicia, del Consejo de la Magistratura, del Tribunal Constitucional, la Fiscal\u00eda General del Estado y la Procuradur\u00eda.<br \/>\nParlamentarios oficialistas anunciaron que se prestar\u00e1 toda la colaboraci\u00f3n necesaria para el trabajo de este equipo de investigaci\u00f3n, como manifest\u00f3 la senadora Virginia Velazco, al adelantar que la Comisi\u00f3n de Justicia Plural, Ministerio P\u00fablico y Defensa Legal del Estado de la C\u00e1mara de Senadores, que preside, formar\u00e1 parte del seguimiento que se realice a los casos de jueces que beneficiaron con libertad a feminicidas y violadores.<br \/>\nLa ministra Prada dijo que esta problem\u00e1tica fue definida por el propio presidente Arce como un tema de Estado, por lo que se dar\u00e1n soluciones estructurales.<br \/>\n\u201cEste es un tema de Estado, as\u00ed lo ha definido nuestro presidente, as\u00ed que vamos a dar soluciones estructurales que es lo que esperan las familias bolivianas. Todas van a ser escuchadas, v\u00edctimas, familiares de v\u00edctimas, organizaciones sociales, sociedad civil y todas las instituciones que quieran contribuir a este fin\u201d, complement\u00f3.<\/p>\n<figure id=\"attachment_60504\" aria-describedby=\"caption-attachment-60504\" style=\"width: 300px\" class=\"wp-caption aligncenter\"><a href=\"https:\/\/www.eldiario.net\/portal\/wp-content\/uploads\/2022\/02\/pol-41.jpg\"><img loading=\"lazy\" decoding=\"async\" class=\"size-medium wp-image-60504\" src=\"https:\/\/www.eldiario.net\/portal\/wp-content\/uploads\/2022\/02\/pol-41-300x300.jpg\" alt=\"\" width=\"300\" height=\"300\" \/><\/a><figcaption id=\"caption-attachment-60504\" class=\"wp-caption-text\">Presidente Luis Arce Catacora.<\/figcaption><\/figure>\n","protected":false},"excerpt":{"rendered":"<p>Tras las protestas ciudadanas en rechazo a las determinaciones judiciales que beneficiaron a feminicidas y violadores, el presidente del Estado, Luis Arce Catacora, instruy\u00f3 la creaci\u00f3n de una comisi\u00f3n encargada de hacer seguimiento de estos casos, en que los sentenciados fueron beneficiados con libertad. La primera autoridad del pa\u00eds, desde redes sociales, anunci\u00f3 que esta [&hellip;]<\/p>\n","protected":false},"author":1,"featured_media":60503,"comment_status":"closed","ping_status":"closed","sticky":false,"template":"","format":"standard","meta":{"_acf_changed":false,"footnotes":""},"categories":[14],"tags":[],"class_list":["post-60502","post","type-post","status-publish","format-standard","has-post-thumbnail","category-politica"],"acf":{"antetitulo":""},"yoast_head":"<!-- This site is optimized with the Yoast SEO plugin v28.4 - https:\/\/yoast.com\/product\/yoast-seo-wordpress\/ -->\n<title>Comisi\u00f3n investigar\u00e1 casos de violaci\u00f3n y feminicidio - El Diario - Bolivia<\/title>\n<meta name=\"robots\" content=\"index, follow, max-snippet:-1, max-image-preview:large, max-video-preview:-1\" \/>\n<link rel=\"canonical\" href=\"https:\/\/www.eldiario.net\/portal\/2022\/02\/02\/comision-investigara-casos-de-violacion-y-feminicidio\/\" \/>\n<meta property=\"og:locale\" content=\"es_ES\" \/>\n<meta property=\"og:type\" content=\"article\" \/>\n<meta property=\"og:title\" content=\"Comisi\u00f3n investigar\u00e1 casos de violaci\u00f3n y feminicidio - El Diario - Bolivia\" \/>\n<meta property=\"og:description\" content=\"Tras las protestas ciudadanas en rechazo a las determinaciones judiciales que beneficiaron a feminicidas y violadores, el presidente del Estado, Luis Arce Catacora, instruy\u00f3 la creaci\u00f3n de una comisi\u00f3n encargada de hacer seguimiento de estos casos, en que los sentenciados fueron beneficiados con libertad. La primera autoridad del pa\u00eds, desde redes sociales, anunci\u00f3 que esta [&hellip;]\" \/>\n<meta property=\"og:url\" content=\"https:\/\/www.eldiario.net\/portal\/2022\/02\/02\/comision-investigara-casos-de-violacion-y-feminicidio\/\" \/>\n<meta property=\"og:site_name\" content=\"El Diario - Bolivia\" \/>\n<meta property=\"article:publisher\" content=\"https:\/\/www.facebook.com\/eldiario.bolivia\/\" \/>\n<meta property=\"article:published_time\" content=\"2022-02-02T09:43:15+00:00\" \/>\n<meta name=\"author\" content=\"Jeanette\" \/>\n<meta name=\"twitter:card\" content=\"summary_large_image\" \/>\n<meta name=\"twitter:creator\" content=\"@eldiario_net\" \/>\n<meta name=\"twitter:site\" content=\"@eldiario_net\" \/>\n<meta name=\"twitter:label1\" content=\"Escrito por\" \/>\n\t<meta name=\"twitter:data1\" content=\"Jeanette\" \/>\n\t<meta name=\"twitter:label2\" content=\"Tiempo de lectura\" \/>\n\t<meta name=\"twitter:data2\" content=\"3 minutos\" \/>\n<script type=\"application\/ld+json\" class=\"yoast-schema-graph\">{\"@context\":\"https:\\\/\\\/schema.org\",\"@graph\":[{\"@type\":\"Article\",\"@id\":\"https:\\\/\\\/www.eldiario.net\\\/portal\\\/2022\\\/02\\\/02\\\/comision-investigara-casos-de-violacion-y-feminicidio\\\/#article\",\"isPartOf\":{\"@id\":\"https:\\\/\\\/www.eldiario.net\\\/portal\\\/2022\\\/02\\\/02\\\/comision-investigara-casos-de-violacion-y-feminicidio\\\/\"},\"author\":{\"name\":\"Jeanette\",\"@id\":\"https:\\\/\\\/www.eldiario.net\\\/portal\\\/#\\\/schema\\\/person\\\/f46445640444750d7d753ccd04ae01b7\"},\"headline\":\"Comisi\u00f3n investigar\u00e1 casos de violaci\u00f3n y feminicidio\",\"datePublished\":\"2022-02-02T09:43:15+00:00\",\"mainEntityOfPage\":{\"@id\":\"https:\\\/\\\/www.eldiario.net\\\/portal\\\/2022\\\/02\\\/02\\\/comision-investigara-casos-de-violacion-y-feminicidio\\\/\"},\"wordCount\":502,\"publisher\":{\"@id\":\"https:\\\/\\\/www.eldiario.net\\\/portal\\\/#organization\"},\"image\":{\"@id\":\"https:\\\/\\\/www.eldiario.net\\\/portal\\\/2022\\\/02\\\/02\\\/comision-investigara-casos-de-violacion-y-feminicidio\\\/#primaryimage\"},\"thumbnailUrl\":\"\",\"articleSection\":[\"Pol\u00edtica\"],\"inLanguage\":\"es\"},{\"@type\":\"WebPage\",\"@id\":\"https:\\\/\\\/www.eldiario.net\\\/portal\\\/2022\\\/02\\\/02\\\/comision-investigara-casos-de-violacion-y-feminicidio\\\/\",\"url\":\"https:\\\/\\\/www.eldiario.net\\\/portal\\\/2022\\\/02\\\/02\\\/comision-investigara-casos-de-violacion-y-feminicidio\\\/\",\"name\":\"Comisi\u00f3n investigar\u00e1 casos de violaci\u00f3n y feminicidio - El Diario - Bolivia\",\"isPartOf\":{\"@id\":\"https:\\\/\\\/www.eldiario.net\\\/portal\\\/#website\"},\"primaryImageOfPage\":{\"@id\":\"https:\\\/\\\/www.eldiario.net\\\/portal\\\/2022\\\/02\\\/02\\\/comision-investigara-casos-de-violacion-y-feminicidio\\\/#primaryimage\"},\"image\":{\"@id\":\"https:\\\/\\\/www.eldiario.net\\\/portal\\\/2022\\\/02\\\/02\\\/comision-investigara-casos-de-violacion-y-feminicidio\\\/#primaryimage\"},\"thumbnailUrl\":\"\",\"datePublished\":\"2022-02-02T09:43:15+00:00\",\"breadcrumb\":{\"@id\":\"https:\\\/\\\/www.eldiario.net\\\/portal\\\/2022\\\/02\\\/02\\\/comision-investigara-casos-de-violacion-y-feminicidio\\\/#breadcrumb\"},\"inLanguage\":\"es\",\"potentialAction\":[{\"@type\":\"ReadAction\",\"target\":[\"https:\\\/\\\/www.eldiario.net\\\/portal\\\/2022\\\/02\\\/02\\\/comision-investigara-casos-de-violacion-y-feminicidio\\\/\"]}]},{\"@type\":\"ImageObject\",\"inLanguage\":\"es\",\"@id\":\"https:\\\/\\\/www.eldiario.net\\\/portal\\\/2022\\\/02\\\/02\\\/comision-investigara-casos-de-violacion-y-feminicidio\\\/#primaryimage\",\"url\":\"\",\"contentUrl\":\"\"},{\"@type\":\"BreadcrumbList\",\"@id\":\"https:\\\/\\\/www.eldiario.net\\\/portal\\\/2022\\\/02\\\/02\\\/comision-investigara-casos-de-violacion-y-feminicidio\\\/#breadcrumb\",\"itemListElement\":[{\"@type\":\"ListItem\",\"position\":1,\"name\":\"Portada\",\"item\":\"https:\\\/\\\/www.eldiario.net\\\/portal\\\/\"},{\"@type\":\"ListItem\",\"position\":2,\"name\":\"Comisi\u00f3n investigar\u00e1 casos de violaci\u00f3n y feminicidio\"}]},{\"@type\":\"WebSite\",\"@id\":\"https:\\\/\\\/www.eldiario.net\\\/portal\\\/#website\",\"url\":\"https:\\\/\\\/www.eldiario.net\\\/portal\\\/\",\"name\":\"El Diario - Decano de la prensa nacional\",\"description\":\"El Diario - Decano de la prensa nacional\",\"publisher\":{\"@id\":\"https:\\\/\\\/www.eldiario.net\\\/portal\\\/#organization\"},\"potentialAction\":[{\"@type\":\"SearchAction\",\"target\":{\"@type\":\"EntryPoint\",\"urlTemplate\":\"https:\\\/\\\/www.eldiario.net\\\/portal\\\/?s={search_term_string}\"},\"query-input\":{\"@type\":\"PropertyValueSpecification\",\"valueRequired\":true,\"valueName\":\"search_term_string\"}}],\"inLanguage\":\"es\"},{\"@type\":\"Organization\",\"@id\":\"https:\\\/\\\/www.eldiario.net\\\/portal\\\/#organization\",\"name\":\"El Diario - Decano de la prensa nacional\",\"url\":\"https:\\\/\\\/www.eldiario.net\\\/portal\\\/\",\"logo\":{\"@type\":\"ImageObject\",\"inLanguage\":\"es\",\"@id\":\"https:\\\/\\\/www.eldiario.net\\\/portal\\\/#\\\/schema\\\/logo\\\/image\\\/\",\"url\":\"https:\\\/\\\/www.eldiario.net\\\/portal\\\/wp-content\\\/uploads\\\/2023\\\/07\\\/logo_ED.jpg\",\"contentUrl\":\"https:\\\/\\\/www.eldiario.net\\\/portal\\\/wp-content\\\/uploads\\\/2023\\\/07\\\/logo_ED.jpg\",\"width\":272,\"height\":52,\"caption\":\"El Diario - Decano de la prensa nacional\"},\"image\":{\"@id\":\"https:\\\/\\\/www.eldiario.net\\\/portal\\\/#\\\/schema\\\/logo\\\/image\\\/\"},\"sameAs\":[\"https:\\\/\\\/www.facebook.com\\\/eldiario.bolivia\\\/\",\"https:\\\/\\\/x.com\\\/eldiario_net\"]},{\"@type\":\"Person\",\"@id\":\"https:\\\/\\\/www.eldiario.net\\\/portal\\\/#\\\/schema\\\/person\\\/f46445640444750d7d753ccd04ae01b7\",\"name\":\"Jeanette\",\"image\":{\"@type\":\"ImageObject\",\"inLanguage\":\"es\",\"@id\":\"https:\\\/\\\/secure.gravatar.com\\\/avatar\\\/3ea2118a5f7dad2b7138b1187a6b7ee55f160b9968b66013c3a3ef39dd7e5798?s=96&d=mm&r=g\",\"url\":\"https:\\\/\\\/secure.gravatar.com\\\/avatar\\\/3ea2118a5f7dad2b7138b1187a6b7ee55f160b9968b66013c3a3ef39dd7e5798?s=96&d=mm&r=g\",\"contentUrl\":\"https:\\\/\\\/secure.gravatar.com\\\/avatar\\\/3ea2118a5f7dad2b7138b1187a6b7ee55f160b9968b66013c3a3ef39dd7e5798?s=96&d=mm&r=g\",\"caption\":\"Jeanette\"},\"sameAs\":[\"https:\\\/\\\/www.eldiario.net\\\/portal\"],\"url\":\"https:\\\/\\\/www.eldiario.net\\\/portal\\\/author\\\/jeanette\\\/\"}]}<\/script>\n<!-- \/ Yoast SEO plugin. -->","yoast_head_json":{"title":"Comisi\u00f3n investigar\u00e1 casos de violaci\u00f3n y feminicidio - El Diario - Bolivia","robots":{"index":"index","follow":"follow","max-snippet":"max-snippet:-1","max-image-preview":"max-image-preview:large","max-video-preview":"max-video-preview:-1"},"canonical":"https:\/\/www.eldiario.net\/portal\/2022\/02\/02\/comision-investigara-casos-de-violacion-y-feminicidio\/","og_locale":"es_ES","og_type":"article","og_title":"Comisi\u00f3n investigar\u00e1 casos de violaci\u00f3n y feminicidio - El Diario - Bolivia","og_description":"Tras las protestas ciudadanas en rechazo a las determinaciones judiciales que beneficiaron a feminicidas y violadores, el presidente del Estado, Luis Arce Catacora, instruy\u00f3 la creaci\u00f3n de una comisi\u00f3n encargada de hacer seguimiento de estos casos, en que los sentenciados fueron beneficiados con libertad. La primera autoridad del pa\u00eds, desde redes sociales, anunci\u00f3 que esta [&hellip;]","og_url":"https:\/\/www.eldiario.net\/portal\/2022\/02\/02\/comision-investigara-casos-de-violacion-y-feminicidio\/","og_site_name":"El Diario - Bolivia","article_publisher":"https:\/\/www.facebook.com\/eldiario.bolivia\/","article_published_time":"2022-02-02T09:43:15+00:00","author":"Jeanette","twitter_card":"summary_large_image","twitter_creator":"@eldiario_net","twitter_site":"@eldiario_net","twitter_misc":{"Escrito por":"Jeanette","Tiempo de lectura":"3 minutos"},"schema":{"@context":"https:\/\/schema.org","@graph":[{"@type":"Article","@id":"https:\/\/www.eldiario.net\/portal\/2022\/02\/02\/comision-investigara-casos-de-violacion-y-feminicidio\/#article","isPartOf":{"@id":"https:\/\/www.eldiario.net\/portal\/2022\/02\/02\/comision-investigara-casos-de-violacion-y-feminicidio\/"},"author":{"name":"Jeanette","@id":"https:\/\/www.eldiario.net\/portal\/#\/schema\/person\/f46445640444750d7d753ccd04ae01b7"},"headline":"Comisi\u00f3n investigar\u00e1 casos de violaci\u00f3n y feminicidio","datePublished":"2022-02-02T09:43:15+00:00","mainEntityOfPage":{"@id":"https:\/\/www.eldiario.net\/portal\/2022\/02\/02\/comision-investigara-casos-de-violacion-y-feminicidio\/"},"wordCount":502,"publisher":{"@id":"https:\/\/www.eldiario.net\/portal\/#organization"},"image":{"@id":"https:\/\/www.eldiario.net\/portal\/2022\/02\/02\/comision-investigara-casos-de-violacion-y-feminicidio\/#primaryimage"},"thumbnailUrl":"","articleSection":["Pol\u00edtica"],"inLanguage":"es"},{"@type":"WebPage","@id":"https:\/\/www.eldiario.net\/portal\/2022\/02\/02\/comision-investigara-casos-de-violacion-y-feminicidio\/","url":"https:\/\/www.eldiario.net\/portal\/2022\/02\/02\/comision-investigara-casos-de-violacion-y-feminicidio\/","name":"Comisi\u00f3n investigar\u00e1 casos de violaci\u00f3n y feminicidio - El Diario - Bolivia","isPartOf":{"@id":"https:\/\/www.eldiario.net\/portal\/#website"},"primaryImageOfPage":{"@id":"https:\/\/www.eldiario.net\/portal\/2022\/02\/02\/comision-investigara-casos-de-violacion-y-feminicidio\/#primaryimage"},"image":{"@id":"https:\/\/www.eldiario.net\/portal\/2022\/02\/02\/comision-investigara-casos-de-violacion-y-feminicidio\/#primaryimage"},"thumbnailUrl":"","datePublished":"2022-02-02T09:43:15+00:00","breadcrumb":{"@id":"https:\/\/www.eldiario.net\/portal\/2022\/02\/02\/comision-investigara-casos-de-violacion-y-feminicidio\/#breadcrumb"},"inLanguage":"es","potentialAction":[{"@type":"ReadAction","target":["https:\/\/www.eldiario.net\/portal\/2022\/02\/02\/comision-investigara-casos-de-violacion-y-feminicidio\/"]}]},{"@type":"ImageObject","inLanguage":"es","@id":"https:\/\/www.eldiario.net\/portal\/2022\/02\/02\/comision-investigara-casos-de-violacion-y-feminicidio\/#primaryimage","url":"","contentUrl":""},{"@type":"BreadcrumbList","@id":"https:\/\/www.eldiario.net\/portal\/2022\/02\/02\/comision-investigara-casos-de-violacion-y-feminicidio\/#breadcrumb","itemListElement":[{"@type":"ListItem","position":1,"name":"Portada","item":"https:\/\/www.eldiario.net\/portal\/"},{"@type":"ListItem","position":2,"name":"Comisi\u00f3n investigar\u00e1 casos de violaci\u00f3n y feminicidio"}]},{"@type":"WebSite","@id":"https:\/\/www.eldiario.net\/portal\/#website","url":"https:\/\/www.eldiario.net\/portal\/","name":"El Diario - Decano de la prensa nacional","description":"El Diario - Decano de la prensa nacional","publisher":{"@id":"https:\/\/www.eldiario.net\/portal\/#organization"},"potentialAction":[{"@type":"SearchAction","target":{"@type":"EntryPoint","urlTemplate":"https:\/\/www.eldiario.net\/portal\/?s={search_term_string}"},"query-input":{"@type":"PropertyValueSpecification","valueRequired":true,"valueName":"search_term_string"}}],"inLanguage":"es"},{"@type":"Organization","@id":"https:\/\/www.eldiario.net\/portal\/#organization","name":"El Diario - Decano de la prensa nacional","url":"https:\/\/www.eldiario.net\/portal\/","logo":{"@type":"ImageObject","inLanguage":"es","@id":"https:\/\/www.eldiario.net\/portal\/#\/schema\/logo\/image\/","url":"https:\/\/www.eldiario.net\/portal\/wp-content\/uploads\/2023\/07\/logo_ED.jpg","contentUrl":"https:\/\/www.eldiario.net\/portal\/wp-content\/uploads\/2023\/07\/logo_ED.jpg","width":272,"height":52,"caption":"El Diario - Decano de la prensa nacional"},"image":{"@id":"https:\/\/www.eldiario.net\/portal\/#\/schema\/logo\/image\/"},"sameAs":["https:\/\/www.facebook.com\/eldiario.bolivia\/","https:\/\/x.com\/eldiario_net"]},{"@type":"Person","@id":"https:\/\/www.eldiario.net\/portal\/#\/schema\/person\/f46445640444750d7d753ccd04ae01b7","name":"Jeanette","image":{"@type":"ImageObject","inLanguage":"es","@id":"https:\/\/secure.gravatar.com\/avatar\/3ea2118a5f7dad2b7138b1187a6b7ee55f160b9968b66013c3a3ef39dd7e5798?s=96&d=mm&r=g","url":"https:\/\/secure.gravatar.com\/avatar\/3ea2118a5f7dad2b7138b1187a6b7ee55f160b9968b66013c3a3ef39dd7e5798?s=96&d=mm&r=g","contentUrl":"https:\/\/secure.gravatar.com\/avatar\/3ea2118a5f7dad2b7138b1187a6b7ee55f160b9968b66013c3a3ef39dd7e5798?s=96&d=mm&r=g","caption":"Jeanette"},"sameAs":["https:\/\/www.eldiario.net\/portal"],"url":"https:\/\/www.eldiario.net\/portal\/author\/jeanette\/"}]}},"_links":{"self":[{"href":"https:\/\/www.eldiario.net\/portal\/wp-json\/wp\/v2\/posts\/60502","targetHints":{"allow":["GET"]}}],"collection":[{"href":"https:\/\/www.eldiario.net\/portal\/wp-json\/wp\/v2\/posts"}],"about":[{"href":"https:\/\/www.eldiario.net\/portal\/wp-json\/wp\/v2\/types\/post"}],"author":[{"embeddable":true,"href":"https:\/\/www.eldiario.net\/portal\/wp-json\/wp\/v2\/users\/1"}],"replies":[{"embeddable":true,"href":"https:\/\/www.eldiario.net\/portal\/wp-json\/wp\/v2\/comments?post=60502"}],"version-history":[{"count":0,"href":"https:\/\/www.eldiario.net\/portal\/wp-json\/wp\/v2\/posts\/60502\/revisions"}],"wp:attachment":[{"href":"https:\/\/www.eldiario.net\/portal\/wp-json\/wp\/v2\/media?parent=60502"}],"wp:term":[{"taxonomy":"category","embeddable":true,"href":"https:\/\/www.eldiario.net\/portal\/wp-json\/wp\/v2\/categories?post=60502"},{"taxonomy":"post_tag","embeddable":true,"href":"https:\/\/www.eldiario.net\/portal\/wp-json\/wp\/v2\/tags?post=60502"}],"curies":[{"name":"wp","href":"https:\/\/api.w.org\/{rel}","templated":true}]}}