{"id":60499,"date":"2022-02-02T05:42:08","date_gmt":"2022-02-02T09:42:08","guid":{"rendered":"https:\/\/www.eldiario.net\/portal\/?p=60499"},"modified":"2022-02-02T05:42:08","modified_gmt":"2022-02-02T09:42:08","slug":"sistema-judicial-corrupto-protege-a-depredadores","status":"publish","type":"post","link":"https:\/\/www.eldiario.net\/portal\/2022\/02\/02\/sistema-judicial-corrupto-protege-a-depredadores\/","title":{"rendered":"Sistema judicial corrupto protege a \u201cdepredadores\u201d"},"content":{"rendered":"<p>El Comit\u00e9 de Am\u00e9rica Latina y el Caribe para la Defensa de los Derechos de las Mujeres (Cladem) Bolivia arremeti\u00f3 contra el sistema de justicia \u201cdecadente y politizado\u201d y contra el Consejo de la Magistratura por ser un ente in\u00fatil. Acus\u00f3 al sistema que desde la impunidad protege a \u201cdepredadores\u201d, como el feminicida serial, Richard Choque Flores.<br \/>\nEl organismo, que aglutina a varias instituciones y organizaciones de mujeres de seis de los nueve departamentos del pa\u00eds, expres\u00f3 su indignaci\u00f3n por los acontecimientos que sacudieron a la sociedad boliviana en el caso del feminicida y \u201cdepredador\u201d sexual Richard Choque.<br \/>\nSentenciado a 30 a\u00f1os de c\u00e1rcel por el asesinato de Blanca Limachi el 2013, en diciembre de 2019 fue beneficiado por el juez Rafael Alc\u00f3n con detenci\u00f3n domiciliaria, estuvo libre dos a\u00f1os, tiempo en el que contact\u00f3 a 77 mujeres y cometi\u00f3 un doble feminicidio, de Iris Villca y Lucy Mart\u00ednez.<br \/>\n\u201cEsta historia da cuenta que el depredador no act\u00faa solo, sino que es respaldado por un sistema de justicia que desde la impunidad lo potencia, lo protege y permite que siga operando\u201d, se lee en el pronunciamiento que emiti\u00f3 el Cladem Bolivia.<br \/>\nAsimismo, se\u00f1ala que el juez Alc\u00f3n es representante de un sistema de justicia en \u201cdecadencia y politizado, que nadie se atreve a cambiar\u201d. Cuestion\u00f3 que la labor jurisdiccional que debiera contar con jueces de un alto nivel profesional y \u00e9tico, est\u00e1 copada por autoridades que han llegado al cargo por cuotas pol\u00edticas o influencias familiares, sin que exista una voluntad para reformar la justicia.<br \/>\nSostienen que la promesa de reformar la justicia se queda como un \u201cdiscurso gastado\u201d. Y que en esa l\u00ednea la promesa del ministro de Justicia, Iv\u00e1n Lima, de modificar la Ley 348, \u201cdesde fines de 2020 hasta la fecha sigue como una cortina de humo\u201d.<br \/>\nEn relaci\u00f3n al Consejo de la Magistratura lo describen como un ente \u201cburocr\u00e1tico e in\u00fatil\u201d, instancia que contar\u00eda con una Unidad de G\u00e9nero y otras unidades, que en definitiva ha fracasado en su rol de control jurisdiccional.<br \/>\nPreguntan, \u00bfcu\u00e1ntos casos se seguir\u00e1n dando como el de Richard Choque, por la lenidad, impericia e indiferencia de las instancias de control? En esa l\u00ednea protestaron que no exista un sistema digitalizado para el monitoreo a las actuaciones jurisdiccionales y as\u00ed se permita ver el estado de los casos de feminicidio, violaciones, entre otros.<br \/>\nAfirman que el caso de Choque es grav\u00edsimo, y si bien no es el \u00fanico, pone en tela de juicio la actuaci\u00f3n e idoneidad de otros actores de la administraci\u00f3n de justicia, como el Ministerio P\u00fablico y la Polic\u00eda, \u201cque tienen una pobre actuaci\u00f3n en los casos de desapariciones, trata y tr\u00e1fico de personas\u201d.<br \/>\nCladem Bolivia sostiene que este caso compromete y responsabiliza al Estado, porque es el garante para el cumplimiento de los derechos humanos, el Estado es responsable directo de nombrar como funcionario p\u00fablico jurisdiccional a personas como Rafael Alc\u00f3n que no solo dejan de proteger a las v\u00edctimas y dejan en libertad a feminicidas, sino ponen en riesgo a toda la sociedad. (ANF)<\/p>\n","protected":false},"excerpt":{"rendered":"<p>El Comit\u00e9 de Am\u00e9rica Latina y el Caribe para la Defensa de los Derechos de las Mujeres (Cladem) Bolivia arremeti\u00f3 contra el sistema de justicia \u201cdecadente y politizado\u201d y contra el Consejo de la Magistratura por ser un ente in\u00fatil. Acus\u00f3 al sistema que desde la impunidad protege a \u201cdepredadores\u201d, como el feminicida serial, Richard [&hellip;]<\/p>\n","protected":false},"author":1,"featured_media":60500,"comment_status":"closed","ping_status":"closed","sticky":false,"template":"","format":"standard","meta":{"_acf_changed":false,"footnotes":""},"categories":[14],"tags":[],"class_list":["post-60499","post","type-post","status-publish","format-standard","has-post-thumbnail","category-politica"],"acf":{"antetitulo":""},"yoast_head":"<!-- This site is optimized with the Yoast SEO plugin v28.4 - https:\/\/yoast.com\/product\/yoast-seo-wordpress\/ -->\n<title>Sistema judicial corrupto protege a \u201cdepredadores\u201d - El Diario - Bolivia<\/title>\n<meta name=\"robots\" content=\"index, follow, max-snippet:-1, max-image-preview:large, max-video-preview:-1\" \/>\n<link rel=\"canonical\" href=\"https:\/\/www.eldiario.net\/portal\/2022\/02\/02\/sistema-judicial-corrupto-protege-a-depredadores\/\" \/>\n<meta property=\"og:locale\" content=\"es_ES\" \/>\n<meta property=\"og:type\" content=\"article\" \/>\n<meta property=\"og:title\" content=\"Sistema judicial corrupto protege a \u201cdepredadores\u201d - El Diario - Bolivia\" \/>\n<meta property=\"og:description\" content=\"El Comit\u00e9 de Am\u00e9rica Latina y el Caribe para la Defensa de los Derechos de las Mujeres (Cladem) Bolivia arremeti\u00f3 contra el sistema de justicia \u201cdecadente y politizado\u201d y contra el Consejo de la Magistratura por ser un ente in\u00fatil. Acus\u00f3 al sistema que desde la impunidad protege a \u201cdepredadores\u201d, como el feminicida serial, Richard [&hellip;]\" \/>\n<meta property=\"og:url\" content=\"https:\/\/www.eldiario.net\/portal\/2022\/02\/02\/sistema-judicial-corrupto-protege-a-depredadores\/\" \/>\n<meta property=\"og:site_name\" content=\"El Diario - Bolivia\" \/>\n<meta property=\"article:publisher\" content=\"https:\/\/www.facebook.com\/eldiario.bolivia\/\" \/>\n<meta property=\"article:published_time\" content=\"2022-02-02T09:42:08+00:00\" \/>\n<meta name=\"author\" content=\"Jeanette\" \/>\n<meta name=\"twitter:card\" content=\"summary_large_image\" \/>\n<meta name=\"twitter:creator\" content=\"@eldiario_net\" \/>\n<meta name=\"twitter:site\" content=\"@eldiario_net\" \/>\n<meta name=\"twitter:label1\" content=\"Escrito por\" \/>\n\t<meta name=\"twitter:data1\" content=\"Jeanette\" \/>\n\t<meta name=\"twitter:label2\" content=\"Tiempo de lectura\" \/>\n\t<meta name=\"twitter:data2\" content=\"3 minutos\" \/>\n<script type=\"application\/ld+json\" class=\"yoast-schema-graph\">{\"@context\":\"https:\\\/\\\/schema.org\",\"@graph\":[{\"@type\":\"Article\",\"@id\":\"https:\\\/\\\/www.eldiario.net\\\/portal\\\/2022\\\/02\\\/02\\\/sistema-judicial-corrupto-protege-a-depredadores\\\/#article\",\"isPartOf\":{\"@id\":\"https:\\\/\\\/www.eldiario.net\\\/portal\\\/2022\\\/02\\\/02\\\/sistema-judicial-corrupto-protege-a-depredadores\\\/\"},\"author\":{\"name\":\"Jeanette\",\"@id\":\"https:\\\/\\\/www.eldiario.net\\\/portal\\\/#\\\/schema\\\/person\\\/f46445640444750d7d753ccd04ae01b7\"},\"headline\":\"Sistema judicial corrupto protege a \u201cdepredadores\u201d\",\"datePublished\":\"2022-02-02T09:42:08+00:00\",\"mainEntityOfPage\":{\"@id\":\"https:\\\/\\\/www.eldiario.net\\\/portal\\\/2022\\\/02\\\/02\\\/sistema-judicial-corrupto-protege-a-depredadores\\\/\"},\"wordCount\":541,\"publisher\":{\"@id\":\"https:\\\/\\\/www.eldiario.net\\\/portal\\\/#organization\"},\"image\":{\"@id\":\"https:\\\/\\\/www.eldiario.net\\\/portal\\\/2022\\\/02\\\/02\\\/sistema-judicial-corrupto-protege-a-depredadores\\\/#primaryimage\"},\"thumbnailUrl\":\"\",\"articleSection\":[\"Pol\u00edtica\"],\"inLanguage\":\"es\"},{\"@type\":\"WebPage\",\"@id\":\"https:\\\/\\\/www.eldiario.net\\\/portal\\\/2022\\\/02\\\/02\\\/sistema-judicial-corrupto-protege-a-depredadores\\\/\",\"url\":\"https:\\\/\\\/www.eldiario.net\\\/portal\\\/2022\\\/02\\\/02\\\/sistema-judicial-corrupto-protege-a-depredadores\\\/\",\"name\":\"Sistema judicial corrupto protege a \u201cdepredadores\u201d - El Diario - Bolivia\",\"isPartOf\":{\"@id\":\"https:\\\/\\\/www.eldiario.net\\\/portal\\\/#website\"},\"primaryImageOfPage\":{\"@id\":\"https:\\\/\\\/www.eldiario.net\\\/portal\\\/2022\\\/02\\\/02\\\/sistema-judicial-corrupto-protege-a-depredadores\\\/#primaryimage\"},\"image\":{\"@id\":\"https:\\\/\\\/www.eldiario.net\\\/portal\\\/2022\\\/02\\\/02\\\/sistema-judicial-corrupto-protege-a-depredadores\\\/#primaryimage\"},\"thumbnailUrl\":\"\",\"datePublished\":\"2022-02-02T09:42:08+00:00\",\"breadcrumb\":{\"@id\":\"https:\\\/\\\/www.eldiario.net\\\/portal\\\/2022\\\/02\\\/02\\\/sistema-judicial-corrupto-protege-a-depredadores\\\/#breadcrumb\"},\"inLanguage\":\"es\",\"potentialAction\":[{\"@type\":\"ReadAction\",\"target\":[\"https:\\\/\\\/www.eldiario.net\\\/portal\\\/2022\\\/02\\\/02\\\/sistema-judicial-corrupto-protege-a-depredadores\\\/\"]}]},{\"@type\":\"ImageObject\",\"inLanguage\":\"es\",\"@id\":\"https:\\\/\\\/www.eldiario.net\\\/portal\\\/2022\\\/02\\\/02\\\/sistema-judicial-corrupto-protege-a-depredadores\\\/#primaryimage\",\"url\":\"\",\"contentUrl\":\"\"},{\"@type\":\"BreadcrumbList\",\"@id\":\"https:\\\/\\\/www.eldiario.net\\\/portal\\\/2022\\\/02\\\/02\\\/sistema-judicial-corrupto-protege-a-depredadores\\\/#breadcrumb\",\"itemListElement\":[{\"@type\":\"ListItem\",\"position\":1,\"name\":\"Portada\",\"item\":\"https:\\\/\\\/www.eldiario.net\\\/portal\\\/\"},{\"@type\":\"ListItem\",\"position\":2,\"name\":\"Sistema judicial corrupto protege a \u201cdepredadores\u201d\"}]},{\"@type\":\"WebSite\",\"@id\":\"https:\\\/\\\/www.eldiario.net\\\/portal\\\/#website\",\"url\":\"https:\\\/\\\/www.eldiario.net\\\/portal\\\/\",\"name\":\"El Diario - Decano de la prensa nacional\",\"description\":\"El Diario - Decano de la prensa nacional\",\"publisher\":{\"@id\":\"https:\\\/\\\/www.eldiario.net\\\/portal\\\/#organization\"},\"potentialAction\":[{\"@type\":\"SearchAction\",\"target\":{\"@type\":\"EntryPoint\",\"urlTemplate\":\"https:\\\/\\\/www.eldiario.net\\\/portal\\\/?s={search_term_string}\"},\"query-input\":{\"@type\":\"PropertyValueSpecification\",\"valueRequired\":true,\"valueName\":\"search_term_string\"}}],\"inLanguage\":\"es\"},{\"@type\":\"Organization\",\"@id\":\"https:\\\/\\\/www.eldiario.net\\\/portal\\\/#organization\",\"name\":\"El Diario - Decano de la prensa nacional\",\"url\":\"https:\\\/\\\/www.eldiario.net\\\/portal\\\/\",\"logo\":{\"@type\":\"ImageObject\",\"inLanguage\":\"es\",\"@id\":\"https:\\\/\\\/www.eldiario.net\\\/portal\\\/#\\\/schema\\\/logo\\\/image\\\/\",\"url\":\"https:\\\/\\\/www.eldiario.net\\\/portal\\\/wp-content\\\/uploads\\\/2023\\\/07\\\/logo_ED.jpg\",\"contentUrl\":\"https:\\\/\\\/www.eldiario.net\\\/portal\\\/wp-content\\\/uploads\\\/2023\\\/07\\\/logo_ED.jpg\",\"width\":272,\"height\":52,\"caption\":\"El Diario - Decano de la prensa nacional\"},\"image\":{\"@id\":\"https:\\\/\\\/www.eldiario.net\\\/portal\\\/#\\\/schema\\\/logo\\\/image\\\/\"},\"sameAs\":[\"https:\\\/\\\/www.facebook.com\\\/eldiario.bolivia\\\/\",\"https:\\\/\\\/x.com\\\/eldiario_net\"]},{\"@type\":\"Person\",\"@id\":\"https:\\\/\\\/www.eldiario.net\\\/portal\\\/#\\\/schema\\\/person\\\/f46445640444750d7d753ccd04ae01b7\",\"name\":\"Jeanette\",\"image\":{\"@type\":\"ImageObject\",\"inLanguage\":\"es\",\"@id\":\"https:\\\/\\\/secure.gravatar.com\\\/avatar\\\/3ea2118a5f7dad2b7138b1187a6b7ee55f160b9968b66013c3a3ef39dd7e5798?s=96&d=mm&r=g\",\"url\":\"https:\\\/\\\/secure.gravatar.com\\\/avatar\\\/3ea2118a5f7dad2b7138b1187a6b7ee55f160b9968b66013c3a3ef39dd7e5798?s=96&d=mm&r=g\",\"contentUrl\":\"https:\\\/\\\/secure.gravatar.com\\\/avatar\\\/3ea2118a5f7dad2b7138b1187a6b7ee55f160b9968b66013c3a3ef39dd7e5798?s=96&d=mm&r=g\",\"caption\":\"Jeanette\"},\"sameAs\":[\"https:\\\/\\\/www.eldiario.net\\\/portal\"],\"url\":\"https:\\\/\\\/www.eldiario.net\\\/portal\\\/author\\\/jeanette\\\/\"}]}<\/script>\n<!-- \/ Yoast SEO plugin. -->","yoast_head_json":{"title":"Sistema judicial corrupto protege a \u201cdepredadores\u201d - El Diario - Bolivia","robots":{"index":"index","follow":"follow","max-snippet":"max-snippet:-1","max-image-preview":"max-image-preview:large","max-video-preview":"max-video-preview:-1"},"canonical":"https:\/\/www.eldiario.net\/portal\/2022\/02\/02\/sistema-judicial-corrupto-protege-a-depredadores\/","og_locale":"es_ES","og_type":"article","og_title":"Sistema judicial corrupto protege a \u201cdepredadores\u201d - El Diario - Bolivia","og_description":"El Comit\u00e9 de Am\u00e9rica Latina y el Caribe para la Defensa de los Derechos de las Mujeres (Cladem) Bolivia arremeti\u00f3 contra el sistema de justicia \u201cdecadente y politizado\u201d y contra el Consejo de la Magistratura por ser un ente in\u00fatil. Acus\u00f3 al sistema que desde la impunidad protege a \u201cdepredadores\u201d, como el feminicida serial, Richard [&hellip;]","og_url":"https:\/\/www.eldiario.net\/portal\/2022\/02\/02\/sistema-judicial-corrupto-protege-a-depredadores\/","og_site_name":"El Diario - Bolivia","article_publisher":"https:\/\/www.facebook.com\/eldiario.bolivia\/","article_published_time":"2022-02-02T09:42:08+00:00","author":"Jeanette","twitter_card":"summary_large_image","twitter_creator":"@eldiario_net","twitter_site":"@eldiario_net","twitter_misc":{"Escrito por":"Jeanette","Tiempo de lectura":"3 minutos"},"schema":{"@context":"https:\/\/schema.org","@graph":[{"@type":"Article","@id":"https:\/\/www.eldiario.net\/portal\/2022\/02\/02\/sistema-judicial-corrupto-protege-a-depredadores\/#article","isPartOf":{"@id":"https:\/\/www.eldiario.net\/portal\/2022\/02\/02\/sistema-judicial-corrupto-protege-a-depredadores\/"},"author":{"name":"Jeanette","@id":"https:\/\/www.eldiario.net\/portal\/#\/schema\/person\/f46445640444750d7d753ccd04ae01b7"},"headline":"Sistema judicial corrupto protege a \u201cdepredadores\u201d","datePublished":"2022-02-02T09:42:08+00:00","mainEntityOfPage":{"@id":"https:\/\/www.eldiario.net\/portal\/2022\/02\/02\/sistema-judicial-corrupto-protege-a-depredadores\/"},"wordCount":541,"publisher":{"@id":"https:\/\/www.eldiario.net\/portal\/#organization"},"image":{"@id":"https:\/\/www.eldiario.net\/portal\/2022\/02\/02\/sistema-judicial-corrupto-protege-a-depredadores\/#primaryimage"},"thumbnailUrl":"","articleSection":["Pol\u00edtica"],"inLanguage":"es"},{"@type":"WebPage","@id":"https:\/\/www.eldiario.net\/portal\/2022\/02\/02\/sistema-judicial-corrupto-protege-a-depredadores\/","url":"https:\/\/www.eldiario.net\/portal\/2022\/02\/02\/sistema-judicial-corrupto-protege-a-depredadores\/","name":"Sistema judicial corrupto protege a \u201cdepredadores\u201d - El Diario - Bolivia","isPartOf":{"@id":"https:\/\/www.eldiario.net\/portal\/#website"},"primaryImageOfPage":{"@id":"https:\/\/www.eldiario.net\/portal\/2022\/02\/02\/sistema-judicial-corrupto-protege-a-depredadores\/#primaryimage"},"image":{"@id":"https:\/\/www.eldiario.net\/portal\/2022\/02\/02\/sistema-judicial-corrupto-protege-a-depredadores\/#primaryimage"},"thumbnailUrl":"","datePublished":"2022-02-02T09:42:08+00:00","breadcrumb":{"@id":"https:\/\/www.eldiario.net\/portal\/2022\/02\/02\/sistema-judicial-corrupto-protege-a-depredadores\/#breadcrumb"},"inLanguage":"es","potentialAction":[{"@type":"ReadAction","target":["https:\/\/www.eldiario.net\/portal\/2022\/02\/02\/sistema-judicial-corrupto-protege-a-depredadores\/"]}]},{"@type":"ImageObject","inLanguage":"es","@id":"https:\/\/www.eldiario.net\/portal\/2022\/02\/02\/sistema-judicial-corrupto-protege-a-depredadores\/#primaryimage","url":"","contentUrl":""},{"@type":"BreadcrumbList","@id":"https:\/\/www.eldiario.net\/portal\/2022\/02\/02\/sistema-judicial-corrupto-protege-a-depredadores\/#breadcrumb","itemListElement":[{"@type":"ListItem","position":1,"name":"Portada","item":"https:\/\/www.eldiario.net\/portal\/"},{"@type":"ListItem","position":2,"name":"Sistema judicial corrupto protege a \u201cdepredadores\u201d"}]},{"@type":"WebSite","@id":"https:\/\/www.eldiario.net\/portal\/#website","url":"https:\/\/www.eldiario.net\/portal\/","name":"El Diario - Decano de la prensa nacional","description":"El Diario - Decano de la prensa nacional","publisher":{"@id":"https:\/\/www.eldiario.net\/portal\/#organization"},"potentialAction":[{"@type":"SearchAction","target":{"@type":"EntryPoint","urlTemplate":"https:\/\/www.eldiario.net\/portal\/?s={search_term_string}"},"query-input":{"@type":"PropertyValueSpecification","valueRequired":true,"valueName":"search_term_string"}}],"inLanguage":"es"},{"@type":"Organization","@id":"https:\/\/www.eldiario.net\/portal\/#organization","name":"El Diario - Decano de la prensa nacional","url":"https:\/\/www.eldiario.net\/portal\/","logo":{"@type":"ImageObject","inLanguage":"es","@id":"https:\/\/www.eldiario.net\/portal\/#\/schema\/logo\/image\/","url":"https:\/\/www.eldiario.net\/portal\/wp-content\/uploads\/2023\/07\/logo_ED.jpg","contentUrl":"https:\/\/www.eldiario.net\/portal\/wp-content\/uploads\/2023\/07\/logo_ED.jpg","width":272,"height":52,"caption":"El Diario - Decano de la prensa nacional"},"image":{"@id":"https:\/\/www.eldiario.net\/portal\/#\/schema\/logo\/image\/"},"sameAs":["https:\/\/www.facebook.com\/eldiario.bolivia\/","https:\/\/x.com\/eldiario_net"]},{"@type":"Person","@id":"https:\/\/www.eldiario.net\/portal\/#\/schema\/person\/f46445640444750d7d753ccd04ae01b7","name":"Jeanette","image":{"@type":"ImageObject","inLanguage":"es","@id":"https:\/\/secure.gravatar.com\/avatar\/3ea2118a5f7dad2b7138b1187a6b7ee55f160b9968b66013c3a3ef39dd7e5798?s=96&d=mm&r=g","url":"https:\/\/secure.gravatar.com\/avatar\/3ea2118a5f7dad2b7138b1187a6b7ee55f160b9968b66013c3a3ef39dd7e5798?s=96&d=mm&r=g","contentUrl":"https:\/\/secure.gravatar.com\/avatar\/3ea2118a5f7dad2b7138b1187a6b7ee55f160b9968b66013c3a3ef39dd7e5798?s=96&d=mm&r=g","caption":"Jeanette"},"sameAs":["https:\/\/www.eldiario.net\/portal"],"url":"https:\/\/www.eldiario.net\/portal\/author\/jeanette\/"}]}},"_links":{"self":[{"href":"https:\/\/www.eldiario.net\/portal\/wp-json\/wp\/v2\/posts\/60499","targetHints":{"allow":["GET"]}}],"collection":[{"href":"https:\/\/www.eldiario.net\/portal\/wp-json\/wp\/v2\/posts"}],"about":[{"href":"https:\/\/www.eldiario.net\/portal\/wp-json\/wp\/v2\/types\/post"}],"author":[{"embeddable":true,"href":"https:\/\/www.eldiario.net\/portal\/wp-json\/wp\/v2\/users\/1"}],"replies":[{"embeddable":true,"href":"https:\/\/www.eldiario.net\/portal\/wp-json\/wp\/v2\/comments?post=60499"}],"version-history":[{"count":0,"href":"https:\/\/www.eldiario.net\/portal\/wp-json\/wp\/v2\/posts\/60499\/revisions"}],"wp:attachment":[{"href":"https:\/\/www.eldiario.net\/portal\/wp-json\/wp\/v2\/media?parent=60499"}],"wp:term":[{"taxonomy":"category","embeddable":true,"href":"https:\/\/www.eldiario.net\/portal\/wp-json\/wp\/v2\/categories?post=60499"},{"taxonomy":"post_tag","embeddable":true,"href":"https:\/\/www.eldiario.net\/portal\/wp-json\/wp\/v2\/tags?post=60499"}],"curies":[{"name":"wp","href":"https:\/\/api.w.org\/{rel}","templated":true}]}}