{"id":60496,"date":"2022-02-02T05:41:20","date_gmt":"2022-02-02T09:41:20","guid":{"rendered":"https:\/\/www.eldiario.net\/portal\/?p=60496"},"modified":"2022-02-02T05:41:20","modified_gmt":"2022-02-02T09:41:20","slug":"legislativo-no-logra-quorum-para-conformar-comision-por-caso-items","status":"publish","type":"post","link":"https:\/\/www.eldiario.net\/portal\/2022\/02\/02\/legislativo-no-logra-quorum-para-conformar-comision-por-caso-items\/","title":{"rendered":"Legislativo no logra qu\u00f3rum para  conformar comisi\u00f3n por caso \u00edtems"},"content":{"rendered":"<p>Al no existir el qu\u00f3rum reglamentario para la instalaci\u00f3n de la tercera sesi\u00f3n plenaria de la Asamblea Legislativa, el vicepresidente del Estado, David Choquehuanca determin\u00f3 suspender este encuentro; opositores calificaron la situaci\u00f3n como un atropello a los bolivianos.<br \/>\nLa sesi\u00f3n fue convocada para las 14:00 horas de ayer, pero a ausencia de 20 senadores del MAS no permiti\u00f3 el quorum necesario. Los representantes de la oposici\u00f3n reprocharon que desde el oficialismo se den muestras de una falta de inter\u00e9s para el esclarecimiento de hechos de corrupci\u00f3n.<br \/>\nLos jefes de bancada de Comunidad Ciudadana en Senadores y Diputados expresaron su repudio ante esta maniobra que trab\u00f3 la conformaci\u00f3n de la Comisi\u00f3n Mixta, reiterando que el planteamiento para la conformaci\u00f3n de este grupo fue una iniciativa de esta organizaci\u00f3n pol\u00edtica.<br \/>\n\u201cEl inter\u00e9s del MAS no es combatir la corrupci\u00f3n, sino encubrirla, no tiene un inter\u00e9s real y autentico para conformar esta Comisi\u00f3n Especial. Esta era la oportunidad de hacerlo para que se investiguen todos los v\u00ednculos del sistema pol\u00edtico en relaci\u00f3n a los denominados \u00edtems fantasma\u201d, sostuvo el diputado Carlos Alarc\u00f3n.<br \/>\nPor su parte, el senador Guillermo Seoane (CC) adelant\u00f3 que se pedir\u00e1n los respectivos descuentos para todos los parlamentarios que faltaron a esta cita, provocando un grave da\u00f1o a la lucha contra la corrupci\u00f3n.<br \/>\nHoras antes, legisladores de Creemos hab\u00edan manifestado su desacuerdo ante la posible conformaci\u00f3n de esta comisi\u00f3n, insistiendo en que mediante las investigaciones al hecho de corrupci\u00f3n en el municipio cruce\u00f1o, solo se pretende amedrentar e incriminar a opositores y l\u00edderes de esta regi\u00f3n del pa\u00eds.<br \/>\nPara el senador Henry Montero, la inasistencia de los senadores del MAS es una se\u00f1al de preocupaci\u00f3n por parte del oficialismo, pues en esta sesi\u00f3n se ten\u00eda previsto solicitar que se conforme una comisi\u00f3n para investigar las denuncias de v\u00ednculos entre autoridades y el narcotr\u00e1fico.<br \/>\nLa diputada Luisa Nayar, fue m\u00e1s dura con sus cr\u00edticas y sostuvo que \u201ccon la ausencia de senadores del Movimiento al Socialismo, se ha perpetrado un nuevo atropello a los bolivianos\u201d.<br \/>\nPor su parte, el diputado oficialista y presidente de la Comisi\u00f3n de Constituci\u00f3n, Juan Jos\u00e9 J\u00e1uregui, acus\u00f3 a las bancadas de oposici\u00f3n por obstaculizar la conformaci\u00f3n del grupo de investigaci\u00f3n para el caso \u00cdtems Fantasma, al intentar introducir otros temas para su investigaci\u00f3n.<br \/>\n\u201cLas bancadas de oposici\u00f3n, m\u00e1s all\u00e1 de aportar en la conformaci\u00f3n de esta comisi\u00f3n mixta, lo que hacen es obstaculizar el proceso, incorporando escenarios que est\u00e1n alejados de la pretensi\u00f3n que tenemos como Asamblea Legislativa, que es investigar el caso de corrupci\u00f3n en el Municipio de Santa Cruz\u201d, inform\u00f3.<\/p>\n","protected":false},"excerpt":{"rendered":"<p>Al no existir el qu\u00f3rum reglamentario para la instalaci\u00f3n de la tercera sesi\u00f3n plenaria de la Asamblea Legislativa, el vicepresidente del Estado, David Choquehuanca determin\u00f3 suspender este encuentro; opositores calificaron la situaci\u00f3n como un atropello a los bolivianos. La sesi\u00f3n fue convocada para las 14:00 horas de ayer, pero a ausencia de 20 senadores del [&hellip;]<\/p>\n","protected":false},"author":1,"featured_media":60497,"comment_status":"closed","ping_status":"closed","sticky":false,"template":"","format":"standard","meta":{"_acf_changed":false,"footnotes":""},"categories":[14],"tags":[],"class_list":["post-60496","post","type-post","status-publish","format-standard","has-post-thumbnail","category-politica"],"acf":{"antetitulo":""},"yoast_head":"<!-- This site is optimized with the Yoast SEO plugin v28.4 - https:\/\/yoast.com\/product\/yoast-seo-wordpress\/ -->\n<title>Legislativo no logra qu\u00f3rum para conformar comisi\u00f3n por caso \u00edtems - El Diario - Bolivia<\/title>\n<meta name=\"robots\" content=\"index, follow, max-snippet:-1, max-image-preview:large, max-video-preview:-1\" \/>\n<link rel=\"canonical\" href=\"https:\/\/www.eldiario.net\/portal\/2022\/02\/02\/legislativo-no-logra-quorum-para-conformar-comision-por-caso-items\/\" \/>\n<meta property=\"og:locale\" content=\"es_ES\" \/>\n<meta property=\"og:type\" content=\"article\" \/>\n<meta property=\"og:title\" content=\"Legislativo no logra qu\u00f3rum para conformar comisi\u00f3n por caso \u00edtems - El Diario - Bolivia\" \/>\n<meta property=\"og:description\" content=\"Al no existir el qu\u00f3rum reglamentario para la instalaci\u00f3n de la tercera sesi\u00f3n plenaria de la Asamblea Legislativa, el vicepresidente del Estado, David Choquehuanca determin\u00f3 suspender este encuentro; opositores calificaron la situaci\u00f3n como un atropello a los bolivianos. La sesi\u00f3n fue convocada para las 14:00 horas de ayer, pero a ausencia de 20 senadores del [&hellip;]\" \/>\n<meta property=\"og:url\" content=\"https:\/\/www.eldiario.net\/portal\/2022\/02\/02\/legislativo-no-logra-quorum-para-conformar-comision-por-caso-items\/\" \/>\n<meta property=\"og:site_name\" content=\"El Diario - Bolivia\" \/>\n<meta property=\"article:publisher\" content=\"https:\/\/www.facebook.com\/eldiario.bolivia\/\" \/>\n<meta property=\"article:published_time\" content=\"2022-02-02T09:41:20+00:00\" \/>\n<meta name=\"author\" content=\"Jeanette\" \/>\n<meta name=\"twitter:card\" content=\"summary_large_image\" \/>\n<meta name=\"twitter:creator\" content=\"@eldiario_net\" \/>\n<meta name=\"twitter:site\" content=\"@eldiario_net\" \/>\n<meta name=\"twitter:label1\" content=\"Escrito por\" \/>\n\t<meta name=\"twitter:data1\" content=\"Jeanette\" \/>\n\t<meta name=\"twitter:label2\" content=\"Tiempo de lectura\" \/>\n\t<meta name=\"twitter:data2\" content=\"2 minutos\" \/>\n<script type=\"application\/ld+json\" class=\"yoast-schema-graph\">{\"@context\":\"https:\\\/\\\/schema.org\",\"@graph\":[{\"@type\":\"Article\",\"@id\":\"https:\\\/\\\/www.eldiario.net\\\/portal\\\/2022\\\/02\\\/02\\\/legislativo-no-logra-quorum-para-conformar-comision-por-caso-items\\\/#article\",\"isPartOf\":{\"@id\":\"https:\\\/\\\/www.eldiario.net\\\/portal\\\/2022\\\/02\\\/02\\\/legislativo-no-logra-quorum-para-conformar-comision-por-caso-items\\\/\"},\"author\":{\"name\":\"Jeanette\",\"@id\":\"https:\\\/\\\/www.eldiario.net\\\/portal\\\/#\\\/schema\\\/person\\\/f46445640444750d7d753ccd04ae01b7\"},\"headline\":\"Legislativo no logra qu\u00f3rum para conformar comisi\u00f3n por caso \u00edtems\",\"datePublished\":\"2022-02-02T09:41:20+00:00\",\"mainEntityOfPage\":{\"@id\":\"https:\\\/\\\/www.eldiario.net\\\/portal\\\/2022\\\/02\\\/02\\\/legislativo-no-logra-quorum-para-conformar-comision-por-caso-items\\\/\"},\"wordCount\":491,\"publisher\":{\"@id\":\"https:\\\/\\\/www.eldiario.net\\\/portal\\\/#organization\"},\"image\":{\"@id\":\"https:\\\/\\\/www.eldiario.net\\\/portal\\\/2022\\\/02\\\/02\\\/legislativo-no-logra-quorum-para-conformar-comision-por-caso-items\\\/#primaryimage\"},\"thumbnailUrl\":\"\",\"articleSection\":[\"Pol\u00edtica\"],\"inLanguage\":\"es\"},{\"@type\":\"WebPage\",\"@id\":\"https:\\\/\\\/www.eldiario.net\\\/portal\\\/2022\\\/02\\\/02\\\/legislativo-no-logra-quorum-para-conformar-comision-por-caso-items\\\/\",\"url\":\"https:\\\/\\\/www.eldiario.net\\\/portal\\\/2022\\\/02\\\/02\\\/legislativo-no-logra-quorum-para-conformar-comision-por-caso-items\\\/\",\"name\":\"Legislativo no logra qu\u00f3rum para conformar comisi\u00f3n por caso \u00edtems - El Diario - Bolivia\",\"isPartOf\":{\"@id\":\"https:\\\/\\\/www.eldiario.net\\\/portal\\\/#website\"},\"primaryImageOfPage\":{\"@id\":\"https:\\\/\\\/www.eldiario.net\\\/portal\\\/2022\\\/02\\\/02\\\/legislativo-no-logra-quorum-para-conformar-comision-por-caso-items\\\/#primaryimage\"},\"image\":{\"@id\":\"https:\\\/\\\/www.eldiario.net\\\/portal\\\/2022\\\/02\\\/02\\\/legislativo-no-logra-quorum-para-conformar-comision-por-caso-items\\\/#primaryimage\"},\"thumbnailUrl\":\"\",\"datePublished\":\"2022-02-02T09:41:20+00:00\",\"breadcrumb\":{\"@id\":\"https:\\\/\\\/www.eldiario.net\\\/portal\\\/2022\\\/02\\\/02\\\/legislativo-no-logra-quorum-para-conformar-comision-por-caso-items\\\/#breadcrumb\"},\"inLanguage\":\"es\",\"potentialAction\":[{\"@type\":\"ReadAction\",\"target\":[\"https:\\\/\\\/www.eldiario.net\\\/portal\\\/2022\\\/02\\\/02\\\/legislativo-no-logra-quorum-para-conformar-comision-por-caso-items\\\/\"]}]},{\"@type\":\"ImageObject\",\"inLanguage\":\"es\",\"@id\":\"https:\\\/\\\/www.eldiario.net\\\/portal\\\/2022\\\/02\\\/02\\\/legislativo-no-logra-quorum-para-conformar-comision-por-caso-items\\\/#primaryimage\",\"url\":\"\",\"contentUrl\":\"\"},{\"@type\":\"BreadcrumbList\",\"@id\":\"https:\\\/\\\/www.eldiario.net\\\/portal\\\/2022\\\/02\\\/02\\\/legislativo-no-logra-quorum-para-conformar-comision-por-caso-items\\\/#breadcrumb\",\"itemListElement\":[{\"@type\":\"ListItem\",\"position\":1,\"name\":\"Portada\",\"item\":\"https:\\\/\\\/www.eldiario.net\\\/portal\\\/\"},{\"@type\":\"ListItem\",\"position\":2,\"name\":\"Legislativo no logra qu\u00f3rum para conformar comisi\u00f3n por caso \u00edtems\"}]},{\"@type\":\"WebSite\",\"@id\":\"https:\\\/\\\/www.eldiario.net\\\/portal\\\/#website\",\"url\":\"https:\\\/\\\/www.eldiario.net\\\/portal\\\/\",\"name\":\"El Diario - Decano de la prensa nacional\",\"description\":\"El Diario - Decano de la prensa nacional\",\"publisher\":{\"@id\":\"https:\\\/\\\/www.eldiario.net\\\/portal\\\/#organization\"},\"potentialAction\":[{\"@type\":\"SearchAction\",\"target\":{\"@type\":\"EntryPoint\",\"urlTemplate\":\"https:\\\/\\\/www.eldiario.net\\\/portal\\\/?s={search_term_string}\"},\"query-input\":{\"@type\":\"PropertyValueSpecification\",\"valueRequired\":true,\"valueName\":\"search_term_string\"}}],\"inLanguage\":\"es\"},{\"@type\":\"Organization\",\"@id\":\"https:\\\/\\\/www.eldiario.net\\\/portal\\\/#organization\",\"name\":\"El Diario - Decano de la prensa nacional\",\"url\":\"https:\\\/\\\/www.eldiario.net\\\/portal\\\/\",\"logo\":{\"@type\":\"ImageObject\",\"inLanguage\":\"es\",\"@id\":\"https:\\\/\\\/www.eldiario.net\\\/portal\\\/#\\\/schema\\\/logo\\\/image\\\/\",\"url\":\"https:\\\/\\\/www.eldiario.net\\\/portal\\\/wp-content\\\/uploads\\\/2023\\\/07\\\/logo_ED.jpg\",\"contentUrl\":\"https:\\\/\\\/www.eldiario.net\\\/portal\\\/wp-content\\\/uploads\\\/2023\\\/07\\\/logo_ED.jpg\",\"width\":272,\"height\":52,\"caption\":\"El Diario - Decano de la prensa nacional\"},\"image\":{\"@id\":\"https:\\\/\\\/www.eldiario.net\\\/portal\\\/#\\\/schema\\\/logo\\\/image\\\/\"},\"sameAs\":[\"https:\\\/\\\/www.facebook.com\\\/eldiario.bolivia\\\/\",\"https:\\\/\\\/x.com\\\/eldiario_net\"]},{\"@type\":\"Person\",\"@id\":\"https:\\\/\\\/www.eldiario.net\\\/portal\\\/#\\\/schema\\\/person\\\/f46445640444750d7d753ccd04ae01b7\",\"name\":\"Jeanette\",\"image\":{\"@type\":\"ImageObject\",\"inLanguage\":\"es\",\"@id\":\"https:\\\/\\\/secure.gravatar.com\\\/avatar\\\/3ea2118a5f7dad2b7138b1187a6b7ee55f160b9968b66013c3a3ef39dd7e5798?s=96&d=mm&r=g\",\"url\":\"https:\\\/\\\/secure.gravatar.com\\\/avatar\\\/3ea2118a5f7dad2b7138b1187a6b7ee55f160b9968b66013c3a3ef39dd7e5798?s=96&d=mm&r=g\",\"contentUrl\":\"https:\\\/\\\/secure.gravatar.com\\\/avatar\\\/3ea2118a5f7dad2b7138b1187a6b7ee55f160b9968b66013c3a3ef39dd7e5798?s=96&d=mm&r=g\",\"caption\":\"Jeanette\"},\"sameAs\":[\"https:\\\/\\\/www.eldiario.net\\\/portal\"],\"url\":\"https:\\\/\\\/www.eldiario.net\\\/portal\\\/author\\\/jeanette\\\/\"}]}<\/script>\n<!-- \/ Yoast SEO plugin. -->","yoast_head_json":{"title":"Legislativo no logra qu\u00f3rum para conformar comisi\u00f3n por caso \u00edtems - El Diario - Bolivia","robots":{"index":"index","follow":"follow","max-snippet":"max-snippet:-1","max-image-preview":"max-image-preview:large","max-video-preview":"max-video-preview:-1"},"canonical":"https:\/\/www.eldiario.net\/portal\/2022\/02\/02\/legislativo-no-logra-quorum-para-conformar-comision-por-caso-items\/","og_locale":"es_ES","og_type":"article","og_title":"Legislativo no logra qu\u00f3rum para conformar comisi\u00f3n por caso \u00edtems - El Diario - Bolivia","og_description":"Al no existir el qu\u00f3rum reglamentario para la instalaci\u00f3n de la tercera sesi\u00f3n plenaria de la Asamblea Legislativa, el vicepresidente del Estado, David Choquehuanca determin\u00f3 suspender este encuentro; opositores calificaron la situaci\u00f3n como un atropello a los bolivianos. La sesi\u00f3n fue convocada para las 14:00 horas de ayer, pero a ausencia de 20 senadores del [&hellip;]","og_url":"https:\/\/www.eldiario.net\/portal\/2022\/02\/02\/legislativo-no-logra-quorum-para-conformar-comision-por-caso-items\/","og_site_name":"El Diario - Bolivia","article_publisher":"https:\/\/www.facebook.com\/eldiario.bolivia\/","article_published_time":"2022-02-02T09:41:20+00:00","author":"Jeanette","twitter_card":"summary_large_image","twitter_creator":"@eldiario_net","twitter_site":"@eldiario_net","twitter_misc":{"Escrito por":"Jeanette","Tiempo de lectura":"2 minutos"},"schema":{"@context":"https:\/\/schema.org","@graph":[{"@type":"Article","@id":"https:\/\/www.eldiario.net\/portal\/2022\/02\/02\/legislativo-no-logra-quorum-para-conformar-comision-por-caso-items\/#article","isPartOf":{"@id":"https:\/\/www.eldiario.net\/portal\/2022\/02\/02\/legislativo-no-logra-quorum-para-conformar-comision-por-caso-items\/"},"author":{"name":"Jeanette","@id":"https:\/\/www.eldiario.net\/portal\/#\/schema\/person\/f46445640444750d7d753ccd04ae01b7"},"headline":"Legislativo no logra qu\u00f3rum para conformar comisi\u00f3n por caso \u00edtems","datePublished":"2022-02-02T09:41:20+00:00","mainEntityOfPage":{"@id":"https:\/\/www.eldiario.net\/portal\/2022\/02\/02\/legislativo-no-logra-quorum-para-conformar-comision-por-caso-items\/"},"wordCount":491,"publisher":{"@id":"https:\/\/www.eldiario.net\/portal\/#organization"},"image":{"@id":"https:\/\/www.eldiario.net\/portal\/2022\/02\/02\/legislativo-no-logra-quorum-para-conformar-comision-por-caso-items\/#primaryimage"},"thumbnailUrl":"","articleSection":["Pol\u00edtica"],"inLanguage":"es"},{"@type":"WebPage","@id":"https:\/\/www.eldiario.net\/portal\/2022\/02\/02\/legislativo-no-logra-quorum-para-conformar-comision-por-caso-items\/","url":"https:\/\/www.eldiario.net\/portal\/2022\/02\/02\/legislativo-no-logra-quorum-para-conformar-comision-por-caso-items\/","name":"Legislativo no logra qu\u00f3rum para conformar comisi\u00f3n por caso \u00edtems - El Diario - Bolivia","isPartOf":{"@id":"https:\/\/www.eldiario.net\/portal\/#website"},"primaryImageOfPage":{"@id":"https:\/\/www.eldiario.net\/portal\/2022\/02\/02\/legislativo-no-logra-quorum-para-conformar-comision-por-caso-items\/#primaryimage"},"image":{"@id":"https:\/\/www.eldiario.net\/portal\/2022\/02\/02\/legislativo-no-logra-quorum-para-conformar-comision-por-caso-items\/#primaryimage"},"thumbnailUrl":"","datePublished":"2022-02-02T09:41:20+00:00","breadcrumb":{"@id":"https:\/\/www.eldiario.net\/portal\/2022\/02\/02\/legislativo-no-logra-quorum-para-conformar-comision-por-caso-items\/#breadcrumb"},"inLanguage":"es","potentialAction":[{"@type":"ReadAction","target":["https:\/\/www.eldiario.net\/portal\/2022\/02\/02\/legislativo-no-logra-quorum-para-conformar-comision-por-caso-items\/"]}]},{"@type":"ImageObject","inLanguage":"es","@id":"https:\/\/www.eldiario.net\/portal\/2022\/02\/02\/legislativo-no-logra-quorum-para-conformar-comision-por-caso-items\/#primaryimage","url":"","contentUrl":""},{"@type":"BreadcrumbList","@id":"https:\/\/www.eldiario.net\/portal\/2022\/02\/02\/legislativo-no-logra-quorum-para-conformar-comision-por-caso-items\/#breadcrumb","itemListElement":[{"@type":"ListItem","position":1,"name":"Portada","item":"https:\/\/www.eldiario.net\/portal\/"},{"@type":"ListItem","position":2,"name":"Legislativo no logra qu\u00f3rum para conformar comisi\u00f3n por caso \u00edtems"}]},{"@type":"WebSite","@id":"https:\/\/www.eldiario.net\/portal\/#website","url":"https:\/\/www.eldiario.net\/portal\/","name":"El Diario - Decano de la prensa nacional","description":"El Diario - Decano de la prensa nacional","publisher":{"@id":"https:\/\/www.eldiario.net\/portal\/#organization"},"potentialAction":[{"@type":"SearchAction","target":{"@type":"EntryPoint","urlTemplate":"https:\/\/www.eldiario.net\/portal\/?s={search_term_string}"},"query-input":{"@type":"PropertyValueSpecification","valueRequired":true,"valueName":"search_term_string"}}],"inLanguage":"es"},{"@type":"Organization","@id":"https:\/\/www.eldiario.net\/portal\/#organization","name":"El Diario - Decano de la prensa nacional","url":"https:\/\/www.eldiario.net\/portal\/","logo":{"@type":"ImageObject","inLanguage":"es","@id":"https:\/\/www.eldiario.net\/portal\/#\/schema\/logo\/image\/","url":"https:\/\/www.eldiario.net\/portal\/wp-content\/uploads\/2023\/07\/logo_ED.jpg","contentUrl":"https:\/\/www.eldiario.net\/portal\/wp-content\/uploads\/2023\/07\/logo_ED.jpg","width":272,"height":52,"caption":"El Diario - Decano de la prensa nacional"},"image":{"@id":"https:\/\/www.eldiario.net\/portal\/#\/schema\/logo\/image\/"},"sameAs":["https:\/\/www.facebook.com\/eldiario.bolivia\/","https:\/\/x.com\/eldiario_net"]},{"@type":"Person","@id":"https:\/\/www.eldiario.net\/portal\/#\/schema\/person\/f46445640444750d7d753ccd04ae01b7","name":"Jeanette","image":{"@type":"ImageObject","inLanguage":"es","@id":"https:\/\/secure.gravatar.com\/avatar\/3ea2118a5f7dad2b7138b1187a6b7ee55f160b9968b66013c3a3ef39dd7e5798?s=96&d=mm&r=g","url":"https:\/\/secure.gravatar.com\/avatar\/3ea2118a5f7dad2b7138b1187a6b7ee55f160b9968b66013c3a3ef39dd7e5798?s=96&d=mm&r=g","contentUrl":"https:\/\/secure.gravatar.com\/avatar\/3ea2118a5f7dad2b7138b1187a6b7ee55f160b9968b66013c3a3ef39dd7e5798?s=96&d=mm&r=g","caption":"Jeanette"},"sameAs":["https:\/\/www.eldiario.net\/portal"],"url":"https:\/\/www.eldiario.net\/portal\/author\/jeanette\/"}]}},"_links":{"self":[{"href":"https:\/\/www.eldiario.net\/portal\/wp-json\/wp\/v2\/posts\/60496","targetHints":{"allow":["GET"]}}],"collection":[{"href":"https:\/\/www.eldiario.net\/portal\/wp-json\/wp\/v2\/posts"}],"about":[{"href":"https:\/\/www.eldiario.net\/portal\/wp-json\/wp\/v2\/types\/post"}],"author":[{"embeddable":true,"href":"https:\/\/www.eldiario.net\/portal\/wp-json\/wp\/v2\/users\/1"}],"replies":[{"embeddable":true,"href":"https:\/\/www.eldiario.net\/portal\/wp-json\/wp\/v2\/comments?post=60496"}],"version-history":[{"count":0,"href":"https:\/\/www.eldiario.net\/portal\/wp-json\/wp\/v2\/posts\/60496\/revisions"}],"wp:attachment":[{"href":"https:\/\/www.eldiario.net\/portal\/wp-json\/wp\/v2\/media?parent=60496"}],"wp:term":[{"taxonomy":"category","embeddable":true,"href":"https:\/\/www.eldiario.net\/portal\/wp-json\/wp\/v2\/categories?post=60496"},{"taxonomy":"post_tag","embeddable":true,"href":"https:\/\/www.eldiario.net\/portal\/wp-json\/wp\/v2\/tags?post=60496"}],"curies":[{"name":"wp","href":"https:\/\/api.w.org\/{rel}","templated":true}]}}