{"id":60493,"date":"2022-02-02T05:40:37","date_gmt":"2022-02-02T09:40:37","guid":{"rendered":"https:\/\/www.eldiario.net\/portal\/?p=60493"},"modified":"2022-02-02T05:40:37","modified_gmt":"2022-02-02T09:40:37","slug":"ley-corta-endurecera-sancion-para-el-delito-de-prevaricato","status":"publish","type":"post","link":"https:\/\/www.eldiario.net\/portal\/2022\/02\/02\/ley-corta-endurecera-sancion-para-el-delito-de-prevaricato\/","title":{"rendered":"Ley corta endurecer\u00e1 sanci\u00f3n  para el delito de prevaricato"},"content":{"rendered":"<p>El presidente de la Comisi\u00f3n de Constituci\u00f3n, Legislaci\u00f3n y Sistema Electoral de la C\u00e1mara de Diputados, Juan Jos\u00e9 J\u00e1uregui, inform\u00f3 que el Legislativo trabaja una ley corta para endurecer las sanciones para jueces que cometan el delito de prevaricato en casos de violaci\u00f3n y feminicidio.<br \/>\n\u201cEstamos dise\u00f1ando una ley corta que agrave la pena; pero, en el caso de que se vincule a decisiones judiciales referidas a feminicidio y violaci\u00f3n, estas tengan que agravarse a\u00fan m\u00e1s en el tema prevaricato\u201d, adelant\u00f3.<br \/>\nEn este cometido, se\u00f1al\u00f3 que se plantea la modificaci\u00f3n del Art\u00edculo 174 del C\u00f3digo Penal referido al prevaricato, ya que considera inadmisible que los administradores de justicia que cometan este delito tengan sanciones tan leves.<br \/>\n\u201cEs inadmisible que haga una valoraci\u00f3n con el delito de prevaricato, con relaci\u00f3n a delitos como la violaci\u00f3n o al feminicidio con sanciones al administrador de justicia, similares a los de materia civil u otro tipo de materias del derecho\u201d, se\u00f1al\u00f3.<br \/>\nDijo que se espera concluir el dise\u00f1o de esta normativa en los siguientes d\u00edas para acompa\u00f1ar la iniciativa gubernamental de la creaci\u00f3n de una comisi\u00f3n de revisi\u00f3n de casos de violaci\u00f3n y feminicidio en el que los sentenciados fueron liberados.<br \/>\n\u201cEsperemos concluir esta iniciativa en el transcurso de las siguientes horas para que podamos hacer la presentaci\u00f3n formal, y es la manera de poder acompa\u00f1ar la posici\u00f3n firme que ha tenido nuestro hermano presidente Luis Arce recomendando la creaci\u00f3n de una comisi\u00f3n que haga una revisi\u00f3n t\u00e9cnica\u201d, manifest\u00f3.<\/p>\n","protected":false},"excerpt":{"rendered":"<p>El presidente de la Comisi\u00f3n de Constituci\u00f3n, Legislaci\u00f3n y Sistema Electoral de la C\u00e1mara de Diputados, Juan Jos\u00e9 J\u00e1uregui, inform\u00f3 que el Legislativo trabaja una ley corta para endurecer las sanciones para jueces que cometan el delito de prevaricato en casos de violaci\u00f3n y feminicidio. \u201cEstamos dise\u00f1ando una ley corta que agrave la pena; pero, [&hellip;]<\/p>\n","protected":false},"author":1,"featured_media":60494,"comment_status":"closed","ping_status":"closed","sticky":false,"template":"","format":"standard","meta":{"_acf_changed":false,"footnotes":""},"categories":[14],"tags":[],"class_list":["post-60493","post","type-post","status-publish","format-standard","has-post-thumbnail","category-politica"],"acf":{"antetitulo":""},"yoast_head":"<!-- This site is optimized with the Yoast SEO plugin v28.4 - https:\/\/yoast.com\/product\/yoast-seo-wordpress\/ -->\n<title>Ley corta endurecer\u00e1 sanci\u00f3n para el delito de prevaricato - El Diario - Bolivia<\/title>\n<meta name=\"robots\" content=\"index, follow, max-snippet:-1, max-image-preview:large, max-video-preview:-1\" \/>\n<link rel=\"canonical\" href=\"https:\/\/www.eldiario.net\/portal\/2022\/02\/02\/ley-corta-endurecera-sancion-para-el-delito-de-prevaricato\/\" \/>\n<meta property=\"og:locale\" content=\"es_ES\" \/>\n<meta property=\"og:type\" content=\"article\" \/>\n<meta property=\"og:title\" content=\"Ley corta endurecer\u00e1 sanci\u00f3n para el delito de prevaricato - El Diario - Bolivia\" \/>\n<meta property=\"og:description\" content=\"El presidente de la Comisi\u00f3n de Constituci\u00f3n, Legislaci\u00f3n y Sistema Electoral de la C\u00e1mara de Diputados, Juan Jos\u00e9 J\u00e1uregui, inform\u00f3 que el Legislativo trabaja una ley corta para endurecer las sanciones para jueces que cometan el delito de prevaricato en casos de violaci\u00f3n y feminicidio. \u201cEstamos dise\u00f1ando una ley corta que agrave la pena; pero, [&hellip;]\" \/>\n<meta property=\"og:url\" content=\"https:\/\/www.eldiario.net\/portal\/2022\/02\/02\/ley-corta-endurecera-sancion-para-el-delito-de-prevaricato\/\" \/>\n<meta property=\"og:site_name\" content=\"El Diario - Bolivia\" \/>\n<meta property=\"article:publisher\" content=\"https:\/\/www.facebook.com\/eldiario.bolivia\/\" \/>\n<meta property=\"article:published_time\" content=\"2022-02-02T09:40:37+00:00\" \/>\n<meta property=\"og:image\" content=\"https:\/\/www.eldiario.net\/portal\/wp-content\/uploads\/2022\/02\/pol-43.jpg\" \/>\n\t<meta property=\"og:image:width\" content=\"1600\" \/>\n\t<meta property=\"og:image:height\" content=\"1200\" \/>\n\t<meta property=\"og:image:type\" content=\"image\/jpeg\" \/>\n<meta name=\"author\" content=\"Jeanette\" \/>\n<meta name=\"twitter:card\" content=\"summary_large_image\" \/>\n<meta name=\"twitter:creator\" content=\"@eldiario_net\" \/>\n<meta name=\"twitter:site\" content=\"@eldiario_net\" \/>\n<meta name=\"twitter:label1\" content=\"Escrito por\" \/>\n\t<meta name=\"twitter:data1\" content=\"Jeanette\" \/>\n\t<meta name=\"twitter:label2\" content=\"Tiempo de lectura\" \/>\n\t<meta name=\"twitter:data2\" content=\"2 minutos\" \/>\n<script type=\"application\/ld+json\" class=\"yoast-schema-graph\">{\"@context\":\"https:\\\/\\\/schema.org\",\"@graph\":[{\"@type\":\"Article\",\"@id\":\"https:\\\/\\\/www.eldiario.net\\\/portal\\\/2022\\\/02\\\/02\\\/ley-corta-endurecera-sancion-para-el-delito-de-prevaricato\\\/#article\",\"isPartOf\":{\"@id\":\"https:\\\/\\\/www.eldiario.net\\\/portal\\\/2022\\\/02\\\/02\\\/ley-corta-endurecera-sancion-para-el-delito-de-prevaricato\\\/\"},\"author\":{\"name\":\"Jeanette\",\"@id\":\"https:\\\/\\\/www.eldiario.net\\\/portal\\\/#\\\/schema\\\/person\\\/f46445640444750d7d753ccd04ae01b7\"},\"headline\":\"Ley corta endurecer\u00e1 sanci\u00f3n para el delito de prevaricato\",\"datePublished\":\"2022-02-02T09:40:37+00:00\",\"mainEntityOfPage\":{\"@id\":\"https:\\\/\\\/www.eldiario.net\\\/portal\\\/2022\\\/02\\\/02\\\/ley-corta-endurecera-sancion-para-el-delito-de-prevaricato\\\/\"},\"wordCount\":286,\"publisher\":{\"@id\":\"https:\\\/\\\/www.eldiario.net\\\/portal\\\/#organization\"},\"image\":{\"@id\":\"https:\\\/\\\/www.eldiario.net\\\/portal\\\/2022\\\/02\\\/02\\\/ley-corta-endurecera-sancion-para-el-delito-de-prevaricato\\\/#primaryimage\"},\"thumbnailUrl\":\"https:\\\/\\\/www.eldiario.net\\\/portal\\\/wp-content\\\/uploads\\\/2022\\\/02\\\/pol-43.jpg\",\"articleSection\":[\"Pol\u00edtica\"],\"inLanguage\":\"es\"},{\"@type\":\"WebPage\",\"@id\":\"https:\\\/\\\/www.eldiario.net\\\/portal\\\/2022\\\/02\\\/02\\\/ley-corta-endurecera-sancion-para-el-delito-de-prevaricato\\\/\",\"url\":\"https:\\\/\\\/www.eldiario.net\\\/portal\\\/2022\\\/02\\\/02\\\/ley-corta-endurecera-sancion-para-el-delito-de-prevaricato\\\/\",\"name\":\"Ley corta endurecer\u00e1 sanci\u00f3n para el delito de prevaricato - El Diario - Bolivia\",\"isPartOf\":{\"@id\":\"https:\\\/\\\/www.eldiario.net\\\/portal\\\/#website\"},\"primaryImageOfPage\":{\"@id\":\"https:\\\/\\\/www.eldiario.net\\\/portal\\\/2022\\\/02\\\/02\\\/ley-corta-endurecera-sancion-para-el-delito-de-prevaricato\\\/#primaryimage\"},\"image\":{\"@id\":\"https:\\\/\\\/www.eldiario.net\\\/portal\\\/2022\\\/02\\\/02\\\/ley-corta-endurecera-sancion-para-el-delito-de-prevaricato\\\/#primaryimage\"},\"thumbnailUrl\":\"https:\\\/\\\/www.eldiario.net\\\/portal\\\/wp-content\\\/uploads\\\/2022\\\/02\\\/pol-43.jpg\",\"datePublished\":\"2022-02-02T09:40:37+00:00\",\"breadcrumb\":{\"@id\":\"https:\\\/\\\/www.eldiario.net\\\/portal\\\/2022\\\/02\\\/02\\\/ley-corta-endurecera-sancion-para-el-delito-de-prevaricato\\\/#breadcrumb\"},\"inLanguage\":\"es\",\"potentialAction\":[{\"@type\":\"ReadAction\",\"target\":[\"https:\\\/\\\/www.eldiario.net\\\/portal\\\/2022\\\/02\\\/02\\\/ley-corta-endurecera-sancion-para-el-delito-de-prevaricato\\\/\"]}]},{\"@type\":\"ImageObject\",\"inLanguage\":\"es\",\"@id\":\"https:\\\/\\\/www.eldiario.net\\\/portal\\\/2022\\\/02\\\/02\\\/ley-corta-endurecera-sancion-para-el-delito-de-prevaricato\\\/#primaryimage\",\"url\":\"https:\\\/\\\/www.eldiario.net\\\/portal\\\/wp-content\\\/uploads\\\/2022\\\/02\\\/pol-43.jpg\",\"contentUrl\":\"https:\\\/\\\/www.eldiario.net\\\/portal\\\/wp-content\\\/uploads\\\/2022\\\/02\\\/pol-43.jpg\",\"width\":1600,\"height\":1200,\"caption\":\"Juan Jos\u00e9 J\u00e1uregui, presidente de la Comisi\u00f3n de Constituci\u00f3n.\"},{\"@type\":\"BreadcrumbList\",\"@id\":\"https:\\\/\\\/www.eldiario.net\\\/portal\\\/2022\\\/02\\\/02\\\/ley-corta-endurecera-sancion-para-el-delito-de-prevaricato\\\/#breadcrumb\",\"itemListElement\":[{\"@type\":\"ListItem\",\"position\":1,\"name\":\"Portada\",\"item\":\"https:\\\/\\\/www.eldiario.net\\\/portal\\\/\"},{\"@type\":\"ListItem\",\"position\":2,\"name\":\"Ley corta endurecer\u00e1 sanci\u00f3n para el delito de prevaricato\"}]},{\"@type\":\"WebSite\",\"@id\":\"https:\\\/\\\/www.eldiario.net\\\/portal\\\/#website\",\"url\":\"https:\\\/\\\/www.eldiario.net\\\/portal\\\/\",\"name\":\"El Diario - Decano de la prensa nacional\",\"description\":\"El Diario - Decano de la prensa nacional\",\"publisher\":{\"@id\":\"https:\\\/\\\/www.eldiario.net\\\/portal\\\/#organization\"},\"potentialAction\":[{\"@type\":\"SearchAction\",\"target\":{\"@type\":\"EntryPoint\",\"urlTemplate\":\"https:\\\/\\\/www.eldiario.net\\\/portal\\\/?s={search_term_string}\"},\"query-input\":{\"@type\":\"PropertyValueSpecification\",\"valueRequired\":true,\"valueName\":\"search_term_string\"}}],\"inLanguage\":\"es\"},{\"@type\":\"Organization\",\"@id\":\"https:\\\/\\\/www.eldiario.net\\\/portal\\\/#organization\",\"name\":\"El Diario - Decano de la prensa nacional\",\"url\":\"https:\\\/\\\/www.eldiario.net\\\/portal\\\/\",\"logo\":{\"@type\":\"ImageObject\",\"inLanguage\":\"es\",\"@id\":\"https:\\\/\\\/www.eldiario.net\\\/portal\\\/#\\\/schema\\\/logo\\\/image\\\/\",\"url\":\"https:\\\/\\\/www.eldiario.net\\\/portal\\\/wp-content\\\/uploads\\\/2023\\\/07\\\/logo_ED.jpg\",\"contentUrl\":\"https:\\\/\\\/www.eldiario.net\\\/portal\\\/wp-content\\\/uploads\\\/2023\\\/07\\\/logo_ED.jpg\",\"width\":272,\"height\":52,\"caption\":\"El Diario - Decano de la prensa nacional\"},\"image\":{\"@id\":\"https:\\\/\\\/www.eldiario.net\\\/portal\\\/#\\\/schema\\\/logo\\\/image\\\/\"},\"sameAs\":[\"https:\\\/\\\/www.facebook.com\\\/eldiario.bolivia\\\/\",\"https:\\\/\\\/x.com\\\/eldiario_net\"]},{\"@type\":\"Person\",\"@id\":\"https:\\\/\\\/www.eldiario.net\\\/portal\\\/#\\\/schema\\\/person\\\/f46445640444750d7d753ccd04ae01b7\",\"name\":\"Jeanette\",\"image\":{\"@type\":\"ImageObject\",\"inLanguage\":\"es\",\"@id\":\"https:\\\/\\\/secure.gravatar.com\\\/avatar\\\/3ea2118a5f7dad2b7138b1187a6b7ee55f160b9968b66013c3a3ef39dd7e5798?s=96&d=mm&r=g\",\"url\":\"https:\\\/\\\/secure.gravatar.com\\\/avatar\\\/3ea2118a5f7dad2b7138b1187a6b7ee55f160b9968b66013c3a3ef39dd7e5798?s=96&d=mm&r=g\",\"contentUrl\":\"https:\\\/\\\/secure.gravatar.com\\\/avatar\\\/3ea2118a5f7dad2b7138b1187a6b7ee55f160b9968b66013c3a3ef39dd7e5798?s=96&d=mm&r=g\",\"caption\":\"Jeanette\"},\"sameAs\":[\"https:\\\/\\\/www.eldiario.net\\\/portal\"],\"url\":\"https:\\\/\\\/www.eldiario.net\\\/portal\\\/author\\\/jeanette\\\/\"}]}<\/script>\n<!-- \/ Yoast SEO plugin. -->","yoast_head_json":{"title":"Ley corta endurecer\u00e1 sanci\u00f3n para el delito de prevaricato - El Diario - Bolivia","robots":{"index":"index","follow":"follow","max-snippet":"max-snippet:-1","max-image-preview":"max-image-preview:large","max-video-preview":"max-video-preview:-1"},"canonical":"https:\/\/www.eldiario.net\/portal\/2022\/02\/02\/ley-corta-endurecera-sancion-para-el-delito-de-prevaricato\/","og_locale":"es_ES","og_type":"article","og_title":"Ley corta endurecer\u00e1 sanci\u00f3n para el delito de prevaricato - El Diario - Bolivia","og_description":"El presidente de la Comisi\u00f3n de Constituci\u00f3n, Legislaci\u00f3n y Sistema Electoral de la C\u00e1mara de Diputados, Juan Jos\u00e9 J\u00e1uregui, inform\u00f3 que el Legislativo trabaja una ley corta para endurecer las sanciones para jueces que cometan el delito de prevaricato en casos de violaci\u00f3n y feminicidio. \u201cEstamos dise\u00f1ando una ley corta que agrave la pena; pero, [&hellip;]","og_url":"https:\/\/www.eldiario.net\/portal\/2022\/02\/02\/ley-corta-endurecera-sancion-para-el-delito-de-prevaricato\/","og_site_name":"El Diario - Bolivia","article_publisher":"https:\/\/www.facebook.com\/eldiario.bolivia\/","article_published_time":"2022-02-02T09:40:37+00:00","og_image":[{"width":1600,"height":1200,"url":"https:\/\/www.eldiario.net\/portal\/wp-content\/uploads\/2022\/02\/pol-43.jpg","type":"image\/jpeg"}],"author":"Jeanette","twitter_card":"summary_large_image","twitter_creator":"@eldiario_net","twitter_site":"@eldiario_net","twitter_misc":{"Escrito por":"Jeanette","Tiempo de lectura":"2 minutos"},"schema":{"@context":"https:\/\/schema.org","@graph":[{"@type":"Article","@id":"https:\/\/www.eldiario.net\/portal\/2022\/02\/02\/ley-corta-endurecera-sancion-para-el-delito-de-prevaricato\/#article","isPartOf":{"@id":"https:\/\/www.eldiario.net\/portal\/2022\/02\/02\/ley-corta-endurecera-sancion-para-el-delito-de-prevaricato\/"},"author":{"name":"Jeanette","@id":"https:\/\/www.eldiario.net\/portal\/#\/schema\/person\/f46445640444750d7d753ccd04ae01b7"},"headline":"Ley corta endurecer\u00e1 sanci\u00f3n para el delito de prevaricato","datePublished":"2022-02-02T09:40:37+00:00","mainEntityOfPage":{"@id":"https:\/\/www.eldiario.net\/portal\/2022\/02\/02\/ley-corta-endurecera-sancion-para-el-delito-de-prevaricato\/"},"wordCount":286,"publisher":{"@id":"https:\/\/www.eldiario.net\/portal\/#organization"},"image":{"@id":"https:\/\/www.eldiario.net\/portal\/2022\/02\/02\/ley-corta-endurecera-sancion-para-el-delito-de-prevaricato\/#primaryimage"},"thumbnailUrl":"https:\/\/www.eldiario.net\/portal\/wp-content\/uploads\/2022\/02\/pol-43.jpg","articleSection":["Pol\u00edtica"],"inLanguage":"es"},{"@type":"WebPage","@id":"https:\/\/www.eldiario.net\/portal\/2022\/02\/02\/ley-corta-endurecera-sancion-para-el-delito-de-prevaricato\/","url":"https:\/\/www.eldiario.net\/portal\/2022\/02\/02\/ley-corta-endurecera-sancion-para-el-delito-de-prevaricato\/","name":"Ley corta endurecer\u00e1 sanci\u00f3n para el delito de prevaricato - El Diario - Bolivia","isPartOf":{"@id":"https:\/\/www.eldiario.net\/portal\/#website"},"primaryImageOfPage":{"@id":"https:\/\/www.eldiario.net\/portal\/2022\/02\/02\/ley-corta-endurecera-sancion-para-el-delito-de-prevaricato\/#primaryimage"},"image":{"@id":"https:\/\/www.eldiario.net\/portal\/2022\/02\/02\/ley-corta-endurecera-sancion-para-el-delito-de-prevaricato\/#primaryimage"},"thumbnailUrl":"https:\/\/www.eldiario.net\/portal\/wp-content\/uploads\/2022\/02\/pol-43.jpg","datePublished":"2022-02-02T09:40:37+00:00","breadcrumb":{"@id":"https:\/\/www.eldiario.net\/portal\/2022\/02\/02\/ley-corta-endurecera-sancion-para-el-delito-de-prevaricato\/#breadcrumb"},"inLanguage":"es","potentialAction":[{"@type":"ReadAction","target":["https:\/\/www.eldiario.net\/portal\/2022\/02\/02\/ley-corta-endurecera-sancion-para-el-delito-de-prevaricato\/"]}]},{"@type":"ImageObject","inLanguage":"es","@id":"https:\/\/www.eldiario.net\/portal\/2022\/02\/02\/ley-corta-endurecera-sancion-para-el-delito-de-prevaricato\/#primaryimage","url":"https:\/\/www.eldiario.net\/portal\/wp-content\/uploads\/2022\/02\/pol-43.jpg","contentUrl":"https:\/\/www.eldiario.net\/portal\/wp-content\/uploads\/2022\/02\/pol-43.jpg","width":1600,"height":1200,"caption":"Juan Jos\u00e9 J\u00e1uregui, presidente de la Comisi\u00f3n de Constituci\u00f3n."},{"@type":"BreadcrumbList","@id":"https:\/\/www.eldiario.net\/portal\/2022\/02\/02\/ley-corta-endurecera-sancion-para-el-delito-de-prevaricato\/#breadcrumb","itemListElement":[{"@type":"ListItem","position":1,"name":"Portada","item":"https:\/\/www.eldiario.net\/portal\/"},{"@type":"ListItem","position":2,"name":"Ley corta endurecer\u00e1 sanci\u00f3n para el delito de prevaricato"}]},{"@type":"WebSite","@id":"https:\/\/www.eldiario.net\/portal\/#website","url":"https:\/\/www.eldiario.net\/portal\/","name":"El Diario - Decano de la prensa nacional","description":"El Diario - Decano de la prensa nacional","publisher":{"@id":"https:\/\/www.eldiario.net\/portal\/#organization"},"potentialAction":[{"@type":"SearchAction","target":{"@type":"EntryPoint","urlTemplate":"https:\/\/www.eldiario.net\/portal\/?s={search_term_string}"},"query-input":{"@type":"PropertyValueSpecification","valueRequired":true,"valueName":"search_term_string"}}],"inLanguage":"es"},{"@type":"Organization","@id":"https:\/\/www.eldiario.net\/portal\/#organization","name":"El Diario - Decano de la prensa nacional","url":"https:\/\/www.eldiario.net\/portal\/","logo":{"@type":"ImageObject","inLanguage":"es","@id":"https:\/\/www.eldiario.net\/portal\/#\/schema\/logo\/image\/","url":"https:\/\/www.eldiario.net\/portal\/wp-content\/uploads\/2023\/07\/logo_ED.jpg","contentUrl":"https:\/\/www.eldiario.net\/portal\/wp-content\/uploads\/2023\/07\/logo_ED.jpg","width":272,"height":52,"caption":"El Diario - Decano de la prensa nacional"},"image":{"@id":"https:\/\/www.eldiario.net\/portal\/#\/schema\/logo\/image\/"},"sameAs":["https:\/\/www.facebook.com\/eldiario.bolivia\/","https:\/\/x.com\/eldiario_net"]},{"@type":"Person","@id":"https:\/\/www.eldiario.net\/portal\/#\/schema\/person\/f46445640444750d7d753ccd04ae01b7","name":"Jeanette","image":{"@type":"ImageObject","inLanguage":"es","@id":"https:\/\/secure.gravatar.com\/avatar\/3ea2118a5f7dad2b7138b1187a6b7ee55f160b9968b66013c3a3ef39dd7e5798?s=96&d=mm&r=g","url":"https:\/\/secure.gravatar.com\/avatar\/3ea2118a5f7dad2b7138b1187a6b7ee55f160b9968b66013c3a3ef39dd7e5798?s=96&d=mm&r=g","contentUrl":"https:\/\/secure.gravatar.com\/avatar\/3ea2118a5f7dad2b7138b1187a6b7ee55f160b9968b66013c3a3ef39dd7e5798?s=96&d=mm&r=g","caption":"Jeanette"},"sameAs":["https:\/\/www.eldiario.net\/portal"],"url":"https:\/\/www.eldiario.net\/portal\/author\/jeanette\/"}]}},"_links":{"self":[{"href":"https:\/\/www.eldiario.net\/portal\/wp-json\/wp\/v2\/posts\/60493","targetHints":{"allow":["GET"]}}],"collection":[{"href":"https:\/\/www.eldiario.net\/portal\/wp-json\/wp\/v2\/posts"}],"about":[{"href":"https:\/\/www.eldiario.net\/portal\/wp-json\/wp\/v2\/types\/post"}],"author":[{"embeddable":true,"href":"https:\/\/www.eldiario.net\/portal\/wp-json\/wp\/v2\/users\/1"}],"replies":[{"embeddable":true,"href":"https:\/\/www.eldiario.net\/portal\/wp-json\/wp\/v2\/comments?post=60493"}],"version-history":[{"count":0,"href":"https:\/\/www.eldiario.net\/portal\/wp-json\/wp\/v2\/posts\/60493\/revisions"}],"wp:featuredmedia":[{"embeddable":true,"href":"https:\/\/www.eldiario.net\/portal\/wp-json\/wp\/v2\/media\/60494"}],"wp:attachment":[{"href":"https:\/\/www.eldiario.net\/portal\/wp-json\/wp\/v2\/media?parent=60493"}],"wp:term":[{"taxonomy":"category","embeddable":true,"href":"https:\/\/www.eldiario.net\/portal\/wp-json\/wp\/v2\/categories?post=60493"},{"taxonomy":"post_tag","embeddable":true,"href":"https:\/\/www.eldiario.net\/portal\/wp-json\/wp\/v2\/tags?post=60493"}],"curies":[{"name":"wp","href":"https:\/\/api.w.org\/{rel}","templated":true}]}}