{"id":60491,"date":"2022-02-02T05:40:01","date_gmt":"2022-02-02T09:40:01","guid":{"rendered":"https:\/\/www.eldiario.net\/portal\/?p=60491"},"modified":"2022-02-02T05:40:01","modified_gmt":"2022-02-02T09:40:01","slug":"exconsul-denuncia-extorsion-por-allegado-al-mas","status":"publish","type":"post","link":"https:\/\/www.eldiario.net\/portal\/2022\/02\/02\/exconsul-denuncia-extorsion-por-allegado-al-mas\/","title":{"rendered":"Exc\u00f3nsul denuncia  extorsi\u00f3n por  allegado al MAS"},"content":{"rendered":"<p>El exc\u00f3nsul de Bolivia en Ucrania, Jos\u00e9 Vladimir Tordoya Rojas, denunci\u00f3 que un allegado al Movimiento al Socialismo (MAS), Marcelo Rodrigo Mendoza \u00c1lvares, pretend\u00eda cobrarle alrededor de $us 100 mil para que se mantenga en el cargo. Indic\u00f3 que pag\u00f3 $us 7 mil para que le solucione un problema.<br \/>\n\u201cMe dice, mira Jos\u00e9 no s\u00e9 qu\u00e9 est\u00e1s reclamando si t\u00fa en doce a\u00f1os de trabajo no has pagado nada a nadie y ahora t\u00fa quieres solucionar con esa miseria ($us 7 mil) de dinero que me has enviado. Tu renombramiento actual cuesta 100 mil d\u00f3lares, me dice. \u00bfC\u00f3mo? -le dije-. T\u00fa est\u00e1s loco, si yo tuviera ese dinero para que estar\u00eda yo reclamando todo esto\u201d, manifest\u00f3 Rojas en contacto con la ANF.<br \/>\nRojas envi\u00f3 una carta abierta al presidente Luis Arce en el que le recuerda que el 4 de noviembre del a\u00f1o pasado fue destituido del cargo, despu\u00e9s de 12 a\u00f1os, en medio de irregularidades, \u201cpresiones y chantajes\u201d.<br \/>\nAdem\u00e1s, denunci\u00f3 que fue extorsionado para mantenerse en el cargo de c\u00f3nsul honorario. \u201cEl se\u00f1or Marcelo Mendoza y su esposa, Sandra Quiroga, una funcionaria de la Contralor\u00eda General del Estado, me han extorsionado en nombre de la Canciller\u00eda del Estado. Se\u00f1or Presidente, la corrupci\u00f3n en la Canciller\u00eda ha llegado a niveles alarmantes que puedo demostrar si el caso lo amerita\u201d, indica en otra parte de la carta.<br \/>\nPor su parte, la Canciller\u00eda de Bolivia desminti\u00f3 las denuncias de supuestos hechos de corrupci\u00f3n. Aclar\u00f3 que tras haberse detectado una serie de irregularidades en la representaci\u00f3n honoraria de Tordoya, como ser la emisi\u00f3n de visados sin cumplir las directrices emitidas por esta Entidad, se determin\u00f3 el cese en sus funciones el 4 de noviembre de 2021.<\/p>\n","protected":false},"excerpt":{"rendered":"<p>El exc\u00f3nsul de Bolivia en Ucrania, Jos\u00e9 Vladimir Tordoya Rojas, denunci\u00f3 que un allegado al Movimiento al Socialismo (MAS), Marcelo Rodrigo Mendoza \u00c1lvares, pretend\u00eda cobrarle alrededor de $us 100 mil para que se mantenga en el cargo. Indic\u00f3 que pag\u00f3 $us 7 mil para que le solucione un problema. \u201cMe dice, mira Jos\u00e9 no s\u00e9 [&hellip;]<\/p>\n","protected":false},"author":1,"featured_media":0,"comment_status":"closed","ping_status":"closed","sticky":false,"template":"","format":"standard","meta":{"_acf_changed":false,"footnotes":""},"categories":[14],"tags":[],"class_list":["post-60491","post","type-post","status-publish","format-standard","category-politica"],"acf":{"antetitulo":""},"yoast_head":"<!-- This site is optimized with the Yoast SEO plugin v28.4 - https:\/\/yoast.com\/product\/yoast-seo-wordpress\/ -->\n<title>Exc\u00f3nsul denuncia extorsi\u00f3n por allegado al MAS - El Diario - Bolivia<\/title>\n<meta name=\"robots\" content=\"index, follow, max-snippet:-1, max-image-preview:large, max-video-preview:-1\" \/>\n<link rel=\"canonical\" href=\"https:\/\/www.eldiario.net\/portal\/2022\/02\/02\/exconsul-denuncia-extorsion-por-allegado-al-mas\/\" \/>\n<meta property=\"og:locale\" content=\"es_ES\" \/>\n<meta property=\"og:type\" content=\"article\" \/>\n<meta property=\"og:title\" content=\"Exc\u00f3nsul denuncia extorsi\u00f3n por allegado al MAS - El Diario - Bolivia\" \/>\n<meta property=\"og:description\" content=\"El exc\u00f3nsul de Bolivia en Ucrania, Jos\u00e9 Vladimir Tordoya Rojas, denunci\u00f3 que un allegado al Movimiento al Socialismo (MAS), Marcelo Rodrigo Mendoza \u00c1lvares, pretend\u00eda cobrarle alrededor de $us 100 mil para que se mantenga en el cargo. Indic\u00f3 que pag\u00f3 $us 7 mil para que le solucione un problema. \u201cMe dice, mira Jos\u00e9 no s\u00e9 [&hellip;]\" \/>\n<meta property=\"og:url\" content=\"https:\/\/www.eldiario.net\/portal\/2022\/02\/02\/exconsul-denuncia-extorsion-por-allegado-al-mas\/\" \/>\n<meta property=\"og:site_name\" content=\"El Diario - Bolivia\" \/>\n<meta property=\"article:publisher\" content=\"https:\/\/www.facebook.com\/eldiario.bolivia\/\" \/>\n<meta property=\"article:published_time\" content=\"2022-02-02T09:40:01+00:00\" \/>\n<meta name=\"author\" content=\"Jeanette\" \/>\n<meta name=\"twitter:card\" content=\"summary_large_image\" \/>\n<meta name=\"twitter:creator\" content=\"@eldiario_net\" \/>\n<meta name=\"twitter:site\" content=\"@eldiario_net\" \/>\n<meta name=\"twitter:label1\" content=\"Escrito por\" \/>\n\t<meta name=\"twitter:data1\" content=\"Jeanette\" \/>\n\t<meta name=\"twitter:label2\" content=\"Tiempo de lectura\" \/>\n\t<meta name=\"twitter:data2\" content=\"2 minutos\" \/>\n<script type=\"application\/ld+json\" class=\"yoast-schema-graph\">{\"@context\":\"https:\\\/\\\/schema.org\",\"@graph\":[{\"@type\":\"Article\",\"@id\":\"https:\\\/\\\/www.eldiario.net\\\/portal\\\/2022\\\/02\\\/02\\\/exconsul-denuncia-extorsion-por-allegado-al-mas\\\/#article\",\"isPartOf\":{\"@id\":\"https:\\\/\\\/www.eldiario.net\\\/portal\\\/2022\\\/02\\\/02\\\/exconsul-denuncia-extorsion-por-allegado-al-mas\\\/\"},\"author\":{\"name\":\"Jeanette\",\"@id\":\"https:\\\/\\\/www.eldiario.net\\\/portal\\\/#\\\/schema\\\/person\\\/f46445640444750d7d753ccd04ae01b7\"},\"headline\":\"Exc\u00f3nsul denuncia extorsi\u00f3n por allegado al MAS\",\"datePublished\":\"2022-02-02T09:40:01+00:00\",\"mainEntityOfPage\":{\"@id\":\"https:\\\/\\\/www.eldiario.net\\\/portal\\\/2022\\\/02\\\/02\\\/exconsul-denuncia-extorsion-por-allegado-al-mas\\\/\"},\"wordCount\":307,\"publisher\":{\"@id\":\"https:\\\/\\\/www.eldiario.net\\\/portal\\\/#organization\"},\"articleSection\":[\"Pol\u00edtica\"],\"inLanguage\":\"es\"},{\"@type\":\"WebPage\",\"@id\":\"https:\\\/\\\/www.eldiario.net\\\/portal\\\/2022\\\/02\\\/02\\\/exconsul-denuncia-extorsion-por-allegado-al-mas\\\/\",\"url\":\"https:\\\/\\\/www.eldiario.net\\\/portal\\\/2022\\\/02\\\/02\\\/exconsul-denuncia-extorsion-por-allegado-al-mas\\\/\",\"name\":\"Exc\u00f3nsul denuncia extorsi\u00f3n por allegado al MAS - El Diario - Bolivia\",\"isPartOf\":{\"@id\":\"https:\\\/\\\/www.eldiario.net\\\/portal\\\/#website\"},\"datePublished\":\"2022-02-02T09:40:01+00:00\",\"breadcrumb\":{\"@id\":\"https:\\\/\\\/www.eldiario.net\\\/portal\\\/2022\\\/02\\\/02\\\/exconsul-denuncia-extorsion-por-allegado-al-mas\\\/#breadcrumb\"},\"inLanguage\":\"es\",\"potentialAction\":[{\"@type\":\"ReadAction\",\"target\":[\"https:\\\/\\\/www.eldiario.net\\\/portal\\\/2022\\\/02\\\/02\\\/exconsul-denuncia-extorsion-por-allegado-al-mas\\\/\"]}]},{\"@type\":\"BreadcrumbList\",\"@id\":\"https:\\\/\\\/www.eldiario.net\\\/portal\\\/2022\\\/02\\\/02\\\/exconsul-denuncia-extorsion-por-allegado-al-mas\\\/#breadcrumb\",\"itemListElement\":[{\"@type\":\"ListItem\",\"position\":1,\"name\":\"Portada\",\"item\":\"https:\\\/\\\/www.eldiario.net\\\/portal\\\/\"},{\"@type\":\"ListItem\",\"position\":2,\"name\":\"Exc\u00f3nsul denuncia extorsi\u00f3n por allegado al MAS\"}]},{\"@type\":\"WebSite\",\"@id\":\"https:\\\/\\\/www.eldiario.net\\\/portal\\\/#website\",\"url\":\"https:\\\/\\\/www.eldiario.net\\\/portal\\\/\",\"name\":\"El Diario - Decano de la prensa nacional\",\"description\":\"El Diario - Decano de la prensa nacional\",\"publisher\":{\"@id\":\"https:\\\/\\\/www.eldiario.net\\\/portal\\\/#organization\"},\"potentialAction\":[{\"@type\":\"SearchAction\",\"target\":{\"@type\":\"EntryPoint\",\"urlTemplate\":\"https:\\\/\\\/www.eldiario.net\\\/portal\\\/?s={search_term_string}\"},\"query-input\":{\"@type\":\"PropertyValueSpecification\",\"valueRequired\":true,\"valueName\":\"search_term_string\"}}],\"inLanguage\":\"es\"},{\"@type\":\"Organization\",\"@id\":\"https:\\\/\\\/www.eldiario.net\\\/portal\\\/#organization\",\"name\":\"El Diario - Decano de la prensa nacional\",\"url\":\"https:\\\/\\\/www.eldiario.net\\\/portal\\\/\",\"logo\":{\"@type\":\"ImageObject\",\"inLanguage\":\"es\",\"@id\":\"https:\\\/\\\/www.eldiario.net\\\/portal\\\/#\\\/schema\\\/logo\\\/image\\\/\",\"url\":\"https:\\\/\\\/www.eldiario.net\\\/portal\\\/wp-content\\\/uploads\\\/2023\\\/07\\\/logo_ED.jpg\",\"contentUrl\":\"https:\\\/\\\/www.eldiario.net\\\/portal\\\/wp-content\\\/uploads\\\/2023\\\/07\\\/logo_ED.jpg\",\"width\":272,\"height\":52,\"caption\":\"El Diario - Decano de la prensa nacional\"},\"image\":{\"@id\":\"https:\\\/\\\/www.eldiario.net\\\/portal\\\/#\\\/schema\\\/logo\\\/image\\\/\"},\"sameAs\":[\"https:\\\/\\\/www.facebook.com\\\/eldiario.bolivia\\\/\",\"https:\\\/\\\/x.com\\\/eldiario_net\"]},{\"@type\":\"Person\",\"@id\":\"https:\\\/\\\/www.eldiario.net\\\/portal\\\/#\\\/schema\\\/person\\\/f46445640444750d7d753ccd04ae01b7\",\"name\":\"Jeanette\",\"image\":{\"@type\":\"ImageObject\",\"inLanguage\":\"es\",\"@id\":\"https:\\\/\\\/secure.gravatar.com\\\/avatar\\\/3ea2118a5f7dad2b7138b1187a6b7ee55f160b9968b66013c3a3ef39dd7e5798?s=96&d=mm&r=g\",\"url\":\"https:\\\/\\\/secure.gravatar.com\\\/avatar\\\/3ea2118a5f7dad2b7138b1187a6b7ee55f160b9968b66013c3a3ef39dd7e5798?s=96&d=mm&r=g\",\"contentUrl\":\"https:\\\/\\\/secure.gravatar.com\\\/avatar\\\/3ea2118a5f7dad2b7138b1187a6b7ee55f160b9968b66013c3a3ef39dd7e5798?s=96&d=mm&r=g\",\"caption\":\"Jeanette\"},\"sameAs\":[\"https:\\\/\\\/www.eldiario.net\\\/portal\"],\"url\":\"https:\\\/\\\/www.eldiario.net\\\/portal\\\/author\\\/jeanette\\\/\"}]}<\/script>\n<!-- \/ Yoast SEO plugin. -->","yoast_head_json":{"title":"Exc\u00f3nsul denuncia extorsi\u00f3n por allegado al MAS - El Diario - Bolivia","robots":{"index":"index","follow":"follow","max-snippet":"max-snippet:-1","max-image-preview":"max-image-preview:large","max-video-preview":"max-video-preview:-1"},"canonical":"https:\/\/www.eldiario.net\/portal\/2022\/02\/02\/exconsul-denuncia-extorsion-por-allegado-al-mas\/","og_locale":"es_ES","og_type":"article","og_title":"Exc\u00f3nsul denuncia extorsi\u00f3n por allegado al MAS - El Diario - Bolivia","og_description":"El exc\u00f3nsul de Bolivia en Ucrania, Jos\u00e9 Vladimir Tordoya Rojas, denunci\u00f3 que un allegado al Movimiento al Socialismo (MAS), Marcelo Rodrigo Mendoza \u00c1lvares, pretend\u00eda cobrarle alrededor de $us 100 mil para que se mantenga en el cargo. Indic\u00f3 que pag\u00f3 $us 7 mil para que le solucione un problema. \u201cMe dice, mira Jos\u00e9 no s\u00e9 [&hellip;]","og_url":"https:\/\/www.eldiario.net\/portal\/2022\/02\/02\/exconsul-denuncia-extorsion-por-allegado-al-mas\/","og_site_name":"El Diario - Bolivia","article_publisher":"https:\/\/www.facebook.com\/eldiario.bolivia\/","article_published_time":"2022-02-02T09:40:01+00:00","author":"Jeanette","twitter_card":"summary_large_image","twitter_creator":"@eldiario_net","twitter_site":"@eldiario_net","twitter_misc":{"Escrito por":"Jeanette","Tiempo de lectura":"2 minutos"},"schema":{"@context":"https:\/\/schema.org","@graph":[{"@type":"Article","@id":"https:\/\/www.eldiario.net\/portal\/2022\/02\/02\/exconsul-denuncia-extorsion-por-allegado-al-mas\/#article","isPartOf":{"@id":"https:\/\/www.eldiario.net\/portal\/2022\/02\/02\/exconsul-denuncia-extorsion-por-allegado-al-mas\/"},"author":{"name":"Jeanette","@id":"https:\/\/www.eldiario.net\/portal\/#\/schema\/person\/f46445640444750d7d753ccd04ae01b7"},"headline":"Exc\u00f3nsul denuncia extorsi\u00f3n por allegado al MAS","datePublished":"2022-02-02T09:40:01+00:00","mainEntityOfPage":{"@id":"https:\/\/www.eldiario.net\/portal\/2022\/02\/02\/exconsul-denuncia-extorsion-por-allegado-al-mas\/"},"wordCount":307,"publisher":{"@id":"https:\/\/www.eldiario.net\/portal\/#organization"},"articleSection":["Pol\u00edtica"],"inLanguage":"es"},{"@type":"WebPage","@id":"https:\/\/www.eldiario.net\/portal\/2022\/02\/02\/exconsul-denuncia-extorsion-por-allegado-al-mas\/","url":"https:\/\/www.eldiario.net\/portal\/2022\/02\/02\/exconsul-denuncia-extorsion-por-allegado-al-mas\/","name":"Exc\u00f3nsul denuncia extorsi\u00f3n por allegado al MAS - El Diario - Bolivia","isPartOf":{"@id":"https:\/\/www.eldiario.net\/portal\/#website"},"datePublished":"2022-02-02T09:40:01+00:00","breadcrumb":{"@id":"https:\/\/www.eldiario.net\/portal\/2022\/02\/02\/exconsul-denuncia-extorsion-por-allegado-al-mas\/#breadcrumb"},"inLanguage":"es","potentialAction":[{"@type":"ReadAction","target":["https:\/\/www.eldiario.net\/portal\/2022\/02\/02\/exconsul-denuncia-extorsion-por-allegado-al-mas\/"]}]},{"@type":"BreadcrumbList","@id":"https:\/\/www.eldiario.net\/portal\/2022\/02\/02\/exconsul-denuncia-extorsion-por-allegado-al-mas\/#breadcrumb","itemListElement":[{"@type":"ListItem","position":1,"name":"Portada","item":"https:\/\/www.eldiario.net\/portal\/"},{"@type":"ListItem","position":2,"name":"Exc\u00f3nsul denuncia extorsi\u00f3n por allegado al MAS"}]},{"@type":"WebSite","@id":"https:\/\/www.eldiario.net\/portal\/#website","url":"https:\/\/www.eldiario.net\/portal\/","name":"El Diario - Decano de la prensa nacional","description":"El Diario - Decano de la prensa nacional","publisher":{"@id":"https:\/\/www.eldiario.net\/portal\/#organization"},"potentialAction":[{"@type":"SearchAction","target":{"@type":"EntryPoint","urlTemplate":"https:\/\/www.eldiario.net\/portal\/?s={search_term_string}"},"query-input":{"@type":"PropertyValueSpecification","valueRequired":true,"valueName":"search_term_string"}}],"inLanguage":"es"},{"@type":"Organization","@id":"https:\/\/www.eldiario.net\/portal\/#organization","name":"El Diario - Decano de la prensa nacional","url":"https:\/\/www.eldiario.net\/portal\/","logo":{"@type":"ImageObject","inLanguage":"es","@id":"https:\/\/www.eldiario.net\/portal\/#\/schema\/logo\/image\/","url":"https:\/\/www.eldiario.net\/portal\/wp-content\/uploads\/2023\/07\/logo_ED.jpg","contentUrl":"https:\/\/www.eldiario.net\/portal\/wp-content\/uploads\/2023\/07\/logo_ED.jpg","width":272,"height":52,"caption":"El Diario - Decano de la prensa nacional"},"image":{"@id":"https:\/\/www.eldiario.net\/portal\/#\/schema\/logo\/image\/"},"sameAs":["https:\/\/www.facebook.com\/eldiario.bolivia\/","https:\/\/x.com\/eldiario_net"]},{"@type":"Person","@id":"https:\/\/www.eldiario.net\/portal\/#\/schema\/person\/f46445640444750d7d753ccd04ae01b7","name":"Jeanette","image":{"@type":"ImageObject","inLanguage":"es","@id":"https:\/\/secure.gravatar.com\/avatar\/3ea2118a5f7dad2b7138b1187a6b7ee55f160b9968b66013c3a3ef39dd7e5798?s=96&d=mm&r=g","url":"https:\/\/secure.gravatar.com\/avatar\/3ea2118a5f7dad2b7138b1187a6b7ee55f160b9968b66013c3a3ef39dd7e5798?s=96&d=mm&r=g","contentUrl":"https:\/\/secure.gravatar.com\/avatar\/3ea2118a5f7dad2b7138b1187a6b7ee55f160b9968b66013c3a3ef39dd7e5798?s=96&d=mm&r=g","caption":"Jeanette"},"sameAs":["https:\/\/www.eldiario.net\/portal"],"url":"https:\/\/www.eldiario.net\/portal\/author\/jeanette\/"}]}},"_links":{"self":[{"href":"https:\/\/www.eldiario.net\/portal\/wp-json\/wp\/v2\/posts\/60491","targetHints":{"allow":["GET"]}}],"collection":[{"href":"https:\/\/www.eldiario.net\/portal\/wp-json\/wp\/v2\/posts"}],"about":[{"href":"https:\/\/www.eldiario.net\/portal\/wp-json\/wp\/v2\/types\/post"}],"author":[{"embeddable":true,"href":"https:\/\/www.eldiario.net\/portal\/wp-json\/wp\/v2\/users\/1"}],"replies":[{"embeddable":true,"href":"https:\/\/www.eldiario.net\/portal\/wp-json\/wp\/v2\/comments?post=60491"}],"version-history":[{"count":0,"href":"https:\/\/www.eldiario.net\/portal\/wp-json\/wp\/v2\/posts\/60491\/revisions"}],"wp:attachment":[{"href":"https:\/\/www.eldiario.net\/portal\/wp-json\/wp\/v2\/media?parent=60491"}],"wp:term":[{"taxonomy":"category","embeddable":true,"href":"https:\/\/www.eldiario.net\/portal\/wp-json\/wp\/v2\/categories?post=60491"},{"taxonomy":"post_tag","embeddable":true,"href":"https:\/\/www.eldiario.net\/portal\/wp-json\/wp\/v2\/tags?post=60491"}],"curies":[{"name":"wp","href":"https:\/\/api.w.org\/{rel}","templated":true}]}}