{"id":60487,"date":"2022-02-02T05:39:16","date_gmt":"2022-02-02T09:39:16","guid":{"rendered":"https:\/\/www.eldiario.net\/portal\/?p=60487"},"modified":"2022-02-02T05:39:16","modified_gmt":"2022-02-02T09:39:16","slug":"coem-analizara-posibilidad-de-retornar-a-clases-presenciales","status":"publish","type":"post","link":"https:\/\/www.eldiario.net\/portal\/2022\/02\/02\/coem-analizara-posibilidad-de-retornar-a-clases-presenciales\/","title":{"rendered":"COEM analizar\u00e1 posibilidad de  retornar a clases presenciales"},"content":{"rendered":"<p>El Comit\u00e9 de Operaciones de Emergencia Municipal (COEM) de La Paz analizar\u00e1 los logros de la \u201cCruzada por la Vida\u201d de vacunaci\u00f3n en domicilios, la contrataci\u00f3n del desayuno escolar y la posibilidad de retornar a clases presenciales. La reuni\u00f3n del COEM ha sido convocada por el alcalde Iv\u00e1n Arias para este jueves 3 de febrero.<br \/>\n\u201cPara el jueves estoy convocando a un COEM para explicar precisamente un avance y los logros que estamos teniendo con la \u201cCruzada por la Vida\u201d y en funci\u00f3n de esa informaci\u00f3n tambi\u00e9n tomar medidas de cara a la salud, de cara a la educaci\u00f3n y de cara a la econom\u00eda\u201d, anunci\u00f3 Arias, despu\u00e9s de inaugurar el a\u00f1o escolar 2022 en la unidad educativa Juana Azurduy de Padilla.<br \/>\nAdelant\u00f3 que de acuerdo con el informe sobre el avance de la vacunaci\u00f3n casa por casa, en menos de 15 d\u00edas de campa\u00f1a de visita a los domicilios de los pace\u00f1os ya se protegi\u00f3 a m\u00e1s de 21.000 personas.<br \/>\n\u201cCreo que es importante que la ciudad de La Paz se manifieste, qu\u00e9 hacemos en adelante con la econom\u00eda, qu\u00e9 hacemos en adelante con la salud y qu\u00e9 hacemos en adelante con la educaci\u00f3n, por eso creo que el jueves en la ma\u00f1ana las fuerzas vivas y econ\u00f3micas del municipio se reunir\u00e1n para decidir las medidas que se van a tomar\u201d, lanz\u00f3 Arias los temas de la reuni\u00f3n del COEM.<br \/>\nEl Alcalde de La Paz destac\u00f3 la respuesta de la poblaci\u00f3n a la \u201cCruzada por la Vida\u201d de vacunaci\u00f3n casa por casa, porque en 15 d\u00edas ya se vacunaron a m\u00e1s de 21 mil personas en los domicilios de los pace\u00f1os. Afirm\u00f3 que esta situaci\u00f3n coloca al municipio de La Paz como la m\u00e1s protegida del virus.<br \/>\n\u201cVamos a seguir (con la vacunaci\u00f3n casa por casa), por eso nos ponemos como meta la posibilidad de iniciar clases presenciales plenas a partir del mes de marzo como una meta municipal, como una meta que nos permita que los alumnos vuelvan a clases, ese es el mayor desaf\u00edo\u201d, dijo el alcalde Arias.<br \/>\nPara ello, asever\u00f3 Arias, se est\u00e1 trabajando en la programaci\u00f3n de una campa\u00f1a de vacunaci\u00f3n escuela por escuela y para el efecto se instalar\u00e1n puntos de inoculaci\u00f3n en cada uno de los establecimientos escolares, inform\u00f3 AMUN.<br \/>\nA\u00f1adi\u00f3 que otro de los temas que se informar\u00e1 en el COE Municipal es el contenido del desayuno escolar, cuya distribuci\u00f3n se produce al mismo tiempo que se inician las labores educativas de la gesti\u00f3n 2022.<br \/>\nEl secretario municipal de Culturas, Rodney Miranda, anunci\u00f3 la noche del lunes que se realizar\u00e1 el carnaval pace\u00f1o con el cumplimiento estricto de las medidas de bioseguridad, pero un borrador del protocolo, que est\u00e1 en elaboraci\u00f3n, ser\u00e1 presentado en la reuni\u00f3n del COE Municipal del jueves.<\/p>\n","protected":false},"excerpt":{"rendered":"<p>El Comit\u00e9 de Operaciones de Emergencia Municipal (COEM) de La Paz analizar\u00e1 los logros de la \u201cCruzada por la Vida\u201d de vacunaci\u00f3n en domicilios, la contrataci\u00f3n del desayuno escolar y la posibilidad de retornar a clases presenciales. La reuni\u00f3n del COEM ha sido convocada por el alcalde Iv\u00e1n Arias para este jueves 3 de febrero. [&hellip;]<\/p>\n","protected":false},"author":1,"featured_media":60490,"comment_status":"closed","ping_status":"closed","sticky":false,"template":"","format":"standard","meta":{"_acf_changed":false,"footnotes":""},"categories":[12],"tags":[],"class_list":["post-60487","post","type-post","status-publish","format-standard","has-post-thumbnail","category-nacional"],"acf":{"antetitulo":""},"yoast_head":"<!-- This site is optimized with the Yoast SEO plugin v28.4 - https:\/\/yoast.com\/product\/yoast-seo-wordpress\/ -->\n<title>COEM analizar\u00e1 posibilidad de retornar a clases presenciales - El Diario - Bolivia<\/title>\n<meta name=\"robots\" content=\"index, follow, max-snippet:-1, max-image-preview:large, max-video-preview:-1\" \/>\n<link rel=\"canonical\" href=\"https:\/\/www.eldiario.net\/portal\/2022\/02\/02\/coem-analizara-posibilidad-de-retornar-a-clases-presenciales\/\" \/>\n<meta property=\"og:locale\" content=\"es_ES\" \/>\n<meta property=\"og:type\" content=\"article\" \/>\n<meta property=\"og:title\" content=\"COEM analizar\u00e1 posibilidad de retornar a clases presenciales - El Diario - Bolivia\" \/>\n<meta property=\"og:description\" content=\"El Comit\u00e9 de Operaciones de Emergencia Municipal (COEM) de La Paz analizar\u00e1 los logros de la \u201cCruzada por la Vida\u201d de vacunaci\u00f3n en domicilios, la contrataci\u00f3n del desayuno escolar y la posibilidad de retornar a clases presenciales. La reuni\u00f3n del COEM ha sido convocada por el alcalde Iv\u00e1n Arias para este jueves 3 de febrero. [&hellip;]\" \/>\n<meta property=\"og:url\" content=\"https:\/\/www.eldiario.net\/portal\/2022\/02\/02\/coem-analizara-posibilidad-de-retornar-a-clases-presenciales\/\" \/>\n<meta property=\"og:site_name\" content=\"El Diario - Bolivia\" \/>\n<meta property=\"article:publisher\" content=\"https:\/\/www.facebook.com\/eldiario.bolivia\/\" \/>\n<meta property=\"article:published_time\" content=\"2022-02-02T09:39:16+00:00\" \/>\n<meta name=\"author\" content=\"Jeanette\" \/>\n<meta name=\"twitter:card\" content=\"summary_large_image\" \/>\n<meta name=\"twitter:creator\" content=\"@eldiario_net\" \/>\n<meta name=\"twitter:site\" content=\"@eldiario_net\" \/>\n<meta name=\"twitter:label1\" content=\"Escrito por\" \/>\n\t<meta name=\"twitter:data1\" content=\"Jeanette\" \/>\n\t<meta name=\"twitter:label2\" content=\"Tiempo de lectura\" \/>\n\t<meta name=\"twitter:data2\" content=\"3 minutos\" \/>\n<script type=\"application\/ld+json\" class=\"yoast-schema-graph\">{\"@context\":\"https:\\\/\\\/schema.org\",\"@graph\":[{\"@type\":\"Article\",\"@id\":\"https:\\\/\\\/www.eldiario.net\\\/portal\\\/2022\\\/02\\\/02\\\/coem-analizara-posibilidad-de-retornar-a-clases-presenciales\\\/#article\",\"isPartOf\":{\"@id\":\"https:\\\/\\\/www.eldiario.net\\\/portal\\\/2022\\\/02\\\/02\\\/coem-analizara-posibilidad-de-retornar-a-clases-presenciales\\\/\"},\"author\":{\"name\":\"Jeanette\",\"@id\":\"https:\\\/\\\/www.eldiario.net\\\/portal\\\/#\\\/schema\\\/person\\\/f46445640444750d7d753ccd04ae01b7\"},\"headline\":\"COEM analizar\u00e1 posibilidad de retornar a clases presenciales\",\"datePublished\":\"2022-02-02T09:39:16+00:00\",\"mainEntityOfPage\":{\"@id\":\"https:\\\/\\\/www.eldiario.net\\\/portal\\\/2022\\\/02\\\/02\\\/coem-analizara-posibilidad-de-retornar-a-clases-presenciales\\\/\"},\"wordCount\":502,\"publisher\":{\"@id\":\"https:\\\/\\\/www.eldiario.net\\\/portal\\\/#organization\"},\"image\":{\"@id\":\"https:\\\/\\\/www.eldiario.net\\\/portal\\\/2022\\\/02\\\/02\\\/coem-analizara-posibilidad-de-retornar-a-clases-presenciales\\\/#primaryimage\"},\"thumbnailUrl\":\"\",\"articleSection\":[\"Nacional\"],\"inLanguage\":\"es\"},{\"@type\":\"WebPage\",\"@id\":\"https:\\\/\\\/www.eldiario.net\\\/portal\\\/2022\\\/02\\\/02\\\/coem-analizara-posibilidad-de-retornar-a-clases-presenciales\\\/\",\"url\":\"https:\\\/\\\/www.eldiario.net\\\/portal\\\/2022\\\/02\\\/02\\\/coem-analizara-posibilidad-de-retornar-a-clases-presenciales\\\/\",\"name\":\"COEM analizar\u00e1 posibilidad de retornar a clases presenciales - El Diario - Bolivia\",\"isPartOf\":{\"@id\":\"https:\\\/\\\/www.eldiario.net\\\/portal\\\/#website\"},\"primaryImageOfPage\":{\"@id\":\"https:\\\/\\\/www.eldiario.net\\\/portal\\\/2022\\\/02\\\/02\\\/coem-analizara-posibilidad-de-retornar-a-clases-presenciales\\\/#primaryimage\"},\"image\":{\"@id\":\"https:\\\/\\\/www.eldiario.net\\\/portal\\\/2022\\\/02\\\/02\\\/coem-analizara-posibilidad-de-retornar-a-clases-presenciales\\\/#primaryimage\"},\"thumbnailUrl\":\"\",\"datePublished\":\"2022-02-02T09:39:16+00:00\",\"breadcrumb\":{\"@id\":\"https:\\\/\\\/www.eldiario.net\\\/portal\\\/2022\\\/02\\\/02\\\/coem-analizara-posibilidad-de-retornar-a-clases-presenciales\\\/#breadcrumb\"},\"inLanguage\":\"es\",\"potentialAction\":[{\"@type\":\"ReadAction\",\"target\":[\"https:\\\/\\\/www.eldiario.net\\\/portal\\\/2022\\\/02\\\/02\\\/coem-analizara-posibilidad-de-retornar-a-clases-presenciales\\\/\"]}]},{\"@type\":\"ImageObject\",\"inLanguage\":\"es\",\"@id\":\"https:\\\/\\\/www.eldiario.net\\\/portal\\\/2022\\\/02\\\/02\\\/coem-analizara-posibilidad-de-retornar-a-clases-presenciales\\\/#primaryimage\",\"url\":\"\",\"contentUrl\":\"\"},{\"@type\":\"BreadcrumbList\",\"@id\":\"https:\\\/\\\/www.eldiario.net\\\/portal\\\/2022\\\/02\\\/02\\\/coem-analizara-posibilidad-de-retornar-a-clases-presenciales\\\/#breadcrumb\",\"itemListElement\":[{\"@type\":\"ListItem\",\"position\":1,\"name\":\"Portada\",\"item\":\"https:\\\/\\\/www.eldiario.net\\\/portal\\\/\"},{\"@type\":\"ListItem\",\"position\":2,\"name\":\"COEM analizar\u00e1 posibilidad de retornar a clases presenciales\"}]},{\"@type\":\"WebSite\",\"@id\":\"https:\\\/\\\/www.eldiario.net\\\/portal\\\/#website\",\"url\":\"https:\\\/\\\/www.eldiario.net\\\/portal\\\/\",\"name\":\"El Diario - Decano de la prensa nacional\",\"description\":\"El Diario - Decano de la prensa nacional\",\"publisher\":{\"@id\":\"https:\\\/\\\/www.eldiario.net\\\/portal\\\/#organization\"},\"potentialAction\":[{\"@type\":\"SearchAction\",\"target\":{\"@type\":\"EntryPoint\",\"urlTemplate\":\"https:\\\/\\\/www.eldiario.net\\\/portal\\\/?s={search_term_string}\"},\"query-input\":{\"@type\":\"PropertyValueSpecification\",\"valueRequired\":true,\"valueName\":\"search_term_string\"}}],\"inLanguage\":\"es\"},{\"@type\":\"Organization\",\"@id\":\"https:\\\/\\\/www.eldiario.net\\\/portal\\\/#organization\",\"name\":\"El Diario - Decano de la prensa nacional\",\"url\":\"https:\\\/\\\/www.eldiario.net\\\/portal\\\/\",\"logo\":{\"@type\":\"ImageObject\",\"inLanguage\":\"es\",\"@id\":\"https:\\\/\\\/www.eldiario.net\\\/portal\\\/#\\\/schema\\\/logo\\\/image\\\/\",\"url\":\"https:\\\/\\\/www.eldiario.net\\\/portal\\\/wp-content\\\/uploads\\\/2023\\\/07\\\/logo_ED.jpg\",\"contentUrl\":\"https:\\\/\\\/www.eldiario.net\\\/portal\\\/wp-content\\\/uploads\\\/2023\\\/07\\\/logo_ED.jpg\",\"width\":272,\"height\":52,\"caption\":\"El Diario - Decano de la prensa nacional\"},\"image\":{\"@id\":\"https:\\\/\\\/www.eldiario.net\\\/portal\\\/#\\\/schema\\\/logo\\\/image\\\/\"},\"sameAs\":[\"https:\\\/\\\/www.facebook.com\\\/eldiario.bolivia\\\/\",\"https:\\\/\\\/x.com\\\/eldiario_net\"]},{\"@type\":\"Person\",\"@id\":\"https:\\\/\\\/www.eldiario.net\\\/portal\\\/#\\\/schema\\\/person\\\/f46445640444750d7d753ccd04ae01b7\",\"name\":\"Jeanette\",\"image\":{\"@type\":\"ImageObject\",\"inLanguage\":\"es\",\"@id\":\"https:\\\/\\\/secure.gravatar.com\\\/avatar\\\/3ea2118a5f7dad2b7138b1187a6b7ee55f160b9968b66013c3a3ef39dd7e5798?s=96&d=mm&r=g\",\"url\":\"https:\\\/\\\/secure.gravatar.com\\\/avatar\\\/3ea2118a5f7dad2b7138b1187a6b7ee55f160b9968b66013c3a3ef39dd7e5798?s=96&d=mm&r=g\",\"contentUrl\":\"https:\\\/\\\/secure.gravatar.com\\\/avatar\\\/3ea2118a5f7dad2b7138b1187a6b7ee55f160b9968b66013c3a3ef39dd7e5798?s=96&d=mm&r=g\",\"caption\":\"Jeanette\"},\"sameAs\":[\"https:\\\/\\\/www.eldiario.net\\\/portal\"],\"url\":\"https:\\\/\\\/www.eldiario.net\\\/portal\\\/author\\\/jeanette\\\/\"}]}<\/script>\n<!-- \/ Yoast SEO plugin. -->","yoast_head_json":{"title":"COEM analizar\u00e1 posibilidad de retornar a clases presenciales - El Diario - Bolivia","robots":{"index":"index","follow":"follow","max-snippet":"max-snippet:-1","max-image-preview":"max-image-preview:large","max-video-preview":"max-video-preview:-1"},"canonical":"https:\/\/www.eldiario.net\/portal\/2022\/02\/02\/coem-analizara-posibilidad-de-retornar-a-clases-presenciales\/","og_locale":"es_ES","og_type":"article","og_title":"COEM analizar\u00e1 posibilidad de retornar a clases presenciales - El Diario - Bolivia","og_description":"El Comit\u00e9 de Operaciones de Emergencia Municipal (COEM) de La Paz analizar\u00e1 los logros de la \u201cCruzada por la Vida\u201d de vacunaci\u00f3n en domicilios, la contrataci\u00f3n del desayuno escolar y la posibilidad de retornar a clases presenciales. La reuni\u00f3n del COEM ha sido convocada por el alcalde Iv\u00e1n Arias para este jueves 3 de febrero. [&hellip;]","og_url":"https:\/\/www.eldiario.net\/portal\/2022\/02\/02\/coem-analizara-posibilidad-de-retornar-a-clases-presenciales\/","og_site_name":"El Diario - Bolivia","article_publisher":"https:\/\/www.facebook.com\/eldiario.bolivia\/","article_published_time":"2022-02-02T09:39:16+00:00","author":"Jeanette","twitter_card":"summary_large_image","twitter_creator":"@eldiario_net","twitter_site":"@eldiario_net","twitter_misc":{"Escrito por":"Jeanette","Tiempo de lectura":"3 minutos"},"schema":{"@context":"https:\/\/schema.org","@graph":[{"@type":"Article","@id":"https:\/\/www.eldiario.net\/portal\/2022\/02\/02\/coem-analizara-posibilidad-de-retornar-a-clases-presenciales\/#article","isPartOf":{"@id":"https:\/\/www.eldiario.net\/portal\/2022\/02\/02\/coem-analizara-posibilidad-de-retornar-a-clases-presenciales\/"},"author":{"name":"Jeanette","@id":"https:\/\/www.eldiario.net\/portal\/#\/schema\/person\/f46445640444750d7d753ccd04ae01b7"},"headline":"COEM analizar\u00e1 posibilidad de retornar a clases presenciales","datePublished":"2022-02-02T09:39:16+00:00","mainEntityOfPage":{"@id":"https:\/\/www.eldiario.net\/portal\/2022\/02\/02\/coem-analizara-posibilidad-de-retornar-a-clases-presenciales\/"},"wordCount":502,"publisher":{"@id":"https:\/\/www.eldiario.net\/portal\/#organization"},"image":{"@id":"https:\/\/www.eldiario.net\/portal\/2022\/02\/02\/coem-analizara-posibilidad-de-retornar-a-clases-presenciales\/#primaryimage"},"thumbnailUrl":"","articleSection":["Nacional"],"inLanguage":"es"},{"@type":"WebPage","@id":"https:\/\/www.eldiario.net\/portal\/2022\/02\/02\/coem-analizara-posibilidad-de-retornar-a-clases-presenciales\/","url":"https:\/\/www.eldiario.net\/portal\/2022\/02\/02\/coem-analizara-posibilidad-de-retornar-a-clases-presenciales\/","name":"COEM analizar\u00e1 posibilidad de retornar a clases presenciales - El Diario - Bolivia","isPartOf":{"@id":"https:\/\/www.eldiario.net\/portal\/#website"},"primaryImageOfPage":{"@id":"https:\/\/www.eldiario.net\/portal\/2022\/02\/02\/coem-analizara-posibilidad-de-retornar-a-clases-presenciales\/#primaryimage"},"image":{"@id":"https:\/\/www.eldiario.net\/portal\/2022\/02\/02\/coem-analizara-posibilidad-de-retornar-a-clases-presenciales\/#primaryimage"},"thumbnailUrl":"","datePublished":"2022-02-02T09:39:16+00:00","breadcrumb":{"@id":"https:\/\/www.eldiario.net\/portal\/2022\/02\/02\/coem-analizara-posibilidad-de-retornar-a-clases-presenciales\/#breadcrumb"},"inLanguage":"es","potentialAction":[{"@type":"ReadAction","target":["https:\/\/www.eldiario.net\/portal\/2022\/02\/02\/coem-analizara-posibilidad-de-retornar-a-clases-presenciales\/"]}]},{"@type":"ImageObject","inLanguage":"es","@id":"https:\/\/www.eldiario.net\/portal\/2022\/02\/02\/coem-analizara-posibilidad-de-retornar-a-clases-presenciales\/#primaryimage","url":"","contentUrl":""},{"@type":"BreadcrumbList","@id":"https:\/\/www.eldiario.net\/portal\/2022\/02\/02\/coem-analizara-posibilidad-de-retornar-a-clases-presenciales\/#breadcrumb","itemListElement":[{"@type":"ListItem","position":1,"name":"Portada","item":"https:\/\/www.eldiario.net\/portal\/"},{"@type":"ListItem","position":2,"name":"COEM analizar\u00e1 posibilidad de retornar a clases presenciales"}]},{"@type":"WebSite","@id":"https:\/\/www.eldiario.net\/portal\/#website","url":"https:\/\/www.eldiario.net\/portal\/","name":"El Diario - Decano de la prensa nacional","description":"El Diario - Decano de la prensa nacional","publisher":{"@id":"https:\/\/www.eldiario.net\/portal\/#organization"},"potentialAction":[{"@type":"SearchAction","target":{"@type":"EntryPoint","urlTemplate":"https:\/\/www.eldiario.net\/portal\/?s={search_term_string}"},"query-input":{"@type":"PropertyValueSpecification","valueRequired":true,"valueName":"search_term_string"}}],"inLanguage":"es"},{"@type":"Organization","@id":"https:\/\/www.eldiario.net\/portal\/#organization","name":"El Diario - Decano de la prensa nacional","url":"https:\/\/www.eldiario.net\/portal\/","logo":{"@type":"ImageObject","inLanguage":"es","@id":"https:\/\/www.eldiario.net\/portal\/#\/schema\/logo\/image\/","url":"https:\/\/www.eldiario.net\/portal\/wp-content\/uploads\/2023\/07\/logo_ED.jpg","contentUrl":"https:\/\/www.eldiario.net\/portal\/wp-content\/uploads\/2023\/07\/logo_ED.jpg","width":272,"height":52,"caption":"El Diario - Decano de la prensa nacional"},"image":{"@id":"https:\/\/www.eldiario.net\/portal\/#\/schema\/logo\/image\/"},"sameAs":["https:\/\/www.facebook.com\/eldiario.bolivia\/","https:\/\/x.com\/eldiario_net"]},{"@type":"Person","@id":"https:\/\/www.eldiario.net\/portal\/#\/schema\/person\/f46445640444750d7d753ccd04ae01b7","name":"Jeanette","image":{"@type":"ImageObject","inLanguage":"es","@id":"https:\/\/secure.gravatar.com\/avatar\/3ea2118a5f7dad2b7138b1187a6b7ee55f160b9968b66013c3a3ef39dd7e5798?s=96&d=mm&r=g","url":"https:\/\/secure.gravatar.com\/avatar\/3ea2118a5f7dad2b7138b1187a6b7ee55f160b9968b66013c3a3ef39dd7e5798?s=96&d=mm&r=g","contentUrl":"https:\/\/secure.gravatar.com\/avatar\/3ea2118a5f7dad2b7138b1187a6b7ee55f160b9968b66013c3a3ef39dd7e5798?s=96&d=mm&r=g","caption":"Jeanette"},"sameAs":["https:\/\/www.eldiario.net\/portal"],"url":"https:\/\/www.eldiario.net\/portal\/author\/jeanette\/"}]}},"_links":{"self":[{"href":"https:\/\/www.eldiario.net\/portal\/wp-json\/wp\/v2\/posts\/60487","targetHints":{"allow":["GET"]}}],"collection":[{"href":"https:\/\/www.eldiario.net\/portal\/wp-json\/wp\/v2\/posts"}],"about":[{"href":"https:\/\/www.eldiario.net\/portal\/wp-json\/wp\/v2\/types\/post"}],"author":[{"embeddable":true,"href":"https:\/\/www.eldiario.net\/portal\/wp-json\/wp\/v2\/users\/1"}],"replies":[{"embeddable":true,"href":"https:\/\/www.eldiario.net\/portal\/wp-json\/wp\/v2\/comments?post=60487"}],"version-history":[{"count":0,"href":"https:\/\/www.eldiario.net\/portal\/wp-json\/wp\/v2\/posts\/60487\/revisions"}],"wp:attachment":[{"href":"https:\/\/www.eldiario.net\/portal\/wp-json\/wp\/v2\/media?parent=60487"}],"wp:term":[{"taxonomy":"category","embeddable":true,"href":"https:\/\/www.eldiario.net\/portal\/wp-json\/wp\/v2\/categories?post=60487"},{"taxonomy":"post_tag","embeddable":true,"href":"https:\/\/www.eldiario.net\/portal\/wp-json\/wp\/v2\/tags?post=60487"}],"curies":[{"name":"wp","href":"https:\/\/api.w.org\/{rel}","templated":true}]}}