{"id":60484,"date":"2022-02-02T05:37:46","date_gmt":"2022-02-02T09:37:46","guid":{"rendered":"https:\/\/www.eldiario.net\/portal\/?p=60484"},"modified":"2022-02-02T05:37:46","modified_gmt":"2022-02-02T09:37:46","slug":"autoridades-municipales-abren-gestion-escolar-2022-en-la-paz","status":"publish","type":"post","link":"https:\/\/www.eldiario.net\/portal\/2022\/02\/02\/autoridades-municipales-abren-gestion-escolar-2022-en-la-paz\/","title":{"rendered":"Autoridades municipales abren gesti\u00f3n escolar 2022 en La Paz"},"content":{"rendered":"<p>Durante la inauguraci\u00f3n de la gesti\u00f3n escolar 2022, ayer la secretaria municipal de Desarrollo Social y Educaci\u00f3n, Amparo Morales, afirm\u00f3 que se debe trabajar por brindar mejor educaci\u00f3n para que en el futuro los estudiantes tomen decisiones correctas, es el objetivo que deben tener los padres, madres, maestros y autoridades municipales.<br \/>\n\u201cSaldr\u00e1n de las aulas un d\u00eda y ojal\u00e1 lo hagan con el conocimiento necesario para tomar las decisiones correctas. Decisiones que implican tener la suficiente educaci\u00f3n para poder discernir entre quienes hacen lo posible y lo imposible para formarlos\u201d, afirm\u00f3 la secretaria Morales.<br \/>\nLa funcionaria municipal tambi\u00e9n destac\u00f3 que en esta labor educativa, el trabajo conjunto entre de los progenitores, maestros y autoridades es importante. La labor en el hogar con el fortalecimiento de los valores, de los profesores con la formaci\u00f3n en las artes, historia y todo el conocimiento, y de las autoridades al brindar las mejores condiciones de infraestructura y desayuno escolar.<br \/>\n\u201cNuestra labor se reviste de importancia porque desde el interior de los hogares que es donde se construyen los pilares de principios y valores, pasando por aulas, donde aprenden de historia, tambi\u00e9n a sumar, restar, cantar y finalmente lo que ven en la calle, como un fiel reflejo de nuestra sociedad\u201d, remarc\u00f3 Morales.<br \/>\n\u00abSobre estas bases, con el ejemplo y el aporte de todas las personas comprometidas con la educaci\u00f3n, se podr\u00e1 construir \u201cla sociedad del ma\u00f1ana, una sociedad bien educada, que trabaja, produce y genera. Si todos hacemos nuestra parte desde el grano m\u00e1s peque\u00f1o hasta la monta\u00f1a m\u00e1s grande ser\u00e1 posible conseguir tan noble objetivo\u00bb, agreg\u00f3.<br \/>\nLa gesti\u00f3n escolar de este 2022 fue inaugurada ayer en la unidad educativa Juana Azurduy de Padilla, ubicada en el macrodistrito Centro, en la calle Genaro Sanjin\u00e9s, al lado del Teatro Municipal Alberto Saavedra P\u00e9rez, con la presencia del alcalde Iv\u00e1n Arias, directores, maestros, padres de familia y estudiantes.<br \/>\nSobre el mismo tema, la estudiante Br\u00edtani Vargas Colque alent\u00f3, en el inicio de las labores educativas 2022, a sus compa\u00f1eros a que se vacunen para reducir la propagaci\u00f3n del covid-19, y la directora de la unidad educativa Juana Azurduy de Padilla, Lourdes Quelca S\u00e1nchez, pidi\u00f3 a sus colegas y padres de familia que exijan disciplina a los escolares en el marco de una \u201cresponsabilidad compartida\u201d.<br \/>\n\u201cCompa\u00f1eras y compa\u00f1eros, recomendarles que se vacunen para reducir la propagaci\u00f3n del virus, ya que durante dos gestiones fue muy dif\u00edcil nuestro proceso de aprendizaje\u201d, indic\u00f3 Vargas durante la inauguraci\u00f3n del a\u00f1o lectivo 2022, inform\u00f3 AMUN.<br \/>\nLa estudiante que tambi\u00e9n pidi\u00f3 \u201ccondiciones sanitarias, las cuales nos permitan retomar nuestras clases presenciales\u201d, destac\u00f3 el esfuerzo de padres de familia y de maestros por llevar adelante el proceso de ense\u00f1anza a trav\u00e9s del uso de nuevas tecnolog\u00edas y m\u00faltiples esfuerzos, en los \u00faltimos dos a\u00f1os en los que predomin\u00f3 la educaci\u00f3n virtual y semipresencial.<\/p>\n","protected":false},"excerpt":{"rendered":"<p>Durante la inauguraci\u00f3n de la gesti\u00f3n escolar 2022, ayer la secretaria municipal de Desarrollo Social y Educaci\u00f3n, Amparo Morales, afirm\u00f3 que se debe trabajar por brindar mejor educaci\u00f3n para que en el futuro los estudiantes tomen decisiones correctas, es el objetivo que deben tener los padres, madres, maestros y autoridades municipales. \u201cSaldr\u00e1n de las aulas [&hellip;]<\/p>\n","protected":false},"author":1,"featured_media":60485,"comment_status":"closed","ping_status":"closed","sticky":false,"template":"","format":"standard","meta":{"_acf_changed":false,"footnotes":""},"categories":[12],"tags":[],"class_list":["post-60484","post","type-post","status-publish","format-standard","has-post-thumbnail","category-nacional"],"acf":{"antetitulo":""},"yoast_head":"<!-- This site is optimized with the Yoast SEO plugin v28.4 - https:\/\/yoast.com\/product\/yoast-seo-wordpress\/ -->\n<title>Autoridades municipales abren gesti\u00f3n escolar 2022 en La Paz - El Diario - Bolivia<\/title>\n<meta name=\"robots\" content=\"index, follow, max-snippet:-1, max-image-preview:large, max-video-preview:-1\" \/>\n<link rel=\"canonical\" href=\"https:\/\/www.eldiario.net\/portal\/2022\/02\/02\/autoridades-municipales-abren-gestion-escolar-2022-en-la-paz\/\" \/>\n<meta property=\"og:locale\" content=\"es_ES\" \/>\n<meta property=\"og:type\" content=\"article\" \/>\n<meta property=\"og:title\" content=\"Autoridades municipales abren gesti\u00f3n escolar 2022 en La Paz - El Diario - Bolivia\" \/>\n<meta property=\"og:description\" content=\"Durante la inauguraci\u00f3n de la gesti\u00f3n escolar 2022, ayer la secretaria municipal de Desarrollo Social y Educaci\u00f3n, Amparo Morales, afirm\u00f3 que se debe trabajar por brindar mejor educaci\u00f3n para que en el futuro los estudiantes tomen decisiones correctas, es el objetivo que deben tener los padres, madres, maestros y autoridades municipales. \u201cSaldr\u00e1n de las aulas [&hellip;]\" \/>\n<meta property=\"og:url\" content=\"https:\/\/www.eldiario.net\/portal\/2022\/02\/02\/autoridades-municipales-abren-gestion-escolar-2022-en-la-paz\/\" \/>\n<meta property=\"og:site_name\" content=\"El Diario - Bolivia\" \/>\n<meta property=\"article:publisher\" content=\"https:\/\/www.facebook.com\/eldiario.bolivia\/\" \/>\n<meta property=\"article:published_time\" content=\"2022-02-02T09:37:46+00:00\" \/>\n<meta property=\"og:image\" content=\"https:\/\/www.eldiario.net\/portal\/wp-content\/uploads\/2022\/02\/2LP.jpg\" \/>\n\t<meta property=\"og:image:width\" content=\"768\" \/>\n\t<meta property=\"og:image:height\" content=\"512\" \/>\n\t<meta property=\"og:image:type\" content=\"image\/jpeg\" \/>\n<meta name=\"author\" content=\"Jeanette\" \/>\n<meta name=\"twitter:card\" content=\"summary_large_image\" \/>\n<meta name=\"twitter:creator\" content=\"@eldiario_net\" \/>\n<meta name=\"twitter:site\" content=\"@eldiario_net\" \/>\n<meta name=\"twitter:label1\" content=\"Escrito por\" \/>\n\t<meta name=\"twitter:data1\" content=\"Jeanette\" \/>\n\t<meta name=\"twitter:label2\" content=\"Tiempo de lectura\" \/>\n\t<meta name=\"twitter:data2\" content=\"3 minutos\" \/>\n<script type=\"application\/ld+json\" class=\"yoast-schema-graph\">{\"@context\":\"https:\\\/\\\/schema.org\",\"@graph\":[{\"@type\":\"Article\",\"@id\":\"https:\\\/\\\/www.eldiario.net\\\/portal\\\/2022\\\/02\\\/02\\\/autoridades-municipales-abren-gestion-escolar-2022-en-la-paz\\\/#article\",\"isPartOf\":{\"@id\":\"https:\\\/\\\/www.eldiario.net\\\/portal\\\/2022\\\/02\\\/02\\\/autoridades-municipales-abren-gestion-escolar-2022-en-la-paz\\\/\"},\"author\":{\"name\":\"Jeanette\",\"@id\":\"https:\\\/\\\/www.eldiario.net\\\/portal\\\/#\\\/schema\\\/person\\\/f46445640444750d7d753ccd04ae01b7\"},\"headline\":\"Autoridades municipales abren gesti\u00f3n escolar 2022 en La Paz\",\"datePublished\":\"2022-02-02T09:37:46+00:00\",\"mainEntityOfPage\":{\"@id\":\"https:\\\/\\\/www.eldiario.net\\\/portal\\\/2022\\\/02\\\/02\\\/autoridades-municipales-abren-gestion-escolar-2022-en-la-paz\\\/\"},\"wordCount\":512,\"publisher\":{\"@id\":\"https:\\\/\\\/www.eldiario.net\\\/portal\\\/#organization\"},\"image\":{\"@id\":\"https:\\\/\\\/www.eldiario.net\\\/portal\\\/2022\\\/02\\\/02\\\/autoridades-municipales-abren-gestion-escolar-2022-en-la-paz\\\/#primaryimage\"},\"thumbnailUrl\":\"https:\\\/\\\/www.eldiario.net\\\/portal\\\/wp-content\\\/uploads\\\/2022\\\/02\\\/2LP.jpg\",\"articleSection\":[\"Nacional\"],\"inLanguage\":\"es\"},{\"@type\":\"WebPage\",\"@id\":\"https:\\\/\\\/www.eldiario.net\\\/portal\\\/2022\\\/02\\\/02\\\/autoridades-municipales-abren-gestion-escolar-2022-en-la-paz\\\/\",\"url\":\"https:\\\/\\\/www.eldiario.net\\\/portal\\\/2022\\\/02\\\/02\\\/autoridades-municipales-abren-gestion-escolar-2022-en-la-paz\\\/\",\"name\":\"Autoridades municipales abren gesti\u00f3n escolar 2022 en La Paz - El Diario - Bolivia\",\"isPartOf\":{\"@id\":\"https:\\\/\\\/www.eldiario.net\\\/portal\\\/#website\"},\"primaryImageOfPage\":{\"@id\":\"https:\\\/\\\/www.eldiario.net\\\/portal\\\/2022\\\/02\\\/02\\\/autoridades-municipales-abren-gestion-escolar-2022-en-la-paz\\\/#primaryimage\"},\"image\":{\"@id\":\"https:\\\/\\\/www.eldiario.net\\\/portal\\\/2022\\\/02\\\/02\\\/autoridades-municipales-abren-gestion-escolar-2022-en-la-paz\\\/#primaryimage\"},\"thumbnailUrl\":\"https:\\\/\\\/www.eldiario.net\\\/portal\\\/wp-content\\\/uploads\\\/2022\\\/02\\\/2LP.jpg\",\"datePublished\":\"2022-02-02T09:37:46+00:00\",\"breadcrumb\":{\"@id\":\"https:\\\/\\\/www.eldiario.net\\\/portal\\\/2022\\\/02\\\/02\\\/autoridades-municipales-abren-gestion-escolar-2022-en-la-paz\\\/#breadcrumb\"},\"inLanguage\":\"es\",\"potentialAction\":[{\"@type\":\"ReadAction\",\"target\":[\"https:\\\/\\\/www.eldiario.net\\\/portal\\\/2022\\\/02\\\/02\\\/autoridades-municipales-abren-gestion-escolar-2022-en-la-paz\\\/\"]}]},{\"@type\":\"ImageObject\",\"inLanguage\":\"es\",\"@id\":\"https:\\\/\\\/www.eldiario.net\\\/portal\\\/2022\\\/02\\\/02\\\/autoridades-municipales-abren-gestion-escolar-2022-en-la-paz\\\/#primaryimage\",\"url\":\"https:\\\/\\\/www.eldiario.net\\\/portal\\\/wp-content\\\/uploads\\\/2022\\\/02\\\/2LP.jpg\",\"contentUrl\":\"https:\\\/\\\/www.eldiario.net\\\/portal\\\/wp-content\\\/uploads\\\/2022\\\/02\\\/2LP.jpg\",\"width\":768,\"height\":512,\"caption\":\"El Alcalde de La Paz durante la presentaci\u00f3n del alimento complementario escolar e inauguraci\u00f3n de la gesti\u00f3n escolar 2022.\"},{\"@type\":\"BreadcrumbList\",\"@id\":\"https:\\\/\\\/www.eldiario.net\\\/portal\\\/2022\\\/02\\\/02\\\/autoridades-municipales-abren-gestion-escolar-2022-en-la-paz\\\/#breadcrumb\",\"itemListElement\":[{\"@type\":\"ListItem\",\"position\":1,\"name\":\"Portada\",\"item\":\"https:\\\/\\\/www.eldiario.net\\\/portal\\\/\"},{\"@type\":\"ListItem\",\"position\":2,\"name\":\"Autoridades municipales abren gesti\u00f3n escolar 2022 en La Paz\"}]},{\"@type\":\"WebSite\",\"@id\":\"https:\\\/\\\/www.eldiario.net\\\/portal\\\/#website\",\"url\":\"https:\\\/\\\/www.eldiario.net\\\/portal\\\/\",\"name\":\"El Diario - Decano de la prensa nacional\",\"description\":\"El Diario - Decano de la prensa nacional\",\"publisher\":{\"@id\":\"https:\\\/\\\/www.eldiario.net\\\/portal\\\/#organization\"},\"potentialAction\":[{\"@type\":\"SearchAction\",\"target\":{\"@type\":\"EntryPoint\",\"urlTemplate\":\"https:\\\/\\\/www.eldiario.net\\\/portal\\\/?s={search_term_string}\"},\"query-input\":{\"@type\":\"PropertyValueSpecification\",\"valueRequired\":true,\"valueName\":\"search_term_string\"}}],\"inLanguage\":\"es\"},{\"@type\":\"Organization\",\"@id\":\"https:\\\/\\\/www.eldiario.net\\\/portal\\\/#organization\",\"name\":\"El Diario - Decano de la prensa nacional\",\"url\":\"https:\\\/\\\/www.eldiario.net\\\/portal\\\/\",\"logo\":{\"@type\":\"ImageObject\",\"inLanguage\":\"es\",\"@id\":\"https:\\\/\\\/www.eldiario.net\\\/portal\\\/#\\\/schema\\\/logo\\\/image\\\/\",\"url\":\"https:\\\/\\\/www.eldiario.net\\\/portal\\\/wp-content\\\/uploads\\\/2023\\\/07\\\/logo_ED.jpg\",\"contentUrl\":\"https:\\\/\\\/www.eldiario.net\\\/portal\\\/wp-content\\\/uploads\\\/2023\\\/07\\\/logo_ED.jpg\",\"width\":272,\"height\":52,\"caption\":\"El Diario - Decano de la prensa nacional\"},\"image\":{\"@id\":\"https:\\\/\\\/www.eldiario.net\\\/portal\\\/#\\\/schema\\\/logo\\\/image\\\/\"},\"sameAs\":[\"https:\\\/\\\/www.facebook.com\\\/eldiario.bolivia\\\/\",\"https:\\\/\\\/x.com\\\/eldiario_net\"]},{\"@type\":\"Person\",\"@id\":\"https:\\\/\\\/www.eldiario.net\\\/portal\\\/#\\\/schema\\\/person\\\/f46445640444750d7d753ccd04ae01b7\",\"name\":\"Jeanette\",\"image\":{\"@type\":\"ImageObject\",\"inLanguage\":\"es\",\"@id\":\"https:\\\/\\\/secure.gravatar.com\\\/avatar\\\/3ea2118a5f7dad2b7138b1187a6b7ee55f160b9968b66013c3a3ef39dd7e5798?s=96&d=mm&r=g\",\"url\":\"https:\\\/\\\/secure.gravatar.com\\\/avatar\\\/3ea2118a5f7dad2b7138b1187a6b7ee55f160b9968b66013c3a3ef39dd7e5798?s=96&d=mm&r=g\",\"contentUrl\":\"https:\\\/\\\/secure.gravatar.com\\\/avatar\\\/3ea2118a5f7dad2b7138b1187a6b7ee55f160b9968b66013c3a3ef39dd7e5798?s=96&d=mm&r=g\",\"caption\":\"Jeanette\"},\"sameAs\":[\"https:\\\/\\\/www.eldiario.net\\\/portal\"],\"url\":\"https:\\\/\\\/www.eldiario.net\\\/portal\\\/author\\\/jeanette\\\/\"}]}<\/script>\n<!-- \/ Yoast SEO plugin. -->","yoast_head_json":{"title":"Autoridades municipales abren gesti\u00f3n escolar 2022 en La Paz - El Diario - Bolivia","robots":{"index":"index","follow":"follow","max-snippet":"max-snippet:-1","max-image-preview":"max-image-preview:large","max-video-preview":"max-video-preview:-1"},"canonical":"https:\/\/www.eldiario.net\/portal\/2022\/02\/02\/autoridades-municipales-abren-gestion-escolar-2022-en-la-paz\/","og_locale":"es_ES","og_type":"article","og_title":"Autoridades municipales abren gesti\u00f3n escolar 2022 en La Paz - El Diario - Bolivia","og_description":"Durante la inauguraci\u00f3n de la gesti\u00f3n escolar 2022, ayer la secretaria municipal de Desarrollo Social y Educaci\u00f3n, Amparo Morales, afirm\u00f3 que se debe trabajar por brindar mejor educaci\u00f3n para que en el futuro los estudiantes tomen decisiones correctas, es el objetivo que deben tener los padres, madres, maestros y autoridades municipales. \u201cSaldr\u00e1n de las aulas [&hellip;]","og_url":"https:\/\/www.eldiario.net\/portal\/2022\/02\/02\/autoridades-municipales-abren-gestion-escolar-2022-en-la-paz\/","og_site_name":"El Diario - Bolivia","article_publisher":"https:\/\/www.facebook.com\/eldiario.bolivia\/","article_published_time":"2022-02-02T09:37:46+00:00","og_image":[{"width":768,"height":512,"url":"https:\/\/www.eldiario.net\/portal\/wp-content\/uploads\/2022\/02\/2LP.jpg","type":"image\/jpeg"}],"author":"Jeanette","twitter_card":"summary_large_image","twitter_creator":"@eldiario_net","twitter_site":"@eldiario_net","twitter_misc":{"Escrito por":"Jeanette","Tiempo de lectura":"3 minutos"},"schema":{"@context":"https:\/\/schema.org","@graph":[{"@type":"Article","@id":"https:\/\/www.eldiario.net\/portal\/2022\/02\/02\/autoridades-municipales-abren-gestion-escolar-2022-en-la-paz\/#article","isPartOf":{"@id":"https:\/\/www.eldiario.net\/portal\/2022\/02\/02\/autoridades-municipales-abren-gestion-escolar-2022-en-la-paz\/"},"author":{"name":"Jeanette","@id":"https:\/\/www.eldiario.net\/portal\/#\/schema\/person\/f46445640444750d7d753ccd04ae01b7"},"headline":"Autoridades municipales abren gesti\u00f3n escolar 2022 en La Paz","datePublished":"2022-02-02T09:37:46+00:00","mainEntityOfPage":{"@id":"https:\/\/www.eldiario.net\/portal\/2022\/02\/02\/autoridades-municipales-abren-gestion-escolar-2022-en-la-paz\/"},"wordCount":512,"publisher":{"@id":"https:\/\/www.eldiario.net\/portal\/#organization"},"image":{"@id":"https:\/\/www.eldiario.net\/portal\/2022\/02\/02\/autoridades-municipales-abren-gestion-escolar-2022-en-la-paz\/#primaryimage"},"thumbnailUrl":"https:\/\/www.eldiario.net\/portal\/wp-content\/uploads\/2022\/02\/2LP.jpg","articleSection":["Nacional"],"inLanguage":"es"},{"@type":"WebPage","@id":"https:\/\/www.eldiario.net\/portal\/2022\/02\/02\/autoridades-municipales-abren-gestion-escolar-2022-en-la-paz\/","url":"https:\/\/www.eldiario.net\/portal\/2022\/02\/02\/autoridades-municipales-abren-gestion-escolar-2022-en-la-paz\/","name":"Autoridades municipales abren gesti\u00f3n escolar 2022 en La Paz - El Diario - Bolivia","isPartOf":{"@id":"https:\/\/www.eldiario.net\/portal\/#website"},"primaryImageOfPage":{"@id":"https:\/\/www.eldiario.net\/portal\/2022\/02\/02\/autoridades-municipales-abren-gestion-escolar-2022-en-la-paz\/#primaryimage"},"image":{"@id":"https:\/\/www.eldiario.net\/portal\/2022\/02\/02\/autoridades-municipales-abren-gestion-escolar-2022-en-la-paz\/#primaryimage"},"thumbnailUrl":"https:\/\/www.eldiario.net\/portal\/wp-content\/uploads\/2022\/02\/2LP.jpg","datePublished":"2022-02-02T09:37:46+00:00","breadcrumb":{"@id":"https:\/\/www.eldiario.net\/portal\/2022\/02\/02\/autoridades-municipales-abren-gestion-escolar-2022-en-la-paz\/#breadcrumb"},"inLanguage":"es","potentialAction":[{"@type":"ReadAction","target":["https:\/\/www.eldiario.net\/portal\/2022\/02\/02\/autoridades-municipales-abren-gestion-escolar-2022-en-la-paz\/"]}]},{"@type":"ImageObject","inLanguage":"es","@id":"https:\/\/www.eldiario.net\/portal\/2022\/02\/02\/autoridades-municipales-abren-gestion-escolar-2022-en-la-paz\/#primaryimage","url":"https:\/\/www.eldiario.net\/portal\/wp-content\/uploads\/2022\/02\/2LP.jpg","contentUrl":"https:\/\/www.eldiario.net\/portal\/wp-content\/uploads\/2022\/02\/2LP.jpg","width":768,"height":512,"caption":"El Alcalde de La Paz durante la presentaci\u00f3n del alimento complementario escolar e inauguraci\u00f3n de la gesti\u00f3n escolar 2022."},{"@type":"BreadcrumbList","@id":"https:\/\/www.eldiario.net\/portal\/2022\/02\/02\/autoridades-municipales-abren-gestion-escolar-2022-en-la-paz\/#breadcrumb","itemListElement":[{"@type":"ListItem","position":1,"name":"Portada","item":"https:\/\/www.eldiario.net\/portal\/"},{"@type":"ListItem","position":2,"name":"Autoridades municipales abren gesti\u00f3n escolar 2022 en La Paz"}]},{"@type":"WebSite","@id":"https:\/\/www.eldiario.net\/portal\/#website","url":"https:\/\/www.eldiario.net\/portal\/","name":"El Diario - Decano de la prensa nacional","description":"El Diario - Decano de la prensa nacional","publisher":{"@id":"https:\/\/www.eldiario.net\/portal\/#organization"},"potentialAction":[{"@type":"SearchAction","target":{"@type":"EntryPoint","urlTemplate":"https:\/\/www.eldiario.net\/portal\/?s={search_term_string}"},"query-input":{"@type":"PropertyValueSpecification","valueRequired":true,"valueName":"search_term_string"}}],"inLanguage":"es"},{"@type":"Organization","@id":"https:\/\/www.eldiario.net\/portal\/#organization","name":"El Diario - Decano de la prensa nacional","url":"https:\/\/www.eldiario.net\/portal\/","logo":{"@type":"ImageObject","inLanguage":"es","@id":"https:\/\/www.eldiario.net\/portal\/#\/schema\/logo\/image\/","url":"https:\/\/www.eldiario.net\/portal\/wp-content\/uploads\/2023\/07\/logo_ED.jpg","contentUrl":"https:\/\/www.eldiario.net\/portal\/wp-content\/uploads\/2023\/07\/logo_ED.jpg","width":272,"height":52,"caption":"El Diario - Decano de la prensa nacional"},"image":{"@id":"https:\/\/www.eldiario.net\/portal\/#\/schema\/logo\/image\/"},"sameAs":["https:\/\/www.facebook.com\/eldiario.bolivia\/","https:\/\/x.com\/eldiario_net"]},{"@type":"Person","@id":"https:\/\/www.eldiario.net\/portal\/#\/schema\/person\/f46445640444750d7d753ccd04ae01b7","name":"Jeanette","image":{"@type":"ImageObject","inLanguage":"es","@id":"https:\/\/secure.gravatar.com\/avatar\/3ea2118a5f7dad2b7138b1187a6b7ee55f160b9968b66013c3a3ef39dd7e5798?s=96&d=mm&r=g","url":"https:\/\/secure.gravatar.com\/avatar\/3ea2118a5f7dad2b7138b1187a6b7ee55f160b9968b66013c3a3ef39dd7e5798?s=96&d=mm&r=g","contentUrl":"https:\/\/secure.gravatar.com\/avatar\/3ea2118a5f7dad2b7138b1187a6b7ee55f160b9968b66013c3a3ef39dd7e5798?s=96&d=mm&r=g","caption":"Jeanette"},"sameAs":["https:\/\/www.eldiario.net\/portal"],"url":"https:\/\/www.eldiario.net\/portal\/author\/jeanette\/"}]}},"_links":{"self":[{"href":"https:\/\/www.eldiario.net\/portal\/wp-json\/wp\/v2\/posts\/60484","targetHints":{"allow":["GET"]}}],"collection":[{"href":"https:\/\/www.eldiario.net\/portal\/wp-json\/wp\/v2\/posts"}],"about":[{"href":"https:\/\/www.eldiario.net\/portal\/wp-json\/wp\/v2\/types\/post"}],"author":[{"embeddable":true,"href":"https:\/\/www.eldiario.net\/portal\/wp-json\/wp\/v2\/users\/1"}],"replies":[{"embeddable":true,"href":"https:\/\/www.eldiario.net\/portal\/wp-json\/wp\/v2\/comments?post=60484"}],"version-history":[{"count":0,"href":"https:\/\/www.eldiario.net\/portal\/wp-json\/wp\/v2\/posts\/60484\/revisions"}],"wp:featuredmedia":[{"embeddable":true,"href":"https:\/\/www.eldiario.net\/portal\/wp-json\/wp\/v2\/media\/60485"}],"wp:attachment":[{"href":"https:\/\/www.eldiario.net\/portal\/wp-json\/wp\/v2\/media?parent=60484"}],"wp:term":[{"taxonomy":"category","embeddable":true,"href":"https:\/\/www.eldiario.net\/portal\/wp-json\/wp\/v2\/categories?post=60484"},{"taxonomy":"post_tag","embeddable":true,"href":"https:\/\/www.eldiario.net\/portal\/wp-json\/wp\/v2\/tags?post=60484"}],"curies":[{"name":"wp","href":"https:\/\/api.w.org\/{rel}","templated":true}]}}