{"id":60476,"date":"2022-02-02T05:36:01","date_gmt":"2022-02-02T09:36:01","guid":{"rendered":"https:\/\/www.eldiario.net\/portal\/?p=60476"},"modified":"2022-02-02T05:36:01","modified_gmt":"2022-02-02T09:36:01","slug":"muro-cae-y-afecta-ambientes-de-vivienda","status":"publish","type":"post","link":"https:\/\/www.eldiario.net\/portal\/2022\/02\/02\/muro-cae-y-afecta-ambientes-de-vivienda\/","title":{"rendered":"Muro cae y afecta ambientes de vivienda"},"content":{"rendered":"<p>Producto de la intensa lluvia ca\u00edda ayer, un muro de adobe, que serv\u00eda err\u00f3neamente de contenci\u00f3n en la calle 10 de San Antonio, se remoj\u00f3, cedi\u00f3 y cay\u00f3 sobre una vivienda, afectando a tres de sus ambientes, inform\u00f3 la comuna pace\u00f1a.<br \/>\n\u201cSe ha remojado, se ha saturado y ha ca\u00eddo, por suerte no hemos tenido da\u00f1os personales, s\u00ed materiales como ven, pero al momento est\u00e1 controlado, estamos esperando al propietario para tomar acciones. Como inicialmente se eval\u00faa son salientes de adobe, este material ha ca\u00eddo sobre su cubierta de calamina, se ha destrozado completamente; son tres ambientes afectados\u201d, inform\u00f3 el director de Emergencias, Vladimir Vargas.<br \/>\nLa autoridad municipal precis\u00f3 que utilizar este tipo de muros medianeros como contenci\u00f3n es un error, por la fragilidad del material y para hacer este tipo de obras se requiere de un dise\u00f1o profesional.<br \/>\n\u201cNo es correcto hacer este tipo de muros, pero en la casa hab\u00eda este muro divisorio que estaba de contenci\u00f3n, debe ser un muro dise\u00f1ado calculado por un profesional y generalmente debe ser de hormig\u00f3n armado o cicl\u00f3peo, eso es lo que contienen el talud\u201d, explic\u00f3 Vargas.<br \/>\nEl director de Emergencias solicit\u00f3 la presencia de la estatal Empresa P\u00fablica y Social de Aguas y Saneamiento (Epsas) al lugar de los hechos, ya que existe un sistema pluvial mixto que requiere ser revisado \u201cpara ver si hay da\u00f1os en el mismo\u201d.<br \/>\n\u201cDespu\u00e9s de eso vamos a tomar acciones, lo primero es evitar riesgos, tratar de demoler lo que est\u00e1 generando alg\u00fan problema\u201d, a\u00f1adi\u00f3. Por su parte, el subalcalde de San Antonio, Jos\u00e9 Francisco Mu\u00f1oz, inform\u00f3 que con anterioridad se notific\u00f3 al due\u00f1o de la vivienda ya que debe poner en l\u00ednea y nivel el inmueble, report\u00f3 AMUN.<br \/>\n\u201cHemos hecho la notificaci\u00f3n porque debe entrar en l\u00ednea y nivel correspondiente, ese muro de adobe no tiene ninguna garant\u00eda; las lluvias bajan y ya el muro no pudo contenerse. Correspond\u00eda hacer el muro con todas las seguridades del caso\u201d, dijo el subalcalde, quien record\u00f3 que con anterioridad fue advertido por los vecinos sobre la situaci\u00f3n de la vivienda, cuya salida es de metro y medio hacia la calle 10.<\/p>\n","protected":false},"excerpt":{"rendered":"<p>Producto de la intensa lluvia ca\u00edda ayer, un muro de adobe, que serv\u00eda err\u00f3neamente de contenci\u00f3n en la calle 10 de San Antonio, se remoj\u00f3, cedi\u00f3 y cay\u00f3 sobre una vivienda, afectando a tres de sus ambientes, inform\u00f3 la comuna pace\u00f1a. \u201cSe ha remojado, se ha saturado y ha ca\u00eddo, por suerte no hemos tenido [&hellip;]<\/p>\n","protected":false},"author":1,"featured_media":60477,"comment_status":"closed","ping_status":"closed","sticky":false,"template":"","format":"standard","meta":{"_acf_changed":false,"footnotes":""},"categories":[12],"tags":[],"class_list":["post-60476","post","type-post","status-publish","format-standard","has-post-thumbnail","category-nacional"],"acf":{"antetitulo":""},"yoast_head":"<!-- This site is optimized with the Yoast SEO plugin v28.4 - https:\/\/yoast.com\/product\/yoast-seo-wordpress\/ -->\n<title>Muro cae y afecta ambientes de vivienda - El Diario - Bolivia<\/title>\n<meta name=\"robots\" content=\"index, follow, max-snippet:-1, max-image-preview:large, max-video-preview:-1\" \/>\n<link rel=\"canonical\" href=\"https:\/\/www.eldiario.net\/portal\/2022\/02\/02\/muro-cae-y-afecta-ambientes-de-vivienda\/\" \/>\n<meta property=\"og:locale\" content=\"es_ES\" \/>\n<meta property=\"og:type\" content=\"article\" \/>\n<meta property=\"og:title\" content=\"Muro cae y afecta ambientes de vivienda - El Diario - Bolivia\" \/>\n<meta property=\"og:description\" content=\"Producto de la intensa lluvia ca\u00edda ayer, un muro de adobe, que serv\u00eda err\u00f3neamente de contenci\u00f3n en la calle 10 de San Antonio, se remoj\u00f3, cedi\u00f3 y cay\u00f3 sobre una vivienda, afectando a tres de sus ambientes, inform\u00f3 la comuna pace\u00f1a. \u201cSe ha remojado, se ha saturado y ha ca\u00eddo, por suerte no hemos tenido [&hellip;]\" \/>\n<meta property=\"og:url\" content=\"https:\/\/www.eldiario.net\/portal\/2022\/02\/02\/muro-cae-y-afecta-ambientes-de-vivienda\/\" \/>\n<meta property=\"og:site_name\" content=\"El Diario - Bolivia\" \/>\n<meta property=\"article:publisher\" content=\"https:\/\/www.facebook.com\/eldiario.bolivia\/\" \/>\n<meta property=\"article:published_time\" content=\"2022-02-02T09:36:01+00:00\" \/>\n<meta property=\"og:image\" content=\"https:\/\/www.eldiario.net\/portal\/wp-content\/uploads\/2022\/02\/4LP.jpg\" \/>\n\t<meta property=\"og:image:width\" content=\"760\" \/>\n\t<meta property=\"og:image:height\" content=\"570\" \/>\n\t<meta property=\"og:image:type\" content=\"image\/jpeg\" \/>\n<meta name=\"author\" content=\"Jeanette\" \/>\n<meta name=\"twitter:card\" content=\"summary_large_image\" \/>\n<meta name=\"twitter:creator\" content=\"@eldiario_net\" \/>\n<meta name=\"twitter:site\" content=\"@eldiario_net\" \/>\n<meta name=\"twitter:label1\" content=\"Escrito por\" \/>\n\t<meta name=\"twitter:data1\" content=\"Jeanette\" \/>\n\t<meta name=\"twitter:label2\" content=\"Tiempo de lectura\" \/>\n\t<meta name=\"twitter:data2\" content=\"2 minutos\" \/>\n<script type=\"application\/ld+json\" class=\"yoast-schema-graph\">{\"@context\":\"https:\\\/\\\/schema.org\",\"@graph\":[{\"@type\":\"Article\",\"@id\":\"https:\\\/\\\/www.eldiario.net\\\/portal\\\/2022\\\/02\\\/02\\\/muro-cae-y-afecta-ambientes-de-vivienda\\\/#article\",\"isPartOf\":{\"@id\":\"https:\\\/\\\/www.eldiario.net\\\/portal\\\/2022\\\/02\\\/02\\\/muro-cae-y-afecta-ambientes-de-vivienda\\\/\"},\"author\":{\"name\":\"Jeanette\",\"@id\":\"https:\\\/\\\/www.eldiario.net\\\/portal\\\/#\\\/schema\\\/person\\\/f46445640444750d7d753ccd04ae01b7\"},\"headline\":\"Muro cae y afecta ambientes de vivienda\",\"datePublished\":\"2022-02-02T09:36:01+00:00\",\"mainEntityOfPage\":{\"@id\":\"https:\\\/\\\/www.eldiario.net\\\/portal\\\/2022\\\/02\\\/02\\\/muro-cae-y-afecta-ambientes-de-vivienda\\\/\"},\"wordCount\":389,\"publisher\":{\"@id\":\"https:\\\/\\\/www.eldiario.net\\\/portal\\\/#organization\"},\"image\":{\"@id\":\"https:\\\/\\\/www.eldiario.net\\\/portal\\\/2022\\\/02\\\/02\\\/muro-cae-y-afecta-ambientes-de-vivienda\\\/#primaryimage\"},\"thumbnailUrl\":\"https:\\\/\\\/www.eldiario.net\\\/portal\\\/wp-content\\\/uploads\\\/2022\\\/02\\\/4LP.jpg\",\"articleSection\":[\"Nacional\"],\"inLanguage\":\"es\"},{\"@type\":\"WebPage\",\"@id\":\"https:\\\/\\\/www.eldiario.net\\\/portal\\\/2022\\\/02\\\/02\\\/muro-cae-y-afecta-ambientes-de-vivienda\\\/\",\"url\":\"https:\\\/\\\/www.eldiario.net\\\/portal\\\/2022\\\/02\\\/02\\\/muro-cae-y-afecta-ambientes-de-vivienda\\\/\",\"name\":\"Muro cae y afecta ambientes de vivienda - El Diario - Bolivia\",\"isPartOf\":{\"@id\":\"https:\\\/\\\/www.eldiario.net\\\/portal\\\/#website\"},\"primaryImageOfPage\":{\"@id\":\"https:\\\/\\\/www.eldiario.net\\\/portal\\\/2022\\\/02\\\/02\\\/muro-cae-y-afecta-ambientes-de-vivienda\\\/#primaryimage\"},\"image\":{\"@id\":\"https:\\\/\\\/www.eldiario.net\\\/portal\\\/2022\\\/02\\\/02\\\/muro-cae-y-afecta-ambientes-de-vivienda\\\/#primaryimage\"},\"thumbnailUrl\":\"https:\\\/\\\/www.eldiario.net\\\/portal\\\/wp-content\\\/uploads\\\/2022\\\/02\\\/4LP.jpg\",\"datePublished\":\"2022-02-02T09:36:01+00:00\",\"breadcrumb\":{\"@id\":\"https:\\\/\\\/www.eldiario.net\\\/portal\\\/2022\\\/02\\\/02\\\/muro-cae-y-afecta-ambientes-de-vivienda\\\/#breadcrumb\"},\"inLanguage\":\"es\",\"potentialAction\":[{\"@type\":\"ReadAction\",\"target\":[\"https:\\\/\\\/www.eldiario.net\\\/portal\\\/2022\\\/02\\\/02\\\/muro-cae-y-afecta-ambientes-de-vivienda\\\/\"]}]},{\"@type\":\"ImageObject\",\"inLanguage\":\"es\",\"@id\":\"https:\\\/\\\/www.eldiario.net\\\/portal\\\/2022\\\/02\\\/02\\\/muro-cae-y-afecta-ambientes-de-vivienda\\\/#primaryimage\",\"url\":\"https:\\\/\\\/www.eldiario.net\\\/portal\\\/wp-content\\\/uploads\\\/2022\\\/02\\\/4LP.jpg\",\"contentUrl\":\"https:\\\/\\\/www.eldiario.net\\\/portal\\\/wp-content\\\/uploads\\\/2022\\\/02\\\/4LP.jpg\",\"width\":760,\"height\":570,\"caption\":\"Las persistentes lluvias lograron remojar el muro construido inadecuadamente, afirmaron los funcionarios municipales.\"},{\"@type\":\"BreadcrumbList\",\"@id\":\"https:\\\/\\\/www.eldiario.net\\\/portal\\\/2022\\\/02\\\/02\\\/muro-cae-y-afecta-ambientes-de-vivienda\\\/#breadcrumb\",\"itemListElement\":[{\"@type\":\"ListItem\",\"position\":1,\"name\":\"Portada\",\"item\":\"https:\\\/\\\/www.eldiario.net\\\/portal\\\/\"},{\"@type\":\"ListItem\",\"position\":2,\"name\":\"Muro cae y afecta ambientes de vivienda\"}]},{\"@type\":\"WebSite\",\"@id\":\"https:\\\/\\\/www.eldiario.net\\\/portal\\\/#website\",\"url\":\"https:\\\/\\\/www.eldiario.net\\\/portal\\\/\",\"name\":\"El Diario - Decano de la prensa nacional\",\"description\":\"El Diario - Decano de la prensa nacional\",\"publisher\":{\"@id\":\"https:\\\/\\\/www.eldiario.net\\\/portal\\\/#organization\"},\"potentialAction\":[{\"@type\":\"SearchAction\",\"target\":{\"@type\":\"EntryPoint\",\"urlTemplate\":\"https:\\\/\\\/www.eldiario.net\\\/portal\\\/?s={search_term_string}\"},\"query-input\":{\"@type\":\"PropertyValueSpecification\",\"valueRequired\":true,\"valueName\":\"search_term_string\"}}],\"inLanguage\":\"es\"},{\"@type\":\"Organization\",\"@id\":\"https:\\\/\\\/www.eldiario.net\\\/portal\\\/#organization\",\"name\":\"El Diario - Decano de la prensa nacional\",\"url\":\"https:\\\/\\\/www.eldiario.net\\\/portal\\\/\",\"logo\":{\"@type\":\"ImageObject\",\"inLanguage\":\"es\",\"@id\":\"https:\\\/\\\/www.eldiario.net\\\/portal\\\/#\\\/schema\\\/logo\\\/image\\\/\",\"url\":\"https:\\\/\\\/www.eldiario.net\\\/portal\\\/wp-content\\\/uploads\\\/2023\\\/07\\\/logo_ED.jpg\",\"contentUrl\":\"https:\\\/\\\/www.eldiario.net\\\/portal\\\/wp-content\\\/uploads\\\/2023\\\/07\\\/logo_ED.jpg\",\"width\":272,\"height\":52,\"caption\":\"El Diario - Decano de la prensa nacional\"},\"image\":{\"@id\":\"https:\\\/\\\/www.eldiario.net\\\/portal\\\/#\\\/schema\\\/logo\\\/image\\\/\"},\"sameAs\":[\"https:\\\/\\\/www.facebook.com\\\/eldiario.bolivia\\\/\",\"https:\\\/\\\/x.com\\\/eldiario_net\"]},{\"@type\":\"Person\",\"@id\":\"https:\\\/\\\/www.eldiario.net\\\/portal\\\/#\\\/schema\\\/person\\\/f46445640444750d7d753ccd04ae01b7\",\"name\":\"Jeanette\",\"image\":{\"@type\":\"ImageObject\",\"inLanguage\":\"es\",\"@id\":\"https:\\\/\\\/secure.gravatar.com\\\/avatar\\\/3ea2118a5f7dad2b7138b1187a6b7ee55f160b9968b66013c3a3ef39dd7e5798?s=96&d=mm&r=g\",\"url\":\"https:\\\/\\\/secure.gravatar.com\\\/avatar\\\/3ea2118a5f7dad2b7138b1187a6b7ee55f160b9968b66013c3a3ef39dd7e5798?s=96&d=mm&r=g\",\"contentUrl\":\"https:\\\/\\\/secure.gravatar.com\\\/avatar\\\/3ea2118a5f7dad2b7138b1187a6b7ee55f160b9968b66013c3a3ef39dd7e5798?s=96&d=mm&r=g\",\"caption\":\"Jeanette\"},\"sameAs\":[\"https:\\\/\\\/www.eldiario.net\\\/portal\"],\"url\":\"https:\\\/\\\/www.eldiario.net\\\/portal\\\/author\\\/jeanette\\\/\"}]}<\/script>\n<!-- \/ Yoast SEO plugin. -->","yoast_head_json":{"title":"Muro cae y afecta ambientes de vivienda - El Diario - Bolivia","robots":{"index":"index","follow":"follow","max-snippet":"max-snippet:-1","max-image-preview":"max-image-preview:large","max-video-preview":"max-video-preview:-1"},"canonical":"https:\/\/www.eldiario.net\/portal\/2022\/02\/02\/muro-cae-y-afecta-ambientes-de-vivienda\/","og_locale":"es_ES","og_type":"article","og_title":"Muro cae y afecta ambientes de vivienda - El Diario - Bolivia","og_description":"Producto de la intensa lluvia ca\u00edda ayer, un muro de adobe, que serv\u00eda err\u00f3neamente de contenci\u00f3n en la calle 10 de San Antonio, se remoj\u00f3, cedi\u00f3 y cay\u00f3 sobre una vivienda, afectando a tres de sus ambientes, inform\u00f3 la comuna pace\u00f1a. \u201cSe ha remojado, se ha saturado y ha ca\u00eddo, por suerte no hemos tenido [&hellip;]","og_url":"https:\/\/www.eldiario.net\/portal\/2022\/02\/02\/muro-cae-y-afecta-ambientes-de-vivienda\/","og_site_name":"El Diario - Bolivia","article_publisher":"https:\/\/www.facebook.com\/eldiario.bolivia\/","article_published_time":"2022-02-02T09:36:01+00:00","og_image":[{"width":760,"height":570,"url":"https:\/\/www.eldiario.net\/portal\/wp-content\/uploads\/2022\/02\/4LP.jpg","type":"image\/jpeg"}],"author":"Jeanette","twitter_card":"summary_large_image","twitter_creator":"@eldiario_net","twitter_site":"@eldiario_net","twitter_misc":{"Escrito por":"Jeanette","Tiempo de lectura":"2 minutos"},"schema":{"@context":"https:\/\/schema.org","@graph":[{"@type":"Article","@id":"https:\/\/www.eldiario.net\/portal\/2022\/02\/02\/muro-cae-y-afecta-ambientes-de-vivienda\/#article","isPartOf":{"@id":"https:\/\/www.eldiario.net\/portal\/2022\/02\/02\/muro-cae-y-afecta-ambientes-de-vivienda\/"},"author":{"name":"Jeanette","@id":"https:\/\/www.eldiario.net\/portal\/#\/schema\/person\/f46445640444750d7d753ccd04ae01b7"},"headline":"Muro cae y afecta ambientes de vivienda","datePublished":"2022-02-02T09:36:01+00:00","mainEntityOfPage":{"@id":"https:\/\/www.eldiario.net\/portal\/2022\/02\/02\/muro-cae-y-afecta-ambientes-de-vivienda\/"},"wordCount":389,"publisher":{"@id":"https:\/\/www.eldiario.net\/portal\/#organization"},"image":{"@id":"https:\/\/www.eldiario.net\/portal\/2022\/02\/02\/muro-cae-y-afecta-ambientes-de-vivienda\/#primaryimage"},"thumbnailUrl":"https:\/\/www.eldiario.net\/portal\/wp-content\/uploads\/2022\/02\/4LP.jpg","articleSection":["Nacional"],"inLanguage":"es"},{"@type":"WebPage","@id":"https:\/\/www.eldiario.net\/portal\/2022\/02\/02\/muro-cae-y-afecta-ambientes-de-vivienda\/","url":"https:\/\/www.eldiario.net\/portal\/2022\/02\/02\/muro-cae-y-afecta-ambientes-de-vivienda\/","name":"Muro cae y afecta ambientes de vivienda - El Diario - Bolivia","isPartOf":{"@id":"https:\/\/www.eldiario.net\/portal\/#website"},"primaryImageOfPage":{"@id":"https:\/\/www.eldiario.net\/portal\/2022\/02\/02\/muro-cae-y-afecta-ambientes-de-vivienda\/#primaryimage"},"image":{"@id":"https:\/\/www.eldiario.net\/portal\/2022\/02\/02\/muro-cae-y-afecta-ambientes-de-vivienda\/#primaryimage"},"thumbnailUrl":"https:\/\/www.eldiario.net\/portal\/wp-content\/uploads\/2022\/02\/4LP.jpg","datePublished":"2022-02-02T09:36:01+00:00","breadcrumb":{"@id":"https:\/\/www.eldiario.net\/portal\/2022\/02\/02\/muro-cae-y-afecta-ambientes-de-vivienda\/#breadcrumb"},"inLanguage":"es","potentialAction":[{"@type":"ReadAction","target":["https:\/\/www.eldiario.net\/portal\/2022\/02\/02\/muro-cae-y-afecta-ambientes-de-vivienda\/"]}]},{"@type":"ImageObject","inLanguage":"es","@id":"https:\/\/www.eldiario.net\/portal\/2022\/02\/02\/muro-cae-y-afecta-ambientes-de-vivienda\/#primaryimage","url":"https:\/\/www.eldiario.net\/portal\/wp-content\/uploads\/2022\/02\/4LP.jpg","contentUrl":"https:\/\/www.eldiario.net\/portal\/wp-content\/uploads\/2022\/02\/4LP.jpg","width":760,"height":570,"caption":"Las persistentes lluvias lograron remojar el muro construido inadecuadamente, afirmaron los funcionarios municipales."},{"@type":"BreadcrumbList","@id":"https:\/\/www.eldiario.net\/portal\/2022\/02\/02\/muro-cae-y-afecta-ambientes-de-vivienda\/#breadcrumb","itemListElement":[{"@type":"ListItem","position":1,"name":"Portada","item":"https:\/\/www.eldiario.net\/portal\/"},{"@type":"ListItem","position":2,"name":"Muro cae y afecta ambientes de vivienda"}]},{"@type":"WebSite","@id":"https:\/\/www.eldiario.net\/portal\/#website","url":"https:\/\/www.eldiario.net\/portal\/","name":"El Diario - Decano de la prensa nacional","description":"El Diario - Decano de la prensa nacional","publisher":{"@id":"https:\/\/www.eldiario.net\/portal\/#organization"},"potentialAction":[{"@type":"SearchAction","target":{"@type":"EntryPoint","urlTemplate":"https:\/\/www.eldiario.net\/portal\/?s={search_term_string}"},"query-input":{"@type":"PropertyValueSpecification","valueRequired":true,"valueName":"search_term_string"}}],"inLanguage":"es"},{"@type":"Organization","@id":"https:\/\/www.eldiario.net\/portal\/#organization","name":"El Diario - Decano de la prensa nacional","url":"https:\/\/www.eldiario.net\/portal\/","logo":{"@type":"ImageObject","inLanguage":"es","@id":"https:\/\/www.eldiario.net\/portal\/#\/schema\/logo\/image\/","url":"https:\/\/www.eldiario.net\/portal\/wp-content\/uploads\/2023\/07\/logo_ED.jpg","contentUrl":"https:\/\/www.eldiario.net\/portal\/wp-content\/uploads\/2023\/07\/logo_ED.jpg","width":272,"height":52,"caption":"El Diario - Decano de la prensa nacional"},"image":{"@id":"https:\/\/www.eldiario.net\/portal\/#\/schema\/logo\/image\/"},"sameAs":["https:\/\/www.facebook.com\/eldiario.bolivia\/","https:\/\/x.com\/eldiario_net"]},{"@type":"Person","@id":"https:\/\/www.eldiario.net\/portal\/#\/schema\/person\/f46445640444750d7d753ccd04ae01b7","name":"Jeanette","image":{"@type":"ImageObject","inLanguage":"es","@id":"https:\/\/secure.gravatar.com\/avatar\/3ea2118a5f7dad2b7138b1187a6b7ee55f160b9968b66013c3a3ef39dd7e5798?s=96&d=mm&r=g","url":"https:\/\/secure.gravatar.com\/avatar\/3ea2118a5f7dad2b7138b1187a6b7ee55f160b9968b66013c3a3ef39dd7e5798?s=96&d=mm&r=g","contentUrl":"https:\/\/secure.gravatar.com\/avatar\/3ea2118a5f7dad2b7138b1187a6b7ee55f160b9968b66013c3a3ef39dd7e5798?s=96&d=mm&r=g","caption":"Jeanette"},"sameAs":["https:\/\/www.eldiario.net\/portal"],"url":"https:\/\/www.eldiario.net\/portal\/author\/jeanette\/"}]}},"_links":{"self":[{"href":"https:\/\/www.eldiario.net\/portal\/wp-json\/wp\/v2\/posts\/60476","targetHints":{"allow":["GET"]}}],"collection":[{"href":"https:\/\/www.eldiario.net\/portal\/wp-json\/wp\/v2\/posts"}],"about":[{"href":"https:\/\/www.eldiario.net\/portal\/wp-json\/wp\/v2\/types\/post"}],"author":[{"embeddable":true,"href":"https:\/\/www.eldiario.net\/portal\/wp-json\/wp\/v2\/users\/1"}],"replies":[{"embeddable":true,"href":"https:\/\/www.eldiario.net\/portal\/wp-json\/wp\/v2\/comments?post=60476"}],"version-history":[{"count":0,"href":"https:\/\/www.eldiario.net\/portal\/wp-json\/wp\/v2\/posts\/60476\/revisions"}],"wp:featuredmedia":[{"embeddable":true,"href":"https:\/\/www.eldiario.net\/portal\/wp-json\/wp\/v2\/media\/60477"}],"wp:attachment":[{"href":"https:\/\/www.eldiario.net\/portal\/wp-json\/wp\/v2\/media?parent=60476"}],"wp:term":[{"taxonomy":"category","embeddable":true,"href":"https:\/\/www.eldiario.net\/portal\/wp-json\/wp\/v2\/categories?post=60476"},{"taxonomy":"post_tag","embeddable":true,"href":"https:\/\/www.eldiario.net\/portal\/wp-json\/wp\/v2\/tags?post=60476"}],"curies":[{"name":"wp","href":"https:\/\/api.w.org\/{rel}","templated":true}]}}