{"id":60473,"date":"2022-02-02T05:35:23","date_gmt":"2022-02-02T09:35:23","guid":{"rendered":"https:\/\/www.eldiario.net\/portal\/?p=60473"},"modified":"2022-02-02T05:35:23","modified_gmt":"2022-02-02T09:35:23","slug":"exhortan-a-uso-de-barbijo-en-aulas-escolares","status":"publish","type":"post","link":"https:\/\/www.eldiario.net\/portal\/2022\/02\/02\/exhortan-a-uso-de-barbijo-en-aulas-escolares\/","title":{"rendered":"Exhortan a uso  de barbijo en  aulas escolares"},"content":{"rendered":"<p>El uso de barbijo debe ser obligatorio para los estudiantes que asistan a clases presenciales, recomend\u00f3 el director del Hospital del Ni\u00f1o de La Paz, Alfredo Mendoza.<br \/>\n\u201cLas recomendaciones que podemos dar a los ni\u00f1os que asistir\u00e1n a clases presenciales son: uno, que tienen que usar obligatoriamente el barbijo, en el sentido de que sabemos que este virus se contagia casi exclusivamente por v\u00eda a\u00e9rea; por lo tanto, el uso del barbijo es obligatorio e imprescindible\u201d, afirm\u00f3 citado en un reporte del Colegio M\u00e9dico de Bolivia.<br \/>\nAcot\u00f3 que en las unidades educativas, donde iniciar\u00e1n clases en forma presencial, los cursos deben estar ventilados y que la mejor manera es abrir las ventanas entre clase y clase en periodo de unos 5 a 7 minutos, para que exista circulaci\u00f3n de aire.<br \/>\nA esto se suma, el lavado de manos frecuente, a\u00f1adi\u00f3 el galeno.<br \/>\n\u201cUna cosa m\u00e1s, es que los ni\u00f1os que asistan, si son mayores de cinco a\u00f1os, est\u00e9n vacunados y que sus padres tambi\u00e9n lo est\u00e9n, para evitar suspender clases por alg\u00fan contagio\u201d, recomend\u00f3, report\u00f3 ABI.<br \/>\nEn lo que se refiere a la alimentaci\u00f3n de los ni\u00f1os, el profesional consider\u00f3 que los ni\u00f1os pueden comer de todo y consumir zinc como suplemento, pero reiter\u00f3 que la mejor manera de protegerlos es que hagan uso de las medidas de bioseguridad.<\/p>\n","protected":false},"excerpt":{"rendered":"<p>El uso de barbijo debe ser obligatorio para los estudiantes que asistan a clases presenciales, recomend\u00f3 el director del Hospital del Ni\u00f1o de La Paz, Alfredo Mendoza. \u201cLas recomendaciones que podemos dar a los ni\u00f1os que asistir\u00e1n a clases presenciales son: uno, que tienen que usar obligatoriamente el barbijo, en el sentido de que sabemos [&hellip;]<\/p>\n","protected":false},"author":1,"featured_media":60474,"comment_status":"closed","ping_status":"closed","sticky":false,"template":"","format":"standard","meta":{"_acf_changed":false,"footnotes":""},"categories":[12],"tags":[],"class_list":["post-60473","post","type-post","status-publish","format-standard","has-post-thumbnail","category-nacional"],"acf":{"antetitulo":""},"yoast_head":"<!-- This site is optimized with the Yoast SEO plugin v28.4 - https:\/\/yoast.com\/product\/yoast-seo-wordpress\/ -->\n<title>Exhortan a uso de barbijo en aulas escolares - El Diario - Bolivia<\/title>\n<meta name=\"robots\" content=\"index, follow, max-snippet:-1, max-image-preview:large, max-video-preview:-1\" \/>\n<link rel=\"canonical\" href=\"https:\/\/www.eldiario.net\/portal\/2022\/02\/02\/exhortan-a-uso-de-barbijo-en-aulas-escolares\/\" \/>\n<meta property=\"og:locale\" content=\"es_ES\" \/>\n<meta property=\"og:type\" content=\"article\" \/>\n<meta property=\"og:title\" content=\"Exhortan a uso de barbijo en aulas escolares - El Diario - Bolivia\" \/>\n<meta property=\"og:description\" content=\"El uso de barbijo debe ser obligatorio para los estudiantes que asistan a clases presenciales, recomend\u00f3 el director del Hospital del Ni\u00f1o de La Paz, Alfredo Mendoza. \u201cLas recomendaciones que podemos dar a los ni\u00f1os que asistir\u00e1n a clases presenciales son: uno, que tienen que usar obligatoriamente el barbijo, en el sentido de que sabemos [&hellip;]\" \/>\n<meta property=\"og:url\" content=\"https:\/\/www.eldiario.net\/portal\/2022\/02\/02\/exhortan-a-uso-de-barbijo-en-aulas-escolares\/\" \/>\n<meta property=\"og:site_name\" content=\"El Diario - Bolivia\" \/>\n<meta property=\"article:publisher\" content=\"https:\/\/www.facebook.com\/eldiario.bolivia\/\" \/>\n<meta property=\"article:published_time\" content=\"2022-02-02T09:35:23+00:00\" \/>\n<meta name=\"author\" content=\"Jeanette\" \/>\n<meta name=\"twitter:card\" content=\"summary_large_image\" \/>\n<meta name=\"twitter:creator\" content=\"@eldiario_net\" \/>\n<meta name=\"twitter:site\" content=\"@eldiario_net\" \/>\n<meta name=\"twitter:label1\" content=\"Escrito por\" \/>\n\t<meta name=\"twitter:data1\" content=\"Jeanette\" \/>\n\t<meta name=\"twitter:label2\" content=\"Tiempo de lectura\" \/>\n\t<meta name=\"twitter:data2\" content=\"2 minutos\" \/>\n<script type=\"application\/ld+json\" class=\"yoast-schema-graph\">{\"@context\":\"https:\\\/\\\/schema.org\",\"@graph\":[{\"@type\":\"Article\",\"@id\":\"https:\\\/\\\/www.eldiario.net\\\/portal\\\/2022\\\/02\\\/02\\\/exhortan-a-uso-de-barbijo-en-aulas-escolares\\\/#article\",\"isPartOf\":{\"@id\":\"https:\\\/\\\/www.eldiario.net\\\/portal\\\/2022\\\/02\\\/02\\\/exhortan-a-uso-de-barbijo-en-aulas-escolares\\\/\"},\"author\":{\"name\":\"Jeanette\",\"@id\":\"https:\\\/\\\/www.eldiario.net\\\/portal\\\/#\\\/schema\\\/person\\\/f46445640444750d7d753ccd04ae01b7\"},\"headline\":\"Exhortan a uso de barbijo en aulas escolares\",\"datePublished\":\"2022-02-02T09:35:23+00:00\",\"mainEntityOfPage\":{\"@id\":\"https:\\\/\\\/www.eldiario.net\\\/portal\\\/2022\\\/02\\\/02\\\/exhortan-a-uso-de-barbijo-en-aulas-escolares\\\/\"},\"wordCount\":244,\"publisher\":{\"@id\":\"https:\\\/\\\/www.eldiario.net\\\/portal\\\/#organization\"},\"image\":{\"@id\":\"https:\\\/\\\/www.eldiario.net\\\/portal\\\/2022\\\/02\\\/02\\\/exhortan-a-uso-de-barbijo-en-aulas-escolares\\\/#primaryimage\"},\"thumbnailUrl\":\"\",\"articleSection\":[\"Nacional\"],\"inLanguage\":\"es\"},{\"@type\":\"WebPage\",\"@id\":\"https:\\\/\\\/www.eldiario.net\\\/portal\\\/2022\\\/02\\\/02\\\/exhortan-a-uso-de-barbijo-en-aulas-escolares\\\/\",\"url\":\"https:\\\/\\\/www.eldiario.net\\\/portal\\\/2022\\\/02\\\/02\\\/exhortan-a-uso-de-barbijo-en-aulas-escolares\\\/\",\"name\":\"Exhortan a uso de barbijo en aulas escolares - El Diario - Bolivia\",\"isPartOf\":{\"@id\":\"https:\\\/\\\/www.eldiario.net\\\/portal\\\/#website\"},\"primaryImageOfPage\":{\"@id\":\"https:\\\/\\\/www.eldiario.net\\\/portal\\\/2022\\\/02\\\/02\\\/exhortan-a-uso-de-barbijo-en-aulas-escolares\\\/#primaryimage\"},\"image\":{\"@id\":\"https:\\\/\\\/www.eldiario.net\\\/portal\\\/2022\\\/02\\\/02\\\/exhortan-a-uso-de-barbijo-en-aulas-escolares\\\/#primaryimage\"},\"thumbnailUrl\":\"\",\"datePublished\":\"2022-02-02T09:35:23+00:00\",\"breadcrumb\":{\"@id\":\"https:\\\/\\\/www.eldiario.net\\\/portal\\\/2022\\\/02\\\/02\\\/exhortan-a-uso-de-barbijo-en-aulas-escolares\\\/#breadcrumb\"},\"inLanguage\":\"es\",\"potentialAction\":[{\"@type\":\"ReadAction\",\"target\":[\"https:\\\/\\\/www.eldiario.net\\\/portal\\\/2022\\\/02\\\/02\\\/exhortan-a-uso-de-barbijo-en-aulas-escolares\\\/\"]}]},{\"@type\":\"ImageObject\",\"inLanguage\":\"es\",\"@id\":\"https:\\\/\\\/www.eldiario.net\\\/portal\\\/2022\\\/02\\\/02\\\/exhortan-a-uso-de-barbijo-en-aulas-escolares\\\/#primaryimage\",\"url\":\"\",\"contentUrl\":\"\"},{\"@type\":\"BreadcrumbList\",\"@id\":\"https:\\\/\\\/www.eldiario.net\\\/portal\\\/2022\\\/02\\\/02\\\/exhortan-a-uso-de-barbijo-en-aulas-escolares\\\/#breadcrumb\",\"itemListElement\":[{\"@type\":\"ListItem\",\"position\":1,\"name\":\"Portada\",\"item\":\"https:\\\/\\\/www.eldiario.net\\\/portal\\\/\"},{\"@type\":\"ListItem\",\"position\":2,\"name\":\"Exhortan a uso de barbijo en aulas escolares\"}]},{\"@type\":\"WebSite\",\"@id\":\"https:\\\/\\\/www.eldiario.net\\\/portal\\\/#website\",\"url\":\"https:\\\/\\\/www.eldiario.net\\\/portal\\\/\",\"name\":\"El Diario - Decano de la prensa nacional\",\"description\":\"El Diario - Decano de la prensa nacional\",\"publisher\":{\"@id\":\"https:\\\/\\\/www.eldiario.net\\\/portal\\\/#organization\"},\"potentialAction\":[{\"@type\":\"SearchAction\",\"target\":{\"@type\":\"EntryPoint\",\"urlTemplate\":\"https:\\\/\\\/www.eldiario.net\\\/portal\\\/?s={search_term_string}\"},\"query-input\":{\"@type\":\"PropertyValueSpecification\",\"valueRequired\":true,\"valueName\":\"search_term_string\"}}],\"inLanguage\":\"es\"},{\"@type\":\"Organization\",\"@id\":\"https:\\\/\\\/www.eldiario.net\\\/portal\\\/#organization\",\"name\":\"El Diario - Decano de la prensa nacional\",\"url\":\"https:\\\/\\\/www.eldiario.net\\\/portal\\\/\",\"logo\":{\"@type\":\"ImageObject\",\"inLanguage\":\"es\",\"@id\":\"https:\\\/\\\/www.eldiario.net\\\/portal\\\/#\\\/schema\\\/logo\\\/image\\\/\",\"url\":\"https:\\\/\\\/www.eldiario.net\\\/portal\\\/wp-content\\\/uploads\\\/2023\\\/07\\\/logo_ED.jpg\",\"contentUrl\":\"https:\\\/\\\/www.eldiario.net\\\/portal\\\/wp-content\\\/uploads\\\/2023\\\/07\\\/logo_ED.jpg\",\"width\":272,\"height\":52,\"caption\":\"El Diario - Decano de la prensa nacional\"},\"image\":{\"@id\":\"https:\\\/\\\/www.eldiario.net\\\/portal\\\/#\\\/schema\\\/logo\\\/image\\\/\"},\"sameAs\":[\"https:\\\/\\\/www.facebook.com\\\/eldiario.bolivia\\\/\",\"https:\\\/\\\/x.com\\\/eldiario_net\"]},{\"@type\":\"Person\",\"@id\":\"https:\\\/\\\/www.eldiario.net\\\/portal\\\/#\\\/schema\\\/person\\\/f46445640444750d7d753ccd04ae01b7\",\"name\":\"Jeanette\",\"image\":{\"@type\":\"ImageObject\",\"inLanguage\":\"es\",\"@id\":\"https:\\\/\\\/secure.gravatar.com\\\/avatar\\\/3ea2118a5f7dad2b7138b1187a6b7ee55f160b9968b66013c3a3ef39dd7e5798?s=96&d=mm&r=g\",\"url\":\"https:\\\/\\\/secure.gravatar.com\\\/avatar\\\/3ea2118a5f7dad2b7138b1187a6b7ee55f160b9968b66013c3a3ef39dd7e5798?s=96&d=mm&r=g\",\"contentUrl\":\"https:\\\/\\\/secure.gravatar.com\\\/avatar\\\/3ea2118a5f7dad2b7138b1187a6b7ee55f160b9968b66013c3a3ef39dd7e5798?s=96&d=mm&r=g\",\"caption\":\"Jeanette\"},\"sameAs\":[\"https:\\\/\\\/www.eldiario.net\\\/portal\"],\"url\":\"https:\\\/\\\/www.eldiario.net\\\/portal\\\/author\\\/jeanette\\\/\"}]}<\/script>\n<!-- \/ Yoast SEO plugin. -->","yoast_head_json":{"title":"Exhortan a uso de barbijo en aulas escolares - El Diario - Bolivia","robots":{"index":"index","follow":"follow","max-snippet":"max-snippet:-1","max-image-preview":"max-image-preview:large","max-video-preview":"max-video-preview:-1"},"canonical":"https:\/\/www.eldiario.net\/portal\/2022\/02\/02\/exhortan-a-uso-de-barbijo-en-aulas-escolares\/","og_locale":"es_ES","og_type":"article","og_title":"Exhortan a uso de barbijo en aulas escolares - El Diario - Bolivia","og_description":"El uso de barbijo debe ser obligatorio para los estudiantes que asistan a clases presenciales, recomend\u00f3 el director del Hospital del Ni\u00f1o de La Paz, Alfredo Mendoza. \u201cLas recomendaciones que podemos dar a los ni\u00f1os que asistir\u00e1n a clases presenciales son: uno, que tienen que usar obligatoriamente el barbijo, en el sentido de que sabemos [&hellip;]","og_url":"https:\/\/www.eldiario.net\/portal\/2022\/02\/02\/exhortan-a-uso-de-barbijo-en-aulas-escolares\/","og_site_name":"El Diario - Bolivia","article_publisher":"https:\/\/www.facebook.com\/eldiario.bolivia\/","article_published_time":"2022-02-02T09:35:23+00:00","author":"Jeanette","twitter_card":"summary_large_image","twitter_creator":"@eldiario_net","twitter_site":"@eldiario_net","twitter_misc":{"Escrito por":"Jeanette","Tiempo de lectura":"2 minutos"},"schema":{"@context":"https:\/\/schema.org","@graph":[{"@type":"Article","@id":"https:\/\/www.eldiario.net\/portal\/2022\/02\/02\/exhortan-a-uso-de-barbijo-en-aulas-escolares\/#article","isPartOf":{"@id":"https:\/\/www.eldiario.net\/portal\/2022\/02\/02\/exhortan-a-uso-de-barbijo-en-aulas-escolares\/"},"author":{"name":"Jeanette","@id":"https:\/\/www.eldiario.net\/portal\/#\/schema\/person\/f46445640444750d7d753ccd04ae01b7"},"headline":"Exhortan a uso de barbijo en aulas escolares","datePublished":"2022-02-02T09:35:23+00:00","mainEntityOfPage":{"@id":"https:\/\/www.eldiario.net\/portal\/2022\/02\/02\/exhortan-a-uso-de-barbijo-en-aulas-escolares\/"},"wordCount":244,"publisher":{"@id":"https:\/\/www.eldiario.net\/portal\/#organization"},"image":{"@id":"https:\/\/www.eldiario.net\/portal\/2022\/02\/02\/exhortan-a-uso-de-barbijo-en-aulas-escolares\/#primaryimage"},"thumbnailUrl":"","articleSection":["Nacional"],"inLanguage":"es"},{"@type":"WebPage","@id":"https:\/\/www.eldiario.net\/portal\/2022\/02\/02\/exhortan-a-uso-de-barbijo-en-aulas-escolares\/","url":"https:\/\/www.eldiario.net\/portal\/2022\/02\/02\/exhortan-a-uso-de-barbijo-en-aulas-escolares\/","name":"Exhortan a uso de barbijo en aulas escolares - El Diario - Bolivia","isPartOf":{"@id":"https:\/\/www.eldiario.net\/portal\/#website"},"primaryImageOfPage":{"@id":"https:\/\/www.eldiario.net\/portal\/2022\/02\/02\/exhortan-a-uso-de-barbijo-en-aulas-escolares\/#primaryimage"},"image":{"@id":"https:\/\/www.eldiario.net\/portal\/2022\/02\/02\/exhortan-a-uso-de-barbijo-en-aulas-escolares\/#primaryimage"},"thumbnailUrl":"","datePublished":"2022-02-02T09:35:23+00:00","breadcrumb":{"@id":"https:\/\/www.eldiario.net\/portal\/2022\/02\/02\/exhortan-a-uso-de-barbijo-en-aulas-escolares\/#breadcrumb"},"inLanguage":"es","potentialAction":[{"@type":"ReadAction","target":["https:\/\/www.eldiario.net\/portal\/2022\/02\/02\/exhortan-a-uso-de-barbijo-en-aulas-escolares\/"]}]},{"@type":"ImageObject","inLanguage":"es","@id":"https:\/\/www.eldiario.net\/portal\/2022\/02\/02\/exhortan-a-uso-de-barbijo-en-aulas-escolares\/#primaryimage","url":"","contentUrl":""},{"@type":"BreadcrumbList","@id":"https:\/\/www.eldiario.net\/portal\/2022\/02\/02\/exhortan-a-uso-de-barbijo-en-aulas-escolares\/#breadcrumb","itemListElement":[{"@type":"ListItem","position":1,"name":"Portada","item":"https:\/\/www.eldiario.net\/portal\/"},{"@type":"ListItem","position":2,"name":"Exhortan a uso de barbijo en aulas escolares"}]},{"@type":"WebSite","@id":"https:\/\/www.eldiario.net\/portal\/#website","url":"https:\/\/www.eldiario.net\/portal\/","name":"El Diario - Decano de la prensa nacional","description":"El Diario - Decano de la prensa nacional","publisher":{"@id":"https:\/\/www.eldiario.net\/portal\/#organization"},"potentialAction":[{"@type":"SearchAction","target":{"@type":"EntryPoint","urlTemplate":"https:\/\/www.eldiario.net\/portal\/?s={search_term_string}"},"query-input":{"@type":"PropertyValueSpecification","valueRequired":true,"valueName":"search_term_string"}}],"inLanguage":"es"},{"@type":"Organization","@id":"https:\/\/www.eldiario.net\/portal\/#organization","name":"El Diario - Decano de la prensa nacional","url":"https:\/\/www.eldiario.net\/portal\/","logo":{"@type":"ImageObject","inLanguage":"es","@id":"https:\/\/www.eldiario.net\/portal\/#\/schema\/logo\/image\/","url":"https:\/\/www.eldiario.net\/portal\/wp-content\/uploads\/2023\/07\/logo_ED.jpg","contentUrl":"https:\/\/www.eldiario.net\/portal\/wp-content\/uploads\/2023\/07\/logo_ED.jpg","width":272,"height":52,"caption":"El Diario - Decano de la prensa nacional"},"image":{"@id":"https:\/\/www.eldiario.net\/portal\/#\/schema\/logo\/image\/"},"sameAs":["https:\/\/www.facebook.com\/eldiario.bolivia\/","https:\/\/x.com\/eldiario_net"]},{"@type":"Person","@id":"https:\/\/www.eldiario.net\/portal\/#\/schema\/person\/f46445640444750d7d753ccd04ae01b7","name":"Jeanette","image":{"@type":"ImageObject","inLanguage":"es","@id":"https:\/\/secure.gravatar.com\/avatar\/3ea2118a5f7dad2b7138b1187a6b7ee55f160b9968b66013c3a3ef39dd7e5798?s=96&d=mm&r=g","url":"https:\/\/secure.gravatar.com\/avatar\/3ea2118a5f7dad2b7138b1187a6b7ee55f160b9968b66013c3a3ef39dd7e5798?s=96&d=mm&r=g","contentUrl":"https:\/\/secure.gravatar.com\/avatar\/3ea2118a5f7dad2b7138b1187a6b7ee55f160b9968b66013c3a3ef39dd7e5798?s=96&d=mm&r=g","caption":"Jeanette"},"sameAs":["https:\/\/www.eldiario.net\/portal"],"url":"https:\/\/www.eldiario.net\/portal\/author\/jeanette\/"}]}},"_links":{"self":[{"href":"https:\/\/www.eldiario.net\/portal\/wp-json\/wp\/v2\/posts\/60473","targetHints":{"allow":["GET"]}}],"collection":[{"href":"https:\/\/www.eldiario.net\/portal\/wp-json\/wp\/v2\/posts"}],"about":[{"href":"https:\/\/www.eldiario.net\/portal\/wp-json\/wp\/v2\/types\/post"}],"author":[{"embeddable":true,"href":"https:\/\/www.eldiario.net\/portal\/wp-json\/wp\/v2\/users\/1"}],"replies":[{"embeddable":true,"href":"https:\/\/www.eldiario.net\/portal\/wp-json\/wp\/v2\/comments?post=60473"}],"version-history":[{"count":0,"href":"https:\/\/www.eldiario.net\/portal\/wp-json\/wp\/v2\/posts\/60473\/revisions"}],"wp:attachment":[{"href":"https:\/\/www.eldiario.net\/portal\/wp-json\/wp\/v2\/media?parent=60473"}],"wp:term":[{"taxonomy":"category","embeddable":true,"href":"https:\/\/www.eldiario.net\/portal\/wp-json\/wp\/v2\/categories?post=60473"},{"taxonomy":"post_tag","embeddable":true,"href":"https:\/\/www.eldiario.net\/portal\/wp-json\/wp\/v2\/tags?post=60473"}],"curies":[{"name":"wp","href":"https:\/\/api.w.org\/{rel}","templated":true}]}}