{"id":60468,"date":"2022-02-02T05:34:44","date_gmt":"2022-02-02T09:34:44","guid":{"rendered":"https:\/\/www.eldiario.net\/portal\/?p=60468"},"modified":"2022-02-02T05:34:44","modified_gmt":"2022-02-02T09:34:44","slug":"expediente-de-feminicida-fue-derivado-a-juzgado-de-el-alto","status":"publish","type":"post","link":"https:\/\/www.eldiario.net\/portal\/2022\/02\/02\/expediente-de-feminicida-fue-derivado-a-juzgado-de-el-alto\/","title":{"rendered":"Expediente de feminicida fue  derivado a juzgado de El Alto"},"content":{"rendered":"<p>El exsecretario del Juzgado de Ejecuci\u00f3n 1, Ra\u00fal Gallo, en su declaraci\u00f3n en calidad de sindicado asegur\u00f3 que el expediente de Richard Choque Flores, sentenciado a 30 a\u00f1os de c\u00e1rcel sin derecho a indulto, acusado por asesinato de una mujer, fue devuelto al juzgado de origen y que la trabajadora social de El Alto deb\u00eda dar seguimiento al cumplimiento de la resoluci\u00f3n del juez Rafael Alc\u00f3n.<br \/>\nA una semana desde que se devel\u00f3 el caso del feminicida serial, Richard Choque Flores, no aparece el expediente del caso por el que fue liberado con detenci\u00f3n domiciliaria el 2019.<br \/>\nEl exsecretario es investigado por los presuntos delitos de incumplimiento de deberes, supresi\u00f3n o destrucci\u00f3n de documentos en grado de coautor, consorcio de jueces, fiscales, polic\u00edas y abogados de acuerdo al C\u00f3digo Penal, de acuerdo a la declaraci\u00f3n a la que tuvo acceso ANF.<br \/>\nRa\u00fal Gallo cumpli\u00f3 funciones en ese juzgado entre 2017 y 2020, estuvo presente cuando en diciembre de 2019 el juez Rafael Alc\u00f3n otorg\u00f3 detenci\u00f3n domiciliaria a Choque quien cumpl\u00eda en el penal una sentencia de 30 a\u00f1os por el asesinato de Blanca Limachi.<br \/>\nPrecis\u00f3 que su rol era dar fe a los actos del juez, pero no ten\u00eda la facultad ni la tuici\u00f3n de objetar las decisiones del administrador de justicia. Manifest\u00f3 que el caso de Richard Choque lleg\u00f3 a ese despacho por la vacaci\u00f3n judicial.<br \/>\nDetall\u00f3 que el caso o el cuaderno \u201cse devolvi\u00f3 al juzgado de origen\u201d, porque la resoluci\u00f3n del juez Rafael Alc\u00f3n ten\u00eda que ser cumplida por la trabajadora social de El Alto quien \u201cverifica el expediente y la resoluci\u00f3n que est\u00e1 en la misma\u201d para abrir el libro de presentaciones que deb\u00eda firmar Choque de acuerdo a la disposici\u00f3n del juez, asimismo para que informe sobre su cumplimiento sobre el plazo del beneficio que le dio el juez, es decir, los 18 meses de detenci\u00f3n domiciliaria.<br \/>\n\u201cY que una vez cumplido el plazo otorgado al preso, la trabajadora social ten\u00eda que informar que el mismo hab\u00eda cumplido los 18 meses y emitir un informe a objeto de que el juez disponga a que retorne al penal\u201d, dijo en su declaraci\u00f3n.<br \/>\nEn caso de extrav\u00edo del expediente, inform\u00f3 que corresponde su b\u00fasqueda en todo el juzgado, si no aparece se pone en conocimiento del juez para que realice un decreto de reposici\u00f3n a fin de que las partes aporten nuevamente las piezas procesales.<br \/>\nLa pasada semana, cuando se pretendi\u00f3 conocer los detalles sobre el caso de Choque y su liberaci\u00f3n con detenci\u00f3n domiciliaria, se conoci\u00f3 que el expediente hab\u00eda desaparecido, se desconoce en qu\u00e9 instancia desapareci\u00f3.<br \/>\nEl exsecretario describi\u00f3 que durante la vacaci\u00f3n judicial, el juzgado de turno recibe muchos expedientes. De acuerdo al procedimiento los juzgados llevan los cuadernos en f\u00edsico al juzgado de turno donde se \u201cverifica de manera minuciosa\u201d las listas de los expedientes y que devoluci\u00f3n se realiza en base a las mismas n\u00f3minas.<br \/>\n\u201cEllos verifican que no les falte ning\u00fan cuaderno para recoger sus expedientes y reci\u00e9n firman la conformidad de las listas\u201d, describi\u00f3 Ra\u00fal Gallo, en caso de que faltara el secretario realiza la debida observaci\u00f3n.<br \/>\nInsisti\u00f3 que los expedientes vuelven al juzgado de origen porque tienen que tener conocimiento de sus procesos o causas. Precis\u00f3 que este procedimiento sigui\u00f3 el expediente N\u00b0 10060\/13. \u201cSe han devuelto todos los cuadernos sin excepci\u00f3n alguna. Y como prueba es que jam\u00e1s han reclamado que les hubiera faltado ese o alg\u00fan otro expediente por parte del secretario del juzgado de origen, ni tampoco hicieron llegar alguna nota de ser cierto ese extremo\u201d.<br \/>\nSe\u00f1al\u00f3 que fue recibido de conformidad con las listas por el secretario Jos\u00e9 \u00c1ngel Huanca y el auxiliar Eddy, del juzgado 1 ejecuci\u00f3n penal de El Alto. Coment\u00f3 que su labor es la devoluci\u00f3n de los cuadernos sin hacer referencia a las decisiones judiciales, porque son demasiados casos. (ANF)<\/p>\n<p><a href=\"https:\/\/www.eldiario.net\/portal\/wp-content\/uploads\/2022\/02\/2.jpg\"><img loading=\"lazy\" decoding=\"async\" class=\"aligncenter size-full wp-image-60470\" src=\"https:\/\/www.eldiario.net\/portal\/wp-content\/uploads\/2022\/02\/2.jpg\" alt=\"\" width=\"1080\" height=\"834\" \/><\/a><\/p>\n","protected":false},"excerpt":{"rendered":"<p>El exsecretario del Juzgado de Ejecuci\u00f3n 1, Ra\u00fal Gallo, en su declaraci\u00f3n en calidad de sindicado asegur\u00f3 que el expediente de Richard Choque Flores, sentenciado a 30 a\u00f1os de c\u00e1rcel sin derecho a indulto, acusado por asesinato de una mujer, fue devuelto al juzgado de origen y que la trabajadora social de El Alto deb\u00eda [&hellip;]<\/p>\n","protected":false},"author":1,"featured_media":60469,"comment_status":"closed","ping_status":"closed","sticky":false,"template":"","format":"standard","meta":{"_acf_changed":false,"footnotes":""},"categories":[39],"tags":[],"class_list":["post-60468","post","type-post","status-publish","format-standard","has-post-thumbnail","category-sociedad"],"acf":{"antetitulo":""},"yoast_head":"<!-- This site is optimized with the Yoast SEO plugin v28.4 - https:\/\/yoast.com\/product\/yoast-seo-wordpress\/ -->\n<title>Expediente de feminicida fue derivado a juzgado de El Alto - El Diario - Bolivia<\/title>\n<meta name=\"robots\" content=\"index, follow, max-snippet:-1, max-image-preview:large, max-video-preview:-1\" \/>\n<link rel=\"canonical\" href=\"https:\/\/www.eldiario.net\/portal\/2022\/02\/02\/expediente-de-feminicida-fue-derivado-a-juzgado-de-el-alto\/\" \/>\n<meta property=\"og:locale\" content=\"es_ES\" \/>\n<meta property=\"og:type\" content=\"article\" \/>\n<meta property=\"og:title\" content=\"Expediente de feminicida fue derivado a juzgado de El Alto - El Diario - Bolivia\" \/>\n<meta property=\"og:description\" content=\"El exsecretario del Juzgado de Ejecuci\u00f3n 1, Ra\u00fal Gallo, en su declaraci\u00f3n en calidad de sindicado asegur\u00f3 que el expediente de Richard Choque Flores, sentenciado a 30 a\u00f1os de c\u00e1rcel sin derecho a indulto, acusado por asesinato de una mujer, fue devuelto al juzgado de origen y que la trabajadora social de El Alto deb\u00eda [&hellip;]\" \/>\n<meta property=\"og:url\" content=\"https:\/\/www.eldiario.net\/portal\/2022\/02\/02\/expediente-de-feminicida-fue-derivado-a-juzgado-de-el-alto\/\" \/>\n<meta property=\"og:site_name\" content=\"El Diario - Bolivia\" \/>\n<meta property=\"article:publisher\" content=\"https:\/\/www.facebook.com\/eldiario.bolivia\/\" \/>\n<meta property=\"article:published_time\" content=\"2022-02-02T09:34:44+00:00\" \/>\n<meta name=\"author\" content=\"Jeanette\" \/>\n<meta name=\"twitter:card\" content=\"summary_large_image\" \/>\n<meta name=\"twitter:creator\" content=\"@eldiario_net\" \/>\n<meta name=\"twitter:site\" content=\"@eldiario_net\" \/>\n<meta name=\"twitter:label1\" content=\"Escrito por\" \/>\n\t<meta name=\"twitter:data1\" content=\"Jeanette\" \/>\n\t<meta name=\"twitter:label2\" content=\"Tiempo de lectura\" \/>\n\t<meta name=\"twitter:data2\" content=\"4 minutos\" \/>\n<script type=\"application\/ld+json\" class=\"yoast-schema-graph\">{\"@context\":\"https:\\\/\\\/schema.org\",\"@graph\":[{\"@type\":\"Article\",\"@id\":\"https:\\\/\\\/www.eldiario.net\\\/portal\\\/2022\\\/02\\\/02\\\/expediente-de-feminicida-fue-derivado-a-juzgado-de-el-alto\\\/#article\",\"isPartOf\":{\"@id\":\"https:\\\/\\\/www.eldiario.net\\\/portal\\\/2022\\\/02\\\/02\\\/expediente-de-feminicida-fue-derivado-a-juzgado-de-el-alto\\\/\"},\"author\":{\"name\":\"Jeanette\",\"@id\":\"https:\\\/\\\/www.eldiario.net\\\/portal\\\/#\\\/schema\\\/person\\\/f46445640444750d7d753ccd04ae01b7\"},\"headline\":\"Expediente de feminicida fue derivado a juzgado de El Alto\",\"datePublished\":\"2022-02-02T09:34:44+00:00\",\"mainEntityOfPage\":{\"@id\":\"https:\\\/\\\/www.eldiario.net\\\/portal\\\/2022\\\/02\\\/02\\\/expediente-de-feminicida-fue-derivado-a-juzgado-de-el-alto\\\/\"},\"wordCount\":690,\"publisher\":{\"@id\":\"https:\\\/\\\/www.eldiario.net\\\/portal\\\/#organization\"},\"image\":{\"@id\":\"https:\\\/\\\/www.eldiario.net\\\/portal\\\/2022\\\/02\\\/02\\\/expediente-de-feminicida-fue-derivado-a-juzgado-de-el-alto\\\/#primaryimage\"},\"thumbnailUrl\":\"\",\"articleSection\":[\"Sociedad - Seguridad\"],\"inLanguage\":\"es\"},{\"@type\":\"WebPage\",\"@id\":\"https:\\\/\\\/www.eldiario.net\\\/portal\\\/2022\\\/02\\\/02\\\/expediente-de-feminicida-fue-derivado-a-juzgado-de-el-alto\\\/\",\"url\":\"https:\\\/\\\/www.eldiario.net\\\/portal\\\/2022\\\/02\\\/02\\\/expediente-de-feminicida-fue-derivado-a-juzgado-de-el-alto\\\/\",\"name\":\"Expediente de feminicida fue derivado a juzgado de El Alto - El Diario - Bolivia\",\"isPartOf\":{\"@id\":\"https:\\\/\\\/www.eldiario.net\\\/portal\\\/#website\"},\"primaryImageOfPage\":{\"@id\":\"https:\\\/\\\/www.eldiario.net\\\/portal\\\/2022\\\/02\\\/02\\\/expediente-de-feminicida-fue-derivado-a-juzgado-de-el-alto\\\/#primaryimage\"},\"image\":{\"@id\":\"https:\\\/\\\/www.eldiario.net\\\/portal\\\/2022\\\/02\\\/02\\\/expediente-de-feminicida-fue-derivado-a-juzgado-de-el-alto\\\/#primaryimage\"},\"thumbnailUrl\":\"\",\"datePublished\":\"2022-02-02T09:34:44+00:00\",\"breadcrumb\":{\"@id\":\"https:\\\/\\\/www.eldiario.net\\\/portal\\\/2022\\\/02\\\/02\\\/expediente-de-feminicida-fue-derivado-a-juzgado-de-el-alto\\\/#breadcrumb\"},\"inLanguage\":\"es\",\"potentialAction\":[{\"@type\":\"ReadAction\",\"target\":[\"https:\\\/\\\/www.eldiario.net\\\/portal\\\/2022\\\/02\\\/02\\\/expediente-de-feminicida-fue-derivado-a-juzgado-de-el-alto\\\/\"]}]},{\"@type\":\"ImageObject\",\"inLanguage\":\"es\",\"@id\":\"https:\\\/\\\/www.eldiario.net\\\/portal\\\/2022\\\/02\\\/02\\\/expediente-de-feminicida-fue-derivado-a-juzgado-de-el-alto\\\/#primaryimage\",\"url\":\"\",\"contentUrl\":\"\"},{\"@type\":\"BreadcrumbList\",\"@id\":\"https:\\\/\\\/www.eldiario.net\\\/portal\\\/2022\\\/02\\\/02\\\/expediente-de-feminicida-fue-derivado-a-juzgado-de-el-alto\\\/#breadcrumb\",\"itemListElement\":[{\"@type\":\"ListItem\",\"position\":1,\"name\":\"Portada\",\"item\":\"https:\\\/\\\/www.eldiario.net\\\/portal\\\/\"},{\"@type\":\"ListItem\",\"position\":2,\"name\":\"Expediente de feminicida fue derivado a juzgado de El Alto\"}]},{\"@type\":\"WebSite\",\"@id\":\"https:\\\/\\\/www.eldiario.net\\\/portal\\\/#website\",\"url\":\"https:\\\/\\\/www.eldiario.net\\\/portal\\\/\",\"name\":\"El Diario - Decano de la prensa nacional\",\"description\":\"El Diario - Decano de la prensa nacional\",\"publisher\":{\"@id\":\"https:\\\/\\\/www.eldiario.net\\\/portal\\\/#organization\"},\"potentialAction\":[{\"@type\":\"SearchAction\",\"target\":{\"@type\":\"EntryPoint\",\"urlTemplate\":\"https:\\\/\\\/www.eldiario.net\\\/portal\\\/?s={search_term_string}\"},\"query-input\":{\"@type\":\"PropertyValueSpecification\",\"valueRequired\":true,\"valueName\":\"search_term_string\"}}],\"inLanguage\":\"es\"},{\"@type\":\"Organization\",\"@id\":\"https:\\\/\\\/www.eldiario.net\\\/portal\\\/#organization\",\"name\":\"El Diario - Decano de la prensa nacional\",\"url\":\"https:\\\/\\\/www.eldiario.net\\\/portal\\\/\",\"logo\":{\"@type\":\"ImageObject\",\"inLanguage\":\"es\",\"@id\":\"https:\\\/\\\/www.eldiario.net\\\/portal\\\/#\\\/schema\\\/logo\\\/image\\\/\",\"url\":\"https:\\\/\\\/www.eldiario.net\\\/portal\\\/wp-content\\\/uploads\\\/2023\\\/07\\\/logo_ED.jpg\",\"contentUrl\":\"https:\\\/\\\/www.eldiario.net\\\/portal\\\/wp-content\\\/uploads\\\/2023\\\/07\\\/logo_ED.jpg\",\"width\":272,\"height\":52,\"caption\":\"El Diario - Decano de la prensa nacional\"},\"image\":{\"@id\":\"https:\\\/\\\/www.eldiario.net\\\/portal\\\/#\\\/schema\\\/logo\\\/image\\\/\"},\"sameAs\":[\"https:\\\/\\\/www.facebook.com\\\/eldiario.bolivia\\\/\",\"https:\\\/\\\/x.com\\\/eldiario_net\"]},{\"@type\":\"Person\",\"@id\":\"https:\\\/\\\/www.eldiario.net\\\/portal\\\/#\\\/schema\\\/person\\\/f46445640444750d7d753ccd04ae01b7\",\"name\":\"Jeanette\",\"image\":{\"@type\":\"ImageObject\",\"inLanguage\":\"es\",\"@id\":\"https:\\\/\\\/secure.gravatar.com\\\/avatar\\\/3ea2118a5f7dad2b7138b1187a6b7ee55f160b9968b66013c3a3ef39dd7e5798?s=96&d=mm&r=g\",\"url\":\"https:\\\/\\\/secure.gravatar.com\\\/avatar\\\/3ea2118a5f7dad2b7138b1187a6b7ee55f160b9968b66013c3a3ef39dd7e5798?s=96&d=mm&r=g\",\"contentUrl\":\"https:\\\/\\\/secure.gravatar.com\\\/avatar\\\/3ea2118a5f7dad2b7138b1187a6b7ee55f160b9968b66013c3a3ef39dd7e5798?s=96&d=mm&r=g\",\"caption\":\"Jeanette\"},\"sameAs\":[\"https:\\\/\\\/www.eldiario.net\\\/portal\"],\"url\":\"https:\\\/\\\/www.eldiario.net\\\/portal\\\/author\\\/jeanette\\\/\"}]}<\/script>\n<!-- \/ Yoast SEO plugin. -->","yoast_head_json":{"title":"Expediente de feminicida fue derivado a juzgado de El Alto - El Diario - Bolivia","robots":{"index":"index","follow":"follow","max-snippet":"max-snippet:-1","max-image-preview":"max-image-preview:large","max-video-preview":"max-video-preview:-1"},"canonical":"https:\/\/www.eldiario.net\/portal\/2022\/02\/02\/expediente-de-feminicida-fue-derivado-a-juzgado-de-el-alto\/","og_locale":"es_ES","og_type":"article","og_title":"Expediente de feminicida fue derivado a juzgado de El Alto - El Diario - Bolivia","og_description":"El exsecretario del Juzgado de Ejecuci\u00f3n 1, Ra\u00fal Gallo, en su declaraci\u00f3n en calidad de sindicado asegur\u00f3 que el expediente de Richard Choque Flores, sentenciado a 30 a\u00f1os de c\u00e1rcel sin derecho a indulto, acusado por asesinato de una mujer, fue devuelto al juzgado de origen y que la trabajadora social de El Alto deb\u00eda [&hellip;]","og_url":"https:\/\/www.eldiario.net\/portal\/2022\/02\/02\/expediente-de-feminicida-fue-derivado-a-juzgado-de-el-alto\/","og_site_name":"El Diario - Bolivia","article_publisher":"https:\/\/www.facebook.com\/eldiario.bolivia\/","article_published_time":"2022-02-02T09:34:44+00:00","author":"Jeanette","twitter_card":"summary_large_image","twitter_creator":"@eldiario_net","twitter_site":"@eldiario_net","twitter_misc":{"Escrito por":"Jeanette","Tiempo de lectura":"4 minutos"},"schema":{"@context":"https:\/\/schema.org","@graph":[{"@type":"Article","@id":"https:\/\/www.eldiario.net\/portal\/2022\/02\/02\/expediente-de-feminicida-fue-derivado-a-juzgado-de-el-alto\/#article","isPartOf":{"@id":"https:\/\/www.eldiario.net\/portal\/2022\/02\/02\/expediente-de-feminicida-fue-derivado-a-juzgado-de-el-alto\/"},"author":{"name":"Jeanette","@id":"https:\/\/www.eldiario.net\/portal\/#\/schema\/person\/f46445640444750d7d753ccd04ae01b7"},"headline":"Expediente de feminicida fue derivado a juzgado de El Alto","datePublished":"2022-02-02T09:34:44+00:00","mainEntityOfPage":{"@id":"https:\/\/www.eldiario.net\/portal\/2022\/02\/02\/expediente-de-feminicida-fue-derivado-a-juzgado-de-el-alto\/"},"wordCount":690,"publisher":{"@id":"https:\/\/www.eldiario.net\/portal\/#organization"},"image":{"@id":"https:\/\/www.eldiario.net\/portal\/2022\/02\/02\/expediente-de-feminicida-fue-derivado-a-juzgado-de-el-alto\/#primaryimage"},"thumbnailUrl":"","articleSection":["Sociedad - Seguridad"],"inLanguage":"es"},{"@type":"WebPage","@id":"https:\/\/www.eldiario.net\/portal\/2022\/02\/02\/expediente-de-feminicida-fue-derivado-a-juzgado-de-el-alto\/","url":"https:\/\/www.eldiario.net\/portal\/2022\/02\/02\/expediente-de-feminicida-fue-derivado-a-juzgado-de-el-alto\/","name":"Expediente de feminicida fue derivado a juzgado de El Alto - El Diario - Bolivia","isPartOf":{"@id":"https:\/\/www.eldiario.net\/portal\/#website"},"primaryImageOfPage":{"@id":"https:\/\/www.eldiario.net\/portal\/2022\/02\/02\/expediente-de-feminicida-fue-derivado-a-juzgado-de-el-alto\/#primaryimage"},"image":{"@id":"https:\/\/www.eldiario.net\/portal\/2022\/02\/02\/expediente-de-feminicida-fue-derivado-a-juzgado-de-el-alto\/#primaryimage"},"thumbnailUrl":"","datePublished":"2022-02-02T09:34:44+00:00","breadcrumb":{"@id":"https:\/\/www.eldiario.net\/portal\/2022\/02\/02\/expediente-de-feminicida-fue-derivado-a-juzgado-de-el-alto\/#breadcrumb"},"inLanguage":"es","potentialAction":[{"@type":"ReadAction","target":["https:\/\/www.eldiario.net\/portal\/2022\/02\/02\/expediente-de-feminicida-fue-derivado-a-juzgado-de-el-alto\/"]}]},{"@type":"ImageObject","inLanguage":"es","@id":"https:\/\/www.eldiario.net\/portal\/2022\/02\/02\/expediente-de-feminicida-fue-derivado-a-juzgado-de-el-alto\/#primaryimage","url":"","contentUrl":""},{"@type":"BreadcrumbList","@id":"https:\/\/www.eldiario.net\/portal\/2022\/02\/02\/expediente-de-feminicida-fue-derivado-a-juzgado-de-el-alto\/#breadcrumb","itemListElement":[{"@type":"ListItem","position":1,"name":"Portada","item":"https:\/\/www.eldiario.net\/portal\/"},{"@type":"ListItem","position":2,"name":"Expediente de feminicida fue derivado a juzgado de El Alto"}]},{"@type":"WebSite","@id":"https:\/\/www.eldiario.net\/portal\/#website","url":"https:\/\/www.eldiario.net\/portal\/","name":"El Diario - Decano de la prensa nacional","description":"El Diario - Decano de la prensa nacional","publisher":{"@id":"https:\/\/www.eldiario.net\/portal\/#organization"},"potentialAction":[{"@type":"SearchAction","target":{"@type":"EntryPoint","urlTemplate":"https:\/\/www.eldiario.net\/portal\/?s={search_term_string}"},"query-input":{"@type":"PropertyValueSpecification","valueRequired":true,"valueName":"search_term_string"}}],"inLanguage":"es"},{"@type":"Organization","@id":"https:\/\/www.eldiario.net\/portal\/#organization","name":"El Diario - Decano de la prensa nacional","url":"https:\/\/www.eldiario.net\/portal\/","logo":{"@type":"ImageObject","inLanguage":"es","@id":"https:\/\/www.eldiario.net\/portal\/#\/schema\/logo\/image\/","url":"https:\/\/www.eldiario.net\/portal\/wp-content\/uploads\/2023\/07\/logo_ED.jpg","contentUrl":"https:\/\/www.eldiario.net\/portal\/wp-content\/uploads\/2023\/07\/logo_ED.jpg","width":272,"height":52,"caption":"El Diario - Decano de la prensa nacional"},"image":{"@id":"https:\/\/www.eldiario.net\/portal\/#\/schema\/logo\/image\/"},"sameAs":["https:\/\/www.facebook.com\/eldiario.bolivia\/","https:\/\/x.com\/eldiario_net"]},{"@type":"Person","@id":"https:\/\/www.eldiario.net\/portal\/#\/schema\/person\/f46445640444750d7d753ccd04ae01b7","name":"Jeanette","image":{"@type":"ImageObject","inLanguage":"es","@id":"https:\/\/secure.gravatar.com\/avatar\/3ea2118a5f7dad2b7138b1187a6b7ee55f160b9968b66013c3a3ef39dd7e5798?s=96&d=mm&r=g","url":"https:\/\/secure.gravatar.com\/avatar\/3ea2118a5f7dad2b7138b1187a6b7ee55f160b9968b66013c3a3ef39dd7e5798?s=96&d=mm&r=g","contentUrl":"https:\/\/secure.gravatar.com\/avatar\/3ea2118a5f7dad2b7138b1187a6b7ee55f160b9968b66013c3a3ef39dd7e5798?s=96&d=mm&r=g","caption":"Jeanette"},"sameAs":["https:\/\/www.eldiario.net\/portal"],"url":"https:\/\/www.eldiario.net\/portal\/author\/jeanette\/"}]}},"_links":{"self":[{"href":"https:\/\/www.eldiario.net\/portal\/wp-json\/wp\/v2\/posts\/60468","targetHints":{"allow":["GET"]}}],"collection":[{"href":"https:\/\/www.eldiario.net\/portal\/wp-json\/wp\/v2\/posts"}],"about":[{"href":"https:\/\/www.eldiario.net\/portal\/wp-json\/wp\/v2\/types\/post"}],"author":[{"embeddable":true,"href":"https:\/\/www.eldiario.net\/portal\/wp-json\/wp\/v2\/users\/1"}],"replies":[{"embeddable":true,"href":"https:\/\/www.eldiario.net\/portal\/wp-json\/wp\/v2\/comments?post=60468"}],"version-history":[{"count":0,"href":"https:\/\/www.eldiario.net\/portal\/wp-json\/wp\/v2\/posts\/60468\/revisions"}],"wp:attachment":[{"href":"https:\/\/www.eldiario.net\/portal\/wp-json\/wp\/v2\/media?parent=60468"}],"wp:term":[{"taxonomy":"category","embeddable":true,"href":"https:\/\/www.eldiario.net\/portal\/wp-json\/wp\/v2\/categories?post=60468"},{"taxonomy":"post_tag","embeddable":true,"href":"https:\/\/www.eldiario.net\/portal\/wp-json\/wp\/v2\/tags?post=60468"}],"curies":[{"name":"wp","href":"https:\/\/api.w.org\/{rel}","templated":true}]}}