{"id":60465,"date":"2022-02-02T05:33:45","date_gmt":"2022-02-02T09:33:45","guid":{"rendered":"https:\/\/www.eldiario.net\/portal\/?p=60465"},"modified":"2022-02-02T05:33:45","modified_gmt":"2022-02-02T09:33:45","slug":"sosa-logra-permiso-para-despedirse-de-su-papa","status":"publish","type":"post","link":"https:\/\/www.eldiario.net\/portal\/2022\/02\/02\/sosa-logra-permiso-para-despedirse-de-su-papa\/","title":{"rendered":"Sosa logra permiso para  despedirse de su pap\u00e1"},"content":{"rendered":"<p>Con un permiso especial, la exalcaldesa de Santa Cruz de la Sierra, Ang\u00e9lica Sosa, pudo asistir ayer a despedirse de su pap\u00e1, quien falleci\u00f3 la madrugada del lunes. La exautoridad est\u00e1 con detenci\u00f3n preventiva, en el penal de Palmasola, imputada por el caso de 800 \u00edtems fantasma.<br \/>\n\u201cEl juez ha ordenado que la exalcaldesa pueda participar y estar en los eventos de su familia para asistir al velorio y al entierro (\u2026) Ella va a salir en el transcurso de la ma\u00f1ana (ayer) para volver en la tarde\u201d, precis\u00f3 el director departamental de R\u00e9gimen Penitenciario de Santa Cruz, Mauricio Romero, en contacto con el canal estatal.<br \/>\nSosa fue imputada por los delitos de legitimaci\u00f3n de ganancias il\u00edcitas, conducta antiecon\u00f3mica, contratos lesivos al Estado e incumplimiento de deberes.<br \/>\nTras varias horas de audiencia, el juez Tercero de Anticorrupci\u00f3n de Santa Cruz de la Sierra, Julio Melgar, neg\u00f3 el lunes la libertad de la exalcaldesa Ang\u00e9lica Sosa y ampli\u00f3 su detenci\u00f3n preventiva por 180 d\u00edas.<br \/>\nEl caso se investiga para establecer una presunta red de corrupci\u00f3n que operaba dentro de la comuna cruce\u00f1a donde encuentran implicados, adem\u00e1s de la exalcaldesa, varios exfuncionarios ediles.<\/p>\n","protected":false},"excerpt":{"rendered":"<p>Con un permiso especial, la exalcaldesa de Santa Cruz de la Sierra, Ang\u00e9lica Sosa, pudo asistir ayer a despedirse de su pap\u00e1, quien falleci\u00f3 la madrugada del lunes. La exautoridad est\u00e1 con detenci\u00f3n preventiva, en el penal de Palmasola, imputada por el caso de 800 \u00edtems fantasma. \u201cEl juez ha ordenado que la exalcaldesa pueda [&hellip;]<\/p>\n","protected":false},"author":1,"featured_media":60466,"comment_status":"closed","ping_status":"closed","sticky":false,"template":"","format":"standard","meta":{"_acf_changed":false,"footnotes":""},"categories":[39],"tags":[],"class_list":["post-60465","post","type-post","status-publish","format-standard","has-post-thumbnail","category-sociedad"],"acf":{"antetitulo":""},"yoast_head":"<!-- This site is optimized with the Yoast SEO plugin v28.4 - https:\/\/yoast.com\/product\/yoast-seo-wordpress\/ -->\n<title>Sosa logra permiso para despedirse de su pap\u00e1 - El Diario - Bolivia<\/title>\n<meta name=\"robots\" content=\"index, follow, max-snippet:-1, max-image-preview:large, max-video-preview:-1\" \/>\n<link rel=\"canonical\" href=\"https:\/\/www.eldiario.net\/portal\/2022\/02\/02\/sosa-logra-permiso-para-despedirse-de-su-papa\/\" \/>\n<meta property=\"og:locale\" content=\"es_ES\" \/>\n<meta property=\"og:type\" content=\"article\" \/>\n<meta property=\"og:title\" content=\"Sosa logra permiso para despedirse de su pap\u00e1 - El Diario - Bolivia\" \/>\n<meta property=\"og:description\" content=\"Con un permiso especial, la exalcaldesa de Santa Cruz de la Sierra, Ang\u00e9lica Sosa, pudo asistir ayer a despedirse de su pap\u00e1, quien falleci\u00f3 la madrugada del lunes. La exautoridad est\u00e1 con detenci\u00f3n preventiva, en el penal de Palmasola, imputada por el caso de 800 \u00edtems fantasma. \u201cEl juez ha ordenado que la exalcaldesa pueda [&hellip;]\" \/>\n<meta property=\"og:url\" content=\"https:\/\/www.eldiario.net\/portal\/2022\/02\/02\/sosa-logra-permiso-para-despedirse-de-su-papa\/\" \/>\n<meta property=\"og:site_name\" content=\"El Diario - Bolivia\" \/>\n<meta property=\"article:publisher\" content=\"https:\/\/www.facebook.com\/eldiario.bolivia\/\" \/>\n<meta property=\"article:published_time\" content=\"2022-02-02T09:33:45+00:00\" \/>\n<meta name=\"author\" content=\"Jeanette\" \/>\n<meta name=\"twitter:card\" content=\"summary_large_image\" \/>\n<meta name=\"twitter:creator\" content=\"@eldiario_net\" \/>\n<meta name=\"twitter:site\" content=\"@eldiario_net\" \/>\n<meta name=\"twitter:label1\" content=\"Escrito por\" \/>\n\t<meta name=\"twitter:data1\" content=\"Jeanette\" \/>\n\t<meta name=\"twitter:label2\" content=\"Tiempo de lectura\" \/>\n\t<meta name=\"twitter:data2\" content=\"1 minuto\" \/>\n<script type=\"application\/ld+json\" class=\"yoast-schema-graph\">{\"@context\":\"https:\\\/\\\/schema.org\",\"@graph\":[{\"@type\":\"Article\",\"@id\":\"https:\\\/\\\/www.eldiario.net\\\/portal\\\/2022\\\/02\\\/02\\\/sosa-logra-permiso-para-despedirse-de-su-papa\\\/#article\",\"isPartOf\":{\"@id\":\"https:\\\/\\\/www.eldiario.net\\\/portal\\\/2022\\\/02\\\/02\\\/sosa-logra-permiso-para-despedirse-de-su-papa\\\/\"},\"author\":{\"name\":\"Jeanette\",\"@id\":\"https:\\\/\\\/www.eldiario.net\\\/portal\\\/#\\\/schema\\\/person\\\/f46445640444750d7d753ccd04ae01b7\"},\"headline\":\"Sosa logra permiso para despedirse de su pap\u00e1\",\"datePublished\":\"2022-02-02T09:33:45+00:00\",\"mainEntityOfPage\":{\"@id\":\"https:\\\/\\\/www.eldiario.net\\\/portal\\\/2022\\\/02\\\/02\\\/sosa-logra-permiso-para-despedirse-de-su-papa\\\/\"},\"wordCount\":210,\"publisher\":{\"@id\":\"https:\\\/\\\/www.eldiario.net\\\/portal\\\/#organization\"},\"image\":{\"@id\":\"https:\\\/\\\/www.eldiario.net\\\/portal\\\/2022\\\/02\\\/02\\\/sosa-logra-permiso-para-despedirse-de-su-papa\\\/#primaryimage\"},\"thumbnailUrl\":\"\",\"articleSection\":[\"Sociedad - Seguridad\"],\"inLanguage\":\"es\"},{\"@type\":\"WebPage\",\"@id\":\"https:\\\/\\\/www.eldiario.net\\\/portal\\\/2022\\\/02\\\/02\\\/sosa-logra-permiso-para-despedirse-de-su-papa\\\/\",\"url\":\"https:\\\/\\\/www.eldiario.net\\\/portal\\\/2022\\\/02\\\/02\\\/sosa-logra-permiso-para-despedirse-de-su-papa\\\/\",\"name\":\"Sosa logra permiso para despedirse de su pap\u00e1 - El Diario - Bolivia\",\"isPartOf\":{\"@id\":\"https:\\\/\\\/www.eldiario.net\\\/portal\\\/#website\"},\"primaryImageOfPage\":{\"@id\":\"https:\\\/\\\/www.eldiario.net\\\/portal\\\/2022\\\/02\\\/02\\\/sosa-logra-permiso-para-despedirse-de-su-papa\\\/#primaryimage\"},\"image\":{\"@id\":\"https:\\\/\\\/www.eldiario.net\\\/portal\\\/2022\\\/02\\\/02\\\/sosa-logra-permiso-para-despedirse-de-su-papa\\\/#primaryimage\"},\"thumbnailUrl\":\"\",\"datePublished\":\"2022-02-02T09:33:45+00:00\",\"breadcrumb\":{\"@id\":\"https:\\\/\\\/www.eldiario.net\\\/portal\\\/2022\\\/02\\\/02\\\/sosa-logra-permiso-para-despedirse-de-su-papa\\\/#breadcrumb\"},\"inLanguage\":\"es\",\"potentialAction\":[{\"@type\":\"ReadAction\",\"target\":[\"https:\\\/\\\/www.eldiario.net\\\/portal\\\/2022\\\/02\\\/02\\\/sosa-logra-permiso-para-despedirse-de-su-papa\\\/\"]}]},{\"@type\":\"ImageObject\",\"inLanguage\":\"es\",\"@id\":\"https:\\\/\\\/www.eldiario.net\\\/portal\\\/2022\\\/02\\\/02\\\/sosa-logra-permiso-para-despedirse-de-su-papa\\\/#primaryimage\",\"url\":\"\",\"contentUrl\":\"\"},{\"@type\":\"BreadcrumbList\",\"@id\":\"https:\\\/\\\/www.eldiario.net\\\/portal\\\/2022\\\/02\\\/02\\\/sosa-logra-permiso-para-despedirse-de-su-papa\\\/#breadcrumb\",\"itemListElement\":[{\"@type\":\"ListItem\",\"position\":1,\"name\":\"Portada\",\"item\":\"https:\\\/\\\/www.eldiario.net\\\/portal\\\/\"},{\"@type\":\"ListItem\",\"position\":2,\"name\":\"Sosa logra permiso para despedirse de su pap\u00e1\"}]},{\"@type\":\"WebSite\",\"@id\":\"https:\\\/\\\/www.eldiario.net\\\/portal\\\/#website\",\"url\":\"https:\\\/\\\/www.eldiario.net\\\/portal\\\/\",\"name\":\"El Diario - Decano de la prensa nacional\",\"description\":\"El Diario - Decano de la prensa nacional\",\"publisher\":{\"@id\":\"https:\\\/\\\/www.eldiario.net\\\/portal\\\/#organization\"},\"potentialAction\":[{\"@type\":\"SearchAction\",\"target\":{\"@type\":\"EntryPoint\",\"urlTemplate\":\"https:\\\/\\\/www.eldiario.net\\\/portal\\\/?s={search_term_string}\"},\"query-input\":{\"@type\":\"PropertyValueSpecification\",\"valueRequired\":true,\"valueName\":\"search_term_string\"}}],\"inLanguage\":\"es\"},{\"@type\":\"Organization\",\"@id\":\"https:\\\/\\\/www.eldiario.net\\\/portal\\\/#organization\",\"name\":\"El Diario - Decano de la prensa nacional\",\"url\":\"https:\\\/\\\/www.eldiario.net\\\/portal\\\/\",\"logo\":{\"@type\":\"ImageObject\",\"inLanguage\":\"es\",\"@id\":\"https:\\\/\\\/www.eldiario.net\\\/portal\\\/#\\\/schema\\\/logo\\\/image\\\/\",\"url\":\"https:\\\/\\\/www.eldiario.net\\\/portal\\\/wp-content\\\/uploads\\\/2023\\\/07\\\/logo_ED.jpg\",\"contentUrl\":\"https:\\\/\\\/www.eldiario.net\\\/portal\\\/wp-content\\\/uploads\\\/2023\\\/07\\\/logo_ED.jpg\",\"width\":272,\"height\":52,\"caption\":\"El Diario - Decano de la prensa nacional\"},\"image\":{\"@id\":\"https:\\\/\\\/www.eldiario.net\\\/portal\\\/#\\\/schema\\\/logo\\\/image\\\/\"},\"sameAs\":[\"https:\\\/\\\/www.facebook.com\\\/eldiario.bolivia\\\/\",\"https:\\\/\\\/x.com\\\/eldiario_net\"]},{\"@type\":\"Person\",\"@id\":\"https:\\\/\\\/www.eldiario.net\\\/portal\\\/#\\\/schema\\\/person\\\/f46445640444750d7d753ccd04ae01b7\",\"name\":\"Jeanette\",\"image\":{\"@type\":\"ImageObject\",\"inLanguage\":\"es\",\"@id\":\"https:\\\/\\\/secure.gravatar.com\\\/avatar\\\/3ea2118a5f7dad2b7138b1187a6b7ee55f160b9968b66013c3a3ef39dd7e5798?s=96&d=mm&r=g\",\"url\":\"https:\\\/\\\/secure.gravatar.com\\\/avatar\\\/3ea2118a5f7dad2b7138b1187a6b7ee55f160b9968b66013c3a3ef39dd7e5798?s=96&d=mm&r=g\",\"contentUrl\":\"https:\\\/\\\/secure.gravatar.com\\\/avatar\\\/3ea2118a5f7dad2b7138b1187a6b7ee55f160b9968b66013c3a3ef39dd7e5798?s=96&d=mm&r=g\",\"caption\":\"Jeanette\"},\"sameAs\":[\"https:\\\/\\\/www.eldiario.net\\\/portal\"],\"url\":\"https:\\\/\\\/www.eldiario.net\\\/portal\\\/author\\\/jeanette\\\/\"}]}<\/script>\n<!-- \/ Yoast SEO plugin. -->","yoast_head_json":{"title":"Sosa logra permiso para despedirse de su pap\u00e1 - El Diario - Bolivia","robots":{"index":"index","follow":"follow","max-snippet":"max-snippet:-1","max-image-preview":"max-image-preview:large","max-video-preview":"max-video-preview:-1"},"canonical":"https:\/\/www.eldiario.net\/portal\/2022\/02\/02\/sosa-logra-permiso-para-despedirse-de-su-papa\/","og_locale":"es_ES","og_type":"article","og_title":"Sosa logra permiso para despedirse de su pap\u00e1 - El Diario - Bolivia","og_description":"Con un permiso especial, la exalcaldesa de Santa Cruz de la Sierra, Ang\u00e9lica Sosa, pudo asistir ayer a despedirse de su pap\u00e1, quien falleci\u00f3 la madrugada del lunes. La exautoridad est\u00e1 con detenci\u00f3n preventiva, en el penal de Palmasola, imputada por el caso de 800 \u00edtems fantasma. \u201cEl juez ha ordenado que la exalcaldesa pueda [&hellip;]","og_url":"https:\/\/www.eldiario.net\/portal\/2022\/02\/02\/sosa-logra-permiso-para-despedirse-de-su-papa\/","og_site_name":"El Diario - Bolivia","article_publisher":"https:\/\/www.facebook.com\/eldiario.bolivia\/","article_published_time":"2022-02-02T09:33:45+00:00","author":"Jeanette","twitter_card":"summary_large_image","twitter_creator":"@eldiario_net","twitter_site":"@eldiario_net","twitter_misc":{"Escrito por":"Jeanette","Tiempo de lectura":"1 minuto"},"schema":{"@context":"https:\/\/schema.org","@graph":[{"@type":"Article","@id":"https:\/\/www.eldiario.net\/portal\/2022\/02\/02\/sosa-logra-permiso-para-despedirse-de-su-papa\/#article","isPartOf":{"@id":"https:\/\/www.eldiario.net\/portal\/2022\/02\/02\/sosa-logra-permiso-para-despedirse-de-su-papa\/"},"author":{"name":"Jeanette","@id":"https:\/\/www.eldiario.net\/portal\/#\/schema\/person\/f46445640444750d7d753ccd04ae01b7"},"headline":"Sosa logra permiso para despedirse de su pap\u00e1","datePublished":"2022-02-02T09:33:45+00:00","mainEntityOfPage":{"@id":"https:\/\/www.eldiario.net\/portal\/2022\/02\/02\/sosa-logra-permiso-para-despedirse-de-su-papa\/"},"wordCount":210,"publisher":{"@id":"https:\/\/www.eldiario.net\/portal\/#organization"},"image":{"@id":"https:\/\/www.eldiario.net\/portal\/2022\/02\/02\/sosa-logra-permiso-para-despedirse-de-su-papa\/#primaryimage"},"thumbnailUrl":"","articleSection":["Sociedad - Seguridad"],"inLanguage":"es"},{"@type":"WebPage","@id":"https:\/\/www.eldiario.net\/portal\/2022\/02\/02\/sosa-logra-permiso-para-despedirse-de-su-papa\/","url":"https:\/\/www.eldiario.net\/portal\/2022\/02\/02\/sosa-logra-permiso-para-despedirse-de-su-papa\/","name":"Sosa logra permiso para despedirse de su pap\u00e1 - El Diario - Bolivia","isPartOf":{"@id":"https:\/\/www.eldiario.net\/portal\/#website"},"primaryImageOfPage":{"@id":"https:\/\/www.eldiario.net\/portal\/2022\/02\/02\/sosa-logra-permiso-para-despedirse-de-su-papa\/#primaryimage"},"image":{"@id":"https:\/\/www.eldiario.net\/portal\/2022\/02\/02\/sosa-logra-permiso-para-despedirse-de-su-papa\/#primaryimage"},"thumbnailUrl":"","datePublished":"2022-02-02T09:33:45+00:00","breadcrumb":{"@id":"https:\/\/www.eldiario.net\/portal\/2022\/02\/02\/sosa-logra-permiso-para-despedirse-de-su-papa\/#breadcrumb"},"inLanguage":"es","potentialAction":[{"@type":"ReadAction","target":["https:\/\/www.eldiario.net\/portal\/2022\/02\/02\/sosa-logra-permiso-para-despedirse-de-su-papa\/"]}]},{"@type":"ImageObject","inLanguage":"es","@id":"https:\/\/www.eldiario.net\/portal\/2022\/02\/02\/sosa-logra-permiso-para-despedirse-de-su-papa\/#primaryimage","url":"","contentUrl":""},{"@type":"BreadcrumbList","@id":"https:\/\/www.eldiario.net\/portal\/2022\/02\/02\/sosa-logra-permiso-para-despedirse-de-su-papa\/#breadcrumb","itemListElement":[{"@type":"ListItem","position":1,"name":"Portada","item":"https:\/\/www.eldiario.net\/portal\/"},{"@type":"ListItem","position":2,"name":"Sosa logra permiso para despedirse de su pap\u00e1"}]},{"@type":"WebSite","@id":"https:\/\/www.eldiario.net\/portal\/#website","url":"https:\/\/www.eldiario.net\/portal\/","name":"El Diario - Decano de la prensa nacional","description":"El Diario - Decano de la prensa nacional","publisher":{"@id":"https:\/\/www.eldiario.net\/portal\/#organization"},"potentialAction":[{"@type":"SearchAction","target":{"@type":"EntryPoint","urlTemplate":"https:\/\/www.eldiario.net\/portal\/?s={search_term_string}"},"query-input":{"@type":"PropertyValueSpecification","valueRequired":true,"valueName":"search_term_string"}}],"inLanguage":"es"},{"@type":"Organization","@id":"https:\/\/www.eldiario.net\/portal\/#organization","name":"El Diario - Decano de la prensa nacional","url":"https:\/\/www.eldiario.net\/portal\/","logo":{"@type":"ImageObject","inLanguage":"es","@id":"https:\/\/www.eldiario.net\/portal\/#\/schema\/logo\/image\/","url":"https:\/\/www.eldiario.net\/portal\/wp-content\/uploads\/2023\/07\/logo_ED.jpg","contentUrl":"https:\/\/www.eldiario.net\/portal\/wp-content\/uploads\/2023\/07\/logo_ED.jpg","width":272,"height":52,"caption":"El Diario - Decano de la prensa nacional"},"image":{"@id":"https:\/\/www.eldiario.net\/portal\/#\/schema\/logo\/image\/"},"sameAs":["https:\/\/www.facebook.com\/eldiario.bolivia\/","https:\/\/x.com\/eldiario_net"]},{"@type":"Person","@id":"https:\/\/www.eldiario.net\/portal\/#\/schema\/person\/f46445640444750d7d753ccd04ae01b7","name":"Jeanette","image":{"@type":"ImageObject","inLanguage":"es","@id":"https:\/\/secure.gravatar.com\/avatar\/3ea2118a5f7dad2b7138b1187a6b7ee55f160b9968b66013c3a3ef39dd7e5798?s=96&d=mm&r=g","url":"https:\/\/secure.gravatar.com\/avatar\/3ea2118a5f7dad2b7138b1187a6b7ee55f160b9968b66013c3a3ef39dd7e5798?s=96&d=mm&r=g","contentUrl":"https:\/\/secure.gravatar.com\/avatar\/3ea2118a5f7dad2b7138b1187a6b7ee55f160b9968b66013c3a3ef39dd7e5798?s=96&d=mm&r=g","caption":"Jeanette"},"sameAs":["https:\/\/www.eldiario.net\/portal"],"url":"https:\/\/www.eldiario.net\/portal\/author\/jeanette\/"}]}},"_links":{"self":[{"href":"https:\/\/www.eldiario.net\/portal\/wp-json\/wp\/v2\/posts\/60465","targetHints":{"allow":["GET"]}}],"collection":[{"href":"https:\/\/www.eldiario.net\/portal\/wp-json\/wp\/v2\/posts"}],"about":[{"href":"https:\/\/www.eldiario.net\/portal\/wp-json\/wp\/v2\/types\/post"}],"author":[{"embeddable":true,"href":"https:\/\/www.eldiario.net\/portal\/wp-json\/wp\/v2\/users\/1"}],"replies":[{"embeddable":true,"href":"https:\/\/www.eldiario.net\/portal\/wp-json\/wp\/v2\/comments?post=60465"}],"version-history":[{"count":0,"href":"https:\/\/www.eldiario.net\/portal\/wp-json\/wp\/v2\/posts\/60465\/revisions"}],"wp:attachment":[{"href":"https:\/\/www.eldiario.net\/portal\/wp-json\/wp\/v2\/media?parent=60465"}],"wp:term":[{"taxonomy":"category","embeddable":true,"href":"https:\/\/www.eldiario.net\/portal\/wp-json\/wp\/v2\/categories?post=60465"},{"taxonomy":"post_tag","embeddable":true,"href":"https:\/\/www.eldiario.net\/portal\/wp-json\/wp\/v2\/tags?post=60465"}],"curies":[{"name":"wp","href":"https:\/\/api.w.org\/{rel}","templated":true}]}}