{"id":60462,"date":"2022-02-02T05:33:13","date_gmt":"2022-02-02T09:33:13","guid":{"rendered":"https:\/\/www.eldiario.net\/portal\/?p=60462"},"modified":"2022-02-02T05:33:13","modified_gmt":"2022-02-02T09:33:13","slug":"asesino-amplia-su-declaracion","status":"publish","type":"post","link":"https:\/\/www.eldiario.net\/portal\/2022\/02\/02\/asesino-amplia-su-declaracion\/","title":{"rendered":"Asesino ampl\u00eda  su declaraci\u00f3n"},"content":{"rendered":"<p>Richard Choque Flores, sujeto sentenciado a 30 a\u00f1os sin derecho a indulto, y enviado con detenci\u00f3n preventiva, imputado por trata de personas ampli\u00f3 su declaraci\u00f3n ayer en el penal de Chonchocoro, inform\u00f3 el jefe de la Divisi\u00f3n de Trata y Tr\u00e1fico de la Fuerza Especial de Lucha Contra el Crimen (Felcc), Boris Rodr\u00edguez.<br \/>\n\u201cEl d\u00eda de hoy (ayer) en coordinaci\u00f3n con el Ministerio P\u00fablico\u00a0vamos a realizar la declaraci\u00f3n ampliatoria\u00a0del se\u00f1or Richard Choque. Las actuaciones que se van a realizar respecto al se\u00f1or Richard Choque Flores son: primero, el caso abusador 77, segundo el caso Chef desaparecido el 5 de abril de 2019 (\u2026) tambi\u00e9n por el caso juez Alc\u00f3n\u201d, se\u00f1al\u00f3 Rodr\u00edguez a la red Unitel.<br \/>\nDentro de esta misma investigaci\u00f3n, el m\u00e9dico que presuntamente emiti\u00f3 los certificados que ayudaron a que Richard Choque Flores logre beneficiarse con detenci\u00f3n domiciliaria temporal, fue trasladado hasta la Fiscal\u00eda para prestar su declaraci\u00f3n informativa.<br \/>\n\u201c\u00c9l va a declarar en la Fiscal\u00eda Departamental y en la declaraci\u00f3n dar\u00e1 m\u00e1s luces sobre el tema.\u00a0Estamos en proceso de la valoraci\u00f3n de la documentaci\u00f3n\u201d, dijo el fiscal, Miguel Aramayo.<\/p>\n<p>DETENCI\u00d3N<br \/>\nPREVENTIVA<br \/>\nPor otro lado, luego de imputar formalmente a la madre y hermana de Richard Choque Flores, la fiscal Ver\u00f3nica Miranda inform\u00f3 que pedir\u00e1n seis meses de detenci\u00f3n preventiva para ambas por riesgos procesales y probabilidad de autor\u00eda.<br \/>\nAmbas mujeres fueron imputadas por el delito de trata y tr\u00e1fico en grado de complicidad. Miranda precis\u00f3 que al vivir en la misma casa en la ciudad de El Alto, ellas sab\u00edan los delitos que comet\u00eda Richard, llevando se\u00f1oritas a su casa captadas con enga\u00f1os como el caso de Iris y Lucy.<\/p>\n<p>DOMICILIARIA<br \/>\nAsimismo, la noche del lunes el juez segundo cautelar de La Paz concedi\u00f3 detenci\u00f3n domiciliaria con dos garantes a Jos\u00e9 Luis Casilla Machaca, c\u00f3mplice del violador y feminicida Richard Choque Flores, en el asesinato de la primera v\u00edctima, el a\u00f1o 2013.<br \/>\nLa Fiscal\u00eda rechaz\u00f3 la decisi\u00f3n del juez cautelar y anunci\u00f3 el recurso de apelaci\u00f3n para que sea enviado a la c\u00e1rcel porque hay otros procesos en su contra y existe riesgo de fuga.<br \/>\nTras su declaraci\u00f3n, el galeno qued\u00f3 aprehendido porque presuntamente falsific\u00f3 el informe m\u00e9dico forense.<br \/>\nAsimismo, a trav\u00e9s de un comunicado el Instituto de Investigaciones Forenses (IDIF), aclar\u00f3 que m\u00e9dico fue desvinculado de la instituci\u00f3n en 2014.<br \/>\nEn ese marco aclararon que las certificaciones en el caso de Richard Choque Flores, \u00abfueron emitidas de manera particular, como profesional independiente\u00bb.<br \/>\nPor otro lado, en su declaraci\u00f3n ampliatoria, Choque Flores asegur\u00f3 no conocer al galeno.<br \/>\nChoque Flores logr\u00f3 cambiar el penal por su domicilio con el certificado m\u00e9dico en el que se indica que padece diabetes y gastritis cr\u00f3nica.<\/p>\n","protected":false},"excerpt":{"rendered":"<p>Richard Choque Flores, sujeto sentenciado a 30 a\u00f1os sin derecho a indulto, y enviado con detenci\u00f3n preventiva, imputado por trata de personas ampli\u00f3 su declaraci\u00f3n ayer en el penal de Chonchocoro, inform\u00f3 el jefe de la Divisi\u00f3n de Trata y Tr\u00e1fico de la Fuerza Especial de Lucha Contra el Crimen (Felcc), Boris Rodr\u00edguez. \u201cEl d\u00eda [&hellip;]<\/p>\n","protected":false},"author":1,"featured_media":60463,"comment_status":"closed","ping_status":"closed","sticky":false,"template":"","format":"standard","meta":{"_acf_changed":false,"footnotes":""},"categories":[39],"tags":[],"class_list":["post-60462","post","type-post","status-publish","format-standard","has-post-thumbnail","category-sociedad"],"acf":{"antetitulo":""},"yoast_head":"<!-- This site is optimized with the Yoast SEO plugin v28.4 - https:\/\/yoast.com\/product\/yoast-seo-wordpress\/ -->\n<title>Asesino ampl\u00eda su declaraci\u00f3n - El Diario - Bolivia<\/title>\n<meta name=\"robots\" content=\"index, follow, max-snippet:-1, max-image-preview:large, max-video-preview:-1\" \/>\n<link rel=\"canonical\" href=\"https:\/\/www.eldiario.net\/portal\/2022\/02\/02\/asesino-amplia-su-declaracion\/\" \/>\n<meta property=\"og:locale\" content=\"es_ES\" \/>\n<meta property=\"og:type\" content=\"article\" \/>\n<meta property=\"og:title\" content=\"Asesino ampl\u00eda su declaraci\u00f3n - El Diario - Bolivia\" \/>\n<meta property=\"og:description\" content=\"Richard Choque Flores, sujeto sentenciado a 30 a\u00f1os sin derecho a indulto, y enviado con detenci\u00f3n preventiva, imputado por trata de personas ampli\u00f3 su declaraci\u00f3n ayer en el penal de Chonchocoro, inform\u00f3 el jefe de la Divisi\u00f3n de Trata y Tr\u00e1fico de la Fuerza Especial de Lucha Contra el Crimen (Felcc), Boris Rodr\u00edguez. \u201cEl d\u00eda [&hellip;]\" \/>\n<meta property=\"og:url\" content=\"https:\/\/www.eldiario.net\/portal\/2022\/02\/02\/asesino-amplia-su-declaracion\/\" \/>\n<meta property=\"og:site_name\" content=\"El Diario - Bolivia\" \/>\n<meta property=\"article:publisher\" content=\"https:\/\/www.facebook.com\/eldiario.bolivia\/\" \/>\n<meta property=\"article:published_time\" content=\"2022-02-02T09:33:13+00:00\" \/>\n<meta name=\"author\" content=\"Jeanette\" \/>\n<meta name=\"twitter:card\" content=\"summary_large_image\" \/>\n<meta name=\"twitter:creator\" content=\"@eldiario_net\" \/>\n<meta name=\"twitter:site\" content=\"@eldiario_net\" \/>\n<meta name=\"twitter:label1\" content=\"Escrito por\" \/>\n\t<meta name=\"twitter:data1\" content=\"Jeanette\" \/>\n\t<meta name=\"twitter:label2\" content=\"Tiempo de lectura\" \/>\n\t<meta name=\"twitter:data2\" content=\"3 minutos\" \/>\n<script type=\"application\/ld+json\" class=\"yoast-schema-graph\">{\"@context\":\"https:\\\/\\\/schema.org\",\"@graph\":[{\"@type\":\"Article\",\"@id\":\"https:\\\/\\\/www.eldiario.net\\\/portal\\\/2022\\\/02\\\/02\\\/asesino-amplia-su-declaracion\\\/#article\",\"isPartOf\":{\"@id\":\"https:\\\/\\\/www.eldiario.net\\\/portal\\\/2022\\\/02\\\/02\\\/asesino-amplia-su-declaracion\\\/\"},\"author\":{\"name\":\"Jeanette\",\"@id\":\"https:\\\/\\\/www.eldiario.net\\\/portal\\\/#\\\/schema\\\/person\\\/f46445640444750d7d753ccd04ae01b7\"},\"headline\":\"Asesino ampl\u00eda su declaraci\u00f3n\",\"datePublished\":\"2022-02-02T09:33:13+00:00\",\"mainEntityOfPage\":{\"@id\":\"https:\\\/\\\/www.eldiario.net\\\/portal\\\/2022\\\/02\\\/02\\\/asesino-amplia-su-declaracion\\\/\"},\"wordCount\":497,\"publisher\":{\"@id\":\"https:\\\/\\\/www.eldiario.net\\\/portal\\\/#organization\"},\"image\":{\"@id\":\"https:\\\/\\\/www.eldiario.net\\\/portal\\\/2022\\\/02\\\/02\\\/asesino-amplia-su-declaracion\\\/#primaryimage\"},\"thumbnailUrl\":\"\",\"articleSection\":[\"Sociedad - Seguridad\"],\"inLanguage\":\"es\"},{\"@type\":\"WebPage\",\"@id\":\"https:\\\/\\\/www.eldiario.net\\\/portal\\\/2022\\\/02\\\/02\\\/asesino-amplia-su-declaracion\\\/\",\"url\":\"https:\\\/\\\/www.eldiario.net\\\/portal\\\/2022\\\/02\\\/02\\\/asesino-amplia-su-declaracion\\\/\",\"name\":\"Asesino ampl\u00eda su declaraci\u00f3n - El Diario - Bolivia\",\"isPartOf\":{\"@id\":\"https:\\\/\\\/www.eldiario.net\\\/portal\\\/#website\"},\"primaryImageOfPage\":{\"@id\":\"https:\\\/\\\/www.eldiario.net\\\/portal\\\/2022\\\/02\\\/02\\\/asesino-amplia-su-declaracion\\\/#primaryimage\"},\"image\":{\"@id\":\"https:\\\/\\\/www.eldiario.net\\\/portal\\\/2022\\\/02\\\/02\\\/asesino-amplia-su-declaracion\\\/#primaryimage\"},\"thumbnailUrl\":\"\",\"datePublished\":\"2022-02-02T09:33:13+00:00\",\"breadcrumb\":{\"@id\":\"https:\\\/\\\/www.eldiario.net\\\/portal\\\/2022\\\/02\\\/02\\\/asesino-amplia-su-declaracion\\\/#breadcrumb\"},\"inLanguage\":\"es\",\"potentialAction\":[{\"@type\":\"ReadAction\",\"target\":[\"https:\\\/\\\/www.eldiario.net\\\/portal\\\/2022\\\/02\\\/02\\\/asesino-amplia-su-declaracion\\\/\"]}]},{\"@type\":\"ImageObject\",\"inLanguage\":\"es\",\"@id\":\"https:\\\/\\\/www.eldiario.net\\\/portal\\\/2022\\\/02\\\/02\\\/asesino-amplia-su-declaracion\\\/#primaryimage\",\"url\":\"\",\"contentUrl\":\"\"},{\"@type\":\"BreadcrumbList\",\"@id\":\"https:\\\/\\\/www.eldiario.net\\\/portal\\\/2022\\\/02\\\/02\\\/asesino-amplia-su-declaracion\\\/#breadcrumb\",\"itemListElement\":[{\"@type\":\"ListItem\",\"position\":1,\"name\":\"Portada\",\"item\":\"https:\\\/\\\/www.eldiario.net\\\/portal\\\/\"},{\"@type\":\"ListItem\",\"position\":2,\"name\":\"Asesino ampl\u00eda su declaraci\u00f3n\"}]},{\"@type\":\"WebSite\",\"@id\":\"https:\\\/\\\/www.eldiario.net\\\/portal\\\/#website\",\"url\":\"https:\\\/\\\/www.eldiario.net\\\/portal\\\/\",\"name\":\"El Diario - Decano de la prensa nacional\",\"description\":\"El Diario - Decano de la prensa nacional\",\"publisher\":{\"@id\":\"https:\\\/\\\/www.eldiario.net\\\/portal\\\/#organization\"},\"potentialAction\":[{\"@type\":\"SearchAction\",\"target\":{\"@type\":\"EntryPoint\",\"urlTemplate\":\"https:\\\/\\\/www.eldiario.net\\\/portal\\\/?s={search_term_string}\"},\"query-input\":{\"@type\":\"PropertyValueSpecification\",\"valueRequired\":true,\"valueName\":\"search_term_string\"}}],\"inLanguage\":\"es\"},{\"@type\":\"Organization\",\"@id\":\"https:\\\/\\\/www.eldiario.net\\\/portal\\\/#organization\",\"name\":\"El Diario - Decano de la prensa nacional\",\"url\":\"https:\\\/\\\/www.eldiario.net\\\/portal\\\/\",\"logo\":{\"@type\":\"ImageObject\",\"inLanguage\":\"es\",\"@id\":\"https:\\\/\\\/www.eldiario.net\\\/portal\\\/#\\\/schema\\\/logo\\\/image\\\/\",\"url\":\"https:\\\/\\\/www.eldiario.net\\\/portal\\\/wp-content\\\/uploads\\\/2023\\\/07\\\/logo_ED.jpg\",\"contentUrl\":\"https:\\\/\\\/www.eldiario.net\\\/portal\\\/wp-content\\\/uploads\\\/2023\\\/07\\\/logo_ED.jpg\",\"width\":272,\"height\":52,\"caption\":\"El Diario - Decano de la prensa nacional\"},\"image\":{\"@id\":\"https:\\\/\\\/www.eldiario.net\\\/portal\\\/#\\\/schema\\\/logo\\\/image\\\/\"},\"sameAs\":[\"https:\\\/\\\/www.facebook.com\\\/eldiario.bolivia\\\/\",\"https:\\\/\\\/x.com\\\/eldiario_net\"]},{\"@type\":\"Person\",\"@id\":\"https:\\\/\\\/www.eldiario.net\\\/portal\\\/#\\\/schema\\\/person\\\/f46445640444750d7d753ccd04ae01b7\",\"name\":\"Jeanette\",\"image\":{\"@type\":\"ImageObject\",\"inLanguage\":\"es\",\"@id\":\"https:\\\/\\\/secure.gravatar.com\\\/avatar\\\/3ea2118a5f7dad2b7138b1187a6b7ee55f160b9968b66013c3a3ef39dd7e5798?s=96&d=mm&r=g\",\"url\":\"https:\\\/\\\/secure.gravatar.com\\\/avatar\\\/3ea2118a5f7dad2b7138b1187a6b7ee55f160b9968b66013c3a3ef39dd7e5798?s=96&d=mm&r=g\",\"contentUrl\":\"https:\\\/\\\/secure.gravatar.com\\\/avatar\\\/3ea2118a5f7dad2b7138b1187a6b7ee55f160b9968b66013c3a3ef39dd7e5798?s=96&d=mm&r=g\",\"caption\":\"Jeanette\"},\"sameAs\":[\"https:\\\/\\\/www.eldiario.net\\\/portal\"],\"url\":\"https:\\\/\\\/www.eldiario.net\\\/portal\\\/author\\\/jeanette\\\/\"}]}<\/script>\n<!-- \/ Yoast SEO plugin. -->","yoast_head_json":{"title":"Asesino ampl\u00eda su declaraci\u00f3n - El Diario - Bolivia","robots":{"index":"index","follow":"follow","max-snippet":"max-snippet:-1","max-image-preview":"max-image-preview:large","max-video-preview":"max-video-preview:-1"},"canonical":"https:\/\/www.eldiario.net\/portal\/2022\/02\/02\/asesino-amplia-su-declaracion\/","og_locale":"es_ES","og_type":"article","og_title":"Asesino ampl\u00eda su declaraci\u00f3n - El Diario - Bolivia","og_description":"Richard Choque Flores, sujeto sentenciado a 30 a\u00f1os sin derecho a indulto, y enviado con detenci\u00f3n preventiva, imputado por trata de personas ampli\u00f3 su declaraci\u00f3n ayer en el penal de Chonchocoro, inform\u00f3 el jefe de la Divisi\u00f3n de Trata y Tr\u00e1fico de la Fuerza Especial de Lucha Contra el Crimen (Felcc), Boris Rodr\u00edguez. \u201cEl d\u00eda [&hellip;]","og_url":"https:\/\/www.eldiario.net\/portal\/2022\/02\/02\/asesino-amplia-su-declaracion\/","og_site_name":"El Diario - Bolivia","article_publisher":"https:\/\/www.facebook.com\/eldiario.bolivia\/","article_published_time":"2022-02-02T09:33:13+00:00","author":"Jeanette","twitter_card":"summary_large_image","twitter_creator":"@eldiario_net","twitter_site":"@eldiario_net","twitter_misc":{"Escrito por":"Jeanette","Tiempo de lectura":"3 minutos"},"schema":{"@context":"https:\/\/schema.org","@graph":[{"@type":"Article","@id":"https:\/\/www.eldiario.net\/portal\/2022\/02\/02\/asesino-amplia-su-declaracion\/#article","isPartOf":{"@id":"https:\/\/www.eldiario.net\/portal\/2022\/02\/02\/asesino-amplia-su-declaracion\/"},"author":{"name":"Jeanette","@id":"https:\/\/www.eldiario.net\/portal\/#\/schema\/person\/f46445640444750d7d753ccd04ae01b7"},"headline":"Asesino ampl\u00eda su declaraci\u00f3n","datePublished":"2022-02-02T09:33:13+00:00","mainEntityOfPage":{"@id":"https:\/\/www.eldiario.net\/portal\/2022\/02\/02\/asesino-amplia-su-declaracion\/"},"wordCount":497,"publisher":{"@id":"https:\/\/www.eldiario.net\/portal\/#organization"},"image":{"@id":"https:\/\/www.eldiario.net\/portal\/2022\/02\/02\/asesino-amplia-su-declaracion\/#primaryimage"},"thumbnailUrl":"","articleSection":["Sociedad - Seguridad"],"inLanguage":"es"},{"@type":"WebPage","@id":"https:\/\/www.eldiario.net\/portal\/2022\/02\/02\/asesino-amplia-su-declaracion\/","url":"https:\/\/www.eldiario.net\/portal\/2022\/02\/02\/asesino-amplia-su-declaracion\/","name":"Asesino ampl\u00eda su declaraci\u00f3n - El Diario - Bolivia","isPartOf":{"@id":"https:\/\/www.eldiario.net\/portal\/#website"},"primaryImageOfPage":{"@id":"https:\/\/www.eldiario.net\/portal\/2022\/02\/02\/asesino-amplia-su-declaracion\/#primaryimage"},"image":{"@id":"https:\/\/www.eldiario.net\/portal\/2022\/02\/02\/asesino-amplia-su-declaracion\/#primaryimage"},"thumbnailUrl":"","datePublished":"2022-02-02T09:33:13+00:00","breadcrumb":{"@id":"https:\/\/www.eldiario.net\/portal\/2022\/02\/02\/asesino-amplia-su-declaracion\/#breadcrumb"},"inLanguage":"es","potentialAction":[{"@type":"ReadAction","target":["https:\/\/www.eldiario.net\/portal\/2022\/02\/02\/asesino-amplia-su-declaracion\/"]}]},{"@type":"ImageObject","inLanguage":"es","@id":"https:\/\/www.eldiario.net\/portal\/2022\/02\/02\/asesino-amplia-su-declaracion\/#primaryimage","url":"","contentUrl":""},{"@type":"BreadcrumbList","@id":"https:\/\/www.eldiario.net\/portal\/2022\/02\/02\/asesino-amplia-su-declaracion\/#breadcrumb","itemListElement":[{"@type":"ListItem","position":1,"name":"Portada","item":"https:\/\/www.eldiario.net\/portal\/"},{"@type":"ListItem","position":2,"name":"Asesino ampl\u00eda su declaraci\u00f3n"}]},{"@type":"WebSite","@id":"https:\/\/www.eldiario.net\/portal\/#website","url":"https:\/\/www.eldiario.net\/portal\/","name":"El Diario - Decano de la prensa nacional","description":"El Diario - Decano de la prensa nacional","publisher":{"@id":"https:\/\/www.eldiario.net\/portal\/#organization"},"potentialAction":[{"@type":"SearchAction","target":{"@type":"EntryPoint","urlTemplate":"https:\/\/www.eldiario.net\/portal\/?s={search_term_string}"},"query-input":{"@type":"PropertyValueSpecification","valueRequired":true,"valueName":"search_term_string"}}],"inLanguage":"es"},{"@type":"Organization","@id":"https:\/\/www.eldiario.net\/portal\/#organization","name":"El Diario - Decano de la prensa nacional","url":"https:\/\/www.eldiario.net\/portal\/","logo":{"@type":"ImageObject","inLanguage":"es","@id":"https:\/\/www.eldiario.net\/portal\/#\/schema\/logo\/image\/","url":"https:\/\/www.eldiario.net\/portal\/wp-content\/uploads\/2023\/07\/logo_ED.jpg","contentUrl":"https:\/\/www.eldiario.net\/portal\/wp-content\/uploads\/2023\/07\/logo_ED.jpg","width":272,"height":52,"caption":"El Diario - Decano de la prensa nacional"},"image":{"@id":"https:\/\/www.eldiario.net\/portal\/#\/schema\/logo\/image\/"},"sameAs":["https:\/\/www.facebook.com\/eldiario.bolivia\/","https:\/\/x.com\/eldiario_net"]},{"@type":"Person","@id":"https:\/\/www.eldiario.net\/portal\/#\/schema\/person\/f46445640444750d7d753ccd04ae01b7","name":"Jeanette","image":{"@type":"ImageObject","inLanguage":"es","@id":"https:\/\/secure.gravatar.com\/avatar\/3ea2118a5f7dad2b7138b1187a6b7ee55f160b9968b66013c3a3ef39dd7e5798?s=96&d=mm&r=g","url":"https:\/\/secure.gravatar.com\/avatar\/3ea2118a5f7dad2b7138b1187a6b7ee55f160b9968b66013c3a3ef39dd7e5798?s=96&d=mm&r=g","contentUrl":"https:\/\/secure.gravatar.com\/avatar\/3ea2118a5f7dad2b7138b1187a6b7ee55f160b9968b66013c3a3ef39dd7e5798?s=96&d=mm&r=g","caption":"Jeanette"},"sameAs":["https:\/\/www.eldiario.net\/portal"],"url":"https:\/\/www.eldiario.net\/portal\/author\/jeanette\/"}]}},"_links":{"self":[{"href":"https:\/\/www.eldiario.net\/portal\/wp-json\/wp\/v2\/posts\/60462","targetHints":{"allow":["GET"]}}],"collection":[{"href":"https:\/\/www.eldiario.net\/portal\/wp-json\/wp\/v2\/posts"}],"about":[{"href":"https:\/\/www.eldiario.net\/portal\/wp-json\/wp\/v2\/types\/post"}],"author":[{"embeddable":true,"href":"https:\/\/www.eldiario.net\/portal\/wp-json\/wp\/v2\/users\/1"}],"replies":[{"embeddable":true,"href":"https:\/\/www.eldiario.net\/portal\/wp-json\/wp\/v2\/comments?post=60462"}],"version-history":[{"count":0,"href":"https:\/\/www.eldiario.net\/portal\/wp-json\/wp\/v2\/posts\/60462\/revisions"}],"wp:attachment":[{"href":"https:\/\/www.eldiario.net\/portal\/wp-json\/wp\/v2\/media?parent=60462"}],"wp:term":[{"taxonomy":"category","embeddable":true,"href":"https:\/\/www.eldiario.net\/portal\/wp-json\/wp\/v2\/categories?post=60462"},{"taxonomy":"post_tag","embeddable":true,"href":"https:\/\/www.eldiario.net\/portal\/wp-json\/wp\/v2\/tags?post=60462"}],"curies":[{"name":"wp","href":"https:\/\/api.w.org\/{rel}","templated":true}]}}