{"id":6046,"date":"2021-05-24T06:17:00","date_gmt":"2021-05-24T10:17:00","guid":{"rendered":"https:\/\/www.eldiario.net\/portal\/?p=6046"},"modified":"2021-05-24T06:17:00","modified_gmt":"2021-05-24T10:17:00","slug":"mas-de-18-000-vecinos-exigen-nuevo-directorio","status":"publish","type":"post","link":"https:\/\/www.eldiario.net\/portal\/2021\/05\/24\/mas-de-18-000-vecinos-exigen-nuevo-directorio\/","title":{"rendered":"M\u00e1s de 18.000 vecinos exigen nuevo directorio"},"content":{"rendered":"<p>Los vecinos de la zona Alto Lima 1ra., Secci\u00f3n del Distrito 6, esperan el cambio de su directorio de manera urgente, debido a que este barrio qued\u00f3 abandonado y precisa una atenci\u00f3n por parte de las autoridades, en favor de m\u00e1s de 18.000 habitantes.<br \/>\nLa preocupaci\u00f3n de los habitantes de este sector del norte de la urbe alte\u00f1a, considerada como una de las m\u00e1s grandes, es que luego de haber terminado la gesti\u00f3n del anterior directorio de la zona, al momento no existe ninguna convocatoria a elecciones, tal como deber\u00eda ser.<br \/>\nDe acuerdo con uno de los exdirigentes de este barrio, Antonio Huanca, ya existe el tiempo perentorio para lanzar una convocatoria mediante un comit\u00e9 electoral, por lo que la sugerencia y el parecer de los propios vecinos es que la elecci\u00f3n de un nuevo directorio se realice mediante una convocatoria a asamblea y por voto directo.<br \/>\n\u201cLo que en este momento no queremos es seguir perjudicando a la zona, porque existen bastantes necesidades que deben ser solucionadas en el menor tiempo posible, por eso estamos optando por llamar a una asamblea de emergencia y lograr un nuevo directorio mediante una aclamaci\u00f3n, para elegir un comit\u00e9 electoral y luego la convocatoria a elecciones en un lapso de 90 d\u00edas, ya hay tiempo\u201d, explic\u00f3 Huanca.<br \/>\nHasta el presente, este barrio de m\u00e1s de 18.000 habitantes tiene muchas necesidades y problemas que fueron dejados por el anterior directorio, muchas de estas de prioridad como el mejoramiento de calles y avenidas, el tema del alcantarillado sanitario y el cambio de sus tuber\u00edas, es de mucha preocupaci\u00f3n de los vecinos.<br \/>\nOtro de los problemas que en este momento preocupa a la vecindad de Alto Lima 1ra. Secci\u00f3n es el asentamiento de comerciantes en plena plaza Germ\u00e1n Busch, lo que est\u00e1 perjudicando la circulaci\u00f3n de las personas, entre los d\u00edas mi\u00e9rcoles y s\u00e1bados, gremiales que aprovechando la etapa de la pandemia del coronavirus tratan de apropiarse de los espacios de la \u00fanica plaza que tiene este barrio.<br \/>\n\u201cEstos asentamientos nos ha generado problemas de constantes enfrentamientos con los grupos de gremiales que a pesar de que su permanencia era moment\u00e1nea, ahora intentan apropiarse de estos puestos y no existe una autoridad que pueda hacer respetar nuestros espacios de esta plaza, donde est\u00e1n prohibidas loas asentamientos\u201d, dijo el vecino.<br \/>\nOtro de los problemas que atraviesa el barrio es la falta de seguridad, donde la carencia de personal de la Polic\u00eda ha dado lugar a que grupos de pandillas comiencen a proliferar en la zona, poniendo en riesgo la integridad f\u00edsica de los vecinos.<br \/>\nHoy existe un m\u00f3dulo policial en la plaza Germ\u00e1n Busch, pero los dos efectivos del orden que tiene es insuficiente para m\u00e1s de 18.000 habitantes, adem\u00e1s del mal servicio que prestan, motivo por el cual crece la delincuencia.<\/p>\n<p>&nbsp;<\/p>\n","protected":false},"excerpt":{"rendered":"<p>Los vecinos de la zona Alto Lima 1ra., Secci\u00f3n del Distrito 6, esperan el cambio de su directorio de manera urgente, debido a que este barrio qued\u00f3 abandonado y precisa una atenci\u00f3n por parte de las autoridades, en favor de m\u00e1s de 18.000 habitantes. La preocupaci\u00f3n de los habitantes de este sector del norte de [&hellip;]<\/p>\n","protected":false},"author":1,"featured_media":6047,"comment_status":"closed","ping_status":"closed","sticky":false,"template":"","format":"standard","meta":{"_acf_changed":false,"footnotes":""},"categories":[12],"tags":[],"class_list":["post-6046","post","type-post","status-publish","format-standard","has-post-thumbnail","category-nacional"],"acf":{"antetitulo":""},"yoast_head":"<!-- This site is optimized with the Yoast SEO plugin v28.3 - https:\/\/yoast.com\/product\/yoast-seo-wordpress\/ -->\n<title>M\u00e1s de 18.000 vecinos exigen nuevo directorio - El Diario - Bolivia<\/title>\n<meta name=\"robots\" content=\"index, follow, max-snippet:-1, max-image-preview:large, max-video-preview:-1\" \/>\n<link rel=\"canonical\" href=\"https:\/\/www.eldiario.net\/portal\/2021\/05\/24\/mas-de-18-000-vecinos-exigen-nuevo-directorio\/\" \/>\n<meta property=\"og:locale\" content=\"es_ES\" \/>\n<meta property=\"og:type\" content=\"article\" \/>\n<meta property=\"og:title\" content=\"M\u00e1s de 18.000 vecinos exigen nuevo directorio - El Diario - Bolivia\" \/>\n<meta property=\"og:description\" content=\"Los vecinos de la zona Alto Lima 1ra., Secci\u00f3n del Distrito 6, esperan el cambio de su directorio de manera urgente, debido a que este barrio qued\u00f3 abandonado y precisa una atenci\u00f3n por parte de las autoridades, en favor de m\u00e1s de 18.000 habitantes. La preocupaci\u00f3n de los habitantes de este sector del norte de [&hellip;]\" \/>\n<meta property=\"og:url\" content=\"https:\/\/www.eldiario.net\/portal\/2021\/05\/24\/mas-de-18-000-vecinos-exigen-nuevo-directorio\/\" \/>\n<meta property=\"og:site_name\" content=\"El Diario - Bolivia\" \/>\n<meta property=\"article:publisher\" content=\"https:\/\/www.facebook.com\/eldiario.bolivia\/\" \/>\n<meta property=\"article:published_time\" content=\"2021-05-24T10:17:00+00:00\" \/>\n<meta name=\"author\" content=\"Jeanette\" \/>\n<meta name=\"twitter:card\" content=\"summary_large_image\" \/>\n<meta name=\"twitter:creator\" content=\"@eldiario_net\" \/>\n<meta name=\"twitter:site\" content=\"@eldiario_net\" \/>\n<meta name=\"twitter:label1\" content=\"Escrito por\" \/>\n\t<meta name=\"twitter:data1\" content=\"Jeanette\" \/>\n\t<meta name=\"twitter:label2\" content=\"Tiempo de lectura\" \/>\n\t<meta name=\"twitter:data2\" content=\"3 minutos\" \/>\n<script type=\"application\/ld+json\" class=\"yoast-schema-graph\">{\"@context\":\"https:\\\/\\\/schema.org\",\"@graph\":[{\"@type\":\"Article\",\"@id\":\"https:\\\/\\\/www.eldiario.net\\\/portal\\\/2021\\\/05\\\/24\\\/mas-de-18-000-vecinos-exigen-nuevo-directorio\\\/#article\",\"isPartOf\":{\"@id\":\"https:\\\/\\\/www.eldiario.net\\\/portal\\\/2021\\\/05\\\/24\\\/mas-de-18-000-vecinos-exigen-nuevo-directorio\\\/\"},\"author\":{\"name\":\"Jeanette\",\"@id\":\"https:\\\/\\\/www.eldiario.net\\\/portal\\\/#\\\/schema\\\/person\\\/f46445640444750d7d753ccd04ae01b7\"},\"headline\":\"M\u00e1s de 18.000 vecinos exigen nuevo directorio\",\"datePublished\":\"2021-05-24T10:17:00+00:00\",\"mainEntityOfPage\":{\"@id\":\"https:\\\/\\\/www.eldiario.net\\\/portal\\\/2021\\\/05\\\/24\\\/mas-de-18-000-vecinos-exigen-nuevo-directorio\\\/\"},\"wordCount\":496,\"publisher\":{\"@id\":\"https:\\\/\\\/www.eldiario.net\\\/portal\\\/#organization\"},\"image\":{\"@id\":\"https:\\\/\\\/www.eldiario.net\\\/portal\\\/2021\\\/05\\\/24\\\/mas-de-18-000-vecinos-exigen-nuevo-directorio\\\/#primaryimage\"},\"thumbnailUrl\":\"\",\"articleSection\":[\"Nacional\"],\"inLanguage\":\"es\"},{\"@type\":\"WebPage\",\"@id\":\"https:\\\/\\\/www.eldiario.net\\\/portal\\\/2021\\\/05\\\/24\\\/mas-de-18-000-vecinos-exigen-nuevo-directorio\\\/\",\"url\":\"https:\\\/\\\/www.eldiario.net\\\/portal\\\/2021\\\/05\\\/24\\\/mas-de-18-000-vecinos-exigen-nuevo-directorio\\\/\",\"name\":\"M\u00e1s de 18.000 vecinos exigen nuevo directorio - El Diario - Bolivia\",\"isPartOf\":{\"@id\":\"https:\\\/\\\/www.eldiario.net\\\/portal\\\/#website\"},\"primaryImageOfPage\":{\"@id\":\"https:\\\/\\\/www.eldiario.net\\\/portal\\\/2021\\\/05\\\/24\\\/mas-de-18-000-vecinos-exigen-nuevo-directorio\\\/#primaryimage\"},\"image\":{\"@id\":\"https:\\\/\\\/www.eldiario.net\\\/portal\\\/2021\\\/05\\\/24\\\/mas-de-18-000-vecinos-exigen-nuevo-directorio\\\/#primaryimage\"},\"thumbnailUrl\":\"\",\"datePublished\":\"2021-05-24T10:17:00+00:00\",\"breadcrumb\":{\"@id\":\"https:\\\/\\\/www.eldiario.net\\\/portal\\\/2021\\\/05\\\/24\\\/mas-de-18-000-vecinos-exigen-nuevo-directorio\\\/#breadcrumb\"},\"inLanguage\":\"es\",\"potentialAction\":[{\"@type\":\"ReadAction\",\"target\":[\"https:\\\/\\\/www.eldiario.net\\\/portal\\\/2021\\\/05\\\/24\\\/mas-de-18-000-vecinos-exigen-nuevo-directorio\\\/\"]}]},{\"@type\":\"ImageObject\",\"inLanguage\":\"es\",\"@id\":\"https:\\\/\\\/www.eldiario.net\\\/portal\\\/2021\\\/05\\\/24\\\/mas-de-18-000-vecinos-exigen-nuevo-directorio\\\/#primaryimage\",\"url\":\"\",\"contentUrl\":\"\"},{\"@type\":\"BreadcrumbList\",\"@id\":\"https:\\\/\\\/www.eldiario.net\\\/portal\\\/2021\\\/05\\\/24\\\/mas-de-18-000-vecinos-exigen-nuevo-directorio\\\/#breadcrumb\",\"itemListElement\":[{\"@type\":\"ListItem\",\"position\":1,\"name\":\"Portada\",\"item\":\"https:\\\/\\\/www.eldiario.net\\\/portal\\\/\"},{\"@type\":\"ListItem\",\"position\":2,\"name\":\"M\u00e1s de 18.000 vecinos exigen nuevo directorio\"}]},{\"@type\":\"WebSite\",\"@id\":\"https:\\\/\\\/www.eldiario.net\\\/portal\\\/#website\",\"url\":\"https:\\\/\\\/www.eldiario.net\\\/portal\\\/\",\"name\":\"El Diario - Decano de la prensa nacional\",\"description\":\"El Diario - Decano de la prensa nacional\",\"publisher\":{\"@id\":\"https:\\\/\\\/www.eldiario.net\\\/portal\\\/#organization\"},\"potentialAction\":[{\"@type\":\"SearchAction\",\"target\":{\"@type\":\"EntryPoint\",\"urlTemplate\":\"https:\\\/\\\/www.eldiario.net\\\/portal\\\/?s={search_term_string}\"},\"query-input\":{\"@type\":\"PropertyValueSpecification\",\"valueRequired\":true,\"valueName\":\"search_term_string\"}}],\"inLanguage\":\"es\"},{\"@type\":\"Organization\",\"@id\":\"https:\\\/\\\/www.eldiario.net\\\/portal\\\/#organization\",\"name\":\"El Diario - Decano de la prensa nacional\",\"url\":\"https:\\\/\\\/www.eldiario.net\\\/portal\\\/\",\"logo\":{\"@type\":\"ImageObject\",\"inLanguage\":\"es\",\"@id\":\"https:\\\/\\\/www.eldiario.net\\\/portal\\\/#\\\/schema\\\/logo\\\/image\\\/\",\"url\":\"https:\\\/\\\/www.eldiario.net\\\/portal\\\/wp-content\\\/uploads\\\/2023\\\/07\\\/logo_ED.jpg\",\"contentUrl\":\"https:\\\/\\\/www.eldiario.net\\\/portal\\\/wp-content\\\/uploads\\\/2023\\\/07\\\/logo_ED.jpg\",\"width\":272,\"height\":52,\"caption\":\"El Diario - Decano de la prensa nacional\"},\"image\":{\"@id\":\"https:\\\/\\\/www.eldiario.net\\\/portal\\\/#\\\/schema\\\/logo\\\/image\\\/\"},\"sameAs\":[\"https:\\\/\\\/www.facebook.com\\\/eldiario.bolivia\\\/\",\"https:\\\/\\\/x.com\\\/eldiario_net\"]},{\"@type\":\"Person\",\"@id\":\"https:\\\/\\\/www.eldiario.net\\\/portal\\\/#\\\/schema\\\/person\\\/f46445640444750d7d753ccd04ae01b7\",\"name\":\"Jeanette\",\"image\":{\"@type\":\"ImageObject\",\"inLanguage\":\"es\",\"@id\":\"https:\\\/\\\/secure.gravatar.com\\\/avatar\\\/3ea2118a5f7dad2b7138b1187a6b7ee55f160b9968b66013c3a3ef39dd7e5798?s=96&d=mm&r=g\",\"url\":\"https:\\\/\\\/secure.gravatar.com\\\/avatar\\\/3ea2118a5f7dad2b7138b1187a6b7ee55f160b9968b66013c3a3ef39dd7e5798?s=96&d=mm&r=g\",\"contentUrl\":\"https:\\\/\\\/secure.gravatar.com\\\/avatar\\\/3ea2118a5f7dad2b7138b1187a6b7ee55f160b9968b66013c3a3ef39dd7e5798?s=96&d=mm&r=g\",\"caption\":\"Jeanette\"},\"sameAs\":[\"https:\\\/\\\/www.eldiario.net\\\/portal\"],\"url\":\"https:\\\/\\\/www.eldiario.net\\\/portal\\\/author\\\/jeanette\\\/\"}]}<\/script>\n<!-- \/ Yoast SEO plugin. -->","yoast_head_json":{"title":"M\u00e1s de 18.000 vecinos exigen nuevo directorio - El Diario - Bolivia","robots":{"index":"index","follow":"follow","max-snippet":"max-snippet:-1","max-image-preview":"max-image-preview:large","max-video-preview":"max-video-preview:-1"},"canonical":"https:\/\/www.eldiario.net\/portal\/2021\/05\/24\/mas-de-18-000-vecinos-exigen-nuevo-directorio\/","og_locale":"es_ES","og_type":"article","og_title":"M\u00e1s de 18.000 vecinos exigen nuevo directorio - El Diario - Bolivia","og_description":"Los vecinos de la zona Alto Lima 1ra., Secci\u00f3n del Distrito 6, esperan el cambio de su directorio de manera urgente, debido a que este barrio qued\u00f3 abandonado y precisa una atenci\u00f3n por parte de las autoridades, en favor de m\u00e1s de 18.000 habitantes. La preocupaci\u00f3n de los habitantes de este sector del norte de [&hellip;]","og_url":"https:\/\/www.eldiario.net\/portal\/2021\/05\/24\/mas-de-18-000-vecinos-exigen-nuevo-directorio\/","og_site_name":"El Diario - Bolivia","article_publisher":"https:\/\/www.facebook.com\/eldiario.bolivia\/","article_published_time":"2021-05-24T10:17:00+00:00","author":"Jeanette","twitter_card":"summary_large_image","twitter_creator":"@eldiario_net","twitter_site":"@eldiario_net","twitter_misc":{"Escrito por":"Jeanette","Tiempo de lectura":"3 minutos"},"schema":{"@context":"https:\/\/schema.org","@graph":[{"@type":"Article","@id":"https:\/\/www.eldiario.net\/portal\/2021\/05\/24\/mas-de-18-000-vecinos-exigen-nuevo-directorio\/#article","isPartOf":{"@id":"https:\/\/www.eldiario.net\/portal\/2021\/05\/24\/mas-de-18-000-vecinos-exigen-nuevo-directorio\/"},"author":{"name":"Jeanette","@id":"https:\/\/www.eldiario.net\/portal\/#\/schema\/person\/f46445640444750d7d753ccd04ae01b7"},"headline":"M\u00e1s de 18.000 vecinos exigen nuevo directorio","datePublished":"2021-05-24T10:17:00+00:00","mainEntityOfPage":{"@id":"https:\/\/www.eldiario.net\/portal\/2021\/05\/24\/mas-de-18-000-vecinos-exigen-nuevo-directorio\/"},"wordCount":496,"publisher":{"@id":"https:\/\/www.eldiario.net\/portal\/#organization"},"image":{"@id":"https:\/\/www.eldiario.net\/portal\/2021\/05\/24\/mas-de-18-000-vecinos-exigen-nuevo-directorio\/#primaryimage"},"thumbnailUrl":"","articleSection":["Nacional"],"inLanguage":"es"},{"@type":"WebPage","@id":"https:\/\/www.eldiario.net\/portal\/2021\/05\/24\/mas-de-18-000-vecinos-exigen-nuevo-directorio\/","url":"https:\/\/www.eldiario.net\/portal\/2021\/05\/24\/mas-de-18-000-vecinos-exigen-nuevo-directorio\/","name":"M\u00e1s de 18.000 vecinos exigen nuevo directorio - El Diario - Bolivia","isPartOf":{"@id":"https:\/\/www.eldiario.net\/portal\/#website"},"primaryImageOfPage":{"@id":"https:\/\/www.eldiario.net\/portal\/2021\/05\/24\/mas-de-18-000-vecinos-exigen-nuevo-directorio\/#primaryimage"},"image":{"@id":"https:\/\/www.eldiario.net\/portal\/2021\/05\/24\/mas-de-18-000-vecinos-exigen-nuevo-directorio\/#primaryimage"},"thumbnailUrl":"","datePublished":"2021-05-24T10:17:00+00:00","breadcrumb":{"@id":"https:\/\/www.eldiario.net\/portal\/2021\/05\/24\/mas-de-18-000-vecinos-exigen-nuevo-directorio\/#breadcrumb"},"inLanguage":"es","potentialAction":[{"@type":"ReadAction","target":["https:\/\/www.eldiario.net\/portal\/2021\/05\/24\/mas-de-18-000-vecinos-exigen-nuevo-directorio\/"]}]},{"@type":"ImageObject","inLanguage":"es","@id":"https:\/\/www.eldiario.net\/portal\/2021\/05\/24\/mas-de-18-000-vecinos-exigen-nuevo-directorio\/#primaryimage","url":"","contentUrl":""},{"@type":"BreadcrumbList","@id":"https:\/\/www.eldiario.net\/portal\/2021\/05\/24\/mas-de-18-000-vecinos-exigen-nuevo-directorio\/#breadcrumb","itemListElement":[{"@type":"ListItem","position":1,"name":"Portada","item":"https:\/\/www.eldiario.net\/portal\/"},{"@type":"ListItem","position":2,"name":"M\u00e1s de 18.000 vecinos exigen nuevo directorio"}]},{"@type":"WebSite","@id":"https:\/\/www.eldiario.net\/portal\/#website","url":"https:\/\/www.eldiario.net\/portal\/","name":"El Diario - Decano de la prensa nacional","description":"El Diario - Decano de la prensa nacional","publisher":{"@id":"https:\/\/www.eldiario.net\/portal\/#organization"},"potentialAction":[{"@type":"SearchAction","target":{"@type":"EntryPoint","urlTemplate":"https:\/\/www.eldiario.net\/portal\/?s={search_term_string}"},"query-input":{"@type":"PropertyValueSpecification","valueRequired":true,"valueName":"search_term_string"}}],"inLanguage":"es"},{"@type":"Organization","@id":"https:\/\/www.eldiario.net\/portal\/#organization","name":"El Diario - Decano de la prensa nacional","url":"https:\/\/www.eldiario.net\/portal\/","logo":{"@type":"ImageObject","inLanguage":"es","@id":"https:\/\/www.eldiario.net\/portal\/#\/schema\/logo\/image\/","url":"https:\/\/www.eldiario.net\/portal\/wp-content\/uploads\/2023\/07\/logo_ED.jpg","contentUrl":"https:\/\/www.eldiario.net\/portal\/wp-content\/uploads\/2023\/07\/logo_ED.jpg","width":272,"height":52,"caption":"El Diario - Decano de la prensa nacional"},"image":{"@id":"https:\/\/www.eldiario.net\/portal\/#\/schema\/logo\/image\/"},"sameAs":["https:\/\/www.facebook.com\/eldiario.bolivia\/","https:\/\/x.com\/eldiario_net"]},{"@type":"Person","@id":"https:\/\/www.eldiario.net\/portal\/#\/schema\/person\/f46445640444750d7d753ccd04ae01b7","name":"Jeanette","image":{"@type":"ImageObject","inLanguage":"es","@id":"https:\/\/secure.gravatar.com\/avatar\/3ea2118a5f7dad2b7138b1187a6b7ee55f160b9968b66013c3a3ef39dd7e5798?s=96&d=mm&r=g","url":"https:\/\/secure.gravatar.com\/avatar\/3ea2118a5f7dad2b7138b1187a6b7ee55f160b9968b66013c3a3ef39dd7e5798?s=96&d=mm&r=g","contentUrl":"https:\/\/secure.gravatar.com\/avatar\/3ea2118a5f7dad2b7138b1187a6b7ee55f160b9968b66013c3a3ef39dd7e5798?s=96&d=mm&r=g","caption":"Jeanette"},"sameAs":["https:\/\/www.eldiario.net\/portal"],"url":"https:\/\/www.eldiario.net\/portal\/author\/jeanette\/"}]}},"_links":{"self":[{"href":"https:\/\/www.eldiario.net\/portal\/wp-json\/wp\/v2\/posts\/6046","targetHints":{"allow":["GET"]}}],"collection":[{"href":"https:\/\/www.eldiario.net\/portal\/wp-json\/wp\/v2\/posts"}],"about":[{"href":"https:\/\/www.eldiario.net\/portal\/wp-json\/wp\/v2\/types\/post"}],"author":[{"embeddable":true,"href":"https:\/\/www.eldiario.net\/portal\/wp-json\/wp\/v2\/users\/1"}],"replies":[{"embeddable":true,"href":"https:\/\/www.eldiario.net\/portal\/wp-json\/wp\/v2\/comments?post=6046"}],"version-history":[{"count":0,"href":"https:\/\/www.eldiario.net\/portal\/wp-json\/wp\/v2\/posts\/6046\/revisions"}],"wp:attachment":[{"href":"https:\/\/www.eldiario.net\/portal\/wp-json\/wp\/v2\/media?parent=6046"}],"wp:term":[{"taxonomy":"category","embeddable":true,"href":"https:\/\/www.eldiario.net\/portal\/wp-json\/wp\/v2\/categories?post=6046"},{"taxonomy":"post_tag","embeddable":true,"href":"https:\/\/www.eldiario.net\/portal\/wp-json\/wp\/v2\/tags?post=6046"}],"curies":[{"name":"wp","href":"https:\/\/api.w.org\/{rel}","templated":true}]}}