{"id":60456,"date":"2022-02-02T05:31:41","date_gmt":"2022-02-02T09:31:41","guid":{"rendered":"https:\/\/www.eldiario.net\/portal\/?p=60456"},"modified":"2022-02-02T05:31:41","modified_gmt":"2022-02-02T09:31:41","slug":"maximo-kirchner-renuncia-a-presidencia-del-frente-de-todos","status":"publish","type":"post","link":"https:\/\/www.eldiario.net\/portal\/2022\/02\/02\/maximo-kirchner-renuncia-a-presidencia-del-frente-de-todos\/","title":{"rendered":"M\u00e1ximo Kirchner renuncia a  presidencia del Frente de Todos"},"content":{"rendered":"<p>Buenos Aires.- El presidente del bloque de diputados del Frente de Todos (FDT), M\u00e1ximo Kirchner, renunci\u00f3 a su cargo al argumentar que no comparte \u201cla estrategia utilizada\u201d ni \u201clos resultados obtenidos\u201d en la negociaci\u00f3n entre el Gobierno con el Fondo Monetario Internacional (FMI).<br \/>\nLa renuncia de M\u00e1ximo Kirchner a la presidencia del bloque del Frente de Todos en la C\u00e1mara de Diputados por su oposici\u00f3n al acuerdo con el FMI es un hecho importante, y podr\u00eda ser el inicio de una nueva crisis pol\u00edtica en el oficialismo, similar a la del a\u00f1o pasado despu\u00e9s de la derrota en las primarias.<br \/>\nAdem\u00e1s, la carta de renuncia de M\u00e1ximo Kirchner contiene ataques directos al presidente Alberto Fern\u00e1ndez y al ministro de Econom\u00eda Mart\u00edn Guzm\u00e1n, responsables exclusivos, con sus equipos, de haber firmado un acuerdo con el FMI que el hijo de Cristina Kirchner rechaza.<br \/>\nPor poco, Fern\u00e1ndez y Guzm\u00e1n no son calificados de \u201centreguistas\u201d. En todo caso, para el fundador y referente de La C\u00e1mpora, la agrupaci\u00f3n exjuvenil que es el principal sost\u00e9n de la expresidenta y actual vicepresidenta, est\u00e1 claro que hay dos bandos: con Fern\u00e1ndez, aquellos que aceptan el tutelaje del Fondo y futuros sacrificios para el pueblo, con M\u00e1ximo, los que defienden la soberan\u00eda nacional y los intereses populares.<br \/>\nTanto el presidente como su ministro replicaron anoche que hab\u00edan llegado al mejor acuerdo posible y que la \u00fanica alternativa, la cesaci\u00f3n de pagos, era un salto al vac\u00edo de consecuencias dram\u00e1ticas para el pa\u00eds, como lo piensan tambi\u00e9n muchos observadores independientes.<br \/>\nSi, por el momento, no hubo otras renuncias de funcionarios kirchneristas, algunos ya se expresaron en el mismo sentido que M\u00e1ximo Kirchner y se sabe que la mayor\u00eda piensa como \u00e9l.<br \/>\nTodav\u00eda no ha hablado Cristina Fern\u00e1ndez de Kirchner pero ya hay crisis, que se podr\u00eda agravar seg\u00fan como vayan las cosas con el FMI, aunque una ruptura de la coalici\u00f3n peronista ser\u00eda peligrosa para todos. (Agencia RFI)<\/p>\n","protected":false},"excerpt":{"rendered":"<p>Buenos Aires.- El presidente del bloque de diputados del Frente de Todos (FDT), M\u00e1ximo Kirchner, renunci\u00f3 a su cargo al argumentar que no comparte \u201cla estrategia utilizada\u201d ni \u201clos resultados obtenidos\u201d en la negociaci\u00f3n entre el Gobierno con el Fondo Monetario Internacional (FMI). La renuncia de M\u00e1ximo Kirchner a la presidencia del bloque del Frente [&hellip;]<\/p>\n","protected":false},"author":1,"featured_media":60457,"comment_status":"closed","ping_status":"closed","sticky":false,"template":"","format":"standard","meta":{"_acf_changed":false,"footnotes":""},"categories":[3],"tags":[],"class_list":["post-60456","post","type-post","status-publish","format-standard","has-post-thumbnail","category-internacional"],"acf":{"antetitulo":""},"yoast_head":"<!-- This site is optimized with the Yoast SEO plugin v28.4 - https:\/\/yoast.com\/product\/yoast-seo-wordpress\/ -->\n<title>M\u00e1ximo Kirchner renuncia a presidencia del Frente de Todos - El Diario - Bolivia<\/title>\n<meta name=\"robots\" content=\"index, follow, max-snippet:-1, max-image-preview:large, max-video-preview:-1\" \/>\n<link rel=\"canonical\" href=\"https:\/\/www.eldiario.net\/portal\/2022\/02\/02\/maximo-kirchner-renuncia-a-presidencia-del-frente-de-todos\/\" \/>\n<meta property=\"og:locale\" content=\"es_ES\" \/>\n<meta property=\"og:type\" content=\"article\" \/>\n<meta property=\"og:title\" content=\"M\u00e1ximo Kirchner renuncia a presidencia del Frente de Todos - El Diario - Bolivia\" \/>\n<meta property=\"og:description\" content=\"Buenos Aires.- El presidente del bloque de diputados del Frente de Todos (FDT), M\u00e1ximo Kirchner, renunci\u00f3 a su cargo al argumentar que no comparte \u201cla estrategia utilizada\u201d ni \u201clos resultados obtenidos\u201d en la negociaci\u00f3n entre el Gobierno con el Fondo Monetario Internacional (FMI). La renuncia de M\u00e1ximo Kirchner a la presidencia del bloque del Frente [&hellip;]\" \/>\n<meta property=\"og:url\" content=\"https:\/\/www.eldiario.net\/portal\/2022\/02\/02\/maximo-kirchner-renuncia-a-presidencia-del-frente-de-todos\/\" \/>\n<meta property=\"og:site_name\" content=\"El Diario - Bolivia\" \/>\n<meta property=\"article:publisher\" content=\"https:\/\/www.facebook.com\/eldiario.bolivia\/\" \/>\n<meta property=\"article:published_time\" content=\"2022-02-02T09:31:41+00:00\" \/>\n<meta name=\"author\" content=\"Jeanette\" \/>\n<meta name=\"twitter:card\" content=\"summary_large_image\" \/>\n<meta name=\"twitter:creator\" content=\"@eldiario_net\" \/>\n<meta name=\"twitter:site\" content=\"@eldiario_net\" \/>\n<meta name=\"twitter:label1\" content=\"Escrito por\" \/>\n\t<meta name=\"twitter:data1\" content=\"Jeanette\" \/>\n\t<meta name=\"twitter:label2\" content=\"Tiempo de lectura\" \/>\n\t<meta name=\"twitter:data2\" content=\"2 minutos\" \/>\n<script type=\"application\/ld+json\" class=\"yoast-schema-graph\">{\"@context\":\"https:\\\/\\\/schema.org\",\"@graph\":[{\"@type\":\"Article\",\"@id\":\"https:\\\/\\\/www.eldiario.net\\\/portal\\\/2022\\\/02\\\/02\\\/maximo-kirchner-renuncia-a-presidencia-del-frente-de-todos\\\/#article\",\"isPartOf\":{\"@id\":\"https:\\\/\\\/www.eldiario.net\\\/portal\\\/2022\\\/02\\\/02\\\/maximo-kirchner-renuncia-a-presidencia-del-frente-de-todos\\\/\"},\"author\":{\"name\":\"Jeanette\",\"@id\":\"https:\\\/\\\/www.eldiario.net\\\/portal\\\/#\\\/schema\\\/person\\\/f46445640444750d7d753ccd04ae01b7\"},\"headline\":\"M\u00e1ximo Kirchner renuncia a presidencia del Frente de Todos\",\"datePublished\":\"2022-02-02T09:31:41+00:00\",\"mainEntityOfPage\":{\"@id\":\"https:\\\/\\\/www.eldiario.net\\\/portal\\\/2022\\\/02\\\/02\\\/maximo-kirchner-renuncia-a-presidencia-del-frente-de-todos\\\/\"},\"wordCount\":368,\"publisher\":{\"@id\":\"https:\\\/\\\/www.eldiario.net\\\/portal\\\/#organization\"},\"image\":{\"@id\":\"https:\\\/\\\/www.eldiario.net\\\/portal\\\/2022\\\/02\\\/02\\\/maximo-kirchner-renuncia-a-presidencia-del-frente-de-todos\\\/#primaryimage\"},\"thumbnailUrl\":\"\",\"articleSection\":[\"Internacional\"],\"inLanguage\":\"es\"},{\"@type\":\"WebPage\",\"@id\":\"https:\\\/\\\/www.eldiario.net\\\/portal\\\/2022\\\/02\\\/02\\\/maximo-kirchner-renuncia-a-presidencia-del-frente-de-todos\\\/\",\"url\":\"https:\\\/\\\/www.eldiario.net\\\/portal\\\/2022\\\/02\\\/02\\\/maximo-kirchner-renuncia-a-presidencia-del-frente-de-todos\\\/\",\"name\":\"M\u00e1ximo Kirchner renuncia a presidencia del Frente de Todos - El Diario - Bolivia\",\"isPartOf\":{\"@id\":\"https:\\\/\\\/www.eldiario.net\\\/portal\\\/#website\"},\"primaryImageOfPage\":{\"@id\":\"https:\\\/\\\/www.eldiario.net\\\/portal\\\/2022\\\/02\\\/02\\\/maximo-kirchner-renuncia-a-presidencia-del-frente-de-todos\\\/#primaryimage\"},\"image\":{\"@id\":\"https:\\\/\\\/www.eldiario.net\\\/portal\\\/2022\\\/02\\\/02\\\/maximo-kirchner-renuncia-a-presidencia-del-frente-de-todos\\\/#primaryimage\"},\"thumbnailUrl\":\"\",\"datePublished\":\"2022-02-02T09:31:41+00:00\",\"breadcrumb\":{\"@id\":\"https:\\\/\\\/www.eldiario.net\\\/portal\\\/2022\\\/02\\\/02\\\/maximo-kirchner-renuncia-a-presidencia-del-frente-de-todos\\\/#breadcrumb\"},\"inLanguage\":\"es\",\"potentialAction\":[{\"@type\":\"ReadAction\",\"target\":[\"https:\\\/\\\/www.eldiario.net\\\/portal\\\/2022\\\/02\\\/02\\\/maximo-kirchner-renuncia-a-presidencia-del-frente-de-todos\\\/\"]}]},{\"@type\":\"ImageObject\",\"inLanguage\":\"es\",\"@id\":\"https:\\\/\\\/www.eldiario.net\\\/portal\\\/2022\\\/02\\\/02\\\/maximo-kirchner-renuncia-a-presidencia-del-frente-de-todos\\\/#primaryimage\",\"url\":\"\",\"contentUrl\":\"\"},{\"@type\":\"BreadcrumbList\",\"@id\":\"https:\\\/\\\/www.eldiario.net\\\/portal\\\/2022\\\/02\\\/02\\\/maximo-kirchner-renuncia-a-presidencia-del-frente-de-todos\\\/#breadcrumb\",\"itemListElement\":[{\"@type\":\"ListItem\",\"position\":1,\"name\":\"Portada\",\"item\":\"https:\\\/\\\/www.eldiario.net\\\/portal\\\/\"},{\"@type\":\"ListItem\",\"position\":2,\"name\":\"M\u00e1ximo Kirchner renuncia a presidencia del Frente de Todos\"}]},{\"@type\":\"WebSite\",\"@id\":\"https:\\\/\\\/www.eldiario.net\\\/portal\\\/#website\",\"url\":\"https:\\\/\\\/www.eldiario.net\\\/portal\\\/\",\"name\":\"El Diario - Decano de la prensa nacional\",\"description\":\"El Diario - Decano de la prensa nacional\",\"publisher\":{\"@id\":\"https:\\\/\\\/www.eldiario.net\\\/portal\\\/#organization\"},\"potentialAction\":[{\"@type\":\"SearchAction\",\"target\":{\"@type\":\"EntryPoint\",\"urlTemplate\":\"https:\\\/\\\/www.eldiario.net\\\/portal\\\/?s={search_term_string}\"},\"query-input\":{\"@type\":\"PropertyValueSpecification\",\"valueRequired\":true,\"valueName\":\"search_term_string\"}}],\"inLanguage\":\"es\"},{\"@type\":\"Organization\",\"@id\":\"https:\\\/\\\/www.eldiario.net\\\/portal\\\/#organization\",\"name\":\"El Diario - Decano de la prensa nacional\",\"url\":\"https:\\\/\\\/www.eldiario.net\\\/portal\\\/\",\"logo\":{\"@type\":\"ImageObject\",\"inLanguage\":\"es\",\"@id\":\"https:\\\/\\\/www.eldiario.net\\\/portal\\\/#\\\/schema\\\/logo\\\/image\\\/\",\"url\":\"https:\\\/\\\/www.eldiario.net\\\/portal\\\/wp-content\\\/uploads\\\/2023\\\/07\\\/logo_ED.jpg\",\"contentUrl\":\"https:\\\/\\\/www.eldiario.net\\\/portal\\\/wp-content\\\/uploads\\\/2023\\\/07\\\/logo_ED.jpg\",\"width\":272,\"height\":52,\"caption\":\"El Diario - Decano de la prensa nacional\"},\"image\":{\"@id\":\"https:\\\/\\\/www.eldiario.net\\\/portal\\\/#\\\/schema\\\/logo\\\/image\\\/\"},\"sameAs\":[\"https:\\\/\\\/www.facebook.com\\\/eldiario.bolivia\\\/\",\"https:\\\/\\\/x.com\\\/eldiario_net\"]},{\"@type\":\"Person\",\"@id\":\"https:\\\/\\\/www.eldiario.net\\\/portal\\\/#\\\/schema\\\/person\\\/f46445640444750d7d753ccd04ae01b7\",\"name\":\"Jeanette\",\"image\":{\"@type\":\"ImageObject\",\"inLanguage\":\"es\",\"@id\":\"https:\\\/\\\/secure.gravatar.com\\\/avatar\\\/3ea2118a5f7dad2b7138b1187a6b7ee55f160b9968b66013c3a3ef39dd7e5798?s=96&d=mm&r=g\",\"url\":\"https:\\\/\\\/secure.gravatar.com\\\/avatar\\\/3ea2118a5f7dad2b7138b1187a6b7ee55f160b9968b66013c3a3ef39dd7e5798?s=96&d=mm&r=g\",\"contentUrl\":\"https:\\\/\\\/secure.gravatar.com\\\/avatar\\\/3ea2118a5f7dad2b7138b1187a6b7ee55f160b9968b66013c3a3ef39dd7e5798?s=96&d=mm&r=g\",\"caption\":\"Jeanette\"},\"sameAs\":[\"https:\\\/\\\/www.eldiario.net\\\/portal\"],\"url\":\"https:\\\/\\\/www.eldiario.net\\\/portal\\\/author\\\/jeanette\\\/\"}]}<\/script>\n<!-- \/ Yoast SEO plugin. -->","yoast_head_json":{"title":"M\u00e1ximo Kirchner renuncia a presidencia del Frente de Todos - El Diario - Bolivia","robots":{"index":"index","follow":"follow","max-snippet":"max-snippet:-1","max-image-preview":"max-image-preview:large","max-video-preview":"max-video-preview:-1"},"canonical":"https:\/\/www.eldiario.net\/portal\/2022\/02\/02\/maximo-kirchner-renuncia-a-presidencia-del-frente-de-todos\/","og_locale":"es_ES","og_type":"article","og_title":"M\u00e1ximo Kirchner renuncia a presidencia del Frente de Todos - El Diario - Bolivia","og_description":"Buenos Aires.- El presidente del bloque de diputados del Frente de Todos (FDT), M\u00e1ximo Kirchner, renunci\u00f3 a su cargo al argumentar que no comparte \u201cla estrategia utilizada\u201d ni \u201clos resultados obtenidos\u201d en la negociaci\u00f3n entre el Gobierno con el Fondo Monetario Internacional (FMI). La renuncia de M\u00e1ximo Kirchner a la presidencia del bloque del Frente [&hellip;]","og_url":"https:\/\/www.eldiario.net\/portal\/2022\/02\/02\/maximo-kirchner-renuncia-a-presidencia-del-frente-de-todos\/","og_site_name":"El Diario - Bolivia","article_publisher":"https:\/\/www.facebook.com\/eldiario.bolivia\/","article_published_time":"2022-02-02T09:31:41+00:00","author":"Jeanette","twitter_card":"summary_large_image","twitter_creator":"@eldiario_net","twitter_site":"@eldiario_net","twitter_misc":{"Escrito por":"Jeanette","Tiempo de lectura":"2 minutos"},"schema":{"@context":"https:\/\/schema.org","@graph":[{"@type":"Article","@id":"https:\/\/www.eldiario.net\/portal\/2022\/02\/02\/maximo-kirchner-renuncia-a-presidencia-del-frente-de-todos\/#article","isPartOf":{"@id":"https:\/\/www.eldiario.net\/portal\/2022\/02\/02\/maximo-kirchner-renuncia-a-presidencia-del-frente-de-todos\/"},"author":{"name":"Jeanette","@id":"https:\/\/www.eldiario.net\/portal\/#\/schema\/person\/f46445640444750d7d753ccd04ae01b7"},"headline":"M\u00e1ximo Kirchner renuncia a presidencia del Frente de Todos","datePublished":"2022-02-02T09:31:41+00:00","mainEntityOfPage":{"@id":"https:\/\/www.eldiario.net\/portal\/2022\/02\/02\/maximo-kirchner-renuncia-a-presidencia-del-frente-de-todos\/"},"wordCount":368,"publisher":{"@id":"https:\/\/www.eldiario.net\/portal\/#organization"},"image":{"@id":"https:\/\/www.eldiario.net\/portal\/2022\/02\/02\/maximo-kirchner-renuncia-a-presidencia-del-frente-de-todos\/#primaryimage"},"thumbnailUrl":"","articleSection":["Internacional"],"inLanguage":"es"},{"@type":"WebPage","@id":"https:\/\/www.eldiario.net\/portal\/2022\/02\/02\/maximo-kirchner-renuncia-a-presidencia-del-frente-de-todos\/","url":"https:\/\/www.eldiario.net\/portal\/2022\/02\/02\/maximo-kirchner-renuncia-a-presidencia-del-frente-de-todos\/","name":"M\u00e1ximo Kirchner renuncia a presidencia del Frente de Todos - El Diario - Bolivia","isPartOf":{"@id":"https:\/\/www.eldiario.net\/portal\/#website"},"primaryImageOfPage":{"@id":"https:\/\/www.eldiario.net\/portal\/2022\/02\/02\/maximo-kirchner-renuncia-a-presidencia-del-frente-de-todos\/#primaryimage"},"image":{"@id":"https:\/\/www.eldiario.net\/portal\/2022\/02\/02\/maximo-kirchner-renuncia-a-presidencia-del-frente-de-todos\/#primaryimage"},"thumbnailUrl":"","datePublished":"2022-02-02T09:31:41+00:00","breadcrumb":{"@id":"https:\/\/www.eldiario.net\/portal\/2022\/02\/02\/maximo-kirchner-renuncia-a-presidencia-del-frente-de-todos\/#breadcrumb"},"inLanguage":"es","potentialAction":[{"@type":"ReadAction","target":["https:\/\/www.eldiario.net\/portal\/2022\/02\/02\/maximo-kirchner-renuncia-a-presidencia-del-frente-de-todos\/"]}]},{"@type":"ImageObject","inLanguage":"es","@id":"https:\/\/www.eldiario.net\/portal\/2022\/02\/02\/maximo-kirchner-renuncia-a-presidencia-del-frente-de-todos\/#primaryimage","url":"","contentUrl":""},{"@type":"BreadcrumbList","@id":"https:\/\/www.eldiario.net\/portal\/2022\/02\/02\/maximo-kirchner-renuncia-a-presidencia-del-frente-de-todos\/#breadcrumb","itemListElement":[{"@type":"ListItem","position":1,"name":"Portada","item":"https:\/\/www.eldiario.net\/portal\/"},{"@type":"ListItem","position":2,"name":"M\u00e1ximo Kirchner renuncia a presidencia del Frente de Todos"}]},{"@type":"WebSite","@id":"https:\/\/www.eldiario.net\/portal\/#website","url":"https:\/\/www.eldiario.net\/portal\/","name":"El Diario - Decano de la prensa nacional","description":"El Diario - Decano de la prensa nacional","publisher":{"@id":"https:\/\/www.eldiario.net\/portal\/#organization"},"potentialAction":[{"@type":"SearchAction","target":{"@type":"EntryPoint","urlTemplate":"https:\/\/www.eldiario.net\/portal\/?s={search_term_string}"},"query-input":{"@type":"PropertyValueSpecification","valueRequired":true,"valueName":"search_term_string"}}],"inLanguage":"es"},{"@type":"Organization","@id":"https:\/\/www.eldiario.net\/portal\/#organization","name":"El Diario - Decano de la prensa nacional","url":"https:\/\/www.eldiario.net\/portal\/","logo":{"@type":"ImageObject","inLanguage":"es","@id":"https:\/\/www.eldiario.net\/portal\/#\/schema\/logo\/image\/","url":"https:\/\/www.eldiario.net\/portal\/wp-content\/uploads\/2023\/07\/logo_ED.jpg","contentUrl":"https:\/\/www.eldiario.net\/portal\/wp-content\/uploads\/2023\/07\/logo_ED.jpg","width":272,"height":52,"caption":"El Diario - Decano de la prensa nacional"},"image":{"@id":"https:\/\/www.eldiario.net\/portal\/#\/schema\/logo\/image\/"},"sameAs":["https:\/\/www.facebook.com\/eldiario.bolivia\/","https:\/\/x.com\/eldiario_net"]},{"@type":"Person","@id":"https:\/\/www.eldiario.net\/portal\/#\/schema\/person\/f46445640444750d7d753ccd04ae01b7","name":"Jeanette","image":{"@type":"ImageObject","inLanguage":"es","@id":"https:\/\/secure.gravatar.com\/avatar\/3ea2118a5f7dad2b7138b1187a6b7ee55f160b9968b66013c3a3ef39dd7e5798?s=96&d=mm&r=g","url":"https:\/\/secure.gravatar.com\/avatar\/3ea2118a5f7dad2b7138b1187a6b7ee55f160b9968b66013c3a3ef39dd7e5798?s=96&d=mm&r=g","contentUrl":"https:\/\/secure.gravatar.com\/avatar\/3ea2118a5f7dad2b7138b1187a6b7ee55f160b9968b66013c3a3ef39dd7e5798?s=96&d=mm&r=g","caption":"Jeanette"},"sameAs":["https:\/\/www.eldiario.net\/portal"],"url":"https:\/\/www.eldiario.net\/portal\/author\/jeanette\/"}]}},"_links":{"self":[{"href":"https:\/\/www.eldiario.net\/portal\/wp-json\/wp\/v2\/posts\/60456","targetHints":{"allow":["GET"]}}],"collection":[{"href":"https:\/\/www.eldiario.net\/portal\/wp-json\/wp\/v2\/posts"}],"about":[{"href":"https:\/\/www.eldiario.net\/portal\/wp-json\/wp\/v2\/types\/post"}],"author":[{"embeddable":true,"href":"https:\/\/www.eldiario.net\/portal\/wp-json\/wp\/v2\/users\/1"}],"replies":[{"embeddable":true,"href":"https:\/\/www.eldiario.net\/portal\/wp-json\/wp\/v2\/comments?post=60456"}],"version-history":[{"count":0,"href":"https:\/\/www.eldiario.net\/portal\/wp-json\/wp\/v2\/posts\/60456\/revisions"}],"wp:attachment":[{"href":"https:\/\/www.eldiario.net\/portal\/wp-json\/wp\/v2\/media?parent=60456"}],"wp:term":[{"taxonomy":"category","embeddable":true,"href":"https:\/\/www.eldiario.net\/portal\/wp-json\/wp\/v2\/categories?post=60456"},{"taxonomy":"post_tag","embeddable":true,"href":"https:\/\/www.eldiario.net\/portal\/wp-json\/wp\/v2\/tags?post=60456"}],"curies":[{"name":"wp","href":"https:\/\/api.w.org\/{rel}","templated":true}]}}