{"id":60450,"date":"2022-02-02T05:29:26","date_gmt":"2022-02-02T09:29:26","guid":{"rendered":"https:\/\/www.eldiario.net\/portal\/?p=60450"},"modified":"2022-02-02T05:29:26","modified_gmt":"2022-02-02T09:29:26","slug":"estados-unidos-pide-a-bolsonaro-no-viajar-a-moscu","status":"publish","type":"post","link":"https:\/\/www.eldiario.net\/portal\/2022\/02\/02\/estados-unidos-pide-a-bolsonaro-no-viajar-a-moscu\/","title":{"rendered":"Estados Unidos pide a Bolsonaro no viajar a Mosc\u00fa"},"content":{"rendered":"<p>R\u00edo De Janeiro.- El Gobierno de Estados Unidos inst\u00f3 al presidente de Brasil, Jair Bolsonaro, a cancelar un viaje a Rusia para visitar a su par, Vladimir Putin, debido a las crecientes tensiones por el aumento de sus tropas cerca de Ucrania, inform\u00f3 a Reuters una persona con conocimiento del asunto.<br \/>\nLa presi\u00f3n diplom\u00e1tica parece ser parte de un esfuerzo de Estados Unidos para aislar a Rusia, en medio de las preocupaciones de un posible conflicto armado en Ucrania.<br \/>\nPara Bolsonaro, el viaje previsto para este mes representa una oportunidad de fortalecer su influencia global, ya que enfrenta una batalla cuesta arriba para ganar la reelecci\u00f3n este a\u00f1o.<br \/>\nA los funcionarios estadounidenses les preocupa que el viaje a Mosc\u00fa pueda envalentonar a Putin, dijo la fuente, que no estaba autorizada a hablar p\u00fablicamente del tema.<br \/>\n\u201cNo es un buen momento para ir\u201d, indic\u00f3 la fuente, a\u00f1adiendo que los funcionarios estadounidenses hab\u00edan \u201ctratado de disuadir (a Bolsonaro) de no hacer el viaje\u201d, subrayando que podr\u00eda resultar un \u201cerror de c\u00e1lculo\u201d.<br \/>\nEl Departamento de Estado de Estados Unidos y la Casa Blanca no respondieron inmediatamente a una solicitud de comentarios, mientras que el Ministerio de Asuntos Exteriores de Brasil declin\u00f3 referirse al asunto.<br \/>\nUn diplom\u00e1tico brasile\u00f1o, que pidi\u00f3 no ser identificado, dijo que el viaje de Bolsonaro segu\u00eda en pie y que el secretario de Estado de Estados Unidos, Antony Blinken, no hab\u00eda presionado a Brasil para que lo cancelara.<br \/>\nEl lunes, Bolsonaro se\u00f1al\u00f3 que espera que la crisis con Ucrania se resuelva \u201cen armon\u00eda\u201d. En una entrevista televisiva, dijo que no esperaba sacar el asunto durante su reuni\u00f3n con Putin, ya que buscaba centrarse m\u00e1s en temas econ\u00f3micos como el agronegocio. (Reuters)<\/p>\n","protected":false},"excerpt":{"rendered":"<p>R\u00edo De Janeiro.- El Gobierno de Estados Unidos inst\u00f3 al presidente de Brasil, Jair Bolsonaro, a cancelar un viaje a Rusia para visitar a su par, Vladimir Putin, debido a las crecientes tensiones por el aumento de sus tropas cerca de Ucrania, inform\u00f3 a Reuters una persona con conocimiento del asunto. La presi\u00f3n diplom\u00e1tica parece [&hellip;]<\/p>\n","protected":false},"author":1,"featured_media":60451,"comment_status":"closed","ping_status":"closed","sticky":false,"template":"","format":"standard","meta":{"_acf_changed":false,"footnotes":""},"categories":[3],"tags":[],"class_list":["post-60450","post","type-post","status-publish","format-standard","has-post-thumbnail","category-internacional"],"acf":{"antetitulo":""},"yoast_head":"<!-- This site is optimized with the Yoast SEO plugin v28.4 - https:\/\/yoast.com\/product\/yoast-seo-wordpress\/ -->\n<title>Estados Unidos pide a Bolsonaro no viajar a Mosc\u00fa - El Diario - Bolivia<\/title>\n<meta name=\"robots\" content=\"index, follow, max-snippet:-1, max-image-preview:large, max-video-preview:-1\" \/>\n<link rel=\"canonical\" href=\"https:\/\/www.eldiario.net\/portal\/2022\/02\/02\/estados-unidos-pide-a-bolsonaro-no-viajar-a-moscu\/\" \/>\n<meta property=\"og:locale\" content=\"es_ES\" \/>\n<meta property=\"og:type\" content=\"article\" \/>\n<meta property=\"og:title\" content=\"Estados Unidos pide a Bolsonaro no viajar a Mosc\u00fa - El Diario - Bolivia\" \/>\n<meta property=\"og:description\" content=\"R\u00edo De Janeiro.- El Gobierno de Estados Unidos inst\u00f3 al presidente de Brasil, Jair Bolsonaro, a cancelar un viaje a Rusia para visitar a su par, Vladimir Putin, debido a las crecientes tensiones por el aumento de sus tropas cerca de Ucrania, inform\u00f3 a Reuters una persona con conocimiento del asunto. La presi\u00f3n diplom\u00e1tica parece [&hellip;]\" \/>\n<meta property=\"og:url\" content=\"https:\/\/www.eldiario.net\/portal\/2022\/02\/02\/estados-unidos-pide-a-bolsonaro-no-viajar-a-moscu\/\" \/>\n<meta property=\"og:site_name\" content=\"El Diario - Bolivia\" \/>\n<meta property=\"article:publisher\" content=\"https:\/\/www.facebook.com\/eldiario.bolivia\/\" \/>\n<meta property=\"article:published_time\" content=\"2022-02-02T09:29:26+00:00\" \/>\n<meta name=\"author\" content=\"Jeanette\" \/>\n<meta name=\"twitter:card\" content=\"summary_large_image\" \/>\n<meta name=\"twitter:creator\" content=\"@eldiario_net\" \/>\n<meta name=\"twitter:site\" content=\"@eldiario_net\" \/>\n<meta name=\"twitter:label1\" content=\"Escrito por\" \/>\n\t<meta name=\"twitter:data1\" content=\"Jeanette\" \/>\n\t<meta name=\"twitter:label2\" content=\"Tiempo de lectura\" \/>\n\t<meta name=\"twitter:data2\" content=\"2 minutos\" \/>\n<script type=\"application\/ld+json\" class=\"yoast-schema-graph\">{\"@context\":\"https:\\\/\\\/schema.org\",\"@graph\":[{\"@type\":\"Article\",\"@id\":\"https:\\\/\\\/www.eldiario.net\\\/portal\\\/2022\\\/02\\\/02\\\/estados-unidos-pide-a-bolsonaro-no-viajar-a-moscu\\\/#article\",\"isPartOf\":{\"@id\":\"https:\\\/\\\/www.eldiario.net\\\/portal\\\/2022\\\/02\\\/02\\\/estados-unidos-pide-a-bolsonaro-no-viajar-a-moscu\\\/\"},\"author\":{\"name\":\"Jeanette\",\"@id\":\"https:\\\/\\\/www.eldiario.net\\\/portal\\\/#\\\/schema\\\/person\\\/f46445640444750d7d753ccd04ae01b7\"},\"headline\":\"Estados Unidos pide a Bolsonaro no viajar a Mosc\u00fa\",\"datePublished\":\"2022-02-02T09:29:26+00:00\",\"mainEntityOfPage\":{\"@id\":\"https:\\\/\\\/www.eldiario.net\\\/portal\\\/2022\\\/02\\\/02\\\/estados-unidos-pide-a-bolsonaro-no-viajar-a-moscu\\\/\"},\"wordCount\":310,\"publisher\":{\"@id\":\"https:\\\/\\\/www.eldiario.net\\\/portal\\\/#organization\"},\"image\":{\"@id\":\"https:\\\/\\\/www.eldiario.net\\\/portal\\\/2022\\\/02\\\/02\\\/estados-unidos-pide-a-bolsonaro-no-viajar-a-moscu\\\/#primaryimage\"},\"thumbnailUrl\":\"\",\"articleSection\":[\"Internacional\"],\"inLanguage\":\"es\"},{\"@type\":\"WebPage\",\"@id\":\"https:\\\/\\\/www.eldiario.net\\\/portal\\\/2022\\\/02\\\/02\\\/estados-unidos-pide-a-bolsonaro-no-viajar-a-moscu\\\/\",\"url\":\"https:\\\/\\\/www.eldiario.net\\\/portal\\\/2022\\\/02\\\/02\\\/estados-unidos-pide-a-bolsonaro-no-viajar-a-moscu\\\/\",\"name\":\"Estados Unidos pide a Bolsonaro no viajar a Mosc\u00fa - El Diario - Bolivia\",\"isPartOf\":{\"@id\":\"https:\\\/\\\/www.eldiario.net\\\/portal\\\/#website\"},\"primaryImageOfPage\":{\"@id\":\"https:\\\/\\\/www.eldiario.net\\\/portal\\\/2022\\\/02\\\/02\\\/estados-unidos-pide-a-bolsonaro-no-viajar-a-moscu\\\/#primaryimage\"},\"image\":{\"@id\":\"https:\\\/\\\/www.eldiario.net\\\/portal\\\/2022\\\/02\\\/02\\\/estados-unidos-pide-a-bolsonaro-no-viajar-a-moscu\\\/#primaryimage\"},\"thumbnailUrl\":\"\",\"datePublished\":\"2022-02-02T09:29:26+00:00\",\"breadcrumb\":{\"@id\":\"https:\\\/\\\/www.eldiario.net\\\/portal\\\/2022\\\/02\\\/02\\\/estados-unidos-pide-a-bolsonaro-no-viajar-a-moscu\\\/#breadcrumb\"},\"inLanguage\":\"es\",\"potentialAction\":[{\"@type\":\"ReadAction\",\"target\":[\"https:\\\/\\\/www.eldiario.net\\\/portal\\\/2022\\\/02\\\/02\\\/estados-unidos-pide-a-bolsonaro-no-viajar-a-moscu\\\/\"]}]},{\"@type\":\"ImageObject\",\"inLanguage\":\"es\",\"@id\":\"https:\\\/\\\/www.eldiario.net\\\/portal\\\/2022\\\/02\\\/02\\\/estados-unidos-pide-a-bolsonaro-no-viajar-a-moscu\\\/#primaryimage\",\"url\":\"\",\"contentUrl\":\"\"},{\"@type\":\"BreadcrumbList\",\"@id\":\"https:\\\/\\\/www.eldiario.net\\\/portal\\\/2022\\\/02\\\/02\\\/estados-unidos-pide-a-bolsonaro-no-viajar-a-moscu\\\/#breadcrumb\",\"itemListElement\":[{\"@type\":\"ListItem\",\"position\":1,\"name\":\"Portada\",\"item\":\"https:\\\/\\\/www.eldiario.net\\\/portal\\\/\"},{\"@type\":\"ListItem\",\"position\":2,\"name\":\"Estados Unidos pide a Bolsonaro no viajar a Mosc\u00fa\"}]},{\"@type\":\"WebSite\",\"@id\":\"https:\\\/\\\/www.eldiario.net\\\/portal\\\/#website\",\"url\":\"https:\\\/\\\/www.eldiario.net\\\/portal\\\/\",\"name\":\"El Diario - Decano de la prensa nacional\",\"description\":\"El Diario - Decano de la prensa nacional\",\"publisher\":{\"@id\":\"https:\\\/\\\/www.eldiario.net\\\/portal\\\/#organization\"},\"potentialAction\":[{\"@type\":\"SearchAction\",\"target\":{\"@type\":\"EntryPoint\",\"urlTemplate\":\"https:\\\/\\\/www.eldiario.net\\\/portal\\\/?s={search_term_string}\"},\"query-input\":{\"@type\":\"PropertyValueSpecification\",\"valueRequired\":true,\"valueName\":\"search_term_string\"}}],\"inLanguage\":\"es\"},{\"@type\":\"Organization\",\"@id\":\"https:\\\/\\\/www.eldiario.net\\\/portal\\\/#organization\",\"name\":\"El Diario - Decano de la prensa nacional\",\"url\":\"https:\\\/\\\/www.eldiario.net\\\/portal\\\/\",\"logo\":{\"@type\":\"ImageObject\",\"inLanguage\":\"es\",\"@id\":\"https:\\\/\\\/www.eldiario.net\\\/portal\\\/#\\\/schema\\\/logo\\\/image\\\/\",\"url\":\"https:\\\/\\\/www.eldiario.net\\\/portal\\\/wp-content\\\/uploads\\\/2023\\\/07\\\/logo_ED.jpg\",\"contentUrl\":\"https:\\\/\\\/www.eldiario.net\\\/portal\\\/wp-content\\\/uploads\\\/2023\\\/07\\\/logo_ED.jpg\",\"width\":272,\"height\":52,\"caption\":\"El Diario - Decano de la prensa nacional\"},\"image\":{\"@id\":\"https:\\\/\\\/www.eldiario.net\\\/portal\\\/#\\\/schema\\\/logo\\\/image\\\/\"},\"sameAs\":[\"https:\\\/\\\/www.facebook.com\\\/eldiario.bolivia\\\/\",\"https:\\\/\\\/x.com\\\/eldiario_net\"]},{\"@type\":\"Person\",\"@id\":\"https:\\\/\\\/www.eldiario.net\\\/portal\\\/#\\\/schema\\\/person\\\/f46445640444750d7d753ccd04ae01b7\",\"name\":\"Jeanette\",\"image\":{\"@type\":\"ImageObject\",\"inLanguage\":\"es\",\"@id\":\"https:\\\/\\\/secure.gravatar.com\\\/avatar\\\/3ea2118a5f7dad2b7138b1187a6b7ee55f160b9968b66013c3a3ef39dd7e5798?s=96&d=mm&r=g\",\"url\":\"https:\\\/\\\/secure.gravatar.com\\\/avatar\\\/3ea2118a5f7dad2b7138b1187a6b7ee55f160b9968b66013c3a3ef39dd7e5798?s=96&d=mm&r=g\",\"contentUrl\":\"https:\\\/\\\/secure.gravatar.com\\\/avatar\\\/3ea2118a5f7dad2b7138b1187a6b7ee55f160b9968b66013c3a3ef39dd7e5798?s=96&d=mm&r=g\",\"caption\":\"Jeanette\"},\"sameAs\":[\"https:\\\/\\\/www.eldiario.net\\\/portal\"],\"url\":\"https:\\\/\\\/www.eldiario.net\\\/portal\\\/author\\\/jeanette\\\/\"}]}<\/script>\n<!-- \/ Yoast SEO plugin. -->","yoast_head_json":{"title":"Estados Unidos pide a Bolsonaro no viajar a Mosc\u00fa - El Diario - Bolivia","robots":{"index":"index","follow":"follow","max-snippet":"max-snippet:-1","max-image-preview":"max-image-preview:large","max-video-preview":"max-video-preview:-1"},"canonical":"https:\/\/www.eldiario.net\/portal\/2022\/02\/02\/estados-unidos-pide-a-bolsonaro-no-viajar-a-moscu\/","og_locale":"es_ES","og_type":"article","og_title":"Estados Unidos pide a Bolsonaro no viajar a Mosc\u00fa - El Diario - Bolivia","og_description":"R\u00edo De Janeiro.- El Gobierno de Estados Unidos inst\u00f3 al presidente de Brasil, Jair Bolsonaro, a cancelar un viaje a Rusia para visitar a su par, Vladimir Putin, debido a las crecientes tensiones por el aumento de sus tropas cerca de Ucrania, inform\u00f3 a Reuters una persona con conocimiento del asunto. La presi\u00f3n diplom\u00e1tica parece [&hellip;]","og_url":"https:\/\/www.eldiario.net\/portal\/2022\/02\/02\/estados-unidos-pide-a-bolsonaro-no-viajar-a-moscu\/","og_site_name":"El Diario - Bolivia","article_publisher":"https:\/\/www.facebook.com\/eldiario.bolivia\/","article_published_time":"2022-02-02T09:29:26+00:00","author":"Jeanette","twitter_card":"summary_large_image","twitter_creator":"@eldiario_net","twitter_site":"@eldiario_net","twitter_misc":{"Escrito por":"Jeanette","Tiempo de lectura":"2 minutos"},"schema":{"@context":"https:\/\/schema.org","@graph":[{"@type":"Article","@id":"https:\/\/www.eldiario.net\/portal\/2022\/02\/02\/estados-unidos-pide-a-bolsonaro-no-viajar-a-moscu\/#article","isPartOf":{"@id":"https:\/\/www.eldiario.net\/portal\/2022\/02\/02\/estados-unidos-pide-a-bolsonaro-no-viajar-a-moscu\/"},"author":{"name":"Jeanette","@id":"https:\/\/www.eldiario.net\/portal\/#\/schema\/person\/f46445640444750d7d753ccd04ae01b7"},"headline":"Estados Unidos pide a Bolsonaro no viajar a Mosc\u00fa","datePublished":"2022-02-02T09:29:26+00:00","mainEntityOfPage":{"@id":"https:\/\/www.eldiario.net\/portal\/2022\/02\/02\/estados-unidos-pide-a-bolsonaro-no-viajar-a-moscu\/"},"wordCount":310,"publisher":{"@id":"https:\/\/www.eldiario.net\/portal\/#organization"},"image":{"@id":"https:\/\/www.eldiario.net\/portal\/2022\/02\/02\/estados-unidos-pide-a-bolsonaro-no-viajar-a-moscu\/#primaryimage"},"thumbnailUrl":"","articleSection":["Internacional"],"inLanguage":"es"},{"@type":"WebPage","@id":"https:\/\/www.eldiario.net\/portal\/2022\/02\/02\/estados-unidos-pide-a-bolsonaro-no-viajar-a-moscu\/","url":"https:\/\/www.eldiario.net\/portal\/2022\/02\/02\/estados-unidos-pide-a-bolsonaro-no-viajar-a-moscu\/","name":"Estados Unidos pide a Bolsonaro no viajar a Mosc\u00fa - El Diario - Bolivia","isPartOf":{"@id":"https:\/\/www.eldiario.net\/portal\/#website"},"primaryImageOfPage":{"@id":"https:\/\/www.eldiario.net\/portal\/2022\/02\/02\/estados-unidos-pide-a-bolsonaro-no-viajar-a-moscu\/#primaryimage"},"image":{"@id":"https:\/\/www.eldiario.net\/portal\/2022\/02\/02\/estados-unidos-pide-a-bolsonaro-no-viajar-a-moscu\/#primaryimage"},"thumbnailUrl":"","datePublished":"2022-02-02T09:29:26+00:00","breadcrumb":{"@id":"https:\/\/www.eldiario.net\/portal\/2022\/02\/02\/estados-unidos-pide-a-bolsonaro-no-viajar-a-moscu\/#breadcrumb"},"inLanguage":"es","potentialAction":[{"@type":"ReadAction","target":["https:\/\/www.eldiario.net\/portal\/2022\/02\/02\/estados-unidos-pide-a-bolsonaro-no-viajar-a-moscu\/"]}]},{"@type":"ImageObject","inLanguage":"es","@id":"https:\/\/www.eldiario.net\/portal\/2022\/02\/02\/estados-unidos-pide-a-bolsonaro-no-viajar-a-moscu\/#primaryimage","url":"","contentUrl":""},{"@type":"BreadcrumbList","@id":"https:\/\/www.eldiario.net\/portal\/2022\/02\/02\/estados-unidos-pide-a-bolsonaro-no-viajar-a-moscu\/#breadcrumb","itemListElement":[{"@type":"ListItem","position":1,"name":"Portada","item":"https:\/\/www.eldiario.net\/portal\/"},{"@type":"ListItem","position":2,"name":"Estados Unidos pide a Bolsonaro no viajar a Mosc\u00fa"}]},{"@type":"WebSite","@id":"https:\/\/www.eldiario.net\/portal\/#website","url":"https:\/\/www.eldiario.net\/portal\/","name":"El Diario - Decano de la prensa nacional","description":"El Diario - Decano de la prensa nacional","publisher":{"@id":"https:\/\/www.eldiario.net\/portal\/#organization"},"potentialAction":[{"@type":"SearchAction","target":{"@type":"EntryPoint","urlTemplate":"https:\/\/www.eldiario.net\/portal\/?s={search_term_string}"},"query-input":{"@type":"PropertyValueSpecification","valueRequired":true,"valueName":"search_term_string"}}],"inLanguage":"es"},{"@type":"Organization","@id":"https:\/\/www.eldiario.net\/portal\/#organization","name":"El Diario - Decano de la prensa nacional","url":"https:\/\/www.eldiario.net\/portal\/","logo":{"@type":"ImageObject","inLanguage":"es","@id":"https:\/\/www.eldiario.net\/portal\/#\/schema\/logo\/image\/","url":"https:\/\/www.eldiario.net\/portal\/wp-content\/uploads\/2023\/07\/logo_ED.jpg","contentUrl":"https:\/\/www.eldiario.net\/portal\/wp-content\/uploads\/2023\/07\/logo_ED.jpg","width":272,"height":52,"caption":"El Diario - Decano de la prensa nacional"},"image":{"@id":"https:\/\/www.eldiario.net\/portal\/#\/schema\/logo\/image\/"},"sameAs":["https:\/\/www.facebook.com\/eldiario.bolivia\/","https:\/\/x.com\/eldiario_net"]},{"@type":"Person","@id":"https:\/\/www.eldiario.net\/portal\/#\/schema\/person\/f46445640444750d7d753ccd04ae01b7","name":"Jeanette","image":{"@type":"ImageObject","inLanguage":"es","@id":"https:\/\/secure.gravatar.com\/avatar\/3ea2118a5f7dad2b7138b1187a6b7ee55f160b9968b66013c3a3ef39dd7e5798?s=96&d=mm&r=g","url":"https:\/\/secure.gravatar.com\/avatar\/3ea2118a5f7dad2b7138b1187a6b7ee55f160b9968b66013c3a3ef39dd7e5798?s=96&d=mm&r=g","contentUrl":"https:\/\/secure.gravatar.com\/avatar\/3ea2118a5f7dad2b7138b1187a6b7ee55f160b9968b66013c3a3ef39dd7e5798?s=96&d=mm&r=g","caption":"Jeanette"},"sameAs":["https:\/\/www.eldiario.net\/portal"],"url":"https:\/\/www.eldiario.net\/portal\/author\/jeanette\/"}]}},"_links":{"self":[{"href":"https:\/\/www.eldiario.net\/portal\/wp-json\/wp\/v2\/posts\/60450","targetHints":{"allow":["GET"]}}],"collection":[{"href":"https:\/\/www.eldiario.net\/portal\/wp-json\/wp\/v2\/posts"}],"about":[{"href":"https:\/\/www.eldiario.net\/portal\/wp-json\/wp\/v2\/types\/post"}],"author":[{"embeddable":true,"href":"https:\/\/www.eldiario.net\/portal\/wp-json\/wp\/v2\/users\/1"}],"replies":[{"embeddable":true,"href":"https:\/\/www.eldiario.net\/portal\/wp-json\/wp\/v2\/comments?post=60450"}],"version-history":[{"count":0,"href":"https:\/\/www.eldiario.net\/portal\/wp-json\/wp\/v2\/posts\/60450\/revisions"}],"wp:attachment":[{"href":"https:\/\/www.eldiario.net\/portal\/wp-json\/wp\/v2\/media?parent=60450"}],"wp:term":[{"taxonomy":"category","embeddable":true,"href":"https:\/\/www.eldiario.net\/portal\/wp-json\/wp\/v2\/categories?post=60450"},{"taxonomy":"post_tag","embeddable":true,"href":"https:\/\/www.eldiario.net\/portal\/wp-json\/wp\/v2\/tags?post=60450"}],"curies":[{"name":"wp","href":"https:\/\/api.w.org\/{rel}","templated":true}]}}