{"id":60445,"date":"2022-02-02T05:27:57","date_gmt":"2022-02-02T09:27:57","guid":{"rendered":"https:\/\/www.eldiario.net\/portal\/?p=60445"},"modified":"2022-02-02T05:27:57","modified_gmt":"2022-02-02T09:27:57","slug":"al-menos-22-muertos-por-avalancha-de-lodo-en-quito","status":"publish","type":"post","link":"https:\/\/www.eldiario.net\/portal\/2022\/02\/02\/al-menos-22-muertos-por-avalancha-de-lodo-en-quito\/","title":{"rendered":"Al menos 22 muertos por  avalancha de lodo en Quito"},"content":{"rendered":"<p>Quito.- Al menos 22 personas han muerto y 20 permanecen desaparecidas por una avalancha de lodo ocurrida ayer en el barrio de La Gasca, en el norte de Quito, tras unas fuertes tormentas que azotaron la capital de Ecuador, seg\u00fan un nuevo balance de v\u00edctimas divulgado por las autoridades locales.<br \/>\nLos servicios de emergencia segu\u00edan trabajando ayer para tratar de localizar a posibles v\u00edctimas de un temporal que tambi\u00e9n ha dejado m\u00e1s de 40 heridos, seis de ellos en estado cr\u00edtico, seg\u00fan el Servicio Nacional de Gesti\u00f3n de Riesgos y Emergencias de Ecuador (SNGRE).<br \/>\nLos servicios de emergencia han comenzado igualmente a analizar la situaci\u00f3n de las viviendas de la zona para verificar posibles da\u00f1os.<br \/>\nEuropa Press reflej\u00f3 el pronunciamiento del presidente de Ecuador, Guillermo Lasso, quien prometi\u00f3 un \u00abseguimiento constante\u00bb de la emergencia y la colaboraci\u00f3n entre instituciones.<br \/>\n\u00abSeguimos trabajando en las labores de b\u00fasqueda y rescate, acciones de contenci\u00f3n, atenci\u00f3n psicol\u00f3gica y traslado de heridos a casas de salud\u00bb, public\u00f3 este martes en su cuenta de Twitter.<br \/>\nPor otro lado, la Secretar\u00eda de Salud de Quito ha se\u00f1alado en un comunicado que \u00abbrindar\u00e1 apoyo a las familias de la zona de manera integral\u00bb con el objetivo de \u00abgarantizar su bienestar f\u00edsico y mental\u00bb.<br \/>\nDesde el aire, el panorama en el sector de Las Casas y La Gasca, en el centro norte de Quito, tambi\u00e9n es desolador.<br \/>\nLuego de la avalancha, la superficie est\u00e1 dividida en tres, como por una especie de grader\u00edos formados por la misma tierra que se ha secado con el transcurso de las horas. Arriba, solo se ven restos de las estructuras colapsadas, autos destruidos y maquinaria municipal que hace tareas de limpieza.<br \/>\nEn un sobrevuelo realizado por la zona, se pudo ver que la quebrada El Tejado, se encuentra despejada y el agua sigue su cauce normal. Seg\u00fan el coronel de Fuerzas Armadas, V\u00edctor Rocha, no existe riesgo de que pudiera darse otro colapso en esa zona, report\u00f3 El Comercio.<br \/>\nA lo largo de la avenida La Gasca se puede ver c\u00f3mo las personas utilizan palas y palos para limpiar el lodo que a\u00fan queda en las calles. En el sector de La Comuna, denominada como la \u201czona cero\u201d se ve c\u00f3mo maquinaria pesada realiza tareas de limpieza y remoci\u00f3n de escombros.<br \/>\nDesde la avenida Mariscal Sucre, hacia arriba se observa c\u00f3mo camiones de la Empresa El\u00e9ctrica Quito, del Municipio y de la Prefectura de Pichincha realizan limpieza en donde se encontraba el embalse de la quebrada que colaps\u00f3 por las intensas lluvias.<br \/>\nDesde el helic\u00f3ptero, esa zona se ve apenas como una monta\u00f1a de tierra y escombros sobre la que se ubican algunas volquetas, camiones y personal del Cuerpo de Bomberos y rescatistas. Todos trabajan a contrar reloj para localizar a las personas que a\u00fan se encuentran desaparecidas.<br \/>\nA un costado se puede ver c\u00f3mo los moradores del sector intentan tambi\u00e9n quitar los residuos de lodo que a\u00fan quedan del aluvi\u00f3n.<br \/>\nAdem\u00e1s, a lo largo de los casi dos kil\u00f3metros de la avenida La Gasca, el panorama es similar.<br \/>\nSeg\u00fan El Comercio, hay lodo en toda la calle, los locales se encuentran cerrados y \u00fanicamente se ven personas y miembros de la fuerza p\u00fablica que realizan trabajos de reparaci\u00f3n. En el aire hay algunos drones volando, para dimensionar los da\u00f1os en la zona.<br \/>\nLas calles alrededor lucen vac\u00edas. Apenas unos pocos veh\u00edculos circulan por el redondel del parque Italia y en las v\u00edas aleda\u00f1as a la zona del desastre. Desde arriba tambi\u00e9n se ven veh\u00edculos colapsados en las v\u00edas, llenos de lodo y algunos completamente destruidos. (Agencias)<\/p>\n","protected":false},"excerpt":{"rendered":"<p>Quito.- Al menos 22 personas han muerto y 20 permanecen desaparecidas por una avalancha de lodo ocurrida ayer en el barrio de La Gasca, en el norte de Quito, tras unas fuertes tormentas que azotaron la capital de Ecuador, seg\u00fan un nuevo balance de v\u00edctimas divulgado por las autoridades locales. Los servicios de emergencia segu\u00edan [&hellip;]<\/p>\n","protected":false},"author":1,"featured_media":60446,"comment_status":"closed","ping_status":"closed","sticky":false,"template":"","format":"standard","meta":{"_acf_changed":false,"footnotes":""},"categories":[3],"tags":[],"class_list":["post-60445","post","type-post","status-publish","format-standard","has-post-thumbnail","category-internacional"],"acf":{"antetitulo":""},"yoast_head":"<!-- This site is optimized with the Yoast SEO plugin v28.4 - https:\/\/yoast.com\/product\/yoast-seo-wordpress\/ -->\n<title>Al menos 22 muertos por avalancha de lodo en Quito - El Diario - Bolivia<\/title>\n<meta name=\"robots\" content=\"index, follow, max-snippet:-1, max-image-preview:large, max-video-preview:-1\" \/>\n<link rel=\"canonical\" href=\"https:\/\/www.eldiario.net\/portal\/2022\/02\/02\/al-menos-22-muertos-por-avalancha-de-lodo-en-quito\/\" \/>\n<meta property=\"og:locale\" content=\"es_ES\" \/>\n<meta property=\"og:type\" content=\"article\" \/>\n<meta property=\"og:title\" content=\"Al menos 22 muertos por avalancha de lodo en Quito - El Diario - Bolivia\" \/>\n<meta property=\"og:description\" content=\"Quito.- Al menos 22 personas han muerto y 20 permanecen desaparecidas por una avalancha de lodo ocurrida ayer en el barrio de La Gasca, en el norte de Quito, tras unas fuertes tormentas que azotaron la capital de Ecuador, seg\u00fan un nuevo balance de v\u00edctimas divulgado por las autoridades locales. Los servicios de emergencia segu\u00edan [&hellip;]\" \/>\n<meta property=\"og:url\" content=\"https:\/\/www.eldiario.net\/portal\/2022\/02\/02\/al-menos-22-muertos-por-avalancha-de-lodo-en-quito\/\" \/>\n<meta property=\"og:site_name\" content=\"El Diario - Bolivia\" \/>\n<meta property=\"article:publisher\" content=\"https:\/\/www.facebook.com\/eldiario.bolivia\/\" \/>\n<meta property=\"article:published_time\" content=\"2022-02-02T09:27:57+00:00\" \/>\n<meta name=\"author\" content=\"Jeanette\" \/>\n<meta name=\"twitter:card\" content=\"summary_large_image\" \/>\n<meta name=\"twitter:creator\" content=\"@eldiario_net\" \/>\n<meta name=\"twitter:site\" content=\"@eldiario_net\" \/>\n<meta name=\"twitter:label1\" content=\"Escrito por\" \/>\n\t<meta name=\"twitter:data1\" content=\"Jeanette\" \/>\n\t<meta name=\"twitter:label2\" content=\"Tiempo de lectura\" \/>\n\t<meta name=\"twitter:data2\" content=\"3 minutos\" \/>\n<script type=\"application\/ld+json\" class=\"yoast-schema-graph\">{\"@context\":\"https:\\\/\\\/schema.org\",\"@graph\":[{\"@type\":\"Article\",\"@id\":\"https:\\\/\\\/www.eldiario.net\\\/portal\\\/2022\\\/02\\\/02\\\/al-menos-22-muertos-por-avalancha-de-lodo-en-quito\\\/#article\",\"isPartOf\":{\"@id\":\"https:\\\/\\\/www.eldiario.net\\\/portal\\\/2022\\\/02\\\/02\\\/al-menos-22-muertos-por-avalancha-de-lodo-en-quito\\\/\"},\"author\":{\"name\":\"Jeanette\",\"@id\":\"https:\\\/\\\/www.eldiario.net\\\/portal\\\/#\\\/schema\\\/person\\\/f46445640444750d7d753ccd04ae01b7\"},\"headline\":\"Al menos 22 muertos por avalancha de lodo en Quito\",\"datePublished\":\"2022-02-02T09:27:57+00:00\",\"mainEntityOfPage\":{\"@id\":\"https:\\\/\\\/www.eldiario.net\\\/portal\\\/2022\\\/02\\\/02\\\/al-menos-22-muertos-por-avalancha-de-lodo-en-quito\\\/\"},\"wordCount\":650,\"publisher\":{\"@id\":\"https:\\\/\\\/www.eldiario.net\\\/portal\\\/#organization\"},\"image\":{\"@id\":\"https:\\\/\\\/www.eldiario.net\\\/portal\\\/2022\\\/02\\\/02\\\/al-menos-22-muertos-por-avalancha-de-lodo-en-quito\\\/#primaryimage\"},\"thumbnailUrl\":\"\",\"articleSection\":[\"Internacional\"],\"inLanguage\":\"es\"},{\"@type\":\"WebPage\",\"@id\":\"https:\\\/\\\/www.eldiario.net\\\/portal\\\/2022\\\/02\\\/02\\\/al-menos-22-muertos-por-avalancha-de-lodo-en-quito\\\/\",\"url\":\"https:\\\/\\\/www.eldiario.net\\\/portal\\\/2022\\\/02\\\/02\\\/al-menos-22-muertos-por-avalancha-de-lodo-en-quito\\\/\",\"name\":\"Al menos 22 muertos por avalancha de lodo en Quito - El Diario - Bolivia\",\"isPartOf\":{\"@id\":\"https:\\\/\\\/www.eldiario.net\\\/portal\\\/#website\"},\"primaryImageOfPage\":{\"@id\":\"https:\\\/\\\/www.eldiario.net\\\/portal\\\/2022\\\/02\\\/02\\\/al-menos-22-muertos-por-avalancha-de-lodo-en-quito\\\/#primaryimage\"},\"image\":{\"@id\":\"https:\\\/\\\/www.eldiario.net\\\/portal\\\/2022\\\/02\\\/02\\\/al-menos-22-muertos-por-avalancha-de-lodo-en-quito\\\/#primaryimage\"},\"thumbnailUrl\":\"\",\"datePublished\":\"2022-02-02T09:27:57+00:00\",\"breadcrumb\":{\"@id\":\"https:\\\/\\\/www.eldiario.net\\\/portal\\\/2022\\\/02\\\/02\\\/al-menos-22-muertos-por-avalancha-de-lodo-en-quito\\\/#breadcrumb\"},\"inLanguage\":\"es\",\"potentialAction\":[{\"@type\":\"ReadAction\",\"target\":[\"https:\\\/\\\/www.eldiario.net\\\/portal\\\/2022\\\/02\\\/02\\\/al-menos-22-muertos-por-avalancha-de-lodo-en-quito\\\/\"]}]},{\"@type\":\"ImageObject\",\"inLanguage\":\"es\",\"@id\":\"https:\\\/\\\/www.eldiario.net\\\/portal\\\/2022\\\/02\\\/02\\\/al-menos-22-muertos-por-avalancha-de-lodo-en-quito\\\/#primaryimage\",\"url\":\"\",\"contentUrl\":\"\"},{\"@type\":\"BreadcrumbList\",\"@id\":\"https:\\\/\\\/www.eldiario.net\\\/portal\\\/2022\\\/02\\\/02\\\/al-menos-22-muertos-por-avalancha-de-lodo-en-quito\\\/#breadcrumb\",\"itemListElement\":[{\"@type\":\"ListItem\",\"position\":1,\"name\":\"Portada\",\"item\":\"https:\\\/\\\/www.eldiario.net\\\/portal\\\/\"},{\"@type\":\"ListItem\",\"position\":2,\"name\":\"Al menos 22 muertos por avalancha de lodo en Quito\"}]},{\"@type\":\"WebSite\",\"@id\":\"https:\\\/\\\/www.eldiario.net\\\/portal\\\/#website\",\"url\":\"https:\\\/\\\/www.eldiario.net\\\/portal\\\/\",\"name\":\"El Diario - Decano de la prensa nacional\",\"description\":\"El Diario - Decano de la prensa nacional\",\"publisher\":{\"@id\":\"https:\\\/\\\/www.eldiario.net\\\/portal\\\/#organization\"},\"potentialAction\":[{\"@type\":\"SearchAction\",\"target\":{\"@type\":\"EntryPoint\",\"urlTemplate\":\"https:\\\/\\\/www.eldiario.net\\\/portal\\\/?s={search_term_string}\"},\"query-input\":{\"@type\":\"PropertyValueSpecification\",\"valueRequired\":true,\"valueName\":\"search_term_string\"}}],\"inLanguage\":\"es\"},{\"@type\":\"Organization\",\"@id\":\"https:\\\/\\\/www.eldiario.net\\\/portal\\\/#organization\",\"name\":\"El Diario - Decano de la prensa nacional\",\"url\":\"https:\\\/\\\/www.eldiario.net\\\/portal\\\/\",\"logo\":{\"@type\":\"ImageObject\",\"inLanguage\":\"es\",\"@id\":\"https:\\\/\\\/www.eldiario.net\\\/portal\\\/#\\\/schema\\\/logo\\\/image\\\/\",\"url\":\"https:\\\/\\\/www.eldiario.net\\\/portal\\\/wp-content\\\/uploads\\\/2023\\\/07\\\/logo_ED.jpg\",\"contentUrl\":\"https:\\\/\\\/www.eldiario.net\\\/portal\\\/wp-content\\\/uploads\\\/2023\\\/07\\\/logo_ED.jpg\",\"width\":272,\"height\":52,\"caption\":\"El Diario - Decano de la prensa nacional\"},\"image\":{\"@id\":\"https:\\\/\\\/www.eldiario.net\\\/portal\\\/#\\\/schema\\\/logo\\\/image\\\/\"},\"sameAs\":[\"https:\\\/\\\/www.facebook.com\\\/eldiario.bolivia\\\/\",\"https:\\\/\\\/x.com\\\/eldiario_net\"]},{\"@type\":\"Person\",\"@id\":\"https:\\\/\\\/www.eldiario.net\\\/portal\\\/#\\\/schema\\\/person\\\/f46445640444750d7d753ccd04ae01b7\",\"name\":\"Jeanette\",\"image\":{\"@type\":\"ImageObject\",\"inLanguage\":\"es\",\"@id\":\"https:\\\/\\\/secure.gravatar.com\\\/avatar\\\/3ea2118a5f7dad2b7138b1187a6b7ee55f160b9968b66013c3a3ef39dd7e5798?s=96&d=mm&r=g\",\"url\":\"https:\\\/\\\/secure.gravatar.com\\\/avatar\\\/3ea2118a5f7dad2b7138b1187a6b7ee55f160b9968b66013c3a3ef39dd7e5798?s=96&d=mm&r=g\",\"contentUrl\":\"https:\\\/\\\/secure.gravatar.com\\\/avatar\\\/3ea2118a5f7dad2b7138b1187a6b7ee55f160b9968b66013c3a3ef39dd7e5798?s=96&d=mm&r=g\",\"caption\":\"Jeanette\"},\"sameAs\":[\"https:\\\/\\\/www.eldiario.net\\\/portal\"],\"url\":\"https:\\\/\\\/www.eldiario.net\\\/portal\\\/author\\\/jeanette\\\/\"}]}<\/script>\n<!-- \/ Yoast SEO plugin. -->","yoast_head_json":{"title":"Al menos 22 muertos por avalancha de lodo en Quito - El Diario - Bolivia","robots":{"index":"index","follow":"follow","max-snippet":"max-snippet:-1","max-image-preview":"max-image-preview:large","max-video-preview":"max-video-preview:-1"},"canonical":"https:\/\/www.eldiario.net\/portal\/2022\/02\/02\/al-menos-22-muertos-por-avalancha-de-lodo-en-quito\/","og_locale":"es_ES","og_type":"article","og_title":"Al menos 22 muertos por avalancha de lodo en Quito - El Diario - Bolivia","og_description":"Quito.- Al menos 22 personas han muerto y 20 permanecen desaparecidas por una avalancha de lodo ocurrida ayer en el barrio de La Gasca, en el norte de Quito, tras unas fuertes tormentas que azotaron la capital de Ecuador, seg\u00fan un nuevo balance de v\u00edctimas divulgado por las autoridades locales. Los servicios de emergencia segu\u00edan [&hellip;]","og_url":"https:\/\/www.eldiario.net\/portal\/2022\/02\/02\/al-menos-22-muertos-por-avalancha-de-lodo-en-quito\/","og_site_name":"El Diario - Bolivia","article_publisher":"https:\/\/www.facebook.com\/eldiario.bolivia\/","article_published_time":"2022-02-02T09:27:57+00:00","author":"Jeanette","twitter_card":"summary_large_image","twitter_creator":"@eldiario_net","twitter_site":"@eldiario_net","twitter_misc":{"Escrito por":"Jeanette","Tiempo de lectura":"3 minutos"},"schema":{"@context":"https:\/\/schema.org","@graph":[{"@type":"Article","@id":"https:\/\/www.eldiario.net\/portal\/2022\/02\/02\/al-menos-22-muertos-por-avalancha-de-lodo-en-quito\/#article","isPartOf":{"@id":"https:\/\/www.eldiario.net\/portal\/2022\/02\/02\/al-menos-22-muertos-por-avalancha-de-lodo-en-quito\/"},"author":{"name":"Jeanette","@id":"https:\/\/www.eldiario.net\/portal\/#\/schema\/person\/f46445640444750d7d753ccd04ae01b7"},"headline":"Al menos 22 muertos por avalancha de lodo en Quito","datePublished":"2022-02-02T09:27:57+00:00","mainEntityOfPage":{"@id":"https:\/\/www.eldiario.net\/portal\/2022\/02\/02\/al-menos-22-muertos-por-avalancha-de-lodo-en-quito\/"},"wordCount":650,"publisher":{"@id":"https:\/\/www.eldiario.net\/portal\/#organization"},"image":{"@id":"https:\/\/www.eldiario.net\/portal\/2022\/02\/02\/al-menos-22-muertos-por-avalancha-de-lodo-en-quito\/#primaryimage"},"thumbnailUrl":"","articleSection":["Internacional"],"inLanguage":"es"},{"@type":"WebPage","@id":"https:\/\/www.eldiario.net\/portal\/2022\/02\/02\/al-menos-22-muertos-por-avalancha-de-lodo-en-quito\/","url":"https:\/\/www.eldiario.net\/portal\/2022\/02\/02\/al-menos-22-muertos-por-avalancha-de-lodo-en-quito\/","name":"Al menos 22 muertos por avalancha de lodo en Quito - El Diario - Bolivia","isPartOf":{"@id":"https:\/\/www.eldiario.net\/portal\/#website"},"primaryImageOfPage":{"@id":"https:\/\/www.eldiario.net\/portal\/2022\/02\/02\/al-menos-22-muertos-por-avalancha-de-lodo-en-quito\/#primaryimage"},"image":{"@id":"https:\/\/www.eldiario.net\/portal\/2022\/02\/02\/al-menos-22-muertos-por-avalancha-de-lodo-en-quito\/#primaryimage"},"thumbnailUrl":"","datePublished":"2022-02-02T09:27:57+00:00","breadcrumb":{"@id":"https:\/\/www.eldiario.net\/portal\/2022\/02\/02\/al-menos-22-muertos-por-avalancha-de-lodo-en-quito\/#breadcrumb"},"inLanguage":"es","potentialAction":[{"@type":"ReadAction","target":["https:\/\/www.eldiario.net\/portal\/2022\/02\/02\/al-menos-22-muertos-por-avalancha-de-lodo-en-quito\/"]}]},{"@type":"ImageObject","inLanguage":"es","@id":"https:\/\/www.eldiario.net\/portal\/2022\/02\/02\/al-menos-22-muertos-por-avalancha-de-lodo-en-quito\/#primaryimage","url":"","contentUrl":""},{"@type":"BreadcrumbList","@id":"https:\/\/www.eldiario.net\/portal\/2022\/02\/02\/al-menos-22-muertos-por-avalancha-de-lodo-en-quito\/#breadcrumb","itemListElement":[{"@type":"ListItem","position":1,"name":"Portada","item":"https:\/\/www.eldiario.net\/portal\/"},{"@type":"ListItem","position":2,"name":"Al menos 22 muertos por avalancha de lodo en Quito"}]},{"@type":"WebSite","@id":"https:\/\/www.eldiario.net\/portal\/#website","url":"https:\/\/www.eldiario.net\/portal\/","name":"El Diario - Decano de la prensa nacional","description":"El Diario - Decano de la prensa nacional","publisher":{"@id":"https:\/\/www.eldiario.net\/portal\/#organization"},"potentialAction":[{"@type":"SearchAction","target":{"@type":"EntryPoint","urlTemplate":"https:\/\/www.eldiario.net\/portal\/?s={search_term_string}"},"query-input":{"@type":"PropertyValueSpecification","valueRequired":true,"valueName":"search_term_string"}}],"inLanguage":"es"},{"@type":"Organization","@id":"https:\/\/www.eldiario.net\/portal\/#organization","name":"El Diario - Decano de la prensa nacional","url":"https:\/\/www.eldiario.net\/portal\/","logo":{"@type":"ImageObject","inLanguage":"es","@id":"https:\/\/www.eldiario.net\/portal\/#\/schema\/logo\/image\/","url":"https:\/\/www.eldiario.net\/portal\/wp-content\/uploads\/2023\/07\/logo_ED.jpg","contentUrl":"https:\/\/www.eldiario.net\/portal\/wp-content\/uploads\/2023\/07\/logo_ED.jpg","width":272,"height":52,"caption":"El Diario - Decano de la prensa nacional"},"image":{"@id":"https:\/\/www.eldiario.net\/portal\/#\/schema\/logo\/image\/"},"sameAs":["https:\/\/www.facebook.com\/eldiario.bolivia\/","https:\/\/x.com\/eldiario_net"]},{"@type":"Person","@id":"https:\/\/www.eldiario.net\/portal\/#\/schema\/person\/f46445640444750d7d753ccd04ae01b7","name":"Jeanette","image":{"@type":"ImageObject","inLanguage":"es","@id":"https:\/\/secure.gravatar.com\/avatar\/3ea2118a5f7dad2b7138b1187a6b7ee55f160b9968b66013c3a3ef39dd7e5798?s=96&d=mm&r=g","url":"https:\/\/secure.gravatar.com\/avatar\/3ea2118a5f7dad2b7138b1187a6b7ee55f160b9968b66013c3a3ef39dd7e5798?s=96&d=mm&r=g","contentUrl":"https:\/\/secure.gravatar.com\/avatar\/3ea2118a5f7dad2b7138b1187a6b7ee55f160b9968b66013c3a3ef39dd7e5798?s=96&d=mm&r=g","caption":"Jeanette"},"sameAs":["https:\/\/www.eldiario.net\/portal"],"url":"https:\/\/www.eldiario.net\/portal\/author\/jeanette\/"}]}},"_links":{"self":[{"href":"https:\/\/www.eldiario.net\/portal\/wp-json\/wp\/v2\/posts\/60445","targetHints":{"allow":["GET"]}}],"collection":[{"href":"https:\/\/www.eldiario.net\/portal\/wp-json\/wp\/v2\/posts"}],"about":[{"href":"https:\/\/www.eldiario.net\/portal\/wp-json\/wp\/v2\/types\/post"}],"author":[{"embeddable":true,"href":"https:\/\/www.eldiario.net\/portal\/wp-json\/wp\/v2\/users\/1"}],"replies":[{"embeddable":true,"href":"https:\/\/www.eldiario.net\/portal\/wp-json\/wp\/v2\/comments?post=60445"}],"version-history":[{"count":0,"href":"https:\/\/www.eldiario.net\/portal\/wp-json\/wp\/v2\/posts\/60445\/revisions"}],"wp:attachment":[{"href":"https:\/\/www.eldiario.net\/portal\/wp-json\/wp\/v2\/media?parent=60445"}],"wp:term":[{"taxonomy":"category","embeddable":true,"href":"https:\/\/www.eldiario.net\/portal\/wp-json\/wp\/v2\/categories?post=60445"},{"taxonomy":"post_tag","embeddable":true,"href":"https:\/\/www.eldiario.net\/portal\/wp-json\/wp\/v2\/tags?post=60445"}],"curies":[{"name":"wp","href":"https:\/\/api.w.org\/{rel}","templated":true}]}}