{"id":60441,"date":"2022-02-02T05:26:59","date_gmt":"2022-02-02T09:26:59","guid":{"rendered":"https:\/\/www.eldiario.net\/portal\/?p=60441"},"modified":"2022-02-02T05:26:59","modified_gmt":"2022-02-02T09:26:59","slug":"munckel-alfaro","status":"publish","type":"post","link":"https:\/\/www.eldiario.net\/portal\/2022\/02\/02\/munckel-alfaro\/","title":{"rendered":"Munckel Alfaro"},"content":{"rendered":"<p>El invitado de lujo hoy en Cvltvral es un escritor enamorado de las letras hace un tiempo importante, confiesa que su decisi\u00f3n de tomar este camino literario ha sido pr\u00e1cticamente inevitable. En su haber cuenta con algunas publicaciones de donde destacan mucho sus cuentos en los que suele adentrarse en temas del alma y la nostalgia. En esta exclusiva conocemos m\u00e1s de este talentoso literato\u2026 Sean todos bienvenidos al show.<\/p>\n<p><strong>\u00bfQui\u00e9n es Munckel?<\/strong><br \/>\nEntre lo que de verdad me importa, soy lector y escritor. Entre lo que me importa poco, nac\u00ed en Cochabamba en 1988, estudi\u00e9 comunicaci\u00f3n social y ahora trabajo como corrector en la versi\u00f3n impresa de un peri\u00f3dico.<\/p>\n<p><strong>\u00bfPor qu\u00e9 dedicarse a las letras?<\/strong><br \/>\nEn mi caso creo que fue un poco natural, un poco inevitable. Empec\u00e9 a leer cierto tipo de historias cuando era ni\u00f1o y, en alg\u00fan momento, sent\u00ed el impulso de probar suerte y escribir las m\u00edas. No s\u00e9 bien por qu\u00e9 di ese paso.<br \/>\nTampoco s\u00e9 por qu\u00e9 segu\u00ed escribiendo a lo largo de los a\u00f1os. En principio lo hac\u00eda solo porque s\u00ed, sin ning\u00fan prop\u00f3sito m\u00e1s all\u00e1 de escribir y, quiz\u00e1s, compartir mis textos con un pu\u00f1ado de personas.<br \/>\nPero s\u00e9 que, cuando se me ocurre una historia, no me siento tranquilo hasta que la pongo en papel. Me pasaba entonces y me pasa todav\u00eda.<\/p>\n<p><strong>Un escritor \u00bfnace o se hace?<\/strong><br \/>\nSe hace. A punta de lecturas, pero tambi\u00e9n de consumir historias con un hambre diferente; no importa si son libros, pel\u00edculas, canciones, noticias, las cosas que nos cuentan o las que escuchamos en secreto. Pero tambi\u00e9n, y sobre todo, escribiendo: rob\u00e1ndole un poco a los autores que nos gustan pero tambi\u00e9n buscando una voz propia, fallando a veces pero insistiendo siempre.<\/p>\n<p><strong>\u00bfQu\u00e9 autores te han influenciado en este camino?<\/strong><br \/>\nSon muchos, y algunos van cambiando con el tiempo. S\u00e9 que hay autores que me marcaron cuando los descubr\u00ed en la adolescencia, como Julio Cort\u00e1zar y Jorge Luis Borges, esa clase de influencia que se queda grabada aunque no siempre se note m\u00e1s adelante.<br \/>\nPero tambi\u00e9n depende de lo que tome como referencia al momento de escribir mis libros. Por ejemplo, tuve muy presentes a Ernest Hemingway y Samanta Schweblin al escribir el primero; a Raymond Carver, Lucia Berlin, Mal\u00e9n Denis y Fernanda Tr\u00edas para el segundo, y a Cormac McCarthy y Mariana Enriquez para el que tengo casi listo.<\/p>\n<p><strong>\u00bfCu\u00e1l es tu g\u00e9nero narrativo preferido?<\/strong><br \/>\nMe gusta mucho el cuento, por su capacidad de crear un mundo en pocas p\u00e1ginas, en poco tiempo. Hay algo en su brevedad que permite cierta intensidad diferente a la de una novela, que es una experiencia m\u00e1s inmersiva.<br \/>\nEn cuanto a g\u00e9neros literarios, lo que m\u00e1s leo y escribo est\u00e1 dentro del realismo, pero tambi\u00e9n me interesan otros, como el terror, y sobre todo las mezclas de g\u00e9neros. Creo que ese intercambio de tem\u00e1ticas y enfoques que se est\u00e1 dando en este tiempo enriquece mucho a la literatura en general, rompiendo ciertas barreras para centrarnos en lo que de verdad importa: las historias.<\/p>\n<p><strong>\u00bfQu\u00e9 es lo m\u00e1s satisfactorio de escribir?<\/strong><br \/>\nCuando la escritura fluye, es hermoso meterme en el mundo que voy creando poco a poco, viviendo las im\u00e1genes que tengo en mente, casi como si fueran reales. Es un peque\u00f1o par\u00e9ntesis del mundo real, aunque a veces contiene pedazos de ese mundo.<br \/>\nTambi\u00e9n es interesante que otras personas lean lo que escribo. Pienso que un escritor es como un ilusionista: sabe cu\u00e1les son y d\u00f3nde est\u00e1n todos los hilos y las trampas que componen el mecanismo de su truco. Pero para saber si en verdad funciona hace falta una audiencia o, en este caso, lectores.<br \/>\nY adem\u00e1s me gusta mucho ver mi libro ya publicado, verlo convertido en algo real, palpable. Me encantan los libros como objetos en s\u00ed, son algo a lo que le tengo mucho cari\u00f1o, as\u00ed que ver mi trabajo convertido en uno nunca deja de asombrarme.<\/p>\n<p><strong>\u00bfY lo m\u00e1s complicado cuando uno ya quiere profesionalizar su pasi\u00f3n?<\/strong><br \/>\nPor un lado, es complicado llegar a los lectores. Bolivia tiene fama de ser un pa\u00eds que no lee, y entre sus lectores tambi\u00e9n hay gente que desconf\u00eda de la literatura nacional. Por suerte, esto parece estar cambiando. El internet ayuda. Tambi\u00e9n ayudan las librer\u00edas y las editoriales que apuestan por mayor diversidad de libros y mejores precios. Y ayuda que la literatura boliviana se haya abierto a otras tem\u00e1ticas y nuevos horizontes.<br \/>\nPor otro lado, es complicado monetizar esa pasi\u00f3n. Escribir es un oficio como cualquier otro, y no est\u00e1 mal que se trate de generar dinero con \u00e9l. Es un proceso arduo y toma mucho tiempo, tiempo que adem\u00e1s hay que robarle al resto del d\u00eda, en ocasiones renunciando a otras actividades e incluso a posibles ingresos. Es triste saber que todo ese trabajo \u2014que a veces puede tomar a\u00f1os\u2014 se refleja en ganancias m\u00ednimas, por no decir simb\u00f3licas, que en algunos casos se dan gracias a que el autor adem\u00e1s tiene que hacer el trabajo de vender sus propios libros.<\/p>\n<p><strong>\u00bfCu\u00e1ntos libros tienes publicados a la fecha?<\/strong><br \/>\nDos libros de cuentos, \u201cEl d\u00eda del fuego\u201d e \u201cImposible regresar al lugar del que te fuiste\u201d, ambos publicados por la editorial Nuevo Milenio, adem\u00e1s de un par de antolog\u00edas que incluyen algunos de mis cuentos.<\/p>\n<p><strong>Sabemos que est\u00e1 en marcha tu nuevo libro \u201cLiminal\u201d. \u00bfQu\u00e9 tiene que esperar la gente que ya sigue tu trabajo hace mucho?<\/strong><br \/>\nSon doce cuentos muy diferentes de los que publiqu\u00e9 en mis anteriores libros. En \u201cLimina\u201dl exploro esa l\u00ednea no siempre clara que separa lo realista de lo fant\u00e1stico, pero movi\u00e9ndome por esa frontera sin pasar del todo al otro lado. M\u00e1s que escribir historias fant\u00e1sticas o de terror, lo que hago es enfocarme en el momento en que el tel\u00f3n de la realidad se desgarra y se intuye que del otro lado hay algo m\u00e1s, aunque nunca termine de revelarse qu\u00e9 es.<br \/>\nEn algunos casos, son cuentos que se acercan al terror, pero la mayor\u00eda son un poco m\u00e1s ambiguos. Porque lo que me interesa es mostrar el desconcierto de los personajes cuando su cotidianidad se quiebra ante la aparici\u00f3n de algo desconocido, que raya con lo sobrenatural.<\/p>\n<p><strong>\u00bfQu\u00e9 proyectos tienes para este veinte veintid\u00f3s?<\/strong><br \/>\nMe gustar\u00eda publicar \u201cLiminal\u201d, que todav\u00eda sigo revisando y dejando descansar de manera m\u00e1s o menos intermitente. Pero es algo que no depende solo de m\u00ed, sino tambi\u00e9n de las editoriales y sus tiempos.<br \/>\nTambi\u00e9n, un poco sin propon\u00e9rmelo, empec\u00e9 a armar un pr\u00f3ximo libro, que por ahora titula \u201cAnatom\u00eda del vac\u00edo\u201d. Ya van cinco cuentos que fui escribiendo poco a poco, mientras trabajaba en mis otros libros, m\u00e1s o menos desde 2020. Todav\u00eda no s\u00e9 cu\u00e1ntos textos tendr\u00e1 ni cu\u00e1ndo estar\u00e1 listo, pero quiero trabajar en eso este a\u00f1o.<br \/>\nPor \u00faltimo, s\u00e9 que en Espa\u00f1a se est\u00e1 preparando una antolog\u00eda de narrativa boliviana y me invitaron a formar parte con un cuento. Hasta donde yo s\u00e9, tendr\u00eda que publicarse este 2022, pero tambi\u00e9n es algo que depende de la editorial a cargo.<\/p>\n<p>Checklist:<\/p>\n<p>3 libros inolvidables:<br \/>\n&#8211; Las ciudades invisibles de Italo Calvino.<br \/>\n&#8211; La carretera de Cormac McCarthy.<br \/>\n&#8211; Lolita de Vladimir Nabokov.<br \/>\n3 discos eternos:<br \/>\n&#8211; Damnation de Opeth.<br \/>\n&#8211; Insurgentes de Steven Wilson.<br \/>\n&#8211; Without You I\u2019m Nothing de Placebo.<br \/>\n3 escritores que admiras:<br \/>\n&#8211; Jorge Luis Borges.<br \/>\n&#8211; J.D. Salinger.<br \/>\n&#8211; Alejandra Pizarnik.<br \/>\n3 cosas esenciales en la vida:<br \/>\n&#8211; El caf\u00e9.<br \/>\n&#8211; Los libros.<br \/>\n&#8211; Los p\u00e1jaros.<\/p>\n","protected":false},"excerpt":{"rendered":"<p>El invitado de lujo hoy en Cvltvral es un escritor enamorado de las letras hace un tiempo importante, confiesa que su decisi\u00f3n de tomar este camino literario ha sido pr\u00e1cticamente inevitable. En su haber cuenta con algunas publicaciones de donde destacan mucho sus cuentos en los que suele adentrarse en temas del alma y la [&hellip;]<\/p>\n","protected":false},"author":1,"featured_media":60442,"comment_status":"closed","ping_status":"closed","sticky":false,"template":"","format":"standard","meta":{"_acf_changed":false,"footnotes":""},"categories":[8],"tags":[],"class_list":["post-60441","post","type-post","status-publish","format-standard","has-post-thumbnail","category-cultural"],"acf":{"antetitulo":""},"yoast_head":"<!-- This site is optimized with the Yoast SEO plugin v28.3 - https:\/\/yoast.com\/product\/yoast-seo-wordpress\/ -->\n<title>Munckel Alfaro - El Diario - Bolivia<\/title>\n<meta name=\"robots\" content=\"index, follow, max-snippet:-1, max-image-preview:large, max-video-preview:-1\" \/>\n<link rel=\"canonical\" href=\"https:\/\/www.eldiario.net\/portal\/2022\/02\/02\/munckel-alfaro\/\" \/>\n<meta property=\"og:locale\" content=\"es_ES\" \/>\n<meta property=\"og:type\" content=\"article\" \/>\n<meta property=\"og:title\" content=\"Munckel Alfaro - El Diario - Bolivia\" \/>\n<meta property=\"og:description\" content=\"El invitado de lujo hoy en Cvltvral es un escritor enamorado de las letras hace un tiempo importante, confiesa que su decisi\u00f3n de tomar este camino literario ha sido pr\u00e1cticamente inevitable. En su haber cuenta con algunas publicaciones de donde destacan mucho sus cuentos en los que suele adentrarse en temas del alma y la [&hellip;]\" \/>\n<meta property=\"og:url\" content=\"https:\/\/www.eldiario.net\/portal\/2022\/02\/02\/munckel-alfaro\/\" \/>\n<meta property=\"og:site_name\" content=\"El Diario - Bolivia\" \/>\n<meta property=\"article:publisher\" content=\"https:\/\/www.facebook.com\/eldiario.bolivia\/\" \/>\n<meta property=\"article:published_time\" content=\"2022-02-02T09:26:59+00:00\" \/>\n<meta property=\"og:image\" content=\"https:\/\/www.eldiario.net\/portal\/wp-content\/uploads\/2022\/02\/Munckel-01.jpg\" \/>\n\t<meta property=\"og:image:width\" content=\"567\" \/>\n\t<meta property=\"og:image:height\" content=\"567\" \/>\n\t<meta property=\"og:image:type\" content=\"image\/jpeg\" \/>\n<meta name=\"author\" content=\"Jeanette\" \/>\n<meta name=\"twitter:card\" content=\"summary_large_image\" \/>\n<meta name=\"twitter:creator\" content=\"@eldiario_net\" \/>\n<meta name=\"twitter:site\" content=\"@eldiario_net\" \/>\n<meta name=\"twitter:label1\" content=\"Escrito por\" \/>\n\t<meta name=\"twitter:data1\" content=\"Jeanette\" \/>\n\t<meta name=\"twitter:label2\" content=\"Tiempo de lectura\" \/>\n\t<meta name=\"twitter:data2\" content=\"6 minutos\" \/>\n<script type=\"application\/ld+json\" class=\"yoast-schema-graph\">{\"@context\":\"https:\\\/\\\/schema.org\",\"@graph\":[{\"@type\":\"Article\",\"@id\":\"https:\\\/\\\/www.eldiario.net\\\/portal\\\/2022\\\/02\\\/02\\\/munckel-alfaro\\\/#article\",\"isPartOf\":{\"@id\":\"https:\\\/\\\/www.eldiario.net\\\/portal\\\/2022\\\/02\\\/02\\\/munckel-alfaro\\\/\"},\"author\":{\"name\":\"Jeanette\",\"@id\":\"https:\\\/\\\/www.eldiario.net\\\/portal\\\/#\\\/schema\\\/person\\\/f46445640444750d7d753ccd04ae01b7\"},\"headline\":\"Munckel Alfaro\",\"datePublished\":\"2022-02-02T09:26:59+00:00\",\"mainEntityOfPage\":{\"@id\":\"https:\\\/\\\/www.eldiario.net\\\/portal\\\/2022\\\/02\\\/02\\\/munckel-alfaro\\\/\"},\"wordCount\":1336,\"publisher\":{\"@id\":\"https:\\\/\\\/www.eldiario.net\\\/portal\\\/#organization\"},\"image\":{\"@id\":\"https:\\\/\\\/www.eldiario.net\\\/portal\\\/2022\\\/02\\\/02\\\/munckel-alfaro\\\/#primaryimage\"},\"thumbnailUrl\":\"https:\\\/\\\/www.eldiario.net\\\/portal\\\/wp-content\\\/uploads\\\/2022\\\/02\\\/Munckel-01.jpg\",\"articleSection\":[\"Cultural\"],\"inLanguage\":\"es\"},{\"@type\":\"WebPage\",\"@id\":\"https:\\\/\\\/www.eldiario.net\\\/portal\\\/2022\\\/02\\\/02\\\/munckel-alfaro\\\/\",\"url\":\"https:\\\/\\\/www.eldiario.net\\\/portal\\\/2022\\\/02\\\/02\\\/munckel-alfaro\\\/\",\"name\":\"Munckel Alfaro - El Diario - Bolivia\",\"isPartOf\":{\"@id\":\"https:\\\/\\\/www.eldiario.net\\\/portal\\\/#website\"},\"primaryImageOfPage\":{\"@id\":\"https:\\\/\\\/www.eldiario.net\\\/portal\\\/2022\\\/02\\\/02\\\/munckel-alfaro\\\/#primaryimage\"},\"image\":{\"@id\":\"https:\\\/\\\/www.eldiario.net\\\/portal\\\/2022\\\/02\\\/02\\\/munckel-alfaro\\\/#primaryimage\"},\"thumbnailUrl\":\"https:\\\/\\\/www.eldiario.net\\\/portal\\\/wp-content\\\/uploads\\\/2022\\\/02\\\/Munckel-01.jpg\",\"datePublished\":\"2022-02-02T09:26:59+00:00\",\"breadcrumb\":{\"@id\":\"https:\\\/\\\/www.eldiario.net\\\/portal\\\/2022\\\/02\\\/02\\\/munckel-alfaro\\\/#breadcrumb\"},\"inLanguage\":\"es\",\"potentialAction\":[{\"@type\":\"ReadAction\",\"target\":[\"https:\\\/\\\/www.eldiario.net\\\/portal\\\/2022\\\/02\\\/02\\\/munckel-alfaro\\\/\"]}]},{\"@type\":\"ImageObject\",\"inLanguage\":\"es\",\"@id\":\"https:\\\/\\\/www.eldiario.net\\\/portal\\\/2022\\\/02\\\/02\\\/munckel-alfaro\\\/#primaryimage\",\"url\":\"https:\\\/\\\/www.eldiario.net\\\/portal\\\/wp-content\\\/uploads\\\/2022\\\/02\\\/Munckel-01.jpg\",\"contentUrl\":\"https:\\\/\\\/www.eldiario.net\\\/portal\\\/wp-content\\\/uploads\\\/2022\\\/02\\\/Munckel-01.jpg\",\"width\":567,\"height\":567},{\"@type\":\"BreadcrumbList\",\"@id\":\"https:\\\/\\\/www.eldiario.net\\\/portal\\\/2022\\\/02\\\/02\\\/munckel-alfaro\\\/#breadcrumb\",\"itemListElement\":[{\"@type\":\"ListItem\",\"position\":1,\"name\":\"Portada\",\"item\":\"https:\\\/\\\/www.eldiario.net\\\/portal\\\/\"},{\"@type\":\"ListItem\",\"position\":2,\"name\":\"Munckel Alfaro\"}]},{\"@type\":\"WebSite\",\"@id\":\"https:\\\/\\\/www.eldiario.net\\\/portal\\\/#website\",\"url\":\"https:\\\/\\\/www.eldiario.net\\\/portal\\\/\",\"name\":\"El Diario - Decano de la prensa nacional\",\"description\":\"El Diario - Decano de la prensa nacional\",\"publisher\":{\"@id\":\"https:\\\/\\\/www.eldiario.net\\\/portal\\\/#organization\"},\"potentialAction\":[{\"@type\":\"SearchAction\",\"target\":{\"@type\":\"EntryPoint\",\"urlTemplate\":\"https:\\\/\\\/www.eldiario.net\\\/portal\\\/?s={search_term_string}\"},\"query-input\":{\"@type\":\"PropertyValueSpecification\",\"valueRequired\":true,\"valueName\":\"search_term_string\"}}],\"inLanguage\":\"es\"},{\"@type\":\"Organization\",\"@id\":\"https:\\\/\\\/www.eldiario.net\\\/portal\\\/#organization\",\"name\":\"El Diario - Decano de la prensa nacional\",\"url\":\"https:\\\/\\\/www.eldiario.net\\\/portal\\\/\",\"logo\":{\"@type\":\"ImageObject\",\"inLanguage\":\"es\",\"@id\":\"https:\\\/\\\/www.eldiario.net\\\/portal\\\/#\\\/schema\\\/logo\\\/image\\\/\",\"url\":\"https:\\\/\\\/www.eldiario.net\\\/portal\\\/wp-content\\\/uploads\\\/2023\\\/07\\\/logo_ED.jpg\",\"contentUrl\":\"https:\\\/\\\/www.eldiario.net\\\/portal\\\/wp-content\\\/uploads\\\/2023\\\/07\\\/logo_ED.jpg\",\"width\":272,\"height\":52,\"caption\":\"El Diario - Decano de la prensa nacional\"},\"image\":{\"@id\":\"https:\\\/\\\/www.eldiario.net\\\/portal\\\/#\\\/schema\\\/logo\\\/image\\\/\"},\"sameAs\":[\"https:\\\/\\\/www.facebook.com\\\/eldiario.bolivia\\\/\",\"https:\\\/\\\/x.com\\\/eldiario_net\"]},{\"@type\":\"Person\",\"@id\":\"https:\\\/\\\/www.eldiario.net\\\/portal\\\/#\\\/schema\\\/person\\\/f46445640444750d7d753ccd04ae01b7\",\"name\":\"Jeanette\",\"image\":{\"@type\":\"ImageObject\",\"inLanguage\":\"es\",\"@id\":\"https:\\\/\\\/secure.gravatar.com\\\/avatar\\\/3ea2118a5f7dad2b7138b1187a6b7ee55f160b9968b66013c3a3ef39dd7e5798?s=96&d=mm&r=g\",\"url\":\"https:\\\/\\\/secure.gravatar.com\\\/avatar\\\/3ea2118a5f7dad2b7138b1187a6b7ee55f160b9968b66013c3a3ef39dd7e5798?s=96&d=mm&r=g\",\"contentUrl\":\"https:\\\/\\\/secure.gravatar.com\\\/avatar\\\/3ea2118a5f7dad2b7138b1187a6b7ee55f160b9968b66013c3a3ef39dd7e5798?s=96&d=mm&r=g\",\"caption\":\"Jeanette\"},\"sameAs\":[\"https:\\\/\\\/www.eldiario.net\\\/portal\"],\"url\":\"https:\\\/\\\/www.eldiario.net\\\/portal\\\/author\\\/jeanette\\\/\"}]}<\/script>\n<!-- \/ Yoast SEO plugin. -->","yoast_head_json":{"title":"Munckel Alfaro - El Diario - Bolivia","robots":{"index":"index","follow":"follow","max-snippet":"max-snippet:-1","max-image-preview":"max-image-preview:large","max-video-preview":"max-video-preview:-1"},"canonical":"https:\/\/www.eldiario.net\/portal\/2022\/02\/02\/munckel-alfaro\/","og_locale":"es_ES","og_type":"article","og_title":"Munckel Alfaro - El Diario - Bolivia","og_description":"El invitado de lujo hoy en Cvltvral es un escritor enamorado de las letras hace un tiempo importante, confiesa que su decisi\u00f3n de tomar este camino literario ha sido pr\u00e1cticamente inevitable. En su haber cuenta con algunas publicaciones de donde destacan mucho sus cuentos en los que suele adentrarse en temas del alma y la [&hellip;]","og_url":"https:\/\/www.eldiario.net\/portal\/2022\/02\/02\/munckel-alfaro\/","og_site_name":"El Diario - Bolivia","article_publisher":"https:\/\/www.facebook.com\/eldiario.bolivia\/","article_published_time":"2022-02-02T09:26:59+00:00","og_image":[{"width":567,"height":567,"url":"https:\/\/www.eldiario.net\/portal\/wp-content\/uploads\/2022\/02\/Munckel-01.jpg","type":"image\/jpeg"}],"author":"Jeanette","twitter_card":"summary_large_image","twitter_creator":"@eldiario_net","twitter_site":"@eldiario_net","twitter_misc":{"Escrito por":"Jeanette","Tiempo de lectura":"6 minutos"},"schema":{"@context":"https:\/\/schema.org","@graph":[{"@type":"Article","@id":"https:\/\/www.eldiario.net\/portal\/2022\/02\/02\/munckel-alfaro\/#article","isPartOf":{"@id":"https:\/\/www.eldiario.net\/portal\/2022\/02\/02\/munckel-alfaro\/"},"author":{"name":"Jeanette","@id":"https:\/\/www.eldiario.net\/portal\/#\/schema\/person\/f46445640444750d7d753ccd04ae01b7"},"headline":"Munckel Alfaro","datePublished":"2022-02-02T09:26:59+00:00","mainEntityOfPage":{"@id":"https:\/\/www.eldiario.net\/portal\/2022\/02\/02\/munckel-alfaro\/"},"wordCount":1336,"publisher":{"@id":"https:\/\/www.eldiario.net\/portal\/#organization"},"image":{"@id":"https:\/\/www.eldiario.net\/portal\/2022\/02\/02\/munckel-alfaro\/#primaryimage"},"thumbnailUrl":"https:\/\/www.eldiario.net\/portal\/wp-content\/uploads\/2022\/02\/Munckel-01.jpg","articleSection":["Cultural"],"inLanguage":"es"},{"@type":"WebPage","@id":"https:\/\/www.eldiario.net\/portal\/2022\/02\/02\/munckel-alfaro\/","url":"https:\/\/www.eldiario.net\/portal\/2022\/02\/02\/munckel-alfaro\/","name":"Munckel Alfaro - El Diario - Bolivia","isPartOf":{"@id":"https:\/\/www.eldiario.net\/portal\/#website"},"primaryImageOfPage":{"@id":"https:\/\/www.eldiario.net\/portal\/2022\/02\/02\/munckel-alfaro\/#primaryimage"},"image":{"@id":"https:\/\/www.eldiario.net\/portal\/2022\/02\/02\/munckel-alfaro\/#primaryimage"},"thumbnailUrl":"https:\/\/www.eldiario.net\/portal\/wp-content\/uploads\/2022\/02\/Munckel-01.jpg","datePublished":"2022-02-02T09:26:59+00:00","breadcrumb":{"@id":"https:\/\/www.eldiario.net\/portal\/2022\/02\/02\/munckel-alfaro\/#breadcrumb"},"inLanguage":"es","potentialAction":[{"@type":"ReadAction","target":["https:\/\/www.eldiario.net\/portal\/2022\/02\/02\/munckel-alfaro\/"]}]},{"@type":"ImageObject","inLanguage":"es","@id":"https:\/\/www.eldiario.net\/portal\/2022\/02\/02\/munckel-alfaro\/#primaryimage","url":"https:\/\/www.eldiario.net\/portal\/wp-content\/uploads\/2022\/02\/Munckel-01.jpg","contentUrl":"https:\/\/www.eldiario.net\/portal\/wp-content\/uploads\/2022\/02\/Munckel-01.jpg","width":567,"height":567},{"@type":"BreadcrumbList","@id":"https:\/\/www.eldiario.net\/portal\/2022\/02\/02\/munckel-alfaro\/#breadcrumb","itemListElement":[{"@type":"ListItem","position":1,"name":"Portada","item":"https:\/\/www.eldiario.net\/portal\/"},{"@type":"ListItem","position":2,"name":"Munckel Alfaro"}]},{"@type":"WebSite","@id":"https:\/\/www.eldiario.net\/portal\/#website","url":"https:\/\/www.eldiario.net\/portal\/","name":"El Diario - Decano de la prensa nacional","description":"El Diario - Decano de la prensa nacional","publisher":{"@id":"https:\/\/www.eldiario.net\/portal\/#organization"},"potentialAction":[{"@type":"SearchAction","target":{"@type":"EntryPoint","urlTemplate":"https:\/\/www.eldiario.net\/portal\/?s={search_term_string}"},"query-input":{"@type":"PropertyValueSpecification","valueRequired":true,"valueName":"search_term_string"}}],"inLanguage":"es"},{"@type":"Organization","@id":"https:\/\/www.eldiario.net\/portal\/#organization","name":"El Diario - Decano de la prensa nacional","url":"https:\/\/www.eldiario.net\/portal\/","logo":{"@type":"ImageObject","inLanguage":"es","@id":"https:\/\/www.eldiario.net\/portal\/#\/schema\/logo\/image\/","url":"https:\/\/www.eldiario.net\/portal\/wp-content\/uploads\/2023\/07\/logo_ED.jpg","contentUrl":"https:\/\/www.eldiario.net\/portal\/wp-content\/uploads\/2023\/07\/logo_ED.jpg","width":272,"height":52,"caption":"El Diario - Decano de la prensa nacional"},"image":{"@id":"https:\/\/www.eldiario.net\/portal\/#\/schema\/logo\/image\/"},"sameAs":["https:\/\/www.facebook.com\/eldiario.bolivia\/","https:\/\/x.com\/eldiario_net"]},{"@type":"Person","@id":"https:\/\/www.eldiario.net\/portal\/#\/schema\/person\/f46445640444750d7d753ccd04ae01b7","name":"Jeanette","image":{"@type":"ImageObject","inLanguage":"es","@id":"https:\/\/secure.gravatar.com\/avatar\/3ea2118a5f7dad2b7138b1187a6b7ee55f160b9968b66013c3a3ef39dd7e5798?s=96&d=mm&r=g","url":"https:\/\/secure.gravatar.com\/avatar\/3ea2118a5f7dad2b7138b1187a6b7ee55f160b9968b66013c3a3ef39dd7e5798?s=96&d=mm&r=g","contentUrl":"https:\/\/secure.gravatar.com\/avatar\/3ea2118a5f7dad2b7138b1187a6b7ee55f160b9968b66013c3a3ef39dd7e5798?s=96&d=mm&r=g","caption":"Jeanette"},"sameAs":["https:\/\/www.eldiario.net\/portal"],"url":"https:\/\/www.eldiario.net\/portal\/author\/jeanette\/"}]}},"_links":{"self":[{"href":"https:\/\/www.eldiario.net\/portal\/wp-json\/wp\/v2\/posts\/60441","targetHints":{"allow":["GET"]}}],"collection":[{"href":"https:\/\/www.eldiario.net\/portal\/wp-json\/wp\/v2\/posts"}],"about":[{"href":"https:\/\/www.eldiario.net\/portal\/wp-json\/wp\/v2\/types\/post"}],"author":[{"embeddable":true,"href":"https:\/\/www.eldiario.net\/portal\/wp-json\/wp\/v2\/users\/1"}],"replies":[{"embeddable":true,"href":"https:\/\/www.eldiario.net\/portal\/wp-json\/wp\/v2\/comments?post=60441"}],"version-history":[{"count":0,"href":"https:\/\/www.eldiario.net\/portal\/wp-json\/wp\/v2\/posts\/60441\/revisions"}],"wp:featuredmedia":[{"embeddable":true,"href":"https:\/\/www.eldiario.net\/portal\/wp-json\/wp\/v2\/media\/60442"}],"wp:attachment":[{"href":"https:\/\/www.eldiario.net\/portal\/wp-json\/wp\/v2\/media?parent=60441"}],"wp:term":[{"taxonomy":"category","embeddable":true,"href":"https:\/\/www.eldiario.net\/portal\/wp-json\/wp\/v2\/categories?post=60441"},{"taxonomy":"post_tag","embeddable":true,"href":"https:\/\/www.eldiario.net\/portal\/wp-json\/wp\/v2\/tags?post=60441"}],"curies":[{"name":"wp","href":"https:\/\/api.w.org\/{rel}","templated":true}]}}