{"id":60438,"date":"2022-02-02T05:25:12","date_gmt":"2022-02-02T09:25:12","guid":{"rendered":"https:\/\/www.eldiario.net\/portal\/?p=60438"},"modified":"2022-02-02T05:25:12","modified_gmt":"2022-02-02T09:25:12","slug":"presentan-proyecto-de-ley-para-declarar-patrimonio-cultural-al-chuta","status":"publish","type":"post","link":"https:\/\/www.eldiario.net\/portal\/2022\/02\/02\/presentan-proyecto-de-ley-para-declarar-patrimonio-cultural-al-chuta\/","title":{"rendered":"Presentan proyecto de ley para declarar Patrimonio Cultural al Ch\u2019uta"},"content":{"rendered":"<p>La Secretar\u00eda Municipal de Culturas y Turismo, en coordinaci\u00f3n con varios sectores folcl\u00f3ricos, entreg\u00f3 este lunes al alcalde de La Paz, Iv\u00e1n Arias, un proyecto de ley municipal para que el personaje del carnaval, el Ch\u2019uta, sea declarado Patrimonio Cultural Inmaterial del municipio pace\u00f1o.<br \/>\nEl titular de Culturas, Rodney Miranda, explic\u00f3 que esta iniciativa tiene el objetivo de revalorizar a uno de los personajes ic\u00f3nicos del carnaval pace\u00f1o y expres\u00f3 su esperanza porque se tenga una respuesta positiva en el Concejo Municipal de La Paz.<br \/>\n\u201cEl Pepino es Patrimonio Cultural al igual que la Chola pace\u00f1a, ahora estamos buscando, a iniciativa de varios sectores, que el Ch\u2019uta tambi\u00e9n sea declarado Patrimonio. Se entreg\u00f3 el proyecto de ley al Alcalde de La Paz para que sea evaluado por el ente legislativo municipal\u201d, inform\u00f3 la autoridad.<br \/>\nSeg\u00fan textos de Antonio Paredes Candia, el Ch\u2019uta hace referencia a los pongos de la \u00e9poca republicana, ind\u00edgenas que cumpl\u00edan obligaciones gratuitas para el due\u00f1o de la hacienda, traslad\u00e1ndose de la comunidad a la hacienda y a la ciudad. Esa actividad resalta la importancia de la relaci\u00f3n campo y ciudad en esa danza.<br \/>\nSe prev\u00e9 que el proyecto de ley sea evaluado y debatido por el pleno del Concejo Municipal en los pr\u00f3ximos d\u00edas, quienes deber\u00e1n emitir una resoluci\u00f3n.<br \/>\nEn representaci\u00f3n de los danzarines, Ramiro Lazo, y en el tono de voz que caracteriza al personaje, agradeci\u00f3 al alcalde Arias por escuchar la demanda de su sector.<br \/>\n\u201cEl Ch\u2019uta ch\u2019ukuta est\u00e1 para solicitar a su autoridad que pueda declarar a este personaje como Patrimonio Cultural de La Paz. Seguros de contar con su apoyo y de las autoridades estamos muy agradecidos de antemano\u201d, afirm\u00f3 Lazo.<br \/>\nEn febrero del 2015, el Pepino fue declarado Patrimonio Cultural Inmaterial, porque forma parte de la identidad pace\u00f1a de las actividades carnavaleras. Seg\u00fan el informe, la presencia del personaje en el carnaval pace\u00f1o fue registrada en las entradas populares de 1908.<br \/>\nDe la misma forma, el 2013 de acuerdo con la Ley Municipal Auton\u00f3mica N\u00b0 046\/2013, se declar\u00f3 Patrimonio Cultural Intangible del Municipio de Nuestra Se\u00f1ora de La Paz a la chola pace\u00f1a.<\/p>\n","protected":false},"excerpt":{"rendered":"<p>La Secretar\u00eda Municipal de Culturas y Turismo, en coordinaci\u00f3n con varios sectores folcl\u00f3ricos, entreg\u00f3 este lunes al alcalde de La Paz, Iv\u00e1n Arias, un proyecto de ley municipal para que el personaje del carnaval, el Ch\u2019uta, sea declarado Patrimonio Cultural Inmaterial del municipio pace\u00f1o. El titular de Culturas, Rodney Miranda, explic\u00f3 que esta iniciativa tiene [&hellip;]<\/p>\n","protected":false},"author":1,"featured_media":60439,"comment_status":"closed","ping_status":"closed","sticky":false,"template":"","format":"standard","meta":{"_acf_changed":false,"footnotes":""},"categories":[8],"tags":[],"class_list":["post-60438","post","type-post","status-publish","format-standard","has-post-thumbnail","category-cultural"],"acf":{"antetitulo":""},"yoast_head":"<!-- This site is optimized with the Yoast SEO plugin v28.3 - https:\/\/yoast.com\/product\/yoast-seo-wordpress\/ -->\n<title>Presentan proyecto de ley para declarar Patrimonio Cultural al Ch\u2019uta - El Diario - Bolivia<\/title>\n<meta name=\"robots\" content=\"index, follow, max-snippet:-1, max-image-preview:large, max-video-preview:-1\" \/>\n<link rel=\"canonical\" href=\"https:\/\/www.eldiario.net\/portal\/2022\/02\/02\/presentan-proyecto-de-ley-para-declarar-patrimonio-cultural-al-chuta\/\" \/>\n<meta property=\"og:locale\" content=\"es_ES\" \/>\n<meta property=\"og:type\" content=\"article\" \/>\n<meta property=\"og:title\" content=\"Presentan proyecto de ley para declarar Patrimonio Cultural al Ch\u2019uta - El Diario - Bolivia\" \/>\n<meta property=\"og:description\" content=\"La Secretar\u00eda Municipal de Culturas y Turismo, en coordinaci\u00f3n con varios sectores folcl\u00f3ricos, entreg\u00f3 este lunes al alcalde de La Paz, Iv\u00e1n Arias, un proyecto de ley municipal para que el personaje del carnaval, el Ch\u2019uta, sea declarado Patrimonio Cultural Inmaterial del municipio pace\u00f1o. El titular de Culturas, Rodney Miranda, explic\u00f3 que esta iniciativa tiene [&hellip;]\" \/>\n<meta property=\"og:url\" content=\"https:\/\/www.eldiario.net\/portal\/2022\/02\/02\/presentan-proyecto-de-ley-para-declarar-patrimonio-cultural-al-chuta\/\" \/>\n<meta property=\"og:site_name\" content=\"El Diario - Bolivia\" \/>\n<meta property=\"article:publisher\" content=\"https:\/\/www.facebook.com\/eldiario.bolivia\/\" \/>\n<meta property=\"article:published_time\" content=\"2022-02-02T09:25:12+00:00\" \/>\n<meta name=\"author\" content=\"Jeanette\" \/>\n<meta name=\"twitter:card\" content=\"summary_large_image\" \/>\n<meta name=\"twitter:creator\" content=\"@eldiario_net\" \/>\n<meta name=\"twitter:site\" content=\"@eldiario_net\" \/>\n<meta name=\"twitter:label1\" content=\"Escrito por\" \/>\n\t<meta name=\"twitter:data1\" content=\"Jeanette\" \/>\n\t<meta name=\"twitter:label2\" content=\"Tiempo de lectura\" \/>\n\t<meta name=\"twitter:data2\" content=\"2 minutos\" \/>\n<script type=\"application\/ld+json\" class=\"yoast-schema-graph\">{\"@context\":\"https:\\\/\\\/schema.org\",\"@graph\":[{\"@type\":\"Article\",\"@id\":\"https:\\\/\\\/www.eldiario.net\\\/portal\\\/2022\\\/02\\\/02\\\/presentan-proyecto-de-ley-para-declarar-patrimonio-cultural-al-chuta\\\/#article\",\"isPartOf\":{\"@id\":\"https:\\\/\\\/www.eldiario.net\\\/portal\\\/2022\\\/02\\\/02\\\/presentan-proyecto-de-ley-para-declarar-patrimonio-cultural-al-chuta\\\/\"},\"author\":{\"name\":\"Jeanette\",\"@id\":\"https:\\\/\\\/www.eldiario.net\\\/portal\\\/#\\\/schema\\\/person\\\/f46445640444750d7d753ccd04ae01b7\"},\"headline\":\"Presentan proyecto de ley para declarar Patrimonio Cultural al Ch\u2019uta\",\"datePublished\":\"2022-02-02T09:25:12+00:00\",\"mainEntityOfPage\":{\"@id\":\"https:\\\/\\\/www.eldiario.net\\\/portal\\\/2022\\\/02\\\/02\\\/presentan-proyecto-de-ley-para-declarar-patrimonio-cultural-al-chuta\\\/\"},\"wordCount\":390,\"publisher\":{\"@id\":\"https:\\\/\\\/www.eldiario.net\\\/portal\\\/#organization\"},\"image\":{\"@id\":\"https:\\\/\\\/www.eldiario.net\\\/portal\\\/2022\\\/02\\\/02\\\/presentan-proyecto-de-ley-para-declarar-patrimonio-cultural-al-chuta\\\/#primaryimage\"},\"thumbnailUrl\":\"\",\"articleSection\":[\"Cultural\"],\"inLanguage\":\"es\"},{\"@type\":\"WebPage\",\"@id\":\"https:\\\/\\\/www.eldiario.net\\\/portal\\\/2022\\\/02\\\/02\\\/presentan-proyecto-de-ley-para-declarar-patrimonio-cultural-al-chuta\\\/\",\"url\":\"https:\\\/\\\/www.eldiario.net\\\/portal\\\/2022\\\/02\\\/02\\\/presentan-proyecto-de-ley-para-declarar-patrimonio-cultural-al-chuta\\\/\",\"name\":\"Presentan proyecto de ley para declarar Patrimonio Cultural al Ch\u2019uta - El Diario - Bolivia\",\"isPartOf\":{\"@id\":\"https:\\\/\\\/www.eldiario.net\\\/portal\\\/#website\"},\"primaryImageOfPage\":{\"@id\":\"https:\\\/\\\/www.eldiario.net\\\/portal\\\/2022\\\/02\\\/02\\\/presentan-proyecto-de-ley-para-declarar-patrimonio-cultural-al-chuta\\\/#primaryimage\"},\"image\":{\"@id\":\"https:\\\/\\\/www.eldiario.net\\\/portal\\\/2022\\\/02\\\/02\\\/presentan-proyecto-de-ley-para-declarar-patrimonio-cultural-al-chuta\\\/#primaryimage\"},\"thumbnailUrl\":\"\",\"datePublished\":\"2022-02-02T09:25:12+00:00\",\"breadcrumb\":{\"@id\":\"https:\\\/\\\/www.eldiario.net\\\/portal\\\/2022\\\/02\\\/02\\\/presentan-proyecto-de-ley-para-declarar-patrimonio-cultural-al-chuta\\\/#breadcrumb\"},\"inLanguage\":\"es\",\"potentialAction\":[{\"@type\":\"ReadAction\",\"target\":[\"https:\\\/\\\/www.eldiario.net\\\/portal\\\/2022\\\/02\\\/02\\\/presentan-proyecto-de-ley-para-declarar-patrimonio-cultural-al-chuta\\\/\"]}]},{\"@type\":\"ImageObject\",\"inLanguage\":\"es\",\"@id\":\"https:\\\/\\\/www.eldiario.net\\\/portal\\\/2022\\\/02\\\/02\\\/presentan-proyecto-de-ley-para-declarar-patrimonio-cultural-al-chuta\\\/#primaryimage\",\"url\":\"\",\"contentUrl\":\"\"},{\"@type\":\"BreadcrumbList\",\"@id\":\"https:\\\/\\\/www.eldiario.net\\\/portal\\\/2022\\\/02\\\/02\\\/presentan-proyecto-de-ley-para-declarar-patrimonio-cultural-al-chuta\\\/#breadcrumb\",\"itemListElement\":[{\"@type\":\"ListItem\",\"position\":1,\"name\":\"Portada\",\"item\":\"https:\\\/\\\/www.eldiario.net\\\/portal\\\/\"},{\"@type\":\"ListItem\",\"position\":2,\"name\":\"Presentan proyecto de ley para declarar Patrimonio Cultural al Ch\u2019uta\"}]},{\"@type\":\"WebSite\",\"@id\":\"https:\\\/\\\/www.eldiario.net\\\/portal\\\/#website\",\"url\":\"https:\\\/\\\/www.eldiario.net\\\/portal\\\/\",\"name\":\"El Diario - Decano de la prensa nacional\",\"description\":\"El Diario - Decano de la prensa nacional\",\"publisher\":{\"@id\":\"https:\\\/\\\/www.eldiario.net\\\/portal\\\/#organization\"},\"potentialAction\":[{\"@type\":\"SearchAction\",\"target\":{\"@type\":\"EntryPoint\",\"urlTemplate\":\"https:\\\/\\\/www.eldiario.net\\\/portal\\\/?s={search_term_string}\"},\"query-input\":{\"@type\":\"PropertyValueSpecification\",\"valueRequired\":true,\"valueName\":\"search_term_string\"}}],\"inLanguage\":\"es\"},{\"@type\":\"Organization\",\"@id\":\"https:\\\/\\\/www.eldiario.net\\\/portal\\\/#organization\",\"name\":\"El Diario - Decano de la prensa nacional\",\"url\":\"https:\\\/\\\/www.eldiario.net\\\/portal\\\/\",\"logo\":{\"@type\":\"ImageObject\",\"inLanguage\":\"es\",\"@id\":\"https:\\\/\\\/www.eldiario.net\\\/portal\\\/#\\\/schema\\\/logo\\\/image\\\/\",\"url\":\"https:\\\/\\\/www.eldiario.net\\\/portal\\\/wp-content\\\/uploads\\\/2023\\\/07\\\/logo_ED.jpg\",\"contentUrl\":\"https:\\\/\\\/www.eldiario.net\\\/portal\\\/wp-content\\\/uploads\\\/2023\\\/07\\\/logo_ED.jpg\",\"width\":272,\"height\":52,\"caption\":\"El Diario - Decano de la prensa nacional\"},\"image\":{\"@id\":\"https:\\\/\\\/www.eldiario.net\\\/portal\\\/#\\\/schema\\\/logo\\\/image\\\/\"},\"sameAs\":[\"https:\\\/\\\/www.facebook.com\\\/eldiario.bolivia\\\/\",\"https:\\\/\\\/x.com\\\/eldiario_net\"]},{\"@type\":\"Person\",\"@id\":\"https:\\\/\\\/www.eldiario.net\\\/portal\\\/#\\\/schema\\\/person\\\/f46445640444750d7d753ccd04ae01b7\",\"name\":\"Jeanette\",\"image\":{\"@type\":\"ImageObject\",\"inLanguage\":\"es\",\"@id\":\"https:\\\/\\\/secure.gravatar.com\\\/avatar\\\/3ea2118a5f7dad2b7138b1187a6b7ee55f160b9968b66013c3a3ef39dd7e5798?s=96&d=mm&r=g\",\"url\":\"https:\\\/\\\/secure.gravatar.com\\\/avatar\\\/3ea2118a5f7dad2b7138b1187a6b7ee55f160b9968b66013c3a3ef39dd7e5798?s=96&d=mm&r=g\",\"contentUrl\":\"https:\\\/\\\/secure.gravatar.com\\\/avatar\\\/3ea2118a5f7dad2b7138b1187a6b7ee55f160b9968b66013c3a3ef39dd7e5798?s=96&d=mm&r=g\",\"caption\":\"Jeanette\"},\"sameAs\":[\"https:\\\/\\\/www.eldiario.net\\\/portal\"],\"url\":\"https:\\\/\\\/www.eldiario.net\\\/portal\\\/author\\\/jeanette\\\/\"}]}<\/script>\n<!-- \/ Yoast SEO plugin. -->","yoast_head_json":{"title":"Presentan proyecto de ley para declarar Patrimonio Cultural al Ch\u2019uta - El Diario - Bolivia","robots":{"index":"index","follow":"follow","max-snippet":"max-snippet:-1","max-image-preview":"max-image-preview:large","max-video-preview":"max-video-preview:-1"},"canonical":"https:\/\/www.eldiario.net\/portal\/2022\/02\/02\/presentan-proyecto-de-ley-para-declarar-patrimonio-cultural-al-chuta\/","og_locale":"es_ES","og_type":"article","og_title":"Presentan proyecto de ley para declarar Patrimonio Cultural al Ch\u2019uta - El Diario - Bolivia","og_description":"La Secretar\u00eda Municipal de Culturas y Turismo, en coordinaci\u00f3n con varios sectores folcl\u00f3ricos, entreg\u00f3 este lunes al alcalde de La Paz, Iv\u00e1n Arias, un proyecto de ley municipal para que el personaje del carnaval, el Ch\u2019uta, sea declarado Patrimonio Cultural Inmaterial del municipio pace\u00f1o. El titular de Culturas, Rodney Miranda, explic\u00f3 que esta iniciativa tiene [&hellip;]","og_url":"https:\/\/www.eldiario.net\/portal\/2022\/02\/02\/presentan-proyecto-de-ley-para-declarar-patrimonio-cultural-al-chuta\/","og_site_name":"El Diario - Bolivia","article_publisher":"https:\/\/www.facebook.com\/eldiario.bolivia\/","article_published_time":"2022-02-02T09:25:12+00:00","author":"Jeanette","twitter_card":"summary_large_image","twitter_creator":"@eldiario_net","twitter_site":"@eldiario_net","twitter_misc":{"Escrito por":"Jeanette","Tiempo de lectura":"2 minutos"},"schema":{"@context":"https:\/\/schema.org","@graph":[{"@type":"Article","@id":"https:\/\/www.eldiario.net\/portal\/2022\/02\/02\/presentan-proyecto-de-ley-para-declarar-patrimonio-cultural-al-chuta\/#article","isPartOf":{"@id":"https:\/\/www.eldiario.net\/portal\/2022\/02\/02\/presentan-proyecto-de-ley-para-declarar-patrimonio-cultural-al-chuta\/"},"author":{"name":"Jeanette","@id":"https:\/\/www.eldiario.net\/portal\/#\/schema\/person\/f46445640444750d7d753ccd04ae01b7"},"headline":"Presentan proyecto de ley para declarar Patrimonio Cultural al Ch\u2019uta","datePublished":"2022-02-02T09:25:12+00:00","mainEntityOfPage":{"@id":"https:\/\/www.eldiario.net\/portal\/2022\/02\/02\/presentan-proyecto-de-ley-para-declarar-patrimonio-cultural-al-chuta\/"},"wordCount":390,"publisher":{"@id":"https:\/\/www.eldiario.net\/portal\/#organization"},"image":{"@id":"https:\/\/www.eldiario.net\/portal\/2022\/02\/02\/presentan-proyecto-de-ley-para-declarar-patrimonio-cultural-al-chuta\/#primaryimage"},"thumbnailUrl":"","articleSection":["Cultural"],"inLanguage":"es"},{"@type":"WebPage","@id":"https:\/\/www.eldiario.net\/portal\/2022\/02\/02\/presentan-proyecto-de-ley-para-declarar-patrimonio-cultural-al-chuta\/","url":"https:\/\/www.eldiario.net\/portal\/2022\/02\/02\/presentan-proyecto-de-ley-para-declarar-patrimonio-cultural-al-chuta\/","name":"Presentan proyecto de ley para declarar Patrimonio Cultural al Ch\u2019uta - El Diario - Bolivia","isPartOf":{"@id":"https:\/\/www.eldiario.net\/portal\/#website"},"primaryImageOfPage":{"@id":"https:\/\/www.eldiario.net\/portal\/2022\/02\/02\/presentan-proyecto-de-ley-para-declarar-patrimonio-cultural-al-chuta\/#primaryimage"},"image":{"@id":"https:\/\/www.eldiario.net\/portal\/2022\/02\/02\/presentan-proyecto-de-ley-para-declarar-patrimonio-cultural-al-chuta\/#primaryimage"},"thumbnailUrl":"","datePublished":"2022-02-02T09:25:12+00:00","breadcrumb":{"@id":"https:\/\/www.eldiario.net\/portal\/2022\/02\/02\/presentan-proyecto-de-ley-para-declarar-patrimonio-cultural-al-chuta\/#breadcrumb"},"inLanguage":"es","potentialAction":[{"@type":"ReadAction","target":["https:\/\/www.eldiario.net\/portal\/2022\/02\/02\/presentan-proyecto-de-ley-para-declarar-patrimonio-cultural-al-chuta\/"]}]},{"@type":"ImageObject","inLanguage":"es","@id":"https:\/\/www.eldiario.net\/portal\/2022\/02\/02\/presentan-proyecto-de-ley-para-declarar-patrimonio-cultural-al-chuta\/#primaryimage","url":"","contentUrl":""},{"@type":"BreadcrumbList","@id":"https:\/\/www.eldiario.net\/portal\/2022\/02\/02\/presentan-proyecto-de-ley-para-declarar-patrimonio-cultural-al-chuta\/#breadcrumb","itemListElement":[{"@type":"ListItem","position":1,"name":"Portada","item":"https:\/\/www.eldiario.net\/portal\/"},{"@type":"ListItem","position":2,"name":"Presentan proyecto de ley para declarar Patrimonio Cultural al Ch\u2019uta"}]},{"@type":"WebSite","@id":"https:\/\/www.eldiario.net\/portal\/#website","url":"https:\/\/www.eldiario.net\/portal\/","name":"El Diario - Decano de la prensa nacional","description":"El Diario - Decano de la prensa nacional","publisher":{"@id":"https:\/\/www.eldiario.net\/portal\/#organization"},"potentialAction":[{"@type":"SearchAction","target":{"@type":"EntryPoint","urlTemplate":"https:\/\/www.eldiario.net\/portal\/?s={search_term_string}"},"query-input":{"@type":"PropertyValueSpecification","valueRequired":true,"valueName":"search_term_string"}}],"inLanguage":"es"},{"@type":"Organization","@id":"https:\/\/www.eldiario.net\/portal\/#organization","name":"El Diario - Decano de la prensa nacional","url":"https:\/\/www.eldiario.net\/portal\/","logo":{"@type":"ImageObject","inLanguage":"es","@id":"https:\/\/www.eldiario.net\/portal\/#\/schema\/logo\/image\/","url":"https:\/\/www.eldiario.net\/portal\/wp-content\/uploads\/2023\/07\/logo_ED.jpg","contentUrl":"https:\/\/www.eldiario.net\/portal\/wp-content\/uploads\/2023\/07\/logo_ED.jpg","width":272,"height":52,"caption":"El Diario - Decano de la prensa nacional"},"image":{"@id":"https:\/\/www.eldiario.net\/portal\/#\/schema\/logo\/image\/"},"sameAs":["https:\/\/www.facebook.com\/eldiario.bolivia\/","https:\/\/x.com\/eldiario_net"]},{"@type":"Person","@id":"https:\/\/www.eldiario.net\/portal\/#\/schema\/person\/f46445640444750d7d753ccd04ae01b7","name":"Jeanette","image":{"@type":"ImageObject","inLanguage":"es","@id":"https:\/\/secure.gravatar.com\/avatar\/3ea2118a5f7dad2b7138b1187a6b7ee55f160b9968b66013c3a3ef39dd7e5798?s=96&d=mm&r=g","url":"https:\/\/secure.gravatar.com\/avatar\/3ea2118a5f7dad2b7138b1187a6b7ee55f160b9968b66013c3a3ef39dd7e5798?s=96&d=mm&r=g","contentUrl":"https:\/\/secure.gravatar.com\/avatar\/3ea2118a5f7dad2b7138b1187a6b7ee55f160b9968b66013c3a3ef39dd7e5798?s=96&d=mm&r=g","caption":"Jeanette"},"sameAs":["https:\/\/www.eldiario.net\/portal"],"url":"https:\/\/www.eldiario.net\/portal\/author\/jeanette\/"}]}},"_links":{"self":[{"href":"https:\/\/www.eldiario.net\/portal\/wp-json\/wp\/v2\/posts\/60438","targetHints":{"allow":["GET"]}}],"collection":[{"href":"https:\/\/www.eldiario.net\/portal\/wp-json\/wp\/v2\/posts"}],"about":[{"href":"https:\/\/www.eldiario.net\/portal\/wp-json\/wp\/v2\/types\/post"}],"author":[{"embeddable":true,"href":"https:\/\/www.eldiario.net\/portal\/wp-json\/wp\/v2\/users\/1"}],"replies":[{"embeddable":true,"href":"https:\/\/www.eldiario.net\/portal\/wp-json\/wp\/v2\/comments?post=60438"}],"version-history":[{"count":0,"href":"https:\/\/www.eldiario.net\/portal\/wp-json\/wp\/v2\/posts\/60438\/revisions"}],"wp:attachment":[{"href":"https:\/\/www.eldiario.net\/portal\/wp-json\/wp\/v2\/media?parent=60438"}],"wp:term":[{"taxonomy":"category","embeddable":true,"href":"https:\/\/www.eldiario.net\/portal\/wp-json\/wp\/v2\/categories?post=60438"},{"taxonomy":"post_tag","embeddable":true,"href":"https:\/\/www.eldiario.net\/portal\/wp-json\/wp\/v2\/tags?post=60438"}],"curies":[{"name":"wp","href":"https:\/\/api.w.org\/{rel}","templated":true}]}}