{"id":6043,"date":"2021-05-24T06:15:49","date_gmt":"2021-05-24T10:15:49","guid":{"rendered":"https:\/\/www.eldiario.net\/portal\/?p=6043"},"modified":"2021-05-24T06:15:49","modified_gmt":"2021-05-24T10:15:49","slug":"eligen-en-seis-departamentos-a-autoridades-estudiantiles","status":"publish","type":"post","link":"https:\/\/www.eldiario.net\/portal\/2021\/05\/24\/eligen-en-seis-departamentos-a-autoridades-estudiantiles\/","title":{"rendered":"Eligen en seis departamentos a autoridades estudiantiles"},"content":{"rendered":"<p>Con la finalidad de mejorar y contribuir con la cultura democr\u00e1tica en ni\u00f1os y j\u00f3venes, contando con el apoyo del \u00d3rgano Electoral Plurinacional (OEP), desde el pasado viernes 21, los alumnos de distintas unidades educativas en 6 departamentos del pa\u00eds realizan la elecci\u00f3n de sus autoridades estudiantiles. Para esta actividad fueron capacitados maestros, directores, t\u00e9cnicos y el alumnado.<br \/>\nLa elecci\u00f3n es promovida por la Confederaci\u00f3n de Estudiantes de Secundaria de Bolivia y cuenta con el apoyo del Servicio Intercultural de Fortalecimiento Democr\u00e1tico (Sifde), mediante la implementaci\u00f3n del programa \u201cPromoci\u00f3n de la democracia intercultural en la conformaci\u00f3n de gobiernos estudiantiles en el sistema educativo plurinacional\u201d, en coordinaci\u00f3n con el Ministerio de Educaci\u00f3n.<br \/>\nDesde el pasado viernes, en algunos departamentos la elecci\u00f3n se desarroll\u00f3 de manera simult\u00e1nea. Por ejemplo, en Pando participaron 169 unidades educativas; de \u00e9stas, 97 eligieron sus representantes en asambleas, 66 por voto directo y secreto, y seis por normas y procedimientos propios.<br \/>\nEn Aiquile (Cochabamba), los estudiantes de la unidad educativa Kewi\u00f1al eligieron a sus representantes mediante filas que formaron detr\u00e1s de los frentes. En otras unidades lo hicieron con voto directo y secreto.<br \/>\nComo parte del proyecto de conformaci\u00f3n de gobiernos estudiantiles, el Sifde elabor\u00f3 los contenidos de la capacitaci\u00f3n a directores distritales y t\u00e9cnicos de educaci\u00f3n, maestros y estudiantes, que contemplan principios y valores de la democracia intercultural.<br \/>\nPara esta actividad se capacit\u00f3 en cursos presenciales a 996 directores distritales y t\u00e9cnicos de educaci\u00f3n, 704 maestros y 68 estudiantes; imparti\u00f3 cursos virtuales a 872 maestros y 141 directores distritales y t\u00e9cnicos, y entren\u00f3 a 2.114 maestros y 628 estudiantes por la v\u00eda virtual.<br \/>\nTambi\u00e9n se dise\u00f1aron los materiales usados en estos comicios y se entreg\u00f3 modelos de papeleta de sufragio, acta electoral, hoja de trabajo, certificado de sufragio y credenciales en formato digital a los Sifde Departamental para que los materiales sean entregados a los directores distritales y t\u00e9cnicos de educaci\u00f3n.<br \/>\nLa Confederaci\u00f3n de Estudiantes de Secundaria de Bolivia convoc\u00f3 a la elecci\u00f3n de representantes estudiantiles este viernes 21 de mayo, actividad que es apoyada por el OEP y por el Ministerio de Educaci\u00f3n en todas las unidades educativas del pa\u00eds. A pesar de ello, maestros y padres de familia de varias regiones solicitaron postergar los comicios debido al incremento de contagios y decesos por covid-19.<\/p>\n","protected":false},"excerpt":{"rendered":"<p>Con la finalidad de mejorar y contribuir con la cultura democr\u00e1tica en ni\u00f1os y j\u00f3venes, contando con el apoyo del \u00d3rgano Electoral Plurinacional (OEP), desde el pasado viernes 21, los alumnos de distintas unidades educativas en 6 departamentos del pa\u00eds realizan la elecci\u00f3n de sus autoridades estudiantiles. Para esta actividad fueron capacitados maestros, directores, t\u00e9cnicos [&hellip;]<\/p>\n","protected":false},"author":1,"featured_media":6044,"comment_status":"closed","ping_status":"closed","sticky":false,"template":"","format":"standard","meta":{"_acf_changed":false,"footnotes":""},"categories":[14],"tags":[],"class_list":["post-6043","post","type-post","status-publish","format-standard","has-post-thumbnail","category-politica"],"acf":{"antetitulo":""},"yoast_head":"<!-- This site is optimized with the Yoast SEO plugin v28.4 - https:\/\/yoast.com\/product\/yoast-seo-wordpress\/ -->\n<title>Eligen en seis departamentos a autoridades estudiantiles - El Diario - Bolivia<\/title>\n<meta name=\"robots\" content=\"index, follow, max-snippet:-1, max-image-preview:large, max-video-preview:-1\" \/>\n<link rel=\"canonical\" href=\"https:\/\/www.eldiario.net\/portal\/2021\/05\/24\/eligen-en-seis-departamentos-a-autoridades-estudiantiles\/\" \/>\n<meta property=\"og:locale\" content=\"es_ES\" \/>\n<meta property=\"og:type\" content=\"article\" \/>\n<meta property=\"og:title\" content=\"Eligen en seis departamentos a autoridades estudiantiles - El Diario - Bolivia\" \/>\n<meta property=\"og:description\" content=\"Con la finalidad de mejorar y contribuir con la cultura democr\u00e1tica en ni\u00f1os y j\u00f3venes, contando con el apoyo del \u00d3rgano Electoral Plurinacional (OEP), desde el pasado viernes 21, los alumnos de distintas unidades educativas en 6 departamentos del pa\u00eds realizan la elecci\u00f3n de sus autoridades estudiantiles. Para esta actividad fueron capacitados maestros, directores, t\u00e9cnicos [&hellip;]\" \/>\n<meta property=\"og:url\" content=\"https:\/\/www.eldiario.net\/portal\/2021\/05\/24\/eligen-en-seis-departamentos-a-autoridades-estudiantiles\/\" \/>\n<meta property=\"og:site_name\" content=\"El Diario - Bolivia\" \/>\n<meta property=\"article:publisher\" content=\"https:\/\/www.facebook.com\/eldiario.bolivia\/\" \/>\n<meta property=\"article:published_time\" content=\"2021-05-24T10:15:49+00:00\" \/>\n<meta name=\"author\" content=\"Jeanette\" \/>\n<meta name=\"twitter:card\" content=\"summary_large_image\" \/>\n<meta name=\"twitter:creator\" content=\"@eldiario_net\" \/>\n<meta name=\"twitter:site\" content=\"@eldiario_net\" \/>\n<meta name=\"twitter:label1\" content=\"Escrito por\" \/>\n\t<meta name=\"twitter:data1\" content=\"Jeanette\" \/>\n\t<meta name=\"twitter:label2\" content=\"Tiempo de lectura\" \/>\n\t<meta name=\"twitter:data2\" content=\"2 minutos\" \/>\n<script type=\"application\/ld+json\" class=\"yoast-schema-graph\">{\"@context\":\"https:\\\/\\\/schema.org\",\"@graph\":[{\"@type\":\"Article\",\"@id\":\"https:\\\/\\\/www.eldiario.net\\\/portal\\\/2021\\\/05\\\/24\\\/eligen-en-seis-departamentos-a-autoridades-estudiantiles\\\/#article\",\"isPartOf\":{\"@id\":\"https:\\\/\\\/www.eldiario.net\\\/portal\\\/2021\\\/05\\\/24\\\/eligen-en-seis-departamentos-a-autoridades-estudiantiles\\\/\"},\"author\":{\"name\":\"Jeanette\",\"@id\":\"https:\\\/\\\/www.eldiario.net\\\/portal\\\/#\\\/schema\\\/person\\\/f46445640444750d7d753ccd04ae01b7\"},\"headline\":\"Eligen en seis departamentos a autoridades estudiantiles\",\"datePublished\":\"2021-05-24T10:15:49+00:00\",\"mainEntityOfPage\":{\"@id\":\"https:\\\/\\\/www.eldiario.net\\\/portal\\\/2021\\\/05\\\/24\\\/eligen-en-seis-departamentos-a-autoridades-estudiantiles\\\/\"},\"wordCount\":408,\"publisher\":{\"@id\":\"https:\\\/\\\/www.eldiario.net\\\/portal\\\/#organization\"},\"image\":{\"@id\":\"https:\\\/\\\/www.eldiario.net\\\/portal\\\/2021\\\/05\\\/24\\\/eligen-en-seis-departamentos-a-autoridades-estudiantiles\\\/#primaryimage\"},\"thumbnailUrl\":\"\",\"articleSection\":[\"Pol\u00edtica\"],\"inLanguage\":\"es\"},{\"@type\":\"WebPage\",\"@id\":\"https:\\\/\\\/www.eldiario.net\\\/portal\\\/2021\\\/05\\\/24\\\/eligen-en-seis-departamentos-a-autoridades-estudiantiles\\\/\",\"url\":\"https:\\\/\\\/www.eldiario.net\\\/portal\\\/2021\\\/05\\\/24\\\/eligen-en-seis-departamentos-a-autoridades-estudiantiles\\\/\",\"name\":\"Eligen en seis departamentos a autoridades estudiantiles - El Diario - Bolivia\",\"isPartOf\":{\"@id\":\"https:\\\/\\\/www.eldiario.net\\\/portal\\\/#website\"},\"primaryImageOfPage\":{\"@id\":\"https:\\\/\\\/www.eldiario.net\\\/portal\\\/2021\\\/05\\\/24\\\/eligen-en-seis-departamentos-a-autoridades-estudiantiles\\\/#primaryimage\"},\"image\":{\"@id\":\"https:\\\/\\\/www.eldiario.net\\\/portal\\\/2021\\\/05\\\/24\\\/eligen-en-seis-departamentos-a-autoridades-estudiantiles\\\/#primaryimage\"},\"thumbnailUrl\":\"\",\"datePublished\":\"2021-05-24T10:15:49+00:00\",\"breadcrumb\":{\"@id\":\"https:\\\/\\\/www.eldiario.net\\\/portal\\\/2021\\\/05\\\/24\\\/eligen-en-seis-departamentos-a-autoridades-estudiantiles\\\/#breadcrumb\"},\"inLanguage\":\"es\",\"potentialAction\":[{\"@type\":\"ReadAction\",\"target\":[\"https:\\\/\\\/www.eldiario.net\\\/portal\\\/2021\\\/05\\\/24\\\/eligen-en-seis-departamentos-a-autoridades-estudiantiles\\\/\"]}]},{\"@type\":\"ImageObject\",\"inLanguage\":\"es\",\"@id\":\"https:\\\/\\\/www.eldiario.net\\\/portal\\\/2021\\\/05\\\/24\\\/eligen-en-seis-departamentos-a-autoridades-estudiantiles\\\/#primaryimage\",\"url\":\"\",\"contentUrl\":\"\"},{\"@type\":\"BreadcrumbList\",\"@id\":\"https:\\\/\\\/www.eldiario.net\\\/portal\\\/2021\\\/05\\\/24\\\/eligen-en-seis-departamentos-a-autoridades-estudiantiles\\\/#breadcrumb\",\"itemListElement\":[{\"@type\":\"ListItem\",\"position\":1,\"name\":\"Portada\",\"item\":\"https:\\\/\\\/www.eldiario.net\\\/portal\\\/\"},{\"@type\":\"ListItem\",\"position\":2,\"name\":\"Eligen en seis departamentos a autoridades estudiantiles\"}]},{\"@type\":\"WebSite\",\"@id\":\"https:\\\/\\\/www.eldiario.net\\\/portal\\\/#website\",\"url\":\"https:\\\/\\\/www.eldiario.net\\\/portal\\\/\",\"name\":\"El Diario - Decano de la prensa nacional\",\"description\":\"El Diario - Decano de la prensa nacional\",\"publisher\":{\"@id\":\"https:\\\/\\\/www.eldiario.net\\\/portal\\\/#organization\"},\"potentialAction\":[{\"@type\":\"SearchAction\",\"target\":{\"@type\":\"EntryPoint\",\"urlTemplate\":\"https:\\\/\\\/www.eldiario.net\\\/portal\\\/?s={search_term_string}\"},\"query-input\":{\"@type\":\"PropertyValueSpecification\",\"valueRequired\":true,\"valueName\":\"search_term_string\"}}],\"inLanguage\":\"es\"},{\"@type\":\"Organization\",\"@id\":\"https:\\\/\\\/www.eldiario.net\\\/portal\\\/#organization\",\"name\":\"El Diario - Decano de la prensa nacional\",\"url\":\"https:\\\/\\\/www.eldiario.net\\\/portal\\\/\",\"logo\":{\"@type\":\"ImageObject\",\"inLanguage\":\"es\",\"@id\":\"https:\\\/\\\/www.eldiario.net\\\/portal\\\/#\\\/schema\\\/logo\\\/image\\\/\",\"url\":\"https:\\\/\\\/www.eldiario.net\\\/portal\\\/wp-content\\\/uploads\\\/2023\\\/07\\\/logo_ED.jpg\",\"contentUrl\":\"https:\\\/\\\/www.eldiario.net\\\/portal\\\/wp-content\\\/uploads\\\/2023\\\/07\\\/logo_ED.jpg\",\"width\":272,\"height\":52,\"caption\":\"El Diario - Decano de la prensa nacional\"},\"image\":{\"@id\":\"https:\\\/\\\/www.eldiario.net\\\/portal\\\/#\\\/schema\\\/logo\\\/image\\\/\"},\"sameAs\":[\"https:\\\/\\\/www.facebook.com\\\/eldiario.bolivia\\\/\",\"https:\\\/\\\/x.com\\\/eldiario_net\"]},{\"@type\":\"Person\",\"@id\":\"https:\\\/\\\/www.eldiario.net\\\/portal\\\/#\\\/schema\\\/person\\\/f46445640444750d7d753ccd04ae01b7\",\"name\":\"Jeanette\",\"image\":{\"@type\":\"ImageObject\",\"inLanguage\":\"es\",\"@id\":\"https:\\\/\\\/secure.gravatar.com\\\/avatar\\\/3ea2118a5f7dad2b7138b1187a6b7ee55f160b9968b66013c3a3ef39dd7e5798?s=96&d=mm&r=g\",\"url\":\"https:\\\/\\\/secure.gravatar.com\\\/avatar\\\/3ea2118a5f7dad2b7138b1187a6b7ee55f160b9968b66013c3a3ef39dd7e5798?s=96&d=mm&r=g\",\"contentUrl\":\"https:\\\/\\\/secure.gravatar.com\\\/avatar\\\/3ea2118a5f7dad2b7138b1187a6b7ee55f160b9968b66013c3a3ef39dd7e5798?s=96&d=mm&r=g\",\"caption\":\"Jeanette\"},\"sameAs\":[\"https:\\\/\\\/www.eldiario.net\\\/portal\"],\"url\":\"https:\\\/\\\/www.eldiario.net\\\/portal\\\/author\\\/jeanette\\\/\"}]}<\/script>\n<!-- \/ Yoast SEO plugin. -->","yoast_head_json":{"title":"Eligen en seis departamentos a autoridades estudiantiles - El Diario - Bolivia","robots":{"index":"index","follow":"follow","max-snippet":"max-snippet:-1","max-image-preview":"max-image-preview:large","max-video-preview":"max-video-preview:-1"},"canonical":"https:\/\/www.eldiario.net\/portal\/2021\/05\/24\/eligen-en-seis-departamentos-a-autoridades-estudiantiles\/","og_locale":"es_ES","og_type":"article","og_title":"Eligen en seis departamentos a autoridades estudiantiles - El Diario - Bolivia","og_description":"Con la finalidad de mejorar y contribuir con la cultura democr\u00e1tica en ni\u00f1os y j\u00f3venes, contando con el apoyo del \u00d3rgano Electoral Plurinacional (OEP), desde el pasado viernes 21, los alumnos de distintas unidades educativas en 6 departamentos del pa\u00eds realizan la elecci\u00f3n de sus autoridades estudiantiles. Para esta actividad fueron capacitados maestros, directores, t\u00e9cnicos [&hellip;]","og_url":"https:\/\/www.eldiario.net\/portal\/2021\/05\/24\/eligen-en-seis-departamentos-a-autoridades-estudiantiles\/","og_site_name":"El Diario - Bolivia","article_publisher":"https:\/\/www.facebook.com\/eldiario.bolivia\/","article_published_time":"2021-05-24T10:15:49+00:00","author":"Jeanette","twitter_card":"summary_large_image","twitter_creator":"@eldiario_net","twitter_site":"@eldiario_net","twitter_misc":{"Escrito por":"Jeanette","Tiempo de lectura":"2 minutos"},"schema":{"@context":"https:\/\/schema.org","@graph":[{"@type":"Article","@id":"https:\/\/www.eldiario.net\/portal\/2021\/05\/24\/eligen-en-seis-departamentos-a-autoridades-estudiantiles\/#article","isPartOf":{"@id":"https:\/\/www.eldiario.net\/portal\/2021\/05\/24\/eligen-en-seis-departamentos-a-autoridades-estudiantiles\/"},"author":{"name":"Jeanette","@id":"https:\/\/www.eldiario.net\/portal\/#\/schema\/person\/f46445640444750d7d753ccd04ae01b7"},"headline":"Eligen en seis departamentos a autoridades estudiantiles","datePublished":"2021-05-24T10:15:49+00:00","mainEntityOfPage":{"@id":"https:\/\/www.eldiario.net\/portal\/2021\/05\/24\/eligen-en-seis-departamentos-a-autoridades-estudiantiles\/"},"wordCount":408,"publisher":{"@id":"https:\/\/www.eldiario.net\/portal\/#organization"},"image":{"@id":"https:\/\/www.eldiario.net\/portal\/2021\/05\/24\/eligen-en-seis-departamentos-a-autoridades-estudiantiles\/#primaryimage"},"thumbnailUrl":"","articleSection":["Pol\u00edtica"],"inLanguage":"es"},{"@type":"WebPage","@id":"https:\/\/www.eldiario.net\/portal\/2021\/05\/24\/eligen-en-seis-departamentos-a-autoridades-estudiantiles\/","url":"https:\/\/www.eldiario.net\/portal\/2021\/05\/24\/eligen-en-seis-departamentos-a-autoridades-estudiantiles\/","name":"Eligen en seis departamentos a autoridades estudiantiles - El Diario - Bolivia","isPartOf":{"@id":"https:\/\/www.eldiario.net\/portal\/#website"},"primaryImageOfPage":{"@id":"https:\/\/www.eldiario.net\/portal\/2021\/05\/24\/eligen-en-seis-departamentos-a-autoridades-estudiantiles\/#primaryimage"},"image":{"@id":"https:\/\/www.eldiario.net\/portal\/2021\/05\/24\/eligen-en-seis-departamentos-a-autoridades-estudiantiles\/#primaryimage"},"thumbnailUrl":"","datePublished":"2021-05-24T10:15:49+00:00","breadcrumb":{"@id":"https:\/\/www.eldiario.net\/portal\/2021\/05\/24\/eligen-en-seis-departamentos-a-autoridades-estudiantiles\/#breadcrumb"},"inLanguage":"es","potentialAction":[{"@type":"ReadAction","target":["https:\/\/www.eldiario.net\/portal\/2021\/05\/24\/eligen-en-seis-departamentos-a-autoridades-estudiantiles\/"]}]},{"@type":"ImageObject","inLanguage":"es","@id":"https:\/\/www.eldiario.net\/portal\/2021\/05\/24\/eligen-en-seis-departamentos-a-autoridades-estudiantiles\/#primaryimage","url":"","contentUrl":""},{"@type":"BreadcrumbList","@id":"https:\/\/www.eldiario.net\/portal\/2021\/05\/24\/eligen-en-seis-departamentos-a-autoridades-estudiantiles\/#breadcrumb","itemListElement":[{"@type":"ListItem","position":1,"name":"Portada","item":"https:\/\/www.eldiario.net\/portal\/"},{"@type":"ListItem","position":2,"name":"Eligen en seis departamentos a autoridades estudiantiles"}]},{"@type":"WebSite","@id":"https:\/\/www.eldiario.net\/portal\/#website","url":"https:\/\/www.eldiario.net\/portal\/","name":"El Diario - Decano de la prensa nacional","description":"El Diario - Decano de la prensa nacional","publisher":{"@id":"https:\/\/www.eldiario.net\/portal\/#organization"},"potentialAction":[{"@type":"SearchAction","target":{"@type":"EntryPoint","urlTemplate":"https:\/\/www.eldiario.net\/portal\/?s={search_term_string}"},"query-input":{"@type":"PropertyValueSpecification","valueRequired":true,"valueName":"search_term_string"}}],"inLanguage":"es"},{"@type":"Organization","@id":"https:\/\/www.eldiario.net\/portal\/#organization","name":"El Diario - Decano de la prensa nacional","url":"https:\/\/www.eldiario.net\/portal\/","logo":{"@type":"ImageObject","inLanguage":"es","@id":"https:\/\/www.eldiario.net\/portal\/#\/schema\/logo\/image\/","url":"https:\/\/www.eldiario.net\/portal\/wp-content\/uploads\/2023\/07\/logo_ED.jpg","contentUrl":"https:\/\/www.eldiario.net\/portal\/wp-content\/uploads\/2023\/07\/logo_ED.jpg","width":272,"height":52,"caption":"El Diario - Decano de la prensa nacional"},"image":{"@id":"https:\/\/www.eldiario.net\/portal\/#\/schema\/logo\/image\/"},"sameAs":["https:\/\/www.facebook.com\/eldiario.bolivia\/","https:\/\/x.com\/eldiario_net"]},{"@type":"Person","@id":"https:\/\/www.eldiario.net\/portal\/#\/schema\/person\/f46445640444750d7d753ccd04ae01b7","name":"Jeanette","image":{"@type":"ImageObject","inLanguage":"es","@id":"https:\/\/secure.gravatar.com\/avatar\/3ea2118a5f7dad2b7138b1187a6b7ee55f160b9968b66013c3a3ef39dd7e5798?s=96&d=mm&r=g","url":"https:\/\/secure.gravatar.com\/avatar\/3ea2118a5f7dad2b7138b1187a6b7ee55f160b9968b66013c3a3ef39dd7e5798?s=96&d=mm&r=g","contentUrl":"https:\/\/secure.gravatar.com\/avatar\/3ea2118a5f7dad2b7138b1187a6b7ee55f160b9968b66013c3a3ef39dd7e5798?s=96&d=mm&r=g","caption":"Jeanette"},"sameAs":["https:\/\/www.eldiario.net\/portal"],"url":"https:\/\/www.eldiario.net\/portal\/author\/jeanette\/"}]}},"_links":{"self":[{"href":"https:\/\/www.eldiario.net\/portal\/wp-json\/wp\/v2\/posts\/6043","targetHints":{"allow":["GET"]}}],"collection":[{"href":"https:\/\/www.eldiario.net\/portal\/wp-json\/wp\/v2\/posts"}],"about":[{"href":"https:\/\/www.eldiario.net\/portal\/wp-json\/wp\/v2\/types\/post"}],"author":[{"embeddable":true,"href":"https:\/\/www.eldiario.net\/portal\/wp-json\/wp\/v2\/users\/1"}],"replies":[{"embeddable":true,"href":"https:\/\/www.eldiario.net\/portal\/wp-json\/wp\/v2\/comments?post=6043"}],"version-history":[{"count":0,"href":"https:\/\/www.eldiario.net\/portal\/wp-json\/wp\/v2\/posts\/6043\/revisions"}],"wp:attachment":[{"href":"https:\/\/www.eldiario.net\/portal\/wp-json\/wp\/v2\/media?parent=6043"}],"wp:term":[{"taxonomy":"category","embeddable":true,"href":"https:\/\/www.eldiario.net\/portal\/wp-json\/wp\/v2\/categories?post=6043"},{"taxonomy":"post_tag","embeddable":true,"href":"https:\/\/www.eldiario.net\/portal\/wp-json\/wp\/v2\/tags?post=6043"}],"curies":[{"name":"wp","href":"https:\/\/api.w.org\/{rel}","templated":true}]}}