{"id":60428,"date":"2022-02-02T05:22:41","date_gmt":"2022-02-02T09:22:41","guid":{"rendered":"https:\/\/www.eldiario.net\/portal\/?p=60428"},"modified":"2022-02-02T05:22:41","modified_gmt":"2022-02-02T09:22:41","slug":"rin-no-logran-subir-a-us-5-000-millones","status":"publish","type":"post","link":"https:\/\/www.eldiario.net\/portal\/2022\/02\/02\/rin-no-logran-subir-a-us-5-000-millones\/","title":{"rendered":"RIN no logran subir  a $us 5.000 millones"},"content":{"rendered":"<p>Las Reservas Internacionales Netas no logran subir a los 5.000 millones de d\u00f3lares y se mantienen en un poco m\u00e1s de los 4.700 millones, de acuerdo al informe de estad\u00edstica semanal del Banco Central de Bolivia (BCB).<br \/>\nAl 21 enero de 2022 las RIN alcanzan a 4.714 millones de d\u00f3lares, la cifra m\u00e1s baja de los \u00faltimos meses. A fines de agosto de 2021 se alcanz\u00f3 una cifra de 5.116 millones, pero luego la tendencia fue a la baja.<br \/>\nDe acuerdo al economista y exdirector del BCB, Gabriel Espinoza, en una entrevista anterior, dijo que el 2021, el Gobierno se hizo pr\u00e9stamos de la entidad emisora de miles de millones de bolivianos.<br \/>\nMientras tanto, el economista Luis Fernando Garc\u00eda, en su twitter, explica que la teor\u00eda econ\u00f3mica dice que las Reservas Internacionales son la base fundamental para dar continuidad, seguridad, solidez y consolidaci\u00f3n al sistema econ\u00f3mico.<br \/>\n\u201cSe emite dinero muchas veces basado en la cantidad de Reservas Internacionales que tiene cada pa\u00eds\u201d, se\u00f1al\u00f3 en su twitter e indic\u00f3 que el sistema econ\u00f3mico necesita de una garant\u00eda y solvencia y eso te da los recursos econ\u00f3micos que te proveen de las exportaciones a nivel nacional.<br \/>\nSin embargo cuestiona las decisiones del Gobierno con respecto a las restricciones de exportaci\u00f3n. \u201cNos dice el Gobierno que no se puede exportar, nos est\u00e1 franqueando la posibilidad de lograr recursos econ\u00f3micos que vienen v\u00eda exportaciones\u2026\u201d, lamenta.<br \/>\nAsegura que el Gobierno no tiene un norte, declaraci\u00f3n que coincide con lo expresado por Espinoza en una entrevista anterior.<br \/>\nEspinoza se\u00f1al\u00f3 que el modelo ya estaba agotado antes de la pandemia, mientras el economista y docente de la Universidad T\u00e9cnica de Oruro (UTO), Ernesto Bernal, opin\u00f3 que al parecer las autoridades apuestan al piloto autom\u00e1tico de los precios internacionales de las materias primas.<\/p>\n","protected":false},"excerpt":{"rendered":"<p>Las Reservas Internacionales Netas no logran subir a los 5.000 millones de d\u00f3lares y se mantienen en un poco m\u00e1s de los 4.700 millones, de acuerdo al informe de estad\u00edstica semanal del Banco Central de Bolivia (BCB). Al 21 enero de 2022 las RIN alcanzan a 4.714 millones de d\u00f3lares, la cifra m\u00e1s baja de [&hellip;]<\/p>\n","protected":false},"author":1,"featured_media":60429,"comment_status":"closed","ping_status":"closed","sticky":false,"template":"","format":"standard","meta":{"_acf_changed":false,"footnotes":""},"categories":[7],"tags":[],"class_list":["post-60428","post","type-post","status-publish","format-standard","has-post-thumbnail","category-economia"],"acf":{"antetitulo":""},"yoast_head":"<!-- This site is optimized with the Yoast SEO plugin v28.3 - https:\/\/yoast.com\/product\/yoast-seo-wordpress\/ -->\n<title>RIN no logran subir a $us 5.000 millones - El Diario - Bolivia<\/title>\n<meta name=\"robots\" content=\"index, follow, max-snippet:-1, max-image-preview:large, max-video-preview:-1\" \/>\n<link rel=\"canonical\" href=\"https:\/\/www.eldiario.net\/portal\/2022\/02\/02\/rin-no-logran-subir-a-us-5-000-millones\/\" \/>\n<meta property=\"og:locale\" content=\"es_ES\" \/>\n<meta property=\"og:type\" content=\"article\" \/>\n<meta property=\"og:title\" content=\"RIN no logran subir a $us 5.000 millones - El Diario - Bolivia\" \/>\n<meta property=\"og:description\" content=\"Las Reservas Internacionales Netas no logran subir a los 5.000 millones de d\u00f3lares y se mantienen en un poco m\u00e1s de los 4.700 millones, de acuerdo al informe de estad\u00edstica semanal del Banco Central de Bolivia (BCB). Al 21 enero de 2022 las RIN alcanzan a 4.714 millones de d\u00f3lares, la cifra m\u00e1s baja de [&hellip;]\" \/>\n<meta property=\"og:url\" content=\"https:\/\/www.eldiario.net\/portal\/2022\/02\/02\/rin-no-logran-subir-a-us-5-000-millones\/\" \/>\n<meta property=\"og:site_name\" content=\"El Diario - Bolivia\" \/>\n<meta property=\"article:publisher\" content=\"https:\/\/www.facebook.com\/eldiario.bolivia\/\" \/>\n<meta property=\"article:published_time\" content=\"2022-02-02T09:22:41+00:00\" \/>\n<meta name=\"author\" content=\"Jeanette\" \/>\n<meta name=\"twitter:card\" content=\"summary_large_image\" \/>\n<meta name=\"twitter:creator\" content=\"@eldiario_net\" \/>\n<meta name=\"twitter:site\" content=\"@eldiario_net\" \/>\n<meta name=\"twitter:label1\" content=\"Escrito por\" \/>\n\t<meta name=\"twitter:data1\" content=\"Jeanette\" \/>\n\t<meta name=\"twitter:label2\" content=\"Tiempo de lectura\" \/>\n\t<meta name=\"twitter:data2\" content=\"2 minutos\" \/>\n<script type=\"application\/ld+json\" class=\"yoast-schema-graph\">{\"@context\":\"https:\\\/\\\/schema.org\",\"@graph\":[{\"@type\":\"Article\",\"@id\":\"https:\\\/\\\/www.eldiario.net\\\/portal\\\/2022\\\/02\\\/02\\\/rin-no-logran-subir-a-us-5-000-millones\\\/#article\",\"isPartOf\":{\"@id\":\"https:\\\/\\\/www.eldiario.net\\\/portal\\\/2022\\\/02\\\/02\\\/rin-no-logran-subir-a-us-5-000-millones\\\/\"},\"author\":{\"name\":\"Jeanette\",\"@id\":\"https:\\\/\\\/www.eldiario.net\\\/portal\\\/#\\\/schema\\\/person\\\/f46445640444750d7d753ccd04ae01b7\"},\"headline\":\"RIN no logran subir a $us 5.000 millones\",\"datePublished\":\"2022-02-02T09:22:41+00:00\",\"mainEntityOfPage\":{\"@id\":\"https:\\\/\\\/www.eldiario.net\\\/portal\\\/2022\\\/02\\\/02\\\/rin-no-logran-subir-a-us-5-000-millones\\\/\"},\"wordCount\":317,\"publisher\":{\"@id\":\"https:\\\/\\\/www.eldiario.net\\\/portal\\\/#organization\"},\"image\":{\"@id\":\"https:\\\/\\\/www.eldiario.net\\\/portal\\\/2022\\\/02\\\/02\\\/rin-no-logran-subir-a-us-5-000-millones\\\/#primaryimage\"},\"thumbnailUrl\":\"\",\"articleSection\":[\"Econom\u00eda\"],\"inLanguage\":\"es\"},{\"@type\":\"WebPage\",\"@id\":\"https:\\\/\\\/www.eldiario.net\\\/portal\\\/2022\\\/02\\\/02\\\/rin-no-logran-subir-a-us-5-000-millones\\\/\",\"url\":\"https:\\\/\\\/www.eldiario.net\\\/portal\\\/2022\\\/02\\\/02\\\/rin-no-logran-subir-a-us-5-000-millones\\\/\",\"name\":\"RIN no logran subir a $us 5.000 millones - El Diario - Bolivia\",\"isPartOf\":{\"@id\":\"https:\\\/\\\/www.eldiario.net\\\/portal\\\/#website\"},\"primaryImageOfPage\":{\"@id\":\"https:\\\/\\\/www.eldiario.net\\\/portal\\\/2022\\\/02\\\/02\\\/rin-no-logran-subir-a-us-5-000-millones\\\/#primaryimage\"},\"image\":{\"@id\":\"https:\\\/\\\/www.eldiario.net\\\/portal\\\/2022\\\/02\\\/02\\\/rin-no-logran-subir-a-us-5-000-millones\\\/#primaryimage\"},\"thumbnailUrl\":\"\",\"datePublished\":\"2022-02-02T09:22:41+00:00\",\"breadcrumb\":{\"@id\":\"https:\\\/\\\/www.eldiario.net\\\/portal\\\/2022\\\/02\\\/02\\\/rin-no-logran-subir-a-us-5-000-millones\\\/#breadcrumb\"},\"inLanguage\":\"es\",\"potentialAction\":[{\"@type\":\"ReadAction\",\"target\":[\"https:\\\/\\\/www.eldiario.net\\\/portal\\\/2022\\\/02\\\/02\\\/rin-no-logran-subir-a-us-5-000-millones\\\/\"]}]},{\"@type\":\"ImageObject\",\"inLanguage\":\"es\",\"@id\":\"https:\\\/\\\/www.eldiario.net\\\/portal\\\/2022\\\/02\\\/02\\\/rin-no-logran-subir-a-us-5-000-millones\\\/#primaryimage\",\"url\":\"\",\"contentUrl\":\"\"},{\"@type\":\"BreadcrumbList\",\"@id\":\"https:\\\/\\\/www.eldiario.net\\\/portal\\\/2022\\\/02\\\/02\\\/rin-no-logran-subir-a-us-5-000-millones\\\/#breadcrumb\",\"itemListElement\":[{\"@type\":\"ListItem\",\"position\":1,\"name\":\"Portada\",\"item\":\"https:\\\/\\\/www.eldiario.net\\\/portal\\\/\"},{\"@type\":\"ListItem\",\"position\":2,\"name\":\"RIN no logran subir a $us 5.000 millones\"}]},{\"@type\":\"WebSite\",\"@id\":\"https:\\\/\\\/www.eldiario.net\\\/portal\\\/#website\",\"url\":\"https:\\\/\\\/www.eldiario.net\\\/portal\\\/\",\"name\":\"El Diario - Decano de la prensa nacional\",\"description\":\"El Diario - Decano de la prensa nacional\",\"publisher\":{\"@id\":\"https:\\\/\\\/www.eldiario.net\\\/portal\\\/#organization\"},\"potentialAction\":[{\"@type\":\"SearchAction\",\"target\":{\"@type\":\"EntryPoint\",\"urlTemplate\":\"https:\\\/\\\/www.eldiario.net\\\/portal\\\/?s={search_term_string}\"},\"query-input\":{\"@type\":\"PropertyValueSpecification\",\"valueRequired\":true,\"valueName\":\"search_term_string\"}}],\"inLanguage\":\"es\"},{\"@type\":\"Organization\",\"@id\":\"https:\\\/\\\/www.eldiario.net\\\/portal\\\/#organization\",\"name\":\"El Diario - Decano de la prensa nacional\",\"url\":\"https:\\\/\\\/www.eldiario.net\\\/portal\\\/\",\"logo\":{\"@type\":\"ImageObject\",\"inLanguage\":\"es\",\"@id\":\"https:\\\/\\\/www.eldiario.net\\\/portal\\\/#\\\/schema\\\/logo\\\/image\\\/\",\"url\":\"https:\\\/\\\/www.eldiario.net\\\/portal\\\/wp-content\\\/uploads\\\/2023\\\/07\\\/logo_ED.jpg\",\"contentUrl\":\"https:\\\/\\\/www.eldiario.net\\\/portal\\\/wp-content\\\/uploads\\\/2023\\\/07\\\/logo_ED.jpg\",\"width\":272,\"height\":52,\"caption\":\"El Diario - Decano de la prensa nacional\"},\"image\":{\"@id\":\"https:\\\/\\\/www.eldiario.net\\\/portal\\\/#\\\/schema\\\/logo\\\/image\\\/\"},\"sameAs\":[\"https:\\\/\\\/www.facebook.com\\\/eldiario.bolivia\\\/\",\"https:\\\/\\\/x.com\\\/eldiario_net\"]},{\"@type\":\"Person\",\"@id\":\"https:\\\/\\\/www.eldiario.net\\\/portal\\\/#\\\/schema\\\/person\\\/f46445640444750d7d753ccd04ae01b7\",\"name\":\"Jeanette\",\"image\":{\"@type\":\"ImageObject\",\"inLanguage\":\"es\",\"@id\":\"https:\\\/\\\/secure.gravatar.com\\\/avatar\\\/3ea2118a5f7dad2b7138b1187a6b7ee55f160b9968b66013c3a3ef39dd7e5798?s=96&d=mm&r=g\",\"url\":\"https:\\\/\\\/secure.gravatar.com\\\/avatar\\\/3ea2118a5f7dad2b7138b1187a6b7ee55f160b9968b66013c3a3ef39dd7e5798?s=96&d=mm&r=g\",\"contentUrl\":\"https:\\\/\\\/secure.gravatar.com\\\/avatar\\\/3ea2118a5f7dad2b7138b1187a6b7ee55f160b9968b66013c3a3ef39dd7e5798?s=96&d=mm&r=g\",\"caption\":\"Jeanette\"},\"sameAs\":[\"https:\\\/\\\/www.eldiario.net\\\/portal\"],\"url\":\"https:\\\/\\\/www.eldiario.net\\\/portal\\\/author\\\/jeanette\\\/\"}]}<\/script>\n<!-- \/ Yoast SEO plugin. -->","yoast_head_json":{"title":"RIN no logran subir a $us 5.000 millones - El Diario - Bolivia","robots":{"index":"index","follow":"follow","max-snippet":"max-snippet:-1","max-image-preview":"max-image-preview:large","max-video-preview":"max-video-preview:-1"},"canonical":"https:\/\/www.eldiario.net\/portal\/2022\/02\/02\/rin-no-logran-subir-a-us-5-000-millones\/","og_locale":"es_ES","og_type":"article","og_title":"RIN no logran subir a $us 5.000 millones - El Diario - Bolivia","og_description":"Las Reservas Internacionales Netas no logran subir a los 5.000 millones de d\u00f3lares y se mantienen en un poco m\u00e1s de los 4.700 millones, de acuerdo al informe de estad\u00edstica semanal del Banco Central de Bolivia (BCB). Al 21 enero de 2022 las RIN alcanzan a 4.714 millones de d\u00f3lares, la cifra m\u00e1s baja de [&hellip;]","og_url":"https:\/\/www.eldiario.net\/portal\/2022\/02\/02\/rin-no-logran-subir-a-us-5-000-millones\/","og_site_name":"El Diario - Bolivia","article_publisher":"https:\/\/www.facebook.com\/eldiario.bolivia\/","article_published_time":"2022-02-02T09:22:41+00:00","author":"Jeanette","twitter_card":"summary_large_image","twitter_creator":"@eldiario_net","twitter_site":"@eldiario_net","twitter_misc":{"Escrito por":"Jeanette","Tiempo de lectura":"2 minutos"},"schema":{"@context":"https:\/\/schema.org","@graph":[{"@type":"Article","@id":"https:\/\/www.eldiario.net\/portal\/2022\/02\/02\/rin-no-logran-subir-a-us-5-000-millones\/#article","isPartOf":{"@id":"https:\/\/www.eldiario.net\/portal\/2022\/02\/02\/rin-no-logran-subir-a-us-5-000-millones\/"},"author":{"name":"Jeanette","@id":"https:\/\/www.eldiario.net\/portal\/#\/schema\/person\/f46445640444750d7d753ccd04ae01b7"},"headline":"RIN no logran subir a $us 5.000 millones","datePublished":"2022-02-02T09:22:41+00:00","mainEntityOfPage":{"@id":"https:\/\/www.eldiario.net\/portal\/2022\/02\/02\/rin-no-logran-subir-a-us-5-000-millones\/"},"wordCount":317,"publisher":{"@id":"https:\/\/www.eldiario.net\/portal\/#organization"},"image":{"@id":"https:\/\/www.eldiario.net\/portal\/2022\/02\/02\/rin-no-logran-subir-a-us-5-000-millones\/#primaryimage"},"thumbnailUrl":"","articleSection":["Econom\u00eda"],"inLanguage":"es"},{"@type":"WebPage","@id":"https:\/\/www.eldiario.net\/portal\/2022\/02\/02\/rin-no-logran-subir-a-us-5-000-millones\/","url":"https:\/\/www.eldiario.net\/portal\/2022\/02\/02\/rin-no-logran-subir-a-us-5-000-millones\/","name":"RIN no logran subir a $us 5.000 millones - El Diario - Bolivia","isPartOf":{"@id":"https:\/\/www.eldiario.net\/portal\/#website"},"primaryImageOfPage":{"@id":"https:\/\/www.eldiario.net\/portal\/2022\/02\/02\/rin-no-logran-subir-a-us-5-000-millones\/#primaryimage"},"image":{"@id":"https:\/\/www.eldiario.net\/portal\/2022\/02\/02\/rin-no-logran-subir-a-us-5-000-millones\/#primaryimage"},"thumbnailUrl":"","datePublished":"2022-02-02T09:22:41+00:00","breadcrumb":{"@id":"https:\/\/www.eldiario.net\/portal\/2022\/02\/02\/rin-no-logran-subir-a-us-5-000-millones\/#breadcrumb"},"inLanguage":"es","potentialAction":[{"@type":"ReadAction","target":["https:\/\/www.eldiario.net\/portal\/2022\/02\/02\/rin-no-logran-subir-a-us-5-000-millones\/"]}]},{"@type":"ImageObject","inLanguage":"es","@id":"https:\/\/www.eldiario.net\/portal\/2022\/02\/02\/rin-no-logran-subir-a-us-5-000-millones\/#primaryimage","url":"","contentUrl":""},{"@type":"BreadcrumbList","@id":"https:\/\/www.eldiario.net\/portal\/2022\/02\/02\/rin-no-logran-subir-a-us-5-000-millones\/#breadcrumb","itemListElement":[{"@type":"ListItem","position":1,"name":"Portada","item":"https:\/\/www.eldiario.net\/portal\/"},{"@type":"ListItem","position":2,"name":"RIN no logran subir a $us 5.000 millones"}]},{"@type":"WebSite","@id":"https:\/\/www.eldiario.net\/portal\/#website","url":"https:\/\/www.eldiario.net\/portal\/","name":"El Diario - Decano de la prensa nacional","description":"El Diario - Decano de la prensa nacional","publisher":{"@id":"https:\/\/www.eldiario.net\/portal\/#organization"},"potentialAction":[{"@type":"SearchAction","target":{"@type":"EntryPoint","urlTemplate":"https:\/\/www.eldiario.net\/portal\/?s={search_term_string}"},"query-input":{"@type":"PropertyValueSpecification","valueRequired":true,"valueName":"search_term_string"}}],"inLanguage":"es"},{"@type":"Organization","@id":"https:\/\/www.eldiario.net\/portal\/#organization","name":"El Diario - Decano de la prensa nacional","url":"https:\/\/www.eldiario.net\/portal\/","logo":{"@type":"ImageObject","inLanguage":"es","@id":"https:\/\/www.eldiario.net\/portal\/#\/schema\/logo\/image\/","url":"https:\/\/www.eldiario.net\/portal\/wp-content\/uploads\/2023\/07\/logo_ED.jpg","contentUrl":"https:\/\/www.eldiario.net\/portal\/wp-content\/uploads\/2023\/07\/logo_ED.jpg","width":272,"height":52,"caption":"El Diario - Decano de la prensa nacional"},"image":{"@id":"https:\/\/www.eldiario.net\/portal\/#\/schema\/logo\/image\/"},"sameAs":["https:\/\/www.facebook.com\/eldiario.bolivia\/","https:\/\/x.com\/eldiario_net"]},{"@type":"Person","@id":"https:\/\/www.eldiario.net\/portal\/#\/schema\/person\/f46445640444750d7d753ccd04ae01b7","name":"Jeanette","image":{"@type":"ImageObject","inLanguage":"es","@id":"https:\/\/secure.gravatar.com\/avatar\/3ea2118a5f7dad2b7138b1187a6b7ee55f160b9968b66013c3a3ef39dd7e5798?s=96&d=mm&r=g","url":"https:\/\/secure.gravatar.com\/avatar\/3ea2118a5f7dad2b7138b1187a6b7ee55f160b9968b66013c3a3ef39dd7e5798?s=96&d=mm&r=g","contentUrl":"https:\/\/secure.gravatar.com\/avatar\/3ea2118a5f7dad2b7138b1187a6b7ee55f160b9968b66013c3a3ef39dd7e5798?s=96&d=mm&r=g","caption":"Jeanette"},"sameAs":["https:\/\/www.eldiario.net\/portal"],"url":"https:\/\/www.eldiario.net\/portal\/author\/jeanette\/"}]}},"_links":{"self":[{"href":"https:\/\/www.eldiario.net\/portal\/wp-json\/wp\/v2\/posts\/60428","targetHints":{"allow":["GET"]}}],"collection":[{"href":"https:\/\/www.eldiario.net\/portal\/wp-json\/wp\/v2\/posts"}],"about":[{"href":"https:\/\/www.eldiario.net\/portal\/wp-json\/wp\/v2\/types\/post"}],"author":[{"embeddable":true,"href":"https:\/\/www.eldiario.net\/portal\/wp-json\/wp\/v2\/users\/1"}],"replies":[{"embeddable":true,"href":"https:\/\/www.eldiario.net\/portal\/wp-json\/wp\/v2\/comments?post=60428"}],"version-history":[{"count":0,"href":"https:\/\/www.eldiario.net\/portal\/wp-json\/wp\/v2\/posts\/60428\/revisions"}],"wp:attachment":[{"href":"https:\/\/www.eldiario.net\/portal\/wp-json\/wp\/v2\/media?parent=60428"}],"wp:term":[{"taxonomy":"category","embeddable":true,"href":"https:\/\/www.eldiario.net\/portal\/wp-json\/wp\/v2\/categories?post=60428"},{"taxonomy":"post_tag","embeddable":true,"href":"https:\/\/www.eldiario.net\/portal\/wp-json\/wp\/v2\/tags?post=60428"}],"curies":[{"name":"wp","href":"https:\/\/api.w.org\/{rel}","templated":true}]}}