{"id":60426,"date":"2022-02-02T05:22:00","date_gmt":"2022-02-02T09:22:00","guid":{"rendered":"https:\/\/www.eldiario.net\/portal\/?p=60426"},"modified":"2022-02-02T05:22:00","modified_gmt":"2022-02-02T09:22:00","slug":"continuan-varados-camiones-bolivianos-en-paso-fronterizo-de-desaguadero","status":"publish","type":"post","link":"https:\/\/www.eldiario.net\/portal\/2022\/02\/02\/continuan-varados-camiones-bolivianos-en-paso-fronterizo-de-desaguadero\/","title":{"rendered":"Contin\u00faan varados camiones bolivianos  en paso fronterizo de Desaguadero"},"content":{"rendered":"<p>Los camiones bolivianos de carga internacional contin\u00faan varados en la zona fronteriza de Desaguadero a causa de que el Servicio Nacional de Sanidad Agraria (Senasa) del Per\u00fa increment\u00f3 el tiempo para realizar los tr\u00e1mites de exportaci\u00f3n e importaci\u00f3n de productos. Los choferes informaron que lo que se hac\u00eda en media jornada ahora se alarg\u00f3 a hasta cuatro d\u00edas.<br \/>\nSeg\u00fan un reporte del canal estatal Bolivia Tv, los transportistas bolivianos de carga internacional denunciaron que m\u00e1s de 600 camiones est\u00e1n varados en ese paso fronterizo debido a que ese tr\u00e1mite que se realizaba en una media jornada, ahora se efect\u00faa hasta en cuatro d\u00edas.<br \/>\n\u00abEl Senasa tarda demasiado (en la atenci\u00f3n). Ahora, tenemos que esperar dos d\u00edas, tres d\u00edas. Antes, la atenci\u00f3n era m\u00e1s r\u00e1pida, pasabas en este momento y m\u00e1s tarde te controlaban y te ibas\u00bb, relat\u00f3 un transportista boliviano.<br \/>\nDentro y fuera de las instalaciones del Senasa se observ\u00f3 cantidades de camiones bolivianos esperando su turno para hacer el tr\u00e1mite de transporte de carga internacional, algunos esperan desde el jueves de la semana anterior, lo que perjudica el flujo del comercio exterior boliviano.<br \/>\n\u00abEstoy llevando carga de soya y he venido aqu\u00ed (a esperar) en la larga fila a las 05:00\u00bb, cont\u00f3 un chofer boliviano.<br \/>\nOtro conductor denunci\u00f3 que son los mismos choferes quienes deben cargar y descargar del cami\u00f3n la mercanc\u00eda, debido a que las autoridades del Senasa no disponen de estibadores, pese a que esa tarea es su obligaci\u00f3n.<br \/>\nEl canal estatal se contact\u00f3 con autoridades de esa entidad peruana y uno de los responsables respondi\u00f3: \u00abSenasa tiene una programaci\u00f3n de 56 despachos, de las cuales a nosotros nos toca casi el 70 %\u00bb. ABI<\/p>\n","protected":false},"excerpt":{"rendered":"<p>Los camiones bolivianos de carga internacional contin\u00faan varados en la zona fronteriza de Desaguadero a causa de que el Servicio Nacional de Sanidad Agraria (Senasa) del Per\u00fa increment\u00f3 el tiempo para realizar los tr\u00e1mites de exportaci\u00f3n e importaci\u00f3n de productos. Los choferes informaron que lo que se hac\u00eda en media jornada ahora se alarg\u00f3 a [&hellip;]<\/p>\n","protected":false},"author":1,"featured_media":0,"comment_status":"closed","ping_status":"closed","sticky":false,"template":"","format":"standard","meta":{"_acf_changed":false,"footnotes":""},"categories":[7],"tags":[],"class_list":["post-60426","post","type-post","status-publish","format-standard","category-economia"],"acf":{"antetitulo":""},"yoast_head":"<!-- This site is optimized with the Yoast SEO plugin v28.3 - https:\/\/yoast.com\/product\/yoast-seo-wordpress\/ -->\n<title>Contin\u00faan varados camiones bolivianos en paso fronterizo de Desaguadero - El Diario - Bolivia<\/title>\n<meta name=\"robots\" content=\"index, follow, max-snippet:-1, max-image-preview:large, max-video-preview:-1\" \/>\n<link rel=\"canonical\" href=\"https:\/\/www.eldiario.net\/portal\/2022\/02\/02\/continuan-varados-camiones-bolivianos-en-paso-fronterizo-de-desaguadero\/\" \/>\n<meta property=\"og:locale\" content=\"es_ES\" \/>\n<meta property=\"og:type\" content=\"article\" \/>\n<meta property=\"og:title\" content=\"Contin\u00faan varados camiones bolivianos en paso fronterizo de Desaguadero - El Diario - Bolivia\" \/>\n<meta property=\"og:description\" content=\"Los camiones bolivianos de carga internacional contin\u00faan varados en la zona fronteriza de Desaguadero a causa de que el Servicio Nacional de Sanidad Agraria (Senasa) del Per\u00fa increment\u00f3 el tiempo para realizar los tr\u00e1mites de exportaci\u00f3n e importaci\u00f3n de productos. Los choferes informaron que lo que se hac\u00eda en media jornada ahora se alarg\u00f3 a [&hellip;]\" \/>\n<meta property=\"og:url\" content=\"https:\/\/www.eldiario.net\/portal\/2022\/02\/02\/continuan-varados-camiones-bolivianos-en-paso-fronterizo-de-desaguadero\/\" \/>\n<meta property=\"og:site_name\" content=\"El Diario - Bolivia\" \/>\n<meta property=\"article:publisher\" content=\"https:\/\/www.facebook.com\/eldiario.bolivia\/\" \/>\n<meta property=\"article:published_time\" content=\"2022-02-02T09:22:00+00:00\" \/>\n<meta name=\"author\" content=\"Jeanette\" \/>\n<meta name=\"twitter:card\" content=\"summary_large_image\" \/>\n<meta name=\"twitter:creator\" content=\"@eldiario_net\" \/>\n<meta name=\"twitter:site\" content=\"@eldiario_net\" \/>\n<meta name=\"twitter:label1\" content=\"Escrito por\" \/>\n\t<meta name=\"twitter:data1\" content=\"Jeanette\" \/>\n\t<meta name=\"twitter:label2\" content=\"Tiempo de lectura\" \/>\n\t<meta name=\"twitter:data2\" content=\"2 minutos\" \/>\n<script type=\"application\/ld+json\" class=\"yoast-schema-graph\">{\"@context\":\"https:\\\/\\\/schema.org\",\"@graph\":[{\"@type\":\"Article\",\"@id\":\"https:\\\/\\\/www.eldiario.net\\\/portal\\\/2022\\\/02\\\/02\\\/continuan-varados-camiones-bolivianos-en-paso-fronterizo-de-desaguadero\\\/#article\",\"isPartOf\":{\"@id\":\"https:\\\/\\\/www.eldiario.net\\\/portal\\\/2022\\\/02\\\/02\\\/continuan-varados-camiones-bolivianos-en-paso-fronterizo-de-desaguadero\\\/\"},\"author\":{\"name\":\"Jeanette\",\"@id\":\"https:\\\/\\\/www.eldiario.net\\\/portal\\\/#\\\/schema\\\/person\\\/f46445640444750d7d753ccd04ae01b7\"},\"headline\":\"Contin\u00faan varados camiones bolivianos en paso fronterizo de Desaguadero\",\"datePublished\":\"2022-02-02T09:22:00+00:00\",\"mainEntityOfPage\":{\"@id\":\"https:\\\/\\\/www.eldiario.net\\\/portal\\\/2022\\\/02\\\/02\\\/continuan-varados-camiones-bolivianos-en-paso-fronterizo-de-desaguadero\\\/\"},\"wordCount\":307,\"publisher\":{\"@id\":\"https:\\\/\\\/www.eldiario.net\\\/portal\\\/#organization\"},\"articleSection\":[\"Econom\u00eda\"],\"inLanguage\":\"es\"},{\"@type\":\"WebPage\",\"@id\":\"https:\\\/\\\/www.eldiario.net\\\/portal\\\/2022\\\/02\\\/02\\\/continuan-varados-camiones-bolivianos-en-paso-fronterizo-de-desaguadero\\\/\",\"url\":\"https:\\\/\\\/www.eldiario.net\\\/portal\\\/2022\\\/02\\\/02\\\/continuan-varados-camiones-bolivianos-en-paso-fronterizo-de-desaguadero\\\/\",\"name\":\"Contin\u00faan varados camiones bolivianos en paso fronterizo de Desaguadero - El Diario - Bolivia\",\"isPartOf\":{\"@id\":\"https:\\\/\\\/www.eldiario.net\\\/portal\\\/#website\"},\"datePublished\":\"2022-02-02T09:22:00+00:00\",\"breadcrumb\":{\"@id\":\"https:\\\/\\\/www.eldiario.net\\\/portal\\\/2022\\\/02\\\/02\\\/continuan-varados-camiones-bolivianos-en-paso-fronterizo-de-desaguadero\\\/#breadcrumb\"},\"inLanguage\":\"es\",\"potentialAction\":[{\"@type\":\"ReadAction\",\"target\":[\"https:\\\/\\\/www.eldiario.net\\\/portal\\\/2022\\\/02\\\/02\\\/continuan-varados-camiones-bolivianos-en-paso-fronterizo-de-desaguadero\\\/\"]}]},{\"@type\":\"BreadcrumbList\",\"@id\":\"https:\\\/\\\/www.eldiario.net\\\/portal\\\/2022\\\/02\\\/02\\\/continuan-varados-camiones-bolivianos-en-paso-fronterizo-de-desaguadero\\\/#breadcrumb\",\"itemListElement\":[{\"@type\":\"ListItem\",\"position\":1,\"name\":\"Portada\",\"item\":\"https:\\\/\\\/www.eldiario.net\\\/portal\\\/\"},{\"@type\":\"ListItem\",\"position\":2,\"name\":\"Contin\u00faan varados camiones bolivianos en paso fronterizo de Desaguadero\"}]},{\"@type\":\"WebSite\",\"@id\":\"https:\\\/\\\/www.eldiario.net\\\/portal\\\/#website\",\"url\":\"https:\\\/\\\/www.eldiario.net\\\/portal\\\/\",\"name\":\"El Diario - Decano de la prensa nacional\",\"description\":\"El Diario - Decano de la prensa nacional\",\"publisher\":{\"@id\":\"https:\\\/\\\/www.eldiario.net\\\/portal\\\/#organization\"},\"potentialAction\":[{\"@type\":\"SearchAction\",\"target\":{\"@type\":\"EntryPoint\",\"urlTemplate\":\"https:\\\/\\\/www.eldiario.net\\\/portal\\\/?s={search_term_string}\"},\"query-input\":{\"@type\":\"PropertyValueSpecification\",\"valueRequired\":true,\"valueName\":\"search_term_string\"}}],\"inLanguage\":\"es\"},{\"@type\":\"Organization\",\"@id\":\"https:\\\/\\\/www.eldiario.net\\\/portal\\\/#organization\",\"name\":\"El Diario - Decano de la prensa nacional\",\"url\":\"https:\\\/\\\/www.eldiario.net\\\/portal\\\/\",\"logo\":{\"@type\":\"ImageObject\",\"inLanguage\":\"es\",\"@id\":\"https:\\\/\\\/www.eldiario.net\\\/portal\\\/#\\\/schema\\\/logo\\\/image\\\/\",\"url\":\"https:\\\/\\\/www.eldiario.net\\\/portal\\\/wp-content\\\/uploads\\\/2023\\\/07\\\/logo_ED.jpg\",\"contentUrl\":\"https:\\\/\\\/www.eldiario.net\\\/portal\\\/wp-content\\\/uploads\\\/2023\\\/07\\\/logo_ED.jpg\",\"width\":272,\"height\":52,\"caption\":\"El Diario - Decano de la prensa nacional\"},\"image\":{\"@id\":\"https:\\\/\\\/www.eldiario.net\\\/portal\\\/#\\\/schema\\\/logo\\\/image\\\/\"},\"sameAs\":[\"https:\\\/\\\/www.facebook.com\\\/eldiario.bolivia\\\/\",\"https:\\\/\\\/x.com\\\/eldiario_net\"]},{\"@type\":\"Person\",\"@id\":\"https:\\\/\\\/www.eldiario.net\\\/portal\\\/#\\\/schema\\\/person\\\/f46445640444750d7d753ccd04ae01b7\",\"name\":\"Jeanette\",\"image\":{\"@type\":\"ImageObject\",\"inLanguage\":\"es\",\"@id\":\"https:\\\/\\\/secure.gravatar.com\\\/avatar\\\/3ea2118a5f7dad2b7138b1187a6b7ee55f160b9968b66013c3a3ef39dd7e5798?s=96&d=mm&r=g\",\"url\":\"https:\\\/\\\/secure.gravatar.com\\\/avatar\\\/3ea2118a5f7dad2b7138b1187a6b7ee55f160b9968b66013c3a3ef39dd7e5798?s=96&d=mm&r=g\",\"contentUrl\":\"https:\\\/\\\/secure.gravatar.com\\\/avatar\\\/3ea2118a5f7dad2b7138b1187a6b7ee55f160b9968b66013c3a3ef39dd7e5798?s=96&d=mm&r=g\",\"caption\":\"Jeanette\"},\"sameAs\":[\"https:\\\/\\\/www.eldiario.net\\\/portal\"],\"url\":\"https:\\\/\\\/www.eldiario.net\\\/portal\\\/author\\\/jeanette\\\/\"}]}<\/script>\n<!-- \/ Yoast SEO plugin. -->","yoast_head_json":{"title":"Contin\u00faan varados camiones bolivianos en paso fronterizo de Desaguadero - El Diario - Bolivia","robots":{"index":"index","follow":"follow","max-snippet":"max-snippet:-1","max-image-preview":"max-image-preview:large","max-video-preview":"max-video-preview:-1"},"canonical":"https:\/\/www.eldiario.net\/portal\/2022\/02\/02\/continuan-varados-camiones-bolivianos-en-paso-fronterizo-de-desaguadero\/","og_locale":"es_ES","og_type":"article","og_title":"Contin\u00faan varados camiones bolivianos en paso fronterizo de Desaguadero - El Diario - Bolivia","og_description":"Los camiones bolivianos de carga internacional contin\u00faan varados en la zona fronteriza de Desaguadero a causa de que el Servicio Nacional de Sanidad Agraria (Senasa) del Per\u00fa increment\u00f3 el tiempo para realizar los tr\u00e1mites de exportaci\u00f3n e importaci\u00f3n de productos. Los choferes informaron que lo que se hac\u00eda en media jornada ahora se alarg\u00f3 a [&hellip;]","og_url":"https:\/\/www.eldiario.net\/portal\/2022\/02\/02\/continuan-varados-camiones-bolivianos-en-paso-fronterizo-de-desaguadero\/","og_site_name":"El Diario - Bolivia","article_publisher":"https:\/\/www.facebook.com\/eldiario.bolivia\/","article_published_time":"2022-02-02T09:22:00+00:00","author":"Jeanette","twitter_card":"summary_large_image","twitter_creator":"@eldiario_net","twitter_site":"@eldiario_net","twitter_misc":{"Escrito por":"Jeanette","Tiempo de lectura":"2 minutos"},"schema":{"@context":"https:\/\/schema.org","@graph":[{"@type":"Article","@id":"https:\/\/www.eldiario.net\/portal\/2022\/02\/02\/continuan-varados-camiones-bolivianos-en-paso-fronterizo-de-desaguadero\/#article","isPartOf":{"@id":"https:\/\/www.eldiario.net\/portal\/2022\/02\/02\/continuan-varados-camiones-bolivianos-en-paso-fronterizo-de-desaguadero\/"},"author":{"name":"Jeanette","@id":"https:\/\/www.eldiario.net\/portal\/#\/schema\/person\/f46445640444750d7d753ccd04ae01b7"},"headline":"Contin\u00faan varados camiones bolivianos en paso fronterizo de Desaguadero","datePublished":"2022-02-02T09:22:00+00:00","mainEntityOfPage":{"@id":"https:\/\/www.eldiario.net\/portal\/2022\/02\/02\/continuan-varados-camiones-bolivianos-en-paso-fronterizo-de-desaguadero\/"},"wordCount":307,"publisher":{"@id":"https:\/\/www.eldiario.net\/portal\/#organization"},"articleSection":["Econom\u00eda"],"inLanguage":"es"},{"@type":"WebPage","@id":"https:\/\/www.eldiario.net\/portal\/2022\/02\/02\/continuan-varados-camiones-bolivianos-en-paso-fronterizo-de-desaguadero\/","url":"https:\/\/www.eldiario.net\/portal\/2022\/02\/02\/continuan-varados-camiones-bolivianos-en-paso-fronterizo-de-desaguadero\/","name":"Contin\u00faan varados camiones bolivianos en paso fronterizo de Desaguadero - El Diario - Bolivia","isPartOf":{"@id":"https:\/\/www.eldiario.net\/portal\/#website"},"datePublished":"2022-02-02T09:22:00+00:00","breadcrumb":{"@id":"https:\/\/www.eldiario.net\/portal\/2022\/02\/02\/continuan-varados-camiones-bolivianos-en-paso-fronterizo-de-desaguadero\/#breadcrumb"},"inLanguage":"es","potentialAction":[{"@type":"ReadAction","target":["https:\/\/www.eldiario.net\/portal\/2022\/02\/02\/continuan-varados-camiones-bolivianos-en-paso-fronterizo-de-desaguadero\/"]}]},{"@type":"BreadcrumbList","@id":"https:\/\/www.eldiario.net\/portal\/2022\/02\/02\/continuan-varados-camiones-bolivianos-en-paso-fronterizo-de-desaguadero\/#breadcrumb","itemListElement":[{"@type":"ListItem","position":1,"name":"Portada","item":"https:\/\/www.eldiario.net\/portal\/"},{"@type":"ListItem","position":2,"name":"Contin\u00faan varados camiones bolivianos en paso fronterizo de Desaguadero"}]},{"@type":"WebSite","@id":"https:\/\/www.eldiario.net\/portal\/#website","url":"https:\/\/www.eldiario.net\/portal\/","name":"El Diario - Decano de la prensa nacional","description":"El Diario - Decano de la prensa nacional","publisher":{"@id":"https:\/\/www.eldiario.net\/portal\/#organization"},"potentialAction":[{"@type":"SearchAction","target":{"@type":"EntryPoint","urlTemplate":"https:\/\/www.eldiario.net\/portal\/?s={search_term_string}"},"query-input":{"@type":"PropertyValueSpecification","valueRequired":true,"valueName":"search_term_string"}}],"inLanguage":"es"},{"@type":"Organization","@id":"https:\/\/www.eldiario.net\/portal\/#organization","name":"El Diario - Decano de la prensa nacional","url":"https:\/\/www.eldiario.net\/portal\/","logo":{"@type":"ImageObject","inLanguage":"es","@id":"https:\/\/www.eldiario.net\/portal\/#\/schema\/logo\/image\/","url":"https:\/\/www.eldiario.net\/portal\/wp-content\/uploads\/2023\/07\/logo_ED.jpg","contentUrl":"https:\/\/www.eldiario.net\/portal\/wp-content\/uploads\/2023\/07\/logo_ED.jpg","width":272,"height":52,"caption":"El Diario - Decano de la prensa nacional"},"image":{"@id":"https:\/\/www.eldiario.net\/portal\/#\/schema\/logo\/image\/"},"sameAs":["https:\/\/www.facebook.com\/eldiario.bolivia\/","https:\/\/x.com\/eldiario_net"]},{"@type":"Person","@id":"https:\/\/www.eldiario.net\/portal\/#\/schema\/person\/f46445640444750d7d753ccd04ae01b7","name":"Jeanette","image":{"@type":"ImageObject","inLanguage":"es","@id":"https:\/\/secure.gravatar.com\/avatar\/3ea2118a5f7dad2b7138b1187a6b7ee55f160b9968b66013c3a3ef39dd7e5798?s=96&d=mm&r=g","url":"https:\/\/secure.gravatar.com\/avatar\/3ea2118a5f7dad2b7138b1187a6b7ee55f160b9968b66013c3a3ef39dd7e5798?s=96&d=mm&r=g","contentUrl":"https:\/\/secure.gravatar.com\/avatar\/3ea2118a5f7dad2b7138b1187a6b7ee55f160b9968b66013c3a3ef39dd7e5798?s=96&d=mm&r=g","caption":"Jeanette"},"sameAs":["https:\/\/www.eldiario.net\/portal"],"url":"https:\/\/www.eldiario.net\/portal\/author\/jeanette\/"}]}},"_links":{"self":[{"href":"https:\/\/www.eldiario.net\/portal\/wp-json\/wp\/v2\/posts\/60426","targetHints":{"allow":["GET"]}}],"collection":[{"href":"https:\/\/www.eldiario.net\/portal\/wp-json\/wp\/v2\/posts"}],"about":[{"href":"https:\/\/www.eldiario.net\/portal\/wp-json\/wp\/v2\/types\/post"}],"author":[{"embeddable":true,"href":"https:\/\/www.eldiario.net\/portal\/wp-json\/wp\/v2\/users\/1"}],"replies":[{"embeddable":true,"href":"https:\/\/www.eldiario.net\/portal\/wp-json\/wp\/v2\/comments?post=60426"}],"version-history":[{"count":0,"href":"https:\/\/www.eldiario.net\/portal\/wp-json\/wp\/v2\/posts\/60426\/revisions"}],"wp:attachment":[{"href":"https:\/\/www.eldiario.net\/portal\/wp-json\/wp\/v2\/media?parent=60426"}],"wp:term":[{"taxonomy":"category","embeddable":true,"href":"https:\/\/www.eldiario.net\/portal\/wp-json\/wp\/v2\/categories?post=60426"},{"taxonomy":"post_tag","embeddable":true,"href":"https:\/\/www.eldiario.net\/portal\/wp-json\/wp\/v2\/tags?post=60426"}],"curies":[{"name":"wp","href":"https:\/\/api.w.org\/{rel}","templated":true}]}}