{"id":60312,"date":"2022-02-01T05:53:22","date_gmt":"2022-02-01T09:53:22","guid":{"rendered":"https:\/\/www.eldiario.net\/portal\/?p=60312"},"modified":"2022-02-01T05:53:22","modified_gmt":"2022-02-01T09:53:22","slug":"farias-hemos-venido-superando-los-inconvenientes-que-hemos-tenido","status":"publish","type":"post","link":"https:\/\/www.eldiario.net\/portal\/2022\/02\/01\/farias-hemos-venido-superando-los-inconvenientes-que-hemos-tenido\/","title":{"rendered":"Far\u00edas: \u00abHemos venido superando los inconvenientes que hemos tenido\u00bb"},"content":{"rendered":"<p>\u00abHemos pasado la p\u00e1gina, sabemos de la fuerza que podemos tener de local y hemos venido superando los inconvenientes que hemos tenido\u00bb, indic\u00f3 C\u00e9sar Far\u00edas, director t\u00e9cnico de la Selecci\u00f3n Nacional, respecto al compromiso que jugar\u00e1 este martes contra Chile (16:00), en el estadio Hernando Siles, donde no hay margen de error en su lucha dentro de las clasificatorias a la Copa Mundial Qatar 2022.<\/p>\n<p>Far\u00edas coloc\u00f3 por delante las actuaciones que tuvo el Equipo de Todos en condici\u00f3n de local en las recientes actuaciones en el estadio de Miraflores, donde venci\u00f3 a Per\u00fa (1-0), Paraguay (4-0) y Uruguay (3-0). Con esa producci\u00f3n ascendente, a nivel de puntaje y efectividad, pretende repetirla frente a los rojos y calmar las ans\u00edas de la afici\u00f3n por un triunfo.<\/p>\n<p>\u00abPartiendo de la tranquilidad queremos ser eficaces en casa, alcanzar nuestra eficacia natural\u00bb, declar\u00f3 Far\u00edas, quien dirigi\u00f3 este lunes por la tarde la \u00faltima pr\u00e1ctica antes de recibir a Chile en el estadio Hernando Siles en la pen\u00faltima presentaci\u00f3n en La Paz en las eliminatorias Qatar 2022.<\/p>\n<p>Hay una brecha de cuatro puntos entre Bolivia y la zona de repechaje, bajo ese panorama, una derrota o un empate puede dejar sin ninguna chance sobre el objetivo que traz\u00f3 el cuerpo t\u00e9cnico para esta competencia, pero el entrenador venezolano prefiere esperar la conclusi\u00f3n de la jornada 16 antes de tomar una postura.<\/p>\n<p>\u00abTenemos una perspectiva diferente y pareciera que estamos hablando de diferentes temas, pero nuestro foco est\u00e1 en los 90 minutos de Chile y despu\u00e9s tendremos tiempo de hablar de todo eso\u00bb, dijo Far\u00edas en la conferencia virtual compartida por la Federaci\u00f3n Boliviana de F\u00fatbol (FBF).<\/p>\n<p>El entrenador venezolano prefiri\u00f3 eludir las preguntas sobre los cambios perfilados dentro de la formaci\u00f3n que jugar\u00e1 este martes o qui\u00e9n reemplazar\u00e1 a Leonel Justiniano, mediocampista que fue expulsado contra Venezuela y que es uno de sus pilares dentro del equipo.<\/p>\n","protected":false},"excerpt":{"rendered":"<p>\u00abHemos pasado la p\u00e1gina, sabemos de la fuerza que podemos tener de local y hemos venido superando los inconvenientes que hemos tenido\u00bb, indic\u00f3 C\u00e9sar Far\u00edas, director t\u00e9cnico de la Selecci\u00f3n Nacional, respecto al compromiso que jugar\u00e1 este martes contra Chile (16:00), en el estadio Hernando Siles, donde no hay margen de error en su lucha [&hellip;]<\/p>\n","protected":false},"author":1,"featured_media":60313,"comment_status":"closed","ping_status":"closed","sticky":false,"template":"","format":"standard","meta":{"_acf_changed":false,"footnotes":""},"categories":[6],"tags":[],"class_list":["post-60312","post","type-post","status-publish","format-standard","has-post-thumbnail","category-deportes"],"acf":{"antetitulo":""},"yoast_head":"<!-- This site is optimized with the Yoast SEO plugin v28.4 - https:\/\/yoast.com\/product\/yoast-seo-wordpress\/ -->\n<title>Far\u00edas: &quot;Hemos venido superando los inconvenientes que hemos tenido&quot; - El Diario - Bolivia<\/title>\n<meta name=\"robots\" content=\"index, follow, max-snippet:-1, max-image-preview:large, max-video-preview:-1\" \/>\n<link rel=\"canonical\" href=\"https:\/\/www.eldiario.net\/portal\/2022\/02\/01\/farias-hemos-venido-superando-los-inconvenientes-que-hemos-tenido\/\" \/>\n<meta property=\"og:locale\" content=\"es_ES\" \/>\n<meta property=\"og:type\" content=\"article\" \/>\n<meta property=\"og:title\" content=\"Far\u00edas: &quot;Hemos venido superando los inconvenientes que hemos tenido&quot; - El Diario - Bolivia\" \/>\n<meta property=\"og:description\" content=\"\u00abHemos pasado la p\u00e1gina, sabemos de la fuerza que podemos tener de local y hemos venido superando los inconvenientes que hemos tenido\u00bb, indic\u00f3 C\u00e9sar Far\u00edas, director t\u00e9cnico de la Selecci\u00f3n Nacional, respecto al compromiso que jugar\u00e1 este martes contra Chile (16:00), en el estadio Hernando Siles, donde no hay margen de error en su lucha [&hellip;]\" \/>\n<meta property=\"og:url\" content=\"https:\/\/www.eldiario.net\/portal\/2022\/02\/01\/farias-hemos-venido-superando-los-inconvenientes-que-hemos-tenido\/\" \/>\n<meta property=\"og:site_name\" content=\"El Diario - Bolivia\" \/>\n<meta property=\"article:publisher\" content=\"https:\/\/www.facebook.com\/eldiario.bolivia\/\" \/>\n<meta property=\"article:published_time\" content=\"2022-02-01T09:53:22+00:00\" \/>\n<meta name=\"author\" content=\"Jeanette\" \/>\n<meta name=\"twitter:card\" content=\"summary_large_image\" \/>\n<meta name=\"twitter:creator\" content=\"@eldiario_net\" \/>\n<meta name=\"twitter:site\" content=\"@eldiario_net\" \/>\n<meta name=\"twitter:label1\" content=\"Escrito por\" \/>\n\t<meta name=\"twitter:data1\" content=\"Jeanette\" \/>\n\t<meta name=\"twitter:label2\" content=\"Tiempo de lectura\" \/>\n\t<meta name=\"twitter:data2\" content=\"2 minutos\" \/>\n<script type=\"application\/ld+json\" class=\"yoast-schema-graph\">{\"@context\":\"https:\\\/\\\/schema.org\",\"@graph\":[{\"@type\":\"Article\",\"@id\":\"https:\\\/\\\/www.eldiario.net\\\/portal\\\/2022\\\/02\\\/01\\\/farias-hemos-venido-superando-los-inconvenientes-que-hemos-tenido\\\/#article\",\"isPartOf\":{\"@id\":\"https:\\\/\\\/www.eldiario.net\\\/portal\\\/2022\\\/02\\\/01\\\/farias-hemos-venido-superando-los-inconvenientes-que-hemos-tenido\\\/\"},\"author\":{\"name\":\"Jeanette\",\"@id\":\"https:\\\/\\\/www.eldiario.net\\\/portal\\\/#\\\/schema\\\/person\\\/2c57cf2b7a7ae032e449e4c9b1019eac\"},\"headline\":\"Far\u00edas: \u00abHemos venido superando los inconvenientes que hemos tenido\u00bb\",\"datePublished\":\"2022-02-01T09:53:22+00:00\",\"mainEntityOfPage\":{\"@id\":\"https:\\\/\\\/www.eldiario.net\\\/portal\\\/2022\\\/02\\\/01\\\/farias-hemos-venido-superando-los-inconvenientes-que-hemos-tenido\\\/\"},\"wordCount\":340,\"publisher\":{\"@id\":\"https:\\\/\\\/www.eldiario.net\\\/portal\\\/#organization\"},\"image\":{\"@id\":\"https:\\\/\\\/www.eldiario.net\\\/portal\\\/2022\\\/02\\\/01\\\/farias-hemos-venido-superando-los-inconvenientes-que-hemos-tenido\\\/#primaryimage\"},\"thumbnailUrl\":\"\",\"articleSection\":[\"Deportes\"],\"inLanguage\":\"es\"},{\"@type\":\"WebPage\",\"@id\":\"https:\\\/\\\/www.eldiario.net\\\/portal\\\/2022\\\/02\\\/01\\\/farias-hemos-venido-superando-los-inconvenientes-que-hemos-tenido\\\/\",\"url\":\"https:\\\/\\\/www.eldiario.net\\\/portal\\\/2022\\\/02\\\/01\\\/farias-hemos-venido-superando-los-inconvenientes-que-hemos-tenido\\\/\",\"name\":\"Far\u00edas: \\\"Hemos venido superando los inconvenientes que hemos tenido\\\" - El Diario - Bolivia\",\"isPartOf\":{\"@id\":\"https:\\\/\\\/www.eldiario.net\\\/portal\\\/#website\"},\"primaryImageOfPage\":{\"@id\":\"https:\\\/\\\/www.eldiario.net\\\/portal\\\/2022\\\/02\\\/01\\\/farias-hemos-venido-superando-los-inconvenientes-que-hemos-tenido\\\/#primaryimage\"},\"image\":{\"@id\":\"https:\\\/\\\/www.eldiario.net\\\/portal\\\/2022\\\/02\\\/01\\\/farias-hemos-venido-superando-los-inconvenientes-que-hemos-tenido\\\/#primaryimage\"},\"thumbnailUrl\":\"\",\"datePublished\":\"2022-02-01T09:53:22+00:00\",\"breadcrumb\":{\"@id\":\"https:\\\/\\\/www.eldiario.net\\\/portal\\\/2022\\\/02\\\/01\\\/farias-hemos-venido-superando-los-inconvenientes-que-hemos-tenido\\\/#breadcrumb\"},\"inLanguage\":\"es\",\"potentialAction\":[{\"@type\":\"ReadAction\",\"target\":[\"https:\\\/\\\/www.eldiario.net\\\/portal\\\/2022\\\/02\\\/01\\\/farias-hemos-venido-superando-los-inconvenientes-que-hemos-tenido\\\/\"]}]},{\"@type\":\"ImageObject\",\"inLanguage\":\"es\",\"@id\":\"https:\\\/\\\/www.eldiario.net\\\/portal\\\/2022\\\/02\\\/01\\\/farias-hemos-venido-superando-los-inconvenientes-que-hemos-tenido\\\/#primaryimage\",\"url\":\"\",\"contentUrl\":\"\"},{\"@type\":\"BreadcrumbList\",\"@id\":\"https:\\\/\\\/www.eldiario.net\\\/portal\\\/2022\\\/02\\\/01\\\/farias-hemos-venido-superando-los-inconvenientes-que-hemos-tenido\\\/#breadcrumb\",\"itemListElement\":[{\"@type\":\"ListItem\",\"position\":1,\"name\":\"Portada\",\"item\":\"https:\\\/\\\/www.eldiario.net\\\/portal\\\/\"},{\"@type\":\"ListItem\",\"position\":2,\"name\":\"Far\u00edas: \u00abHemos venido superando los inconvenientes que hemos tenido\u00bb\"}]},{\"@type\":\"WebSite\",\"@id\":\"https:\\\/\\\/www.eldiario.net\\\/portal\\\/#website\",\"url\":\"https:\\\/\\\/www.eldiario.net\\\/portal\\\/\",\"name\":\"El Diario - Decano de la prensa nacional\",\"description\":\"El Diario - Decano de la prensa nacional\",\"publisher\":{\"@id\":\"https:\\\/\\\/www.eldiario.net\\\/portal\\\/#organization\"},\"potentialAction\":[{\"@type\":\"SearchAction\",\"target\":{\"@type\":\"EntryPoint\",\"urlTemplate\":\"https:\\\/\\\/www.eldiario.net\\\/portal\\\/?s={search_term_string}\"},\"query-input\":{\"@type\":\"PropertyValueSpecification\",\"valueRequired\":true,\"valueName\":\"search_term_string\"}}],\"inLanguage\":\"es\"},{\"@type\":\"Organization\",\"@id\":\"https:\\\/\\\/www.eldiario.net\\\/portal\\\/#organization\",\"name\":\"El Diario - Decano de la prensa nacional\",\"url\":\"https:\\\/\\\/www.eldiario.net\\\/portal\\\/\",\"logo\":{\"@type\":\"ImageObject\",\"inLanguage\":\"es\",\"@id\":\"https:\\\/\\\/www.eldiario.net\\\/portal\\\/#\\\/schema\\\/logo\\\/image\\\/\",\"url\":\"https:\\\/\\\/www.eldiario.net\\\/portal\\\/wp-content\\\/uploads\\\/2023\\\/07\\\/logo_ED.jpg\",\"contentUrl\":\"https:\\\/\\\/www.eldiario.net\\\/portal\\\/wp-content\\\/uploads\\\/2023\\\/07\\\/logo_ED.jpg\",\"width\":272,\"height\":52,\"caption\":\"El Diario - Decano de la prensa nacional\"},\"image\":{\"@id\":\"https:\\\/\\\/www.eldiario.net\\\/portal\\\/#\\\/schema\\\/logo\\\/image\\\/\"},\"sameAs\":[\"https:\\\/\\\/www.facebook.com\\\/eldiario.bolivia\\\/\",\"https:\\\/\\\/x.com\\\/eldiario_net\"]},{\"@type\":\"Person\",\"@id\":\"https:\\\/\\\/www.eldiario.net\\\/portal\\\/#\\\/schema\\\/person\\\/2c57cf2b7a7ae032e449e4c9b1019eac\",\"name\":\"Jeanette\",\"image\":{\"@type\":\"ImageObject\",\"inLanguage\":\"es\",\"@id\":\"https:\\\/\\\/secure.gravatar.com\\\/avatar\\\/3ea2118a5f7dad2b7138b1187a6b7ee55f160b9968b66013c3a3ef39dd7e5798?s=96&d=mm&r=g\",\"url\":\"https:\\\/\\\/secure.gravatar.com\\\/avatar\\\/3ea2118a5f7dad2b7138b1187a6b7ee55f160b9968b66013c3a3ef39dd7e5798?s=96&d=mm&r=g\",\"contentUrl\":\"https:\\\/\\\/secure.gravatar.com\\\/avatar\\\/3ea2118a5f7dad2b7138b1187a6b7ee55f160b9968b66013c3a3ef39dd7e5798?s=96&d=mm&r=g\",\"caption\":\"Jeanette\"},\"sameAs\":[\"https:\\\/\\\/www.eldiario.net\\\/portal\"],\"url\":\"https:\\\/\\\/www.eldiario.net\\\/portal\\\/author\\\/jeanette\\\/\"}]}<\/script>\n<!-- \/ Yoast SEO plugin. -->","yoast_head_json":{"title":"Far\u00edas: \"Hemos venido superando los inconvenientes que hemos tenido\" - El Diario - Bolivia","robots":{"index":"index","follow":"follow","max-snippet":"max-snippet:-1","max-image-preview":"max-image-preview:large","max-video-preview":"max-video-preview:-1"},"canonical":"https:\/\/www.eldiario.net\/portal\/2022\/02\/01\/farias-hemos-venido-superando-los-inconvenientes-que-hemos-tenido\/","og_locale":"es_ES","og_type":"article","og_title":"Far\u00edas: \"Hemos venido superando los inconvenientes que hemos tenido\" - El Diario - Bolivia","og_description":"\u00abHemos pasado la p\u00e1gina, sabemos de la fuerza que podemos tener de local y hemos venido superando los inconvenientes que hemos tenido\u00bb, indic\u00f3 C\u00e9sar Far\u00edas, director t\u00e9cnico de la Selecci\u00f3n Nacional, respecto al compromiso que jugar\u00e1 este martes contra Chile (16:00), en el estadio Hernando Siles, donde no hay margen de error en su lucha [&hellip;]","og_url":"https:\/\/www.eldiario.net\/portal\/2022\/02\/01\/farias-hemos-venido-superando-los-inconvenientes-que-hemos-tenido\/","og_site_name":"El Diario - Bolivia","article_publisher":"https:\/\/www.facebook.com\/eldiario.bolivia\/","article_published_time":"2022-02-01T09:53:22+00:00","author":"Jeanette","twitter_card":"summary_large_image","twitter_creator":"@eldiario_net","twitter_site":"@eldiario_net","twitter_misc":{"Escrito por":"Jeanette","Tiempo de lectura":"2 minutos"},"schema":{"@context":"https:\/\/schema.org","@graph":[{"@type":"Article","@id":"https:\/\/www.eldiario.net\/portal\/2022\/02\/01\/farias-hemos-venido-superando-los-inconvenientes-que-hemos-tenido\/#article","isPartOf":{"@id":"https:\/\/www.eldiario.net\/portal\/2022\/02\/01\/farias-hemos-venido-superando-los-inconvenientes-que-hemos-tenido\/"},"author":{"name":"Jeanette","@id":"https:\/\/www.eldiario.net\/portal\/#\/schema\/person\/2c57cf2b7a7ae032e449e4c9b1019eac"},"headline":"Far\u00edas: \u00abHemos venido superando los inconvenientes que hemos tenido\u00bb","datePublished":"2022-02-01T09:53:22+00:00","mainEntityOfPage":{"@id":"https:\/\/www.eldiario.net\/portal\/2022\/02\/01\/farias-hemos-venido-superando-los-inconvenientes-que-hemos-tenido\/"},"wordCount":340,"publisher":{"@id":"https:\/\/www.eldiario.net\/portal\/#organization"},"image":{"@id":"https:\/\/www.eldiario.net\/portal\/2022\/02\/01\/farias-hemos-venido-superando-los-inconvenientes-que-hemos-tenido\/#primaryimage"},"thumbnailUrl":"","articleSection":["Deportes"],"inLanguage":"es"},{"@type":"WebPage","@id":"https:\/\/www.eldiario.net\/portal\/2022\/02\/01\/farias-hemos-venido-superando-los-inconvenientes-que-hemos-tenido\/","url":"https:\/\/www.eldiario.net\/portal\/2022\/02\/01\/farias-hemos-venido-superando-los-inconvenientes-que-hemos-tenido\/","name":"Far\u00edas: \"Hemos venido superando los inconvenientes que hemos tenido\" - El Diario - Bolivia","isPartOf":{"@id":"https:\/\/www.eldiario.net\/portal\/#website"},"primaryImageOfPage":{"@id":"https:\/\/www.eldiario.net\/portal\/2022\/02\/01\/farias-hemos-venido-superando-los-inconvenientes-que-hemos-tenido\/#primaryimage"},"image":{"@id":"https:\/\/www.eldiario.net\/portal\/2022\/02\/01\/farias-hemos-venido-superando-los-inconvenientes-que-hemos-tenido\/#primaryimage"},"thumbnailUrl":"","datePublished":"2022-02-01T09:53:22+00:00","breadcrumb":{"@id":"https:\/\/www.eldiario.net\/portal\/2022\/02\/01\/farias-hemos-venido-superando-los-inconvenientes-que-hemos-tenido\/#breadcrumb"},"inLanguage":"es","potentialAction":[{"@type":"ReadAction","target":["https:\/\/www.eldiario.net\/portal\/2022\/02\/01\/farias-hemos-venido-superando-los-inconvenientes-que-hemos-tenido\/"]}]},{"@type":"ImageObject","inLanguage":"es","@id":"https:\/\/www.eldiario.net\/portal\/2022\/02\/01\/farias-hemos-venido-superando-los-inconvenientes-que-hemos-tenido\/#primaryimage","url":"","contentUrl":""},{"@type":"BreadcrumbList","@id":"https:\/\/www.eldiario.net\/portal\/2022\/02\/01\/farias-hemos-venido-superando-los-inconvenientes-que-hemos-tenido\/#breadcrumb","itemListElement":[{"@type":"ListItem","position":1,"name":"Portada","item":"https:\/\/www.eldiario.net\/portal\/"},{"@type":"ListItem","position":2,"name":"Far\u00edas: \u00abHemos venido superando los inconvenientes que hemos tenido\u00bb"}]},{"@type":"WebSite","@id":"https:\/\/www.eldiario.net\/portal\/#website","url":"https:\/\/www.eldiario.net\/portal\/","name":"El Diario - Decano de la prensa nacional","description":"El Diario - Decano de la prensa nacional","publisher":{"@id":"https:\/\/www.eldiario.net\/portal\/#organization"},"potentialAction":[{"@type":"SearchAction","target":{"@type":"EntryPoint","urlTemplate":"https:\/\/www.eldiario.net\/portal\/?s={search_term_string}"},"query-input":{"@type":"PropertyValueSpecification","valueRequired":true,"valueName":"search_term_string"}}],"inLanguage":"es"},{"@type":"Organization","@id":"https:\/\/www.eldiario.net\/portal\/#organization","name":"El Diario - Decano de la prensa nacional","url":"https:\/\/www.eldiario.net\/portal\/","logo":{"@type":"ImageObject","inLanguage":"es","@id":"https:\/\/www.eldiario.net\/portal\/#\/schema\/logo\/image\/","url":"https:\/\/www.eldiario.net\/portal\/wp-content\/uploads\/2023\/07\/logo_ED.jpg","contentUrl":"https:\/\/www.eldiario.net\/portal\/wp-content\/uploads\/2023\/07\/logo_ED.jpg","width":272,"height":52,"caption":"El Diario - Decano de la prensa nacional"},"image":{"@id":"https:\/\/www.eldiario.net\/portal\/#\/schema\/logo\/image\/"},"sameAs":["https:\/\/www.facebook.com\/eldiario.bolivia\/","https:\/\/x.com\/eldiario_net"]},{"@type":"Person","@id":"https:\/\/www.eldiario.net\/portal\/#\/schema\/person\/2c57cf2b7a7ae032e449e4c9b1019eac","name":"Jeanette","image":{"@type":"ImageObject","inLanguage":"es","@id":"https:\/\/secure.gravatar.com\/avatar\/3ea2118a5f7dad2b7138b1187a6b7ee55f160b9968b66013c3a3ef39dd7e5798?s=96&d=mm&r=g","url":"https:\/\/secure.gravatar.com\/avatar\/3ea2118a5f7dad2b7138b1187a6b7ee55f160b9968b66013c3a3ef39dd7e5798?s=96&d=mm&r=g","contentUrl":"https:\/\/secure.gravatar.com\/avatar\/3ea2118a5f7dad2b7138b1187a6b7ee55f160b9968b66013c3a3ef39dd7e5798?s=96&d=mm&r=g","caption":"Jeanette"},"sameAs":["https:\/\/www.eldiario.net\/portal"],"url":"https:\/\/www.eldiario.net\/portal\/author\/jeanette\/"}]}},"_links":{"self":[{"href":"https:\/\/www.eldiario.net\/portal\/wp-json\/wp\/v2\/posts\/60312","targetHints":{"allow":["GET"]}}],"collection":[{"href":"https:\/\/www.eldiario.net\/portal\/wp-json\/wp\/v2\/posts"}],"about":[{"href":"https:\/\/www.eldiario.net\/portal\/wp-json\/wp\/v2\/types\/post"}],"author":[{"embeddable":true,"href":"https:\/\/www.eldiario.net\/portal\/wp-json\/wp\/v2\/users\/1"}],"replies":[{"embeddable":true,"href":"https:\/\/www.eldiario.net\/portal\/wp-json\/wp\/v2\/comments?post=60312"}],"version-history":[{"count":0,"href":"https:\/\/www.eldiario.net\/portal\/wp-json\/wp\/v2\/posts\/60312\/revisions"}],"wp:attachment":[{"href":"https:\/\/www.eldiario.net\/portal\/wp-json\/wp\/v2\/media?parent=60312"}],"wp:term":[{"taxonomy":"category","embeddable":true,"href":"https:\/\/www.eldiario.net\/portal\/wp-json\/wp\/v2\/categories?post=60312"},{"taxonomy":"post_tag","embeddable":true,"href":"https:\/\/www.eldiario.net\/portal\/wp-json\/wp\/v2\/tags?post=60312"}],"curies":[{"name":"wp","href":"https:\/\/api.w.org\/{rel}","templated":true}]}}