{"id":60309,"date":"2022-02-01T05:52:22","date_gmt":"2022-02-01T09:52:22","guid":{"rendered":"https:\/\/www.eldiario.net\/portal\/?p=60309"},"modified":"2022-02-01T05:52:22","modified_gmt":"2022-02-01T09:52:22","slug":"martins-a-levantarse-rapido","status":"publish","type":"post","link":"https:\/\/www.eldiario.net\/portal\/2022\/02\/01\/martins-a-levantarse-rapido\/","title":{"rendered":"Martins: \u00abA levantarse r\u00e1pido\u00bb"},"content":{"rendered":"<p>A pocas horas del partido a jugarse contra Chile, el delantero y goleador de la Selecci\u00f3n Nacional, Marcelo Martins, mencion\u00f3 que este compromiso representa una oportunidad para que el plantel puede reivindicarse y volver a la carga detr\u00e1s del sue\u00f1o de la clasificaci\u00f3n a la Copa Mundial Qatar 2022.<\/p>\n<p>\u00abTenemos que levantarnos lo m\u00e1s r\u00e1pido posible y este es nuestro partido, sabemos que es un partido clave para Bolivia contra un seleccionado fuerte y contundente, que en los \u00faltimos a\u00f1os ha crecido much\u00edsimo y sabemos que es un partido de \u00b4vida o muerte\u00b4\u00bb, declar\u00f3 Martins, goleador de estas clasificatorias con nueve tantos.<\/p>\n<p>La derrota contra Venezuela (1-4) alej\u00f3 a Bolivia de la zona de clasificaci\u00f3n. Con 15 puntos, el horizonte de Qatar ha quedado distante, pero con tres jornadas por delante Martins mira con esperanza lo que pueda suceder en las siguientes fechas.<\/p>\n<p>\u00abNo se me sale de la cabeza no ir al Mundial, esa es la mentalidad que tengo, ese es el objetivo que tengo junto a todos mis compa\u00f1eros\u00bb, dijo Martins en la conferencia de prensa virtual que dio y que fue difundida por el departamento de prensa de la FBF.<\/p>\n<p>Respecto a las cr\u00edticas en contra del plantel, despu\u00e9s de la goleada sufrida ante Venezuela (1-4), Martins indic\u00f3 que \u00abel resultado no te hace ver las cosas importantes que el grupo hizo\u00bb y agreg\u00f3 que:\u00bbvamos a hacer de todo para ganar a Chile y seguir peleando por nuestro objetivo que es ganar\u00bb.<\/p>\n<p>Por otro lado, desde Asunci\u00f3n, Paraguay, los dirigentes de Cerro Porte\u00f1o anunciaron que la contrataci\u00f3n de Martins est\u00e1 a un paso de consolidarse. El inter\u00e9s del club azulgrana es por dos a\u00f1os, pero el delantero tiene contrato vigente con Cruzeiro hasta diciembre de este a\u00f1o.<\/p>\n<p>\u00abSiempre hay rumores sobre los jugadores de f\u00fatbol, obviamente, hay un inter\u00e9s de Cerro, como de otros equipos, y de eso se encarga de hablar mi empresario. Me ha hablado de eso, estamos analizando, porque tenemos contrato con Cruzeiro, equipo que quiero y respeto mucho\u00bb, concluy\u00f3 Martins, de 34 a\u00f1os de edad.<\/p>\n","protected":false},"excerpt":{"rendered":"<p>A pocas horas del partido a jugarse contra Chile, el delantero y goleador de la Selecci\u00f3n Nacional, Marcelo Martins, mencion\u00f3 que este compromiso representa una oportunidad para que el plantel puede reivindicarse y volver a la carga detr\u00e1s del sue\u00f1o de la clasificaci\u00f3n a la Copa Mundial Qatar 2022. \u00abTenemos que levantarnos lo m\u00e1s r\u00e1pido [&hellip;]<\/p>\n","protected":false},"author":1,"featured_media":60310,"comment_status":"closed","ping_status":"closed","sticky":false,"template":"","format":"standard","meta":{"_acf_changed":false,"footnotes":""},"categories":[6],"tags":[],"class_list":["post-60309","post","type-post","status-publish","format-standard","has-post-thumbnail","category-deportes"],"acf":{"antetitulo":""},"yoast_head":"<!-- This site is optimized with the Yoast SEO plugin v28.4 - https:\/\/yoast.com\/product\/yoast-seo-wordpress\/ -->\n<title>Martins: &quot;A levantarse r\u00e1pido&quot; - El Diario - Bolivia<\/title>\n<meta name=\"robots\" content=\"index, follow, max-snippet:-1, max-image-preview:large, max-video-preview:-1\" \/>\n<link rel=\"canonical\" href=\"https:\/\/www.eldiario.net\/portal\/2022\/02\/01\/martins-a-levantarse-rapido\/\" \/>\n<meta property=\"og:locale\" content=\"es_ES\" \/>\n<meta property=\"og:type\" content=\"article\" \/>\n<meta property=\"og:title\" content=\"Martins: &quot;A levantarse r\u00e1pido&quot; - El Diario - Bolivia\" \/>\n<meta property=\"og:description\" content=\"A pocas horas del partido a jugarse contra Chile, el delantero y goleador de la Selecci\u00f3n Nacional, Marcelo Martins, mencion\u00f3 que este compromiso representa una oportunidad para que el plantel puede reivindicarse y volver a la carga detr\u00e1s del sue\u00f1o de la clasificaci\u00f3n a la Copa Mundial Qatar 2022. \u00abTenemos que levantarnos lo m\u00e1s r\u00e1pido [&hellip;]\" \/>\n<meta property=\"og:url\" content=\"https:\/\/www.eldiario.net\/portal\/2022\/02\/01\/martins-a-levantarse-rapido\/\" \/>\n<meta property=\"og:site_name\" content=\"El Diario - Bolivia\" \/>\n<meta property=\"article:publisher\" content=\"https:\/\/www.facebook.com\/eldiario.bolivia\/\" \/>\n<meta property=\"article:published_time\" content=\"2022-02-01T09:52:22+00:00\" \/>\n<meta name=\"author\" content=\"Jeanette\" \/>\n<meta name=\"twitter:card\" content=\"summary_large_image\" \/>\n<meta name=\"twitter:creator\" content=\"@eldiario_net\" \/>\n<meta name=\"twitter:site\" content=\"@eldiario_net\" \/>\n<meta name=\"twitter:label1\" content=\"Escrito por\" \/>\n\t<meta name=\"twitter:data1\" content=\"Jeanette\" \/>\n\t<meta name=\"twitter:label2\" content=\"Tiempo de lectura\" \/>\n\t<meta name=\"twitter:data2\" content=\"2 minutos\" \/>\n<script type=\"application\/ld+json\" class=\"yoast-schema-graph\">{\"@context\":\"https:\\\/\\\/schema.org\",\"@graph\":[{\"@type\":\"Article\",\"@id\":\"https:\\\/\\\/www.eldiario.net\\\/portal\\\/2022\\\/02\\\/01\\\/martins-a-levantarse-rapido\\\/#article\",\"isPartOf\":{\"@id\":\"https:\\\/\\\/www.eldiario.net\\\/portal\\\/2022\\\/02\\\/01\\\/martins-a-levantarse-rapido\\\/\"},\"author\":{\"name\":\"Jeanette\",\"@id\":\"https:\\\/\\\/www.eldiario.net\\\/portal\\\/#\\\/schema\\\/person\\\/2c57cf2b7a7ae032e449e4c9b1019eac\"},\"headline\":\"Martins: \u00abA levantarse r\u00e1pido\u00bb\",\"datePublished\":\"2022-02-01T09:52:22+00:00\",\"mainEntityOfPage\":{\"@id\":\"https:\\\/\\\/www.eldiario.net\\\/portal\\\/2022\\\/02\\\/01\\\/martins-a-levantarse-rapido\\\/\"},\"wordCount\":366,\"publisher\":{\"@id\":\"https:\\\/\\\/www.eldiario.net\\\/portal\\\/#organization\"},\"image\":{\"@id\":\"https:\\\/\\\/www.eldiario.net\\\/portal\\\/2022\\\/02\\\/01\\\/martins-a-levantarse-rapido\\\/#primaryimage\"},\"thumbnailUrl\":\"\",\"articleSection\":[\"Deportes\"],\"inLanguage\":\"es\"},{\"@type\":\"WebPage\",\"@id\":\"https:\\\/\\\/www.eldiario.net\\\/portal\\\/2022\\\/02\\\/01\\\/martins-a-levantarse-rapido\\\/\",\"url\":\"https:\\\/\\\/www.eldiario.net\\\/portal\\\/2022\\\/02\\\/01\\\/martins-a-levantarse-rapido\\\/\",\"name\":\"Martins: \\\"A levantarse r\u00e1pido\\\" - El Diario - Bolivia\",\"isPartOf\":{\"@id\":\"https:\\\/\\\/www.eldiario.net\\\/portal\\\/#website\"},\"primaryImageOfPage\":{\"@id\":\"https:\\\/\\\/www.eldiario.net\\\/portal\\\/2022\\\/02\\\/01\\\/martins-a-levantarse-rapido\\\/#primaryimage\"},\"image\":{\"@id\":\"https:\\\/\\\/www.eldiario.net\\\/portal\\\/2022\\\/02\\\/01\\\/martins-a-levantarse-rapido\\\/#primaryimage\"},\"thumbnailUrl\":\"\",\"datePublished\":\"2022-02-01T09:52:22+00:00\",\"breadcrumb\":{\"@id\":\"https:\\\/\\\/www.eldiario.net\\\/portal\\\/2022\\\/02\\\/01\\\/martins-a-levantarse-rapido\\\/#breadcrumb\"},\"inLanguage\":\"es\",\"potentialAction\":[{\"@type\":\"ReadAction\",\"target\":[\"https:\\\/\\\/www.eldiario.net\\\/portal\\\/2022\\\/02\\\/01\\\/martins-a-levantarse-rapido\\\/\"]}]},{\"@type\":\"ImageObject\",\"inLanguage\":\"es\",\"@id\":\"https:\\\/\\\/www.eldiario.net\\\/portal\\\/2022\\\/02\\\/01\\\/martins-a-levantarse-rapido\\\/#primaryimage\",\"url\":\"\",\"contentUrl\":\"\"},{\"@type\":\"BreadcrumbList\",\"@id\":\"https:\\\/\\\/www.eldiario.net\\\/portal\\\/2022\\\/02\\\/01\\\/martins-a-levantarse-rapido\\\/#breadcrumb\",\"itemListElement\":[{\"@type\":\"ListItem\",\"position\":1,\"name\":\"Portada\",\"item\":\"https:\\\/\\\/www.eldiario.net\\\/portal\\\/\"},{\"@type\":\"ListItem\",\"position\":2,\"name\":\"Martins: \u00abA levantarse r\u00e1pido\u00bb\"}]},{\"@type\":\"WebSite\",\"@id\":\"https:\\\/\\\/www.eldiario.net\\\/portal\\\/#website\",\"url\":\"https:\\\/\\\/www.eldiario.net\\\/portal\\\/\",\"name\":\"El Diario - Decano de la prensa nacional\",\"description\":\"El Diario - Decano de la prensa nacional\",\"publisher\":{\"@id\":\"https:\\\/\\\/www.eldiario.net\\\/portal\\\/#organization\"},\"potentialAction\":[{\"@type\":\"SearchAction\",\"target\":{\"@type\":\"EntryPoint\",\"urlTemplate\":\"https:\\\/\\\/www.eldiario.net\\\/portal\\\/?s={search_term_string}\"},\"query-input\":{\"@type\":\"PropertyValueSpecification\",\"valueRequired\":true,\"valueName\":\"search_term_string\"}}],\"inLanguage\":\"es\"},{\"@type\":\"Organization\",\"@id\":\"https:\\\/\\\/www.eldiario.net\\\/portal\\\/#organization\",\"name\":\"El Diario - Decano de la prensa nacional\",\"url\":\"https:\\\/\\\/www.eldiario.net\\\/portal\\\/\",\"logo\":{\"@type\":\"ImageObject\",\"inLanguage\":\"es\",\"@id\":\"https:\\\/\\\/www.eldiario.net\\\/portal\\\/#\\\/schema\\\/logo\\\/image\\\/\",\"url\":\"https:\\\/\\\/www.eldiario.net\\\/portal\\\/wp-content\\\/uploads\\\/2023\\\/07\\\/logo_ED.jpg\",\"contentUrl\":\"https:\\\/\\\/www.eldiario.net\\\/portal\\\/wp-content\\\/uploads\\\/2023\\\/07\\\/logo_ED.jpg\",\"width\":272,\"height\":52,\"caption\":\"El Diario - Decano de la prensa nacional\"},\"image\":{\"@id\":\"https:\\\/\\\/www.eldiario.net\\\/portal\\\/#\\\/schema\\\/logo\\\/image\\\/\"},\"sameAs\":[\"https:\\\/\\\/www.facebook.com\\\/eldiario.bolivia\\\/\",\"https:\\\/\\\/x.com\\\/eldiario_net\"]},{\"@type\":\"Person\",\"@id\":\"https:\\\/\\\/www.eldiario.net\\\/portal\\\/#\\\/schema\\\/person\\\/2c57cf2b7a7ae032e449e4c9b1019eac\",\"name\":\"Jeanette\",\"image\":{\"@type\":\"ImageObject\",\"inLanguage\":\"es\",\"@id\":\"https:\\\/\\\/secure.gravatar.com\\\/avatar\\\/3ea2118a5f7dad2b7138b1187a6b7ee55f160b9968b66013c3a3ef39dd7e5798?s=96&d=mm&r=g\",\"url\":\"https:\\\/\\\/secure.gravatar.com\\\/avatar\\\/3ea2118a5f7dad2b7138b1187a6b7ee55f160b9968b66013c3a3ef39dd7e5798?s=96&d=mm&r=g\",\"contentUrl\":\"https:\\\/\\\/secure.gravatar.com\\\/avatar\\\/3ea2118a5f7dad2b7138b1187a6b7ee55f160b9968b66013c3a3ef39dd7e5798?s=96&d=mm&r=g\",\"caption\":\"Jeanette\"},\"sameAs\":[\"https:\\\/\\\/www.eldiario.net\\\/portal\"],\"url\":\"https:\\\/\\\/www.eldiario.net\\\/portal\\\/author\\\/jeanette\\\/\"}]}<\/script>\n<!-- \/ Yoast SEO plugin. -->","yoast_head_json":{"title":"Martins: \"A levantarse r\u00e1pido\" - El Diario - Bolivia","robots":{"index":"index","follow":"follow","max-snippet":"max-snippet:-1","max-image-preview":"max-image-preview:large","max-video-preview":"max-video-preview:-1"},"canonical":"https:\/\/www.eldiario.net\/portal\/2022\/02\/01\/martins-a-levantarse-rapido\/","og_locale":"es_ES","og_type":"article","og_title":"Martins: \"A levantarse r\u00e1pido\" - El Diario - Bolivia","og_description":"A pocas horas del partido a jugarse contra Chile, el delantero y goleador de la Selecci\u00f3n Nacional, Marcelo Martins, mencion\u00f3 que este compromiso representa una oportunidad para que el plantel puede reivindicarse y volver a la carga detr\u00e1s del sue\u00f1o de la clasificaci\u00f3n a la Copa Mundial Qatar 2022. \u00abTenemos que levantarnos lo m\u00e1s r\u00e1pido [&hellip;]","og_url":"https:\/\/www.eldiario.net\/portal\/2022\/02\/01\/martins-a-levantarse-rapido\/","og_site_name":"El Diario - Bolivia","article_publisher":"https:\/\/www.facebook.com\/eldiario.bolivia\/","article_published_time":"2022-02-01T09:52:22+00:00","author":"Jeanette","twitter_card":"summary_large_image","twitter_creator":"@eldiario_net","twitter_site":"@eldiario_net","twitter_misc":{"Escrito por":"Jeanette","Tiempo de lectura":"2 minutos"},"schema":{"@context":"https:\/\/schema.org","@graph":[{"@type":"Article","@id":"https:\/\/www.eldiario.net\/portal\/2022\/02\/01\/martins-a-levantarse-rapido\/#article","isPartOf":{"@id":"https:\/\/www.eldiario.net\/portal\/2022\/02\/01\/martins-a-levantarse-rapido\/"},"author":{"name":"Jeanette","@id":"https:\/\/www.eldiario.net\/portal\/#\/schema\/person\/2c57cf2b7a7ae032e449e4c9b1019eac"},"headline":"Martins: \u00abA levantarse r\u00e1pido\u00bb","datePublished":"2022-02-01T09:52:22+00:00","mainEntityOfPage":{"@id":"https:\/\/www.eldiario.net\/portal\/2022\/02\/01\/martins-a-levantarse-rapido\/"},"wordCount":366,"publisher":{"@id":"https:\/\/www.eldiario.net\/portal\/#organization"},"image":{"@id":"https:\/\/www.eldiario.net\/portal\/2022\/02\/01\/martins-a-levantarse-rapido\/#primaryimage"},"thumbnailUrl":"","articleSection":["Deportes"],"inLanguage":"es"},{"@type":"WebPage","@id":"https:\/\/www.eldiario.net\/portal\/2022\/02\/01\/martins-a-levantarse-rapido\/","url":"https:\/\/www.eldiario.net\/portal\/2022\/02\/01\/martins-a-levantarse-rapido\/","name":"Martins: \"A levantarse r\u00e1pido\" - El Diario - Bolivia","isPartOf":{"@id":"https:\/\/www.eldiario.net\/portal\/#website"},"primaryImageOfPage":{"@id":"https:\/\/www.eldiario.net\/portal\/2022\/02\/01\/martins-a-levantarse-rapido\/#primaryimage"},"image":{"@id":"https:\/\/www.eldiario.net\/portal\/2022\/02\/01\/martins-a-levantarse-rapido\/#primaryimage"},"thumbnailUrl":"","datePublished":"2022-02-01T09:52:22+00:00","breadcrumb":{"@id":"https:\/\/www.eldiario.net\/portal\/2022\/02\/01\/martins-a-levantarse-rapido\/#breadcrumb"},"inLanguage":"es","potentialAction":[{"@type":"ReadAction","target":["https:\/\/www.eldiario.net\/portal\/2022\/02\/01\/martins-a-levantarse-rapido\/"]}]},{"@type":"ImageObject","inLanguage":"es","@id":"https:\/\/www.eldiario.net\/portal\/2022\/02\/01\/martins-a-levantarse-rapido\/#primaryimage","url":"","contentUrl":""},{"@type":"BreadcrumbList","@id":"https:\/\/www.eldiario.net\/portal\/2022\/02\/01\/martins-a-levantarse-rapido\/#breadcrumb","itemListElement":[{"@type":"ListItem","position":1,"name":"Portada","item":"https:\/\/www.eldiario.net\/portal\/"},{"@type":"ListItem","position":2,"name":"Martins: \u00abA levantarse r\u00e1pido\u00bb"}]},{"@type":"WebSite","@id":"https:\/\/www.eldiario.net\/portal\/#website","url":"https:\/\/www.eldiario.net\/portal\/","name":"El Diario - Decano de la prensa nacional","description":"El Diario - Decano de la prensa nacional","publisher":{"@id":"https:\/\/www.eldiario.net\/portal\/#organization"},"potentialAction":[{"@type":"SearchAction","target":{"@type":"EntryPoint","urlTemplate":"https:\/\/www.eldiario.net\/portal\/?s={search_term_string}"},"query-input":{"@type":"PropertyValueSpecification","valueRequired":true,"valueName":"search_term_string"}}],"inLanguage":"es"},{"@type":"Organization","@id":"https:\/\/www.eldiario.net\/portal\/#organization","name":"El Diario - Decano de la prensa nacional","url":"https:\/\/www.eldiario.net\/portal\/","logo":{"@type":"ImageObject","inLanguage":"es","@id":"https:\/\/www.eldiario.net\/portal\/#\/schema\/logo\/image\/","url":"https:\/\/www.eldiario.net\/portal\/wp-content\/uploads\/2023\/07\/logo_ED.jpg","contentUrl":"https:\/\/www.eldiario.net\/portal\/wp-content\/uploads\/2023\/07\/logo_ED.jpg","width":272,"height":52,"caption":"El Diario - Decano de la prensa nacional"},"image":{"@id":"https:\/\/www.eldiario.net\/portal\/#\/schema\/logo\/image\/"},"sameAs":["https:\/\/www.facebook.com\/eldiario.bolivia\/","https:\/\/x.com\/eldiario_net"]},{"@type":"Person","@id":"https:\/\/www.eldiario.net\/portal\/#\/schema\/person\/2c57cf2b7a7ae032e449e4c9b1019eac","name":"Jeanette","image":{"@type":"ImageObject","inLanguage":"es","@id":"https:\/\/secure.gravatar.com\/avatar\/3ea2118a5f7dad2b7138b1187a6b7ee55f160b9968b66013c3a3ef39dd7e5798?s=96&d=mm&r=g","url":"https:\/\/secure.gravatar.com\/avatar\/3ea2118a5f7dad2b7138b1187a6b7ee55f160b9968b66013c3a3ef39dd7e5798?s=96&d=mm&r=g","contentUrl":"https:\/\/secure.gravatar.com\/avatar\/3ea2118a5f7dad2b7138b1187a6b7ee55f160b9968b66013c3a3ef39dd7e5798?s=96&d=mm&r=g","caption":"Jeanette"},"sameAs":["https:\/\/www.eldiario.net\/portal"],"url":"https:\/\/www.eldiario.net\/portal\/author\/jeanette\/"}]}},"_links":{"self":[{"href":"https:\/\/www.eldiario.net\/portal\/wp-json\/wp\/v2\/posts\/60309","targetHints":{"allow":["GET"]}}],"collection":[{"href":"https:\/\/www.eldiario.net\/portal\/wp-json\/wp\/v2\/posts"}],"about":[{"href":"https:\/\/www.eldiario.net\/portal\/wp-json\/wp\/v2\/types\/post"}],"author":[{"embeddable":true,"href":"https:\/\/www.eldiario.net\/portal\/wp-json\/wp\/v2\/users\/1"}],"replies":[{"embeddable":true,"href":"https:\/\/www.eldiario.net\/portal\/wp-json\/wp\/v2\/comments?post=60309"}],"version-history":[{"count":0,"href":"https:\/\/www.eldiario.net\/portal\/wp-json\/wp\/v2\/posts\/60309\/revisions"}],"wp:attachment":[{"href":"https:\/\/www.eldiario.net\/portal\/wp-json\/wp\/v2\/media?parent=60309"}],"wp:term":[{"taxonomy":"category","embeddable":true,"href":"https:\/\/www.eldiario.net\/portal\/wp-json\/wp\/v2\/categories?post=60309"},{"taxonomy":"post_tag","embeddable":true,"href":"https:\/\/www.eldiario.net\/portal\/wp-json\/wp\/v2\/tags?post=60309"}],"curies":[{"name":"wp","href":"https:\/\/api.w.org\/{rel}","templated":true}]}}