{"id":60268,"date":"2022-02-01T05:32:34","date_gmt":"2022-02-01T09:32:34","guid":{"rendered":"https:\/\/www.eldiario.net\/portal\/?p=60268"},"modified":"2022-02-01T05:32:34","modified_gmt":"2022-02-01T09:32:34","slug":"rechazan-intencion-oficialista-de-conformar-comision-por-caso-items","status":"publish","type":"post","link":"https:\/\/www.eldiario.net\/portal\/2022\/02\/01\/rechazan-intencion-oficialista-de-conformar-comision-por-caso-items\/","title":{"rendered":"Rechazan intenci\u00f3n oficialista de  conformar comisi\u00f3n por caso \u00edtems"},"content":{"rendered":"<p>La insistencia del oficialismo por conformar una comisi\u00f3n legislativa para investigar el caso \u00edtems \u201cfantasma\u201d solo tiene el objetivo de hacer desaparecer los indicios y pruebas que involucran a militantes y dirigentes del Movimiento al Socialismo (MAS) en este hecho de corrupci\u00f3n, raz\u00f3n por la cual existe desconfianza y rechazo a esta propuesta, se\u00f1al\u00f3 la diputada Mar\u00eda Ren\u00e9 \u00c1lvarez (Creemos).<\/p>\n<p>Se\u00f1al\u00f3 que el partido oficialista no tiene intenciones de esclarecer el caso de corrupci\u00f3n de los \u00edtems \u201cfantasma\u201d en el municipio cruce\u00f1o y los intentos por investigar este hecho desde el Legislativo, solo tienen intereses de ocultar los v\u00ednculos del partido azul en este caso.<\/p>\n<p>\u201cEl MAS piensa que el pueblo no se da cuenta de lo que dicen y hacen, pero el pueblo es sabio entiende con absoluta claridad que la mayor preocupaci\u00f3n del Gobierno es tapar los actos de corrupci\u00f3n y narcotr\u00e1fico de sus altos dirigentes y destruir a los nuevos liderazgos\u201d, dijo la legisladora.<\/p>\n<p>\u00c1lvarez, advirti\u00f3 que no avalar\u00e1 ni legitimar\u00e1 la conformaci\u00f3n de ninguna comisi\u00f3n especial planteada, por el oficialismo porque es pensada \u201ca la medida del MAS\u201d y consider\u00f3 que esta instancia de investigaci\u00f3n debe ser conformada por un equipo de profesionales probos que permita dar certidumbre a la poblaci\u00f3n.<\/p>\n<p>Para la legisladora, ning\u00fan boliviano est\u00e1 en contra de una investigaci\u00f3n de los actos corrupci\u00f3n, siempre y cuando se lleve adelante en el marco de la transparencia y en apego a la verdad, menos a\u00fan sobre hechos que comprometen la fe y la imagen del pa\u00eds (\u2026) Sin embargo, dijo, en esta oportunidad no existen las garant\u00edas suficientes para emprender este desaf\u00edo por parte del partido en funci\u00f3n de Gobierno.<\/p>\n<p>Tras calificar como \u201cpantomima de investigaci\u00f3n\u201d a lo que pretende el oficialismo, se\u00f1al\u00f3 que el inter\u00e9s real del MAS es involucrar en estos temas a los l\u00edderes y dirigentes de la oposici\u00f3n para afectar la institucionalidad cruce\u00f1a, con hechos de corrupci\u00f3n propiciados por militantes \u201cmasistas\u201d incrustados en las instituciones departamentales.<\/p>\n<p>\u201cNo me voy a prestar a legitimar una comisi\u00f3n especial sesgada, ama\u00f1ada desde su concepci\u00f3n en el MAS, su fin no es esclarecer ni sancionar a los corruptos, si as\u00ed fuera muchos masistas estuvieran en las c\u00e1rceles y tendr\u00edan sentencia, pero est\u00e1n sueltos (\u2026) una justicia correcta estar\u00eda gestionando el resarcimiento de da\u00f1os al Estado, pero es todo lo contrario\u201d, manifest\u00f3 \u00c1lvarez.<\/p>\n<p>Desde el oficialismo, el diputado Juanito Angulo, manifest\u00f3 que existe nerviosismo en la oposici\u00f3n y es por eso que existe resistencia en la conformaci\u00f3n de una comisi\u00f3n legislativa para llegar al fondo de este hecho de corrupci\u00f3n.<\/p>\n","protected":false},"excerpt":{"rendered":"<p>La insistencia del oficialismo por conformar una comisi\u00f3n legislativa para investigar el caso \u00edtems \u201cfantasma\u201d solo tiene el objetivo de hacer desaparecer los indicios y pruebas que involucran a militantes y dirigentes del Movimiento al Socialismo (MAS) en este hecho de corrupci\u00f3n, raz\u00f3n por la cual existe desconfianza y rechazo a esta propuesta, se\u00f1al\u00f3 la [&hellip;]<\/p>\n","protected":false},"author":1,"featured_media":60269,"comment_status":"closed","ping_status":"closed","sticky":false,"template":"","format":"standard","meta":{"_acf_changed":false,"footnotes":""},"categories":[14],"tags":[],"class_list":["post-60268","post","type-post","status-publish","format-standard","has-post-thumbnail","category-politica"],"acf":{"antetitulo":""},"yoast_head":"<!-- This site is optimized with the Yoast SEO plugin v28.3 - https:\/\/yoast.com\/product\/yoast-seo-wordpress\/ -->\n<title>Rechazan intenci\u00f3n oficialista de conformar comisi\u00f3n por caso \u00edtems - El Diario - Bolivia<\/title>\n<meta name=\"robots\" content=\"index, follow, max-snippet:-1, max-image-preview:large, max-video-preview:-1\" \/>\n<link rel=\"canonical\" href=\"https:\/\/www.eldiario.net\/portal\/2022\/02\/01\/rechazan-intencion-oficialista-de-conformar-comision-por-caso-items\/\" \/>\n<meta property=\"og:locale\" content=\"es_ES\" \/>\n<meta property=\"og:type\" content=\"article\" \/>\n<meta property=\"og:title\" content=\"Rechazan intenci\u00f3n oficialista de conformar comisi\u00f3n por caso \u00edtems - El Diario - Bolivia\" \/>\n<meta property=\"og:description\" content=\"La insistencia del oficialismo por conformar una comisi\u00f3n legislativa para investigar el caso \u00edtems \u201cfantasma\u201d solo tiene el objetivo de hacer desaparecer los indicios y pruebas que involucran a militantes y dirigentes del Movimiento al Socialismo (MAS) en este hecho de corrupci\u00f3n, raz\u00f3n por la cual existe desconfianza y rechazo a esta propuesta, se\u00f1al\u00f3 la [&hellip;]\" \/>\n<meta property=\"og:url\" content=\"https:\/\/www.eldiario.net\/portal\/2022\/02\/01\/rechazan-intencion-oficialista-de-conformar-comision-por-caso-items\/\" \/>\n<meta property=\"og:site_name\" content=\"El Diario - Bolivia\" \/>\n<meta property=\"article:publisher\" content=\"https:\/\/www.facebook.com\/eldiario.bolivia\/\" \/>\n<meta property=\"article:published_time\" content=\"2022-02-01T09:32:34+00:00\" \/>\n<meta name=\"author\" content=\"Jeanette\" \/>\n<meta name=\"twitter:card\" content=\"summary_large_image\" \/>\n<meta name=\"twitter:creator\" content=\"@eldiario_net\" \/>\n<meta name=\"twitter:site\" content=\"@eldiario_net\" \/>\n<meta name=\"twitter:label1\" content=\"Escrito por\" \/>\n\t<meta name=\"twitter:data1\" content=\"Jeanette\" \/>\n\t<meta name=\"twitter:label2\" content=\"Tiempo de lectura\" \/>\n\t<meta name=\"twitter:data2\" content=\"2 minutos\" \/>\n<script type=\"application\/ld+json\" class=\"yoast-schema-graph\">{\"@context\":\"https:\\\/\\\/schema.org\",\"@graph\":[{\"@type\":\"Article\",\"@id\":\"https:\\\/\\\/www.eldiario.net\\\/portal\\\/2022\\\/02\\\/01\\\/rechazan-intencion-oficialista-de-conformar-comision-por-caso-items\\\/#article\",\"isPartOf\":{\"@id\":\"https:\\\/\\\/www.eldiario.net\\\/portal\\\/2022\\\/02\\\/01\\\/rechazan-intencion-oficialista-de-conformar-comision-por-caso-items\\\/\"},\"author\":{\"name\":\"Jeanette\",\"@id\":\"https:\\\/\\\/www.eldiario.net\\\/portal\\\/#\\\/schema\\\/person\\\/f46445640444750d7d753ccd04ae01b7\"},\"headline\":\"Rechazan intenci\u00f3n oficialista de conformar comisi\u00f3n por caso \u00edtems\",\"datePublished\":\"2022-02-01T09:32:34+00:00\",\"mainEntityOfPage\":{\"@id\":\"https:\\\/\\\/www.eldiario.net\\\/portal\\\/2022\\\/02\\\/01\\\/rechazan-intencion-oficialista-de-conformar-comision-por-caso-items\\\/\"},\"wordCount\":476,\"publisher\":{\"@id\":\"https:\\\/\\\/www.eldiario.net\\\/portal\\\/#organization\"},\"image\":{\"@id\":\"https:\\\/\\\/www.eldiario.net\\\/portal\\\/2022\\\/02\\\/01\\\/rechazan-intencion-oficialista-de-conformar-comision-por-caso-items\\\/#primaryimage\"},\"thumbnailUrl\":\"\",\"articleSection\":[\"Pol\u00edtica\"],\"inLanguage\":\"es\"},{\"@type\":\"WebPage\",\"@id\":\"https:\\\/\\\/www.eldiario.net\\\/portal\\\/2022\\\/02\\\/01\\\/rechazan-intencion-oficialista-de-conformar-comision-por-caso-items\\\/\",\"url\":\"https:\\\/\\\/www.eldiario.net\\\/portal\\\/2022\\\/02\\\/01\\\/rechazan-intencion-oficialista-de-conformar-comision-por-caso-items\\\/\",\"name\":\"Rechazan intenci\u00f3n oficialista de conformar comisi\u00f3n por caso \u00edtems - El Diario - Bolivia\",\"isPartOf\":{\"@id\":\"https:\\\/\\\/www.eldiario.net\\\/portal\\\/#website\"},\"primaryImageOfPage\":{\"@id\":\"https:\\\/\\\/www.eldiario.net\\\/portal\\\/2022\\\/02\\\/01\\\/rechazan-intencion-oficialista-de-conformar-comision-por-caso-items\\\/#primaryimage\"},\"image\":{\"@id\":\"https:\\\/\\\/www.eldiario.net\\\/portal\\\/2022\\\/02\\\/01\\\/rechazan-intencion-oficialista-de-conformar-comision-por-caso-items\\\/#primaryimage\"},\"thumbnailUrl\":\"\",\"datePublished\":\"2022-02-01T09:32:34+00:00\",\"breadcrumb\":{\"@id\":\"https:\\\/\\\/www.eldiario.net\\\/portal\\\/2022\\\/02\\\/01\\\/rechazan-intencion-oficialista-de-conformar-comision-por-caso-items\\\/#breadcrumb\"},\"inLanguage\":\"es\",\"potentialAction\":[{\"@type\":\"ReadAction\",\"target\":[\"https:\\\/\\\/www.eldiario.net\\\/portal\\\/2022\\\/02\\\/01\\\/rechazan-intencion-oficialista-de-conformar-comision-por-caso-items\\\/\"]}]},{\"@type\":\"ImageObject\",\"inLanguage\":\"es\",\"@id\":\"https:\\\/\\\/www.eldiario.net\\\/portal\\\/2022\\\/02\\\/01\\\/rechazan-intencion-oficialista-de-conformar-comision-por-caso-items\\\/#primaryimage\",\"url\":\"\",\"contentUrl\":\"\"},{\"@type\":\"BreadcrumbList\",\"@id\":\"https:\\\/\\\/www.eldiario.net\\\/portal\\\/2022\\\/02\\\/01\\\/rechazan-intencion-oficialista-de-conformar-comision-por-caso-items\\\/#breadcrumb\",\"itemListElement\":[{\"@type\":\"ListItem\",\"position\":1,\"name\":\"Portada\",\"item\":\"https:\\\/\\\/www.eldiario.net\\\/portal\\\/\"},{\"@type\":\"ListItem\",\"position\":2,\"name\":\"Rechazan intenci\u00f3n oficialista de conformar comisi\u00f3n por caso \u00edtems\"}]},{\"@type\":\"WebSite\",\"@id\":\"https:\\\/\\\/www.eldiario.net\\\/portal\\\/#website\",\"url\":\"https:\\\/\\\/www.eldiario.net\\\/portal\\\/\",\"name\":\"El Diario - Decano de la prensa nacional\",\"description\":\"El Diario - Decano de la prensa nacional\",\"publisher\":{\"@id\":\"https:\\\/\\\/www.eldiario.net\\\/portal\\\/#organization\"},\"potentialAction\":[{\"@type\":\"SearchAction\",\"target\":{\"@type\":\"EntryPoint\",\"urlTemplate\":\"https:\\\/\\\/www.eldiario.net\\\/portal\\\/?s={search_term_string}\"},\"query-input\":{\"@type\":\"PropertyValueSpecification\",\"valueRequired\":true,\"valueName\":\"search_term_string\"}}],\"inLanguage\":\"es\"},{\"@type\":\"Organization\",\"@id\":\"https:\\\/\\\/www.eldiario.net\\\/portal\\\/#organization\",\"name\":\"El Diario - Decano de la prensa nacional\",\"url\":\"https:\\\/\\\/www.eldiario.net\\\/portal\\\/\",\"logo\":{\"@type\":\"ImageObject\",\"inLanguage\":\"es\",\"@id\":\"https:\\\/\\\/www.eldiario.net\\\/portal\\\/#\\\/schema\\\/logo\\\/image\\\/\",\"url\":\"https:\\\/\\\/www.eldiario.net\\\/portal\\\/wp-content\\\/uploads\\\/2023\\\/07\\\/logo_ED.jpg\",\"contentUrl\":\"https:\\\/\\\/www.eldiario.net\\\/portal\\\/wp-content\\\/uploads\\\/2023\\\/07\\\/logo_ED.jpg\",\"width\":272,\"height\":52,\"caption\":\"El Diario - Decano de la prensa nacional\"},\"image\":{\"@id\":\"https:\\\/\\\/www.eldiario.net\\\/portal\\\/#\\\/schema\\\/logo\\\/image\\\/\"},\"sameAs\":[\"https:\\\/\\\/www.facebook.com\\\/eldiario.bolivia\\\/\",\"https:\\\/\\\/x.com\\\/eldiario_net\"]},{\"@type\":\"Person\",\"@id\":\"https:\\\/\\\/www.eldiario.net\\\/portal\\\/#\\\/schema\\\/person\\\/f46445640444750d7d753ccd04ae01b7\",\"name\":\"Jeanette\",\"image\":{\"@type\":\"ImageObject\",\"inLanguage\":\"es\",\"@id\":\"https:\\\/\\\/secure.gravatar.com\\\/avatar\\\/3ea2118a5f7dad2b7138b1187a6b7ee55f160b9968b66013c3a3ef39dd7e5798?s=96&d=mm&r=g\",\"url\":\"https:\\\/\\\/secure.gravatar.com\\\/avatar\\\/3ea2118a5f7dad2b7138b1187a6b7ee55f160b9968b66013c3a3ef39dd7e5798?s=96&d=mm&r=g\",\"contentUrl\":\"https:\\\/\\\/secure.gravatar.com\\\/avatar\\\/3ea2118a5f7dad2b7138b1187a6b7ee55f160b9968b66013c3a3ef39dd7e5798?s=96&d=mm&r=g\",\"caption\":\"Jeanette\"},\"sameAs\":[\"https:\\\/\\\/www.eldiario.net\\\/portal\"],\"url\":\"https:\\\/\\\/www.eldiario.net\\\/portal\\\/author\\\/jeanette\\\/\"}]}<\/script>\n<!-- \/ Yoast SEO plugin. -->","yoast_head_json":{"title":"Rechazan intenci\u00f3n oficialista de conformar comisi\u00f3n por caso \u00edtems - El Diario - Bolivia","robots":{"index":"index","follow":"follow","max-snippet":"max-snippet:-1","max-image-preview":"max-image-preview:large","max-video-preview":"max-video-preview:-1"},"canonical":"https:\/\/www.eldiario.net\/portal\/2022\/02\/01\/rechazan-intencion-oficialista-de-conformar-comision-por-caso-items\/","og_locale":"es_ES","og_type":"article","og_title":"Rechazan intenci\u00f3n oficialista de conformar comisi\u00f3n por caso \u00edtems - El Diario - Bolivia","og_description":"La insistencia del oficialismo por conformar una comisi\u00f3n legislativa para investigar el caso \u00edtems \u201cfantasma\u201d solo tiene el objetivo de hacer desaparecer los indicios y pruebas que involucran a militantes y dirigentes del Movimiento al Socialismo (MAS) en este hecho de corrupci\u00f3n, raz\u00f3n por la cual existe desconfianza y rechazo a esta propuesta, se\u00f1al\u00f3 la [&hellip;]","og_url":"https:\/\/www.eldiario.net\/portal\/2022\/02\/01\/rechazan-intencion-oficialista-de-conformar-comision-por-caso-items\/","og_site_name":"El Diario - Bolivia","article_publisher":"https:\/\/www.facebook.com\/eldiario.bolivia\/","article_published_time":"2022-02-01T09:32:34+00:00","author":"Jeanette","twitter_card":"summary_large_image","twitter_creator":"@eldiario_net","twitter_site":"@eldiario_net","twitter_misc":{"Escrito por":"Jeanette","Tiempo de lectura":"2 minutos"},"schema":{"@context":"https:\/\/schema.org","@graph":[{"@type":"Article","@id":"https:\/\/www.eldiario.net\/portal\/2022\/02\/01\/rechazan-intencion-oficialista-de-conformar-comision-por-caso-items\/#article","isPartOf":{"@id":"https:\/\/www.eldiario.net\/portal\/2022\/02\/01\/rechazan-intencion-oficialista-de-conformar-comision-por-caso-items\/"},"author":{"name":"Jeanette","@id":"https:\/\/www.eldiario.net\/portal\/#\/schema\/person\/f46445640444750d7d753ccd04ae01b7"},"headline":"Rechazan intenci\u00f3n oficialista de conformar comisi\u00f3n por caso \u00edtems","datePublished":"2022-02-01T09:32:34+00:00","mainEntityOfPage":{"@id":"https:\/\/www.eldiario.net\/portal\/2022\/02\/01\/rechazan-intencion-oficialista-de-conformar-comision-por-caso-items\/"},"wordCount":476,"publisher":{"@id":"https:\/\/www.eldiario.net\/portal\/#organization"},"image":{"@id":"https:\/\/www.eldiario.net\/portal\/2022\/02\/01\/rechazan-intencion-oficialista-de-conformar-comision-por-caso-items\/#primaryimage"},"thumbnailUrl":"","articleSection":["Pol\u00edtica"],"inLanguage":"es"},{"@type":"WebPage","@id":"https:\/\/www.eldiario.net\/portal\/2022\/02\/01\/rechazan-intencion-oficialista-de-conformar-comision-por-caso-items\/","url":"https:\/\/www.eldiario.net\/portal\/2022\/02\/01\/rechazan-intencion-oficialista-de-conformar-comision-por-caso-items\/","name":"Rechazan intenci\u00f3n oficialista de conformar comisi\u00f3n por caso \u00edtems - El Diario - Bolivia","isPartOf":{"@id":"https:\/\/www.eldiario.net\/portal\/#website"},"primaryImageOfPage":{"@id":"https:\/\/www.eldiario.net\/portal\/2022\/02\/01\/rechazan-intencion-oficialista-de-conformar-comision-por-caso-items\/#primaryimage"},"image":{"@id":"https:\/\/www.eldiario.net\/portal\/2022\/02\/01\/rechazan-intencion-oficialista-de-conformar-comision-por-caso-items\/#primaryimage"},"thumbnailUrl":"","datePublished":"2022-02-01T09:32:34+00:00","breadcrumb":{"@id":"https:\/\/www.eldiario.net\/portal\/2022\/02\/01\/rechazan-intencion-oficialista-de-conformar-comision-por-caso-items\/#breadcrumb"},"inLanguage":"es","potentialAction":[{"@type":"ReadAction","target":["https:\/\/www.eldiario.net\/portal\/2022\/02\/01\/rechazan-intencion-oficialista-de-conformar-comision-por-caso-items\/"]}]},{"@type":"ImageObject","inLanguage":"es","@id":"https:\/\/www.eldiario.net\/portal\/2022\/02\/01\/rechazan-intencion-oficialista-de-conformar-comision-por-caso-items\/#primaryimage","url":"","contentUrl":""},{"@type":"BreadcrumbList","@id":"https:\/\/www.eldiario.net\/portal\/2022\/02\/01\/rechazan-intencion-oficialista-de-conformar-comision-por-caso-items\/#breadcrumb","itemListElement":[{"@type":"ListItem","position":1,"name":"Portada","item":"https:\/\/www.eldiario.net\/portal\/"},{"@type":"ListItem","position":2,"name":"Rechazan intenci\u00f3n oficialista de conformar comisi\u00f3n por caso \u00edtems"}]},{"@type":"WebSite","@id":"https:\/\/www.eldiario.net\/portal\/#website","url":"https:\/\/www.eldiario.net\/portal\/","name":"El Diario - Decano de la prensa nacional","description":"El Diario - Decano de la prensa nacional","publisher":{"@id":"https:\/\/www.eldiario.net\/portal\/#organization"},"potentialAction":[{"@type":"SearchAction","target":{"@type":"EntryPoint","urlTemplate":"https:\/\/www.eldiario.net\/portal\/?s={search_term_string}"},"query-input":{"@type":"PropertyValueSpecification","valueRequired":true,"valueName":"search_term_string"}}],"inLanguage":"es"},{"@type":"Organization","@id":"https:\/\/www.eldiario.net\/portal\/#organization","name":"El Diario - Decano de la prensa nacional","url":"https:\/\/www.eldiario.net\/portal\/","logo":{"@type":"ImageObject","inLanguage":"es","@id":"https:\/\/www.eldiario.net\/portal\/#\/schema\/logo\/image\/","url":"https:\/\/www.eldiario.net\/portal\/wp-content\/uploads\/2023\/07\/logo_ED.jpg","contentUrl":"https:\/\/www.eldiario.net\/portal\/wp-content\/uploads\/2023\/07\/logo_ED.jpg","width":272,"height":52,"caption":"El Diario - Decano de la prensa nacional"},"image":{"@id":"https:\/\/www.eldiario.net\/portal\/#\/schema\/logo\/image\/"},"sameAs":["https:\/\/www.facebook.com\/eldiario.bolivia\/","https:\/\/x.com\/eldiario_net"]},{"@type":"Person","@id":"https:\/\/www.eldiario.net\/portal\/#\/schema\/person\/f46445640444750d7d753ccd04ae01b7","name":"Jeanette","image":{"@type":"ImageObject","inLanguage":"es","@id":"https:\/\/secure.gravatar.com\/avatar\/3ea2118a5f7dad2b7138b1187a6b7ee55f160b9968b66013c3a3ef39dd7e5798?s=96&d=mm&r=g","url":"https:\/\/secure.gravatar.com\/avatar\/3ea2118a5f7dad2b7138b1187a6b7ee55f160b9968b66013c3a3ef39dd7e5798?s=96&d=mm&r=g","contentUrl":"https:\/\/secure.gravatar.com\/avatar\/3ea2118a5f7dad2b7138b1187a6b7ee55f160b9968b66013c3a3ef39dd7e5798?s=96&d=mm&r=g","caption":"Jeanette"},"sameAs":["https:\/\/www.eldiario.net\/portal"],"url":"https:\/\/www.eldiario.net\/portal\/author\/jeanette\/"}]}},"_links":{"self":[{"href":"https:\/\/www.eldiario.net\/portal\/wp-json\/wp\/v2\/posts\/60268","targetHints":{"allow":["GET"]}}],"collection":[{"href":"https:\/\/www.eldiario.net\/portal\/wp-json\/wp\/v2\/posts"}],"about":[{"href":"https:\/\/www.eldiario.net\/portal\/wp-json\/wp\/v2\/types\/post"}],"author":[{"embeddable":true,"href":"https:\/\/www.eldiario.net\/portal\/wp-json\/wp\/v2\/users\/1"}],"replies":[{"embeddable":true,"href":"https:\/\/www.eldiario.net\/portal\/wp-json\/wp\/v2\/comments?post=60268"}],"version-history":[{"count":0,"href":"https:\/\/www.eldiario.net\/portal\/wp-json\/wp\/v2\/posts\/60268\/revisions"}],"wp:attachment":[{"href":"https:\/\/www.eldiario.net\/portal\/wp-json\/wp\/v2\/media?parent=60268"}],"wp:term":[{"taxonomy":"category","embeddable":true,"href":"https:\/\/www.eldiario.net\/portal\/wp-json\/wp\/v2\/categories?post=60268"},{"taxonomy":"post_tag","embeddable":true,"href":"https:\/\/www.eldiario.net\/portal\/wp-json\/wp\/v2\/tags?post=60268"}],"curies":[{"name":"wp","href":"https:\/\/api.w.org\/{rel}","templated":true}]}}