{"id":60265,"date":"2022-02-01T05:31:38","date_gmt":"2022-02-01T09:31:38","guid":{"rendered":"https:\/\/www.eldiario.net\/portal\/?p=60265"},"modified":"2022-02-01T05:31:38","modified_gmt":"2022-02-01T09:31:38","slug":"mas-encubre-a-jueces-y-magistrados-corruptos","status":"publish","type":"post","link":"https:\/\/www.eldiario.net\/portal\/2022\/02\/01\/mas-encubre-a-jueces-y-magistrados-corruptos\/","title":{"rendered":"MAS encubre a jueces y magistrados corruptos"},"content":{"rendered":"<p>Ante la ola de cr\u00edticas contra el sistema de justicia en Bolivia, desatada tras la aprehensi\u00f3n del juez Rafael Alc\u00f3n, por haber liberado a un feminicida serial, sentenciado a 30 a\u00f1os de prisi\u00f3n, el exdiputado Am\u00edlcar Barral, sostuvo que el Movimiento Al Socialismo (MAS) encubri\u00f3 siempre a jueces y magistrados corruptos.<\/p>\n<p>El exparlamentario se\u00f1al\u00f3 que los hechos irregulares en la justicia boliviana, se vienen desarrollando desde hace bastante tiempo bajo la protecci\u00f3n de autoridades del partido azul. Sostuvo que estas irregularidades fueron denunciadas en su momento sin encontrar respuestas favorables.<\/p>\n<p>\u201cLos masistas siempre encubrieron a magistrados y jueces corruptos e ilegalmente designados, se vendieron m\u00e1s de 169 juzgados en el pa\u00eds, lo denunciamos cuando era diputado; tambi\u00e9n lo hice a las autoridades actuales como ciudadano\u201d, indic\u00f3 mediante redes sociales.<\/p>\n<p>Barral detall\u00f3 que el pasado a\u00f1o se presentaron dos denuncias, la primera el 31 de marzo al Ministerio de Justicia y posteriormente, se remiti\u00f3 una nota el 15 de septiembre al presidente de la C\u00e1mara de Diputados, Freddy Mamani. Ambas solicitudes no fueron atendidas hasta la fecha.<\/p>\n<p>\u201cNunca hicieron nada, nunca recibimos una respuesta, existen jueces que tienen peores antecedentes que la gente que juzgan\u201d, indic\u00f3.<\/p>\n<p>Sostuvo que en 2019, se presentaron m\u00e1s de 200 pruebas para promover un juicio de responsabilidades, sin que las autoridades atiendan estos requerimientos, lo que lleva a sospechar que, desde el oficialismo, se protege a los operadores de justicia se\u00f1alados por corrupci\u00f3n.<\/p>\n<p>Recientemente, diputados de la oposici\u00f3n y el oficialismo expresaron su rechazo al actuar de algunos operadores de justicia y exigieron que el Consejo de la Magistratura explique la situaci\u00f3n de jueces relacionados con fallos que pudieron haber beneficiado a criminales sentenciados.<\/p>\n<p>\u201cLa comisi\u00f3n solicit\u00f3 un informe al ente llamado por Ley en el tema disciplinario, que precisamente es el Consejo de la Magistratura, ellos son los que tienen que responder al pueblo boliviano, sobre la transparencia en la administraci\u00f3n de justicia por los operadores de justicia\u201d, se\u00f1al\u00f3 la diputada Betty Ya\u00f1iquez, presidenta de la Comisi\u00f3n de Derechos Humanos de la C\u00e1mara de Diputados.<\/p>\n","protected":false},"excerpt":{"rendered":"<p>Ante la ola de cr\u00edticas contra el sistema de justicia en Bolivia, desatada tras la aprehensi\u00f3n del juez Rafael Alc\u00f3n, por haber liberado a un feminicida serial, sentenciado a 30 a\u00f1os de prisi\u00f3n, el exdiputado Am\u00edlcar Barral, sostuvo que el Movimiento Al Socialismo (MAS) encubri\u00f3 siempre a jueces y magistrados corruptos. El exparlamentario se\u00f1al\u00f3 que [&hellip;]<\/p>\n","protected":false},"author":1,"featured_media":60266,"comment_status":"closed","ping_status":"closed","sticky":false,"template":"","format":"standard","meta":{"_acf_changed":false,"footnotes":""},"categories":[14],"tags":[],"class_list":["post-60265","post","type-post","status-publish","format-standard","has-post-thumbnail","category-politica"],"acf":{"antetitulo":""},"yoast_head":"<!-- This site is optimized with the Yoast SEO plugin v28.3 - https:\/\/yoast.com\/product\/yoast-seo-wordpress\/ -->\n<title>MAS encubre a jueces y magistrados corruptos - El Diario - Bolivia<\/title>\n<meta name=\"robots\" content=\"index, follow, max-snippet:-1, max-image-preview:large, max-video-preview:-1\" \/>\n<link rel=\"canonical\" href=\"https:\/\/www.eldiario.net\/portal\/2022\/02\/01\/mas-encubre-a-jueces-y-magistrados-corruptos\/\" \/>\n<meta property=\"og:locale\" content=\"es_ES\" \/>\n<meta property=\"og:type\" content=\"article\" \/>\n<meta property=\"og:title\" content=\"MAS encubre a jueces y magistrados corruptos - El Diario - Bolivia\" \/>\n<meta property=\"og:description\" content=\"Ante la ola de cr\u00edticas contra el sistema de justicia en Bolivia, desatada tras la aprehensi\u00f3n del juez Rafael Alc\u00f3n, por haber liberado a un feminicida serial, sentenciado a 30 a\u00f1os de prisi\u00f3n, el exdiputado Am\u00edlcar Barral, sostuvo que el Movimiento Al Socialismo (MAS) encubri\u00f3 siempre a jueces y magistrados corruptos. El exparlamentario se\u00f1al\u00f3 que [&hellip;]\" \/>\n<meta property=\"og:url\" content=\"https:\/\/www.eldiario.net\/portal\/2022\/02\/01\/mas-encubre-a-jueces-y-magistrados-corruptos\/\" \/>\n<meta property=\"og:site_name\" content=\"El Diario - Bolivia\" \/>\n<meta property=\"article:publisher\" content=\"https:\/\/www.facebook.com\/eldiario.bolivia\/\" \/>\n<meta property=\"article:published_time\" content=\"2022-02-01T09:31:38+00:00\" \/>\n<meta name=\"author\" content=\"Jeanette\" \/>\n<meta name=\"twitter:card\" content=\"summary_large_image\" \/>\n<meta name=\"twitter:creator\" content=\"@eldiario_net\" \/>\n<meta name=\"twitter:site\" content=\"@eldiario_net\" \/>\n<meta name=\"twitter:label1\" content=\"Escrito por\" \/>\n\t<meta name=\"twitter:data1\" content=\"Jeanette\" \/>\n\t<meta name=\"twitter:label2\" content=\"Tiempo de lectura\" \/>\n\t<meta name=\"twitter:data2\" content=\"2 minutos\" \/>\n<script type=\"application\/ld+json\" class=\"yoast-schema-graph\">{\"@context\":\"https:\\\/\\\/schema.org\",\"@graph\":[{\"@type\":\"Article\",\"@id\":\"https:\\\/\\\/www.eldiario.net\\\/portal\\\/2022\\\/02\\\/01\\\/mas-encubre-a-jueces-y-magistrados-corruptos\\\/#article\",\"isPartOf\":{\"@id\":\"https:\\\/\\\/www.eldiario.net\\\/portal\\\/2022\\\/02\\\/01\\\/mas-encubre-a-jueces-y-magistrados-corruptos\\\/\"},\"author\":{\"name\":\"Jeanette\",\"@id\":\"https:\\\/\\\/www.eldiario.net\\\/portal\\\/#\\\/schema\\\/person\\\/f46445640444750d7d753ccd04ae01b7\"},\"headline\":\"MAS encubre a jueces y magistrados corruptos\",\"datePublished\":\"2022-02-01T09:31:38+00:00\",\"mainEntityOfPage\":{\"@id\":\"https:\\\/\\\/www.eldiario.net\\\/portal\\\/2022\\\/02\\\/01\\\/mas-encubre-a-jueces-y-magistrados-corruptos\\\/\"},\"wordCount\":365,\"publisher\":{\"@id\":\"https:\\\/\\\/www.eldiario.net\\\/portal\\\/#organization\"},\"image\":{\"@id\":\"https:\\\/\\\/www.eldiario.net\\\/portal\\\/2022\\\/02\\\/01\\\/mas-encubre-a-jueces-y-magistrados-corruptos\\\/#primaryimage\"},\"thumbnailUrl\":\"\",\"articleSection\":[\"Pol\u00edtica\"],\"inLanguage\":\"es\"},{\"@type\":\"WebPage\",\"@id\":\"https:\\\/\\\/www.eldiario.net\\\/portal\\\/2022\\\/02\\\/01\\\/mas-encubre-a-jueces-y-magistrados-corruptos\\\/\",\"url\":\"https:\\\/\\\/www.eldiario.net\\\/portal\\\/2022\\\/02\\\/01\\\/mas-encubre-a-jueces-y-magistrados-corruptos\\\/\",\"name\":\"MAS encubre a jueces y magistrados corruptos - El Diario - Bolivia\",\"isPartOf\":{\"@id\":\"https:\\\/\\\/www.eldiario.net\\\/portal\\\/#website\"},\"primaryImageOfPage\":{\"@id\":\"https:\\\/\\\/www.eldiario.net\\\/portal\\\/2022\\\/02\\\/01\\\/mas-encubre-a-jueces-y-magistrados-corruptos\\\/#primaryimage\"},\"image\":{\"@id\":\"https:\\\/\\\/www.eldiario.net\\\/portal\\\/2022\\\/02\\\/01\\\/mas-encubre-a-jueces-y-magistrados-corruptos\\\/#primaryimage\"},\"thumbnailUrl\":\"\",\"datePublished\":\"2022-02-01T09:31:38+00:00\",\"breadcrumb\":{\"@id\":\"https:\\\/\\\/www.eldiario.net\\\/portal\\\/2022\\\/02\\\/01\\\/mas-encubre-a-jueces-y-magistrados-corruptos\\\/#breadcrumb\"},\"inLanguage\":\"es\",\"potentialAction\":[{\"@type\":\"ReadAction\",\"target\":[\"https:\\\/\\\/www.eldiario.net\\\/portal\\\/2022\\\/02\\\/01\\\/mas-encubre-a-jueces-y-magistrados-corruptos\\\/\"]}]},{\"@type\":\"ImageObject\",\"inLanguage\":\"es\",\"@id\":\"https:\\\/\\\/www.eldiario.net\\\/portal\\\/2022\\\/02\\\/01\\\/mas-encubre-a-jueces-y-magistrados-corruptos\\\/#primaryimage\",\"url\":\"\",\"contentUrl\":\"\"},{\"@type\":\"BreadcrumbList\",\"@id\":\"https:\\\/\\\/www.eldiario.net\\\/portal\\\/2022\\\/02\\\/01\\\/mas-encubre-a-jueces-y-magistrados-corruptos\\\/#breadcrumb\",\"itemListElement\":[{\"@type\":\"ListItem\",\"position\":1,\"name\":\"Portada\",\"item\":\"https:\\\/\\\/www.eldiario.net\\\/portal\\\/\"},{\"@type\":\"ListItem\",\"position\":2,\"name\":\"MAS encubre a jueces y magistrados corruptos\"}]},{\"@type\":\"WebSite\",\"@id\":\"https:\\\/\\\/www.eldiario.net\\\/portal\\\/#website\",\"url\":\"https:\\\/\\\/www.eldiario.net\\\/portal\\\/\",\"name\":\"El Diario - Decano de la prensa nacional\",\"description\":\"El Diario - Decano de la prensa nacional\",\"publisher\":{\"@id\":\"https:\\\/\\\/www.eldiario.net\\\/portal\\\/#organization\"},\"potentialAction\":[{\"@type\":\"SearchAction\",\"target\":{\"@type\":\"EntryPoint\",\"urlTemplate\":\"https:\\\/\\\/www.eldiario.net\\\/portal\\\/?s={search_term_string}\"},\"query-input\":{\"@type\":\"PropertyValueSpecification\",\"valueRequired\":true,\"valueName\":\"search_term_string\"}}],\"inLanguage\":\"es\"},{\"@type\":\"Organization\",\"@id\":\"https:\\\/\\\/www.eldiario.net\\\/portal\\\/#organization\",\"name\":\"El Diario - Decano de la prensa nacional\",\"url\":\"https:\\\/\\\/www.eldiario.net\\\/portal\\\/\",\"logo\":{\"@type\":\"ImageObject\",\"inLanguage\":\"es\",\"@id\":\"https:\\\/\\\/www.eldiario.net\\\/portal\\\/#\\\/schema\\\/logo\\\/image\\\/\",\"url\":\"https:\\\/\\\/www.eldiario.net\\\/portal\\\/wp-content\\\/uploads\\\/2023\\\/07\\\/logo_ED.jpg\",\"contentUrl\":\"https:\\\/\\\/www.eldiario.net\\\/portal\\\/wp-content\\\/uploads\\\/2023\\\/07\\\/logo_ED.jpg\",\"width\":272,\"height\":52,\"caption\":\"El Diario - Decano de la prensa nacional\"},\"image\":{\"@id\":\"https:\\\/\\\/www.eldiario.net\\\/portal\\\/#\\\/schema\\\/logo\\\/image\\\/\"},\"sameAs\":[\"https:\\\/\\\/www.facebook.com\\\/eldiario.bolivia\\\/\",\"https:\\\/\\\/x.com\\\/eldiario_net\"]},{\"@type\":\"Person\",\"@id\":\"https:\\\/\\\/www.eldiario.net\\\/portal\\\/#\\\/schema\\\/person\\\/f46445640444750d7d753ccd04ae01b7\",\"name\":\"Jeanette\",\"image\":{\"@type\":\"ImageObject\",\"inLanguage\":\"es\",\"@id\":\"https:\\\/\\\/secure.gravatar.com\\\/avatar\\\/3ea2118a5f7dad2b7138b1187a6b7ee55f160b9968b66013c3a3ef39dd7e5798?s=96&d=mm&r=g\",\"url\":\"https:\\\/\\\/secure.gravatar.com\\\/avatar\\\/3ea2118a5f7dad2b7138b1187a6b7ee55f160b9968b66013c3a3ef39dd7e5798?s=96&d=mm&r=g\",\"contentUrl\":\"https:\\\/\\\/secure.gravatar.com\\\/avatar\\\/3ea2118a5f7dad2b7138b1187a6b7ee55f160b9968b66013c3a3ef39dd7e5798?s=96&d=mm&r=g\",\"caption\":\"Jeanette\"},\"sameAs\":[\"https:\\\/\\\/www.eldiario.net\\\/portal\"],\"url\":\"https:\\\/\\\/www.eldiario.net\\\/portal\\\/author\\\/jeanette\\\/\"}]}<\/script>\n<!-- \/ Yoast SEO plugin. -->","yoast_head_json":{"title":"MAS encubre a jueces y magistrados corruptos - El Diario - Bolivia","robots":{"index":"index","follow":"follow","max-snippet":"max-snippet:-1","max-image-preview":"max-image-preview:large","max-video-preview":"max-video-preview:-1"},"canonical":"https:\/\/www.eldiario.net\/portal\/2022\/02\/01\/mas-encubre-a-jueces-y-magistrados-corruptos\/","og_locale":"es_ES","og_type":"article","og_title":"MAS encubre a jueces y magistrados corruptos - El Diario - Bolivia","og_description":"Ante la ola de cr\u00edticas contra el sistema de justicia en Bolivia, desatada tras la aprehensi\u00f3n del juez Rafael Alc\u00f3n, por haber liberado a un feminicida serial, sentenciado a 30 a\u00f1os de prisi\u00f3n, el exdiputado Am\u00edlcar Barral, sostuvo que el Movimiento Al Socialismo (MAS) encubri\u00f3 siempre a jueces y magistrados corruptos. El exparlamentario se\u00f1al\u00f3 que [&hellip;]","og_url":"https:\/\/www.eldiario.net\/portal\/2022\/02\/01\/mas-encubre-a-jueces-y-magistrados-corruptos\/","og_site_name":"El Diario - Bolivia","article_publisher":"https:\/\/www.facebook.com\/eldiario.bolivia\/","article_published_time":"2022-02-01T09:31:38+00:00","author":"Jeanette","twitter_card":"summary_large_image","twitter_creator":"@eldiario_net","twitter_site":"@eldiario_net","twitter_misc":{"Escrito por":"Jeanette","Tiempo de lectura":"2 minutos"},"schema":{"@context":"https:\/\/schema.org","@graph":[{"@type":"Article","@id":"https:\/\/www.eldiario.net\/portal\/2022\/02\/01\/mas-encubre-a-jueces-y-magistrados-corruptos\/#article","isPartOf":{"@id":"https:\/\/www.eldiario.net\/portal\/2022\/02\/01\/mas-encubre-a-jueces-y-magistrados-corruptos\/"},"author":{"name":"Jeanette","@id":"https:\/\/www.eldiario.net\/portal\/#\/schema\/person\/f46445640444750d7d753ccd04ae01b7"},"headline":"MAS encubre a jueces y magistrados corruptos","datePublished":"2022-02-01T09:31:38+00:00","mainEntityOfPage":{"@id":"https:\/\/www.eldiario.net\/portal\/2022\/02\/01\/mas-encubre-a-jueces-y-magistrados-corruptos\/"},"wordCount":365,"publisher":{"@id":"https:\/\/www.eldiario.net\/portal\/#organization"},"image":{"@id":"https:\/\/www.eldiario.net\/portal\/2022\/02\/01\/mas-encubre-a-jueces-y-magistrados-corruptos\/#primaryimage"},"thumbnailUrl":"","articleSection":["Pol\u00edtica"],"inLanguage":"es"},{"@type":"WebPage","@id":"https:\/\/www.eldiario.net\/portal\/2022\/02\/01\/mas-encubre-a-jueces-y-magistrados-corruptos\/","url":"https:\/\/www.eldiario.net\/portal\/2022\/02\/01\/mas-encubre-a-jueces-y-magistrados-corruptos\/","name":"MAS encubre a jueces y magistrados corruptos - El Diario - Bolivia","isPartOf":{"@id":"https:\/\/www.eldiario.net\/portal\/#website"},"primaryImageOfPage":{"@id":"https:\/\/www.eldiario.net\/portal\/2022\/02\/01\/mas-encubre-a-jueces-y-magistrados-corruptos\/#primaryimage"},"image":{"@id":"https:\/\/www.eldiario.net\/portal\/2022\/02\/01\/mas-encubre-a-jueces-y-magistrados-corruptos\/#primaryimage"},"thumbnailUrl":"","datePublished":"2022-02-01T09:31:38+00:00","breadcrumb":{"@id":"https:\/\/www.eldiario.net\/portal\/2022\/02\/01\/mas-encubre-a-jueces-y-magistrados-corruptos\/#breadcrumb"},"inLanguage":"es","potentialAction":[{"@type":"ReadAction","target":["https:\/\/www.eldiario.net\/portal\/2022\/02\/01\/mas-encubre-a-jueces-y-magistrados-corruptos\/"]}]},{"@type":"ImageObject","inLanguage":"es","@id":"https:\/\/www.eldiario.net\/portal\/2022\/02\/01\/mas-encubre-a-jueces-y-magistrados-corruptos\/#primaryimage","url":"","contentUrl":""},{"@type":"BreadcrumbList","@id":"https:\/\/www.eldiario.net\/portal\/2022\/02\/01\/mas-encubre-a-jueces-y-magistrados-corruptos\/#breadcrumb","itemListElement":[{"@type":"ListItem","position":1,"name":"Portada","item":"https:\/\/www.eldiario.net\/portal\/"},{"@type":"ListItem","position":2,"name":"MAS encubre a jueces y magistrados corruptos"}]},{"@type":"WebSite","@id":"https:\/\/www.eldiario.net\/portal\/#website","url":"https:\/\/www.eldiario.net\/portal\/","name":"El Diario - Decano de la prensa nacional","description":"El Diario - Decano de la prensa nacional","publisher":{"@id":"https:\/\/www.eldiario.net\/portal\/#organization"},"potentialAction":[{"@type":"SearchAction","target":{"@type":"EntryPoint","urlTemplate":"https:\/\/www.eldiario.net\/portal\/?s={search_term_string}"},"query-input":{"@type":"PropertyValueSpecification","valueRequired":true,"valueName":"search_term_string"}}],"inLanguage":"es"},{"@type":"Organization","@id":"https:\/\/www.eldiario.net\/portal\/#organization","name":"El Diario - Decano de la prensa nacional","url":"https:\/\/www.eldiario.net\/portal\/","logo":{"@type":"ImageObject","inLanguage":"es","@id":"https:\/\/www.eldiario.net\/portal\/#\/schema\/logo\/image\/","url":"https:\/\/www.eldiario.net\/portal\/wp-content\/uploads\/2023\/07\/logo_ED.jpg","contentUrl":"https:\/\/www.eldiario.net\/portal\/wp-content\/uploads\/2023\/07\/logo_ED.jpg","width":272,"height":52,"caption":"El Diario - Decano de la prensa nacional"},"image":{"@id":"https:\/\/www.eldiario.net\/portal\/#\/schema\/logo\/image\/"},"sameAs":["https:\/\/www.facebook.com\/eldiario.bolivia\/","https:\/\/x.com\/eldiario_net"]},{"@type":"Person","@id":"https:\/\/www.eldiario.net\/portal\/#\/schema\/person\/f46445640444750d7d753ccd04ae01b7","name":"Jeanette","image":{"@type":"ImageObject","inLanguage":"es","@id":"https:\/\/secure.gravatar.com\/avatar\/3ea2118a5f7dad2b7138b1187a6b7ee55f160b9968b66013c3a3ef39dd7e5798?s=96&d=mm&r=g","url":"https:\/\/secure.gravatar.com\/avatar\/3ea2118a5f7dad2b7138b1187a6b7ee55f160b9968b66013c3a3ef39dd7e5798?s=96&d=mm&r=g","contentUrl":"https:\/\/secure.gravatar.com\/avatar\/3ea2118a5f7dad2b7138b1187a6b7ee55f160b9968b66013c3a3ef39dd7e5798?s=96&d=mm&r=g","caption":"Jeanette"},"sameAs":["https:\/\/www.eldiario.net\/portal"],"url":"https:\/\/www.eldiario.net\/portal\/author\/jeanette\/"}]}},"_links":{"self":[{"href":"https:\/\/www.eldiario.net\/portal\/wp-json\/wp\/v2\/posts\/60265","targetHints":{"allow":["GET"]}}],"collection":[{"href":"https:\/\/www.eldiario.net\/portal\/wp-json\/wp\/v2\/posts"}],"about":[{"href":"https:\/\/www.eldiario.net\/portal\/wp-json\/wp\/v2\/types\/post"}],"author":[{"embeddable":true,"href":"https:\/\/www.eldiario.net\/portal\/wp-json\/wp\/v2\/users\/1"}],"replies":[{"embeddable":true,"href":"https:\/\/www.eldiario.net\/portal\/wp-json\/wp\/v2\/comments?post=60265"}],"version-history":[{"count":0,"href":"https:\/\/www.eldiario.net\/portal\/wp-json\/wp\/v2\/posts\/60265\/revisions"}],"wp:attachment":[{"href":"https:\/\/www.eldiario.net\/portal\/wp-json\/wp\/v2\/media?parent=60265"}],"wp:term":[{"taxonomy":"category","embeddable":true,"href":"https:\/\/www.eldiario.net\/portal\/wp-json\/wp\/v2\/categories?post=60265"},{"taxonomy":"post_tag","embeddable":true,"href":"https:\/\/www.eldiario.net\/portal\/wp-json\/wp\/v2\/tags?post=60265"}],"curies":[{"name":"wp","href":"https:\/\/api.w.org\/{rel}","templated":true}]}}