{"id":60262,"date":"2022-02-01T05:30:36","date_gmt":"2022-02-01T09:30:36","guid":{"rendered":"https:\/\/www.eldiario.net\/portal\/?p=60262"},"modified":"2022-02-01T05:30:36","modified_gmt":"2022-02-01T09:30:36","slug":"niegan-persecucion-politica-contra-revillaniegan-persecucion-politica-contra-revilla","status":"publish","type":"post","link":"https:\/\/www.eldiario.net\/portal\/2022\/02\/01\/niegan-persecucion-politica-contra-revillaniegan-persecucion-politica-contra-revilla\/","title":{"rendered":"Niegan persecuci\u00f3n  pol\u00edtica contra Revilla"},"content":{"rendered":"<p>El diputado Juanito Angulo (MAS) neg\u00f3 que el exalcalde, Luis Revilla, sea objeto de persecuci\u00f3n pol\u00edtica y cuestion\u00f3 su determinaci\u00f3n \u201cirresponsable\u201d de \u201cesconderse\u201d para no responder ante la justicia por la presunta adquisici\u00f3n irregular de los buses PumaKatari.<\/p>\n<p>\u201cEs una irresponsabilidad que muestro el exalcalde de La Paz, Luis Revilla, se declare en la clandestinidad, porque obstaculiza y sabotea un proceso de investigaci\u00f3n (\u2026) No existe una persecuci\u00f3n, lo que existe es una situaci\u00f3n legal y jur\u00eddica ante los diferentes hechos\u201d, afirm\u00f3 Angulo.<\/p>\n<p>A trav\u00e9s de una carta fechada el 28 de enero, Revilla se declar\u00f3 en la clandestinidad argumentando que no existen las condiciones para enfrentar un proceso por la presunta licitaci\u00f3n irregular de los buses municipales y se consider\u00f3 perseguido pol\u00edtico. La actuaci\u00f3n del l\u00edder de Sol.bo surge luego de la orden de aprehensi\u00f3n que curs\u00f3 la Fiscal\u00eda contra la exautoridad.<\/p>\n<p>Angulo pidi\u00f3 al exburgomaestre presentarse ante el Ministerio P\u00fablico y de esa forma aclarar el proceso de la compra de los buses PumaKatari durante su administraci\u00f3n edil.<\/p>\n<p>\u201cNo es bueno esconderse como pretende el se\u00f1or Revilla, apelando como de costumbre al argumento de que existir\u00eda persecuci\u00f3n pol\u00edtica (\u2026) Debe acudir a la Fiscal\u00eda para que pueda hacer su declaraci\u00f3n informativa y aclarar los hechos irregulares encontrados por parte de las autoridades competentes\u201d, declar\u00f3 Angulo.<\/p>\n<p>&nbsp;<\/p>\n","protected":false},"excerpt":{"rendered":"<p>El diputado Juanito Angulo (MAS) neg\u00f3 que el exalcalde, Luis Revilla, sea objeto de persecuci\u00f3n pol\u00edtica y cuestion\u00f3 su determinaci\u00f3n \u201cirresponsable\u201d de \u201cesconderse\u201d para no responder ante la justicia por la presunta adquisici\u00f3n irregular de los buses PumaKatari. \u201cEs una irresponsabilidad que muestro el exalcalde de La Paz, Luis Revilla, se declare en la clandestinidad, [&hellip;]<\/p>\n","protected":false},"author":1,"featured_media":60263,"comment_status":"closed","ping_status":"closed","sticky":false,"template":"","format":"standard","meta":{"_acf_changed":false,"footnotes":""},"categories":[14],"tags":[],"class_list":["post-60262","post","type-post","status-publish","format-standard","has-post-thumbnail","category-politica"],"acf":{"antetitulo":""},"yoast_head":"<!-- This site is optimized with the Yoast SEO plugin v28.3 - https:\/\/yoast.com\/product\/yoast-seo-wordpress\/ -->\n<title>Niegan persecuci\u00f3n pol\u00edtica contra Revilla - El Diario - Bolivia<\/title>\n<meta name=\"robots\" content=\"index, follow, max-snippet:-1, max-image-preview:large, max-video-preview:-1\" \/>\n<link rel=\"canonical\" href=\"https:\/\/www.eldiario.net\/portal\/2022\/02\/01\/niegan-persecucion-politica-contra-revillaniegan-persecucion-politica-contra-revilla\/\" \/>\n<meta property=\"og:locale\" content=\"es_ES\" \/>\n<meta property=\"og:type\" content=\"article\" \/>\n<meta property=\"og:title\" content=\"Niegan persecuci\u00f3n pol\u00edtica contra Revilla - El Diario - Bolivia\" \/>\n<meta property=\"og:description\" content=\"El diputado Juanito Angulo (MAS) neg\u00f3 que el exalcalde, Luis Revilla, sea objeto de persecuci\u00f3n pol\u00edtica y cuestion\u00f3 su determinaci\u00f3n \u201cirresponsable\u201d de \u201cesconderse\u201d para no responder ante la justicia por la presunta adquisici\u00f3n irregular de los buses PumaKatari. \u201cEs una irresponsabilidad que muestro el exalcalde de La Paz, Luis Revilla, se declare en la clandestinidad, [&hellip;]\" \/>\n<meta property=\"og:url\" content=\"https:\/\/www.eldiario.net\/portal\/2022\/02\/01\/niegan-persecucion-politica-contra-revillaniegan-persecucion-politica-contra-revilla\/\" \/>\n<meta property=\"og:site_name\" content=\"El Diario - Bolivia\" \/>\n<meta property=\"article:publisher\" content=\"https:\/\/www.facebook.com\/eldiario.bolivia\/\" \/>\n<meta property=\"article:published_time\" content=\"2022-02-01T09:30:36+00:00\" \/>\n<meta property=\"og:image\" content=\"https:\/\/www.eldiario.net\/portal\/wp-content\/uploads\/2022\/02\/ANGULO-FOTO.jpeg\" \/>\n\t<meta property=\"og:image:width\" content=\"1280\" \/>\n\t<meta property=\"og:image:height\" content=\"852\" \/>\n\t<meta property=\"og:image:type\" content=\"image\/jpeg\" \/>\n<meta name=\"author\" content=\"Jeanette\" \/>\n<meta name=\"twitter:card\" content=\"summary_large_image\" \/>\n<meta name=\"twitter:creator\" content=\"@eldiario_net\" \/>\n<meta name=\"twitter:site\" content=\"@eldiario_net\" \/>\n<meta name=\"twitter:label1\" content=\"Escrito por\" \/>\n\t<meta name=\"twitter:data1\" content=\"Jeanette\" \/>\n\t<meta name=\"twitter:label2\" content=\"Tiempo de lectura\" \/>\n\t<meta name=\"twitter:data2\" content=\"1 minuto\" \/>\n<script type=\"application\/ld+json\" class=\"yoast-schema-graph\">{\"@context\":\"https:\\\/\\\/schema.org\",\"@graph\":[{\"@type\":\"Article\",\"@id\":\"https:\\\/\\\/www.eldiario.net\\\/portal\\\/2022\\\/02\\\/01\\\/niegan-persecucion-politica-contra-revillaniegan-persecucion-politica-contra-revilla\\\/#article\",\"isPartOf\":{\"@id\":\"https:\\\/\\\/www.eldiario.net\\\/portal\\\/2022\\\/02\\\/01\\\/niegan-persecucion-politica-contra-revillaniegan-persecucion-politica-contra-revilla\\\/\"},\"author\":{\"name\":\"Jeanette\",\"@id\":\"https:\\\/\\\/www.eldiario.net\\\/portal\\\/#\\\/schema\\\/person\\\/f46445640444750d7d753ccd04ae01b7\"},\"headline\":\"Niegan persecuci\u00f3n pol\u00edtica contra Revilla\",\"datePublished\":\"2022-02-01T09:30:36+00:00\",\"mainEntityOfPage\":{\"@id\":\"https:\\\/\\\/www.eldiario.net\\\/portal\\\/2022\\\/02\\\/01\\\/niegan-persecucion-politica-contra-revillaniegan-persecucion-politica-contra-revilla\\\/\"},\"wordCount\":246,\"publisher\":{\"@id\":\"https:\\\/\\\/www.eldiario.net\\\/portal\\\/#organization\"},\"image\":{\"@id\":\"https:\\\/\\\/www.eldiario.net\\\/portal\\\/2022\\\/02\\\/01\\\/niegan-persecucion-politica-contra-revillaniegan-persecucion-politica-contra-revilla\\\/#primaryimage\"},\"thumbnailUrl\":\"https:\\\/\\\/www.eldiario.net\\\/portal\\\/wp-content\\\/uploads\\\/2022\\\/02\\\/ANGULO-FOTO.jpeg\",\"articleSection\":[\"Pol\u00edtica\"],\"inLanguage\":\"es\"},{\"@type\":\"WebPage\",\"@id\":\"https:\\\/\\\/www.eldiario.net\\\/portal\\\/2022\\\/02\\\/01\\\/niegan-persecucion-politica-contra-revillaniegan-persecucion-politica-contra-revilla\\\/\",\"url\":\"https:\\\/\\\/www.eldiario.net\\\/portal\\\/2022\\\/02\\\/01\\\/niegan-persecucion-politica-contra-revillaniegan-persecucion-politica-contra-revilla\\\/\",\"name\":\"Niegan persecuci\u00f3n pol\u00edtica contra Revilla - El Diario - Bolivia\",\"isPartOf\":{\"@id\":\"https:\\\/\\\/www.eldiario.net\\\/portal\\\/#website\"},\"primaryImageOfPage\":{\"@id\":\"https:\\\/\\\/www.eldiario.net\\\/portal\\\/2022\\\/02\\\/01\\\/niegan-persecucion-politica-contra-revillaniegan-persecucion-politica-contra-revilla\\\/#primaryimage\"},\"image\":{\"@id\":\"https:\\\/\\\/www.eldiario.net\\\/portal\\\/2022\\\/02\\\/01\\\/niegan-persecucion-politica-contra-revillaniegan-persecucion-politica-contra-revilla\\\/#primaryimage\"},\"thumbnailUrl\":\"https:\\\/\\\/www.eldiario.net\\\/portal\\\/wp-content\\\/uploads\\\/2022\\\/02\\\/ANGULO-FOTO.jpeg\",\"datePublished\":\"2022-02-01T09:30:36+00:00\",\"breadcrumb\":{\"@id\":\"https:\\\/\\\/www.eldiario.net\\\/portal\\\/2022\\\/02\\\/01\\\/niegan-persecucion-politica-contra-revillaniegan-persecucion-politica-contra-revilla\\\/#breadcrumb\"},\"inLanguage\":\"es\",\"potentialAction\":[{\"@type\":\"ReadAction\",\"target\":[\"https:\\\/\\\/www.eldiario.net\\\/portal\\\/2022\\\/02\\\/01\\\/niegan-persecucion-politica-contra-revillaniegan-persecucion-politica-contra-revilla\\\/\"]}]},{\"@type\":\"ImageObject\",\"inLanguage\":\"es\",\"@id\":\"https:\\\/\\\/www.eldiario.net\\\/portal\\\/2022\\\/02\\\/01\\\/niegan-persecucion-politica-contra-revillaniegan-persecucion-politica-contra-revilla\\\/#primaryimage\",\"url\":\"https:\\\/\\\/www.eldiario.net\\\/portal\\\/wp-content\\\/uploads\\\/2022\\\/02\\\/ANGULO-FOTO.jpeg\",\"contentUrl\":\"https:\\\/\\\/www.eldiario.net\\\/portal\\\/wp-content\\\/uploads\\\/2022\\\/02\\\/ANGULO-FOTO.jpeg\",\"width\":1280,\"height\":852,\"caption\":\"Diputado Juanito Angulo (FOTO: RRSS)\"},{\"@type\":\"BreadcrumbList\",\"@id\":\"https:\\\/\\\/www.eldiario.net\\\/portal\\\/2022\\\/02\\\/01\\\/niegan-persecucion-politica-contra-revillaniegan-persecucion-politica-contra-revilla\\\/#breadcrumb\",\"itemListElement\":[{\"@type\":\"ListItem\",\"position\":1,\"name\":\"Portada\",\"item\":\"https:\\\/\\\/www.eldiario.net\\\/portal\\\/\"},{\"@type\":\"ListItem\",\"position\":2,\"name\":\"Niegan persecuci\u00f3n pol\u00edtica contra Revilla\"}]},{\"@type\":\"WebSite\",\"@id\":\"https:\\\/\\\/www.eldiario.net\\\/portal\\\/#website\",\"url\":\"https:\\\/\\\/www.eldiario.net\\\/portal\\\/\",\"name\":\"El Diario - Decano de la prensa nacional\",\"description\":\"El Diario - Decano de la prensa nacional\",\"publisher\":{\"@id\":\"https:\\\/\\\/www.eldiario.net\\\/portal\\\/#organization\"},\"potentialAction\":[{\"@type\":\"SearchAction\",\"target\":{\"@type\":\"EntryPoint\",\"urlTemplate\":\"https:\\\/\\\/www.eldiario.net\\\/portal\\\/?s={search_term_string}\"},\"query-input\":{\"@type\":\"PropertyValueSpecification\",\"valueRequired\":true,\"valueName\":\"search_term_string\"}}],\"inLanguage\":\"es\"},{\"@type\":\"Organization\",\"@id\":\"https:\\\/\\\/www.eldiario.net\\\/portal\\\/#organization\",\"name\":\"El Diario - Decano de la prensa nacional\",\"url\":\"https:\\\/\\\/www.eldiario.net\\\/portal\\\/\",\"logo\":{\"@type\":\"ImageObject\",\"inLanguage\":\"es\",\"@id\":\"https:\\\/\\\/www.eldiario.net\\\/portal\\\/#\\\/schema\\\/logo\\\/image\\\/\",\"url\":\"https:\\\/\\\/www.eldiario.net\\\/portal\\\/wp-content\\\/uploads\\\/2023\\\/07\\\/logo_ED.jpg\",\"contentUrl\":\"https:\\\/\\\/www.eldiario.net\\\/portal\\\/wp-content\\\/uploads\\\/2023\\\/07\\\/logo_ED.jpg\",\"width\":272,\"height\":52,\"caption\":\"El Diario - Decano de la prensa nacional\"},\"image\":{\"@id\":\"https:\\\/\\\/www.eldiario.net\\\/portal\\\/#\\\/schema\\\/logo\\\/image\\\/\"},\"sameAs\":[\"https:\\\/\\\/www.facebook.com\\\/eldiario.bolivia\\\/\",\"https:\\\/\\\/x.com\\\/eldiario_net\"]},{\"@type\":\"Person\",\"@id\":\"https:\\\/\\\/www.eldiario.net\\\/portal\\\/#\\\/schema\\\/person\\\/f46445640444750d7d753ccd04ae01b7\",\"name\":\"Jeanette\",\"image\":{\"@type\":\"ImageObject\",\"inLanguage\":\"es\",\"@id\":\"https:\\\/\\\/secure.gravatar.com\\\/avatar\\\/3ea2118a5f7dad2b7138b1187a6b7ee55f160b9968b66013c3a3ef39dd7e5798?s=96&d=mm&r=g\",\"url\":\"https:\\\/\\\/secure.gravatar.com\\\/avatar\\\/3ea2118a5f7dad2b7138b1187a6b7ee55f160b9968b66013c3a3ef39dd7e5798?s=96&d=mm&r=g\",\"contentUrl\":\"https:\\\/\\\/secure.gravatar.com\\\/avatar\\\/3ea2118a5f7dad2b7138b1187a6b7ee55f160b9968b66013c3a3ef39dd7e5798?s=96&d=mm&r=g\",\"caption\":\"Jeanette\"},\"sameAs\":[\"https:\\\/\\\/www.eldiario.net\\\/portal\"],\"url\":\"https:\\\/\\\/www.eldiario.net\\\/portal\\\/author\\\/jeanette\\\/\"}]}<\/script>\n<!-- \/ Yoast SEO plugin. -->","yoast_head_json":{"title":"Niegan persecuci\u00f3n pol\u00edtica contra Revilla - El Diario - Bolivia","robots":{"index":"index","follow":"follow","max-snippet":"max-snippet:-1","max-image-preview":"max-image-preview:large","max-video-preview":"max-video-preview:-1"},"canonical":"https:\/\/www.eldiario.net\/portal\/2022\/02\/01\/niegan-persecucion-politica-contra-revillaniegan-persecucion-politica-contra-revilla\/","og_locale":"es_ES","og_type":"article","og_title":"Niegan persecuci\u00f3n pol\u00edtica contra Revilla - El Diario - Bolivia","og_description":"El diputado Juanito Angulo (MAS) neg\u00f3 que el exalcalde, Luis Revilla, sea objeto de persecuci\u00f3n pol\u00edtica y cuestion\u00f3 su determinaci\u00f3n \u201cirresponsable\u201d de \u201cesconderse\u201d para no responder ante la justicia por la presunta adquisici\u00f3n irregular de los buses PumaKatari. \u201cEs una irresponsabilidad que muestro el exalcalde de La Paz, Luis Revilla, se declare en la clandestinidad, [&hellip;]","og_url":"https:\/\/www.eldiario.net\/portal\/2022\/02\/01\/niegan-persecucion-politica-contra-revillaniegan-persecucion-politica-contra-revilla\/","og_site_name":"El Diario - Bolivia","article_publisher":"https:\/\/www.facebook.com\/eldiario.bolivia\/","article_published_time":"2022-02-01T09:30:36+00:00","og_image":[{"width":1280,"height":852,"url":"https:\/\/www.eldiario.net\/portal\/wp-content\/uploads\/2022\/02\/ANGULO-FOTO.jpeg","type":"image\/jpeg"}],"author":"Jeanette","twitter_card":"summary_large_image","twitter_creator":"@eldiario_net","twitter_site":"@eldiario_net","twitter_misc":{"Escrito por":"Jeanette","Tiempo de lectura":"1 minuto"},"schema":{"@context":"https:\/\/schema.org","@graph":[{"@type":"Article","@id":"https:\/\/www.eldiario.net\/portal\/2022\/02\/01\/niegan-persecucion-politica-contra-revillaniegan-persecucion-politica-contra-revilla\/#article","isPartOf":{"@id":"https:\/\/www.eldiario.net\/portal\/2022\/02\/01\/niegan-persecucion-politica-contra-revillaniegan-persecucion-politica-contra-revilla\/"},"author":{"name":"Jeanette","@id":"https:\/\/www.eldiario.net\/portal\/#\/schema\/person\/f46445640444750d7d753ccd04ae01b7"},"headline":"Niegan persecuci\u00f3n pol\u00edtica contra Revilla","datePublished":"2022-02-01T09:30:36+00:00","mainEntityOfPage":{"@id":"https:\/\/www.eldiario.net\/portal\/2022\/02\/01\/niegan-persecucion-politica-contra-revillaniegan-persecucion-politica-contra-revilla\/"},"wordCount":246,"publisher":{"@id":"https:\/\/www.eldiario.net\/portal\/#organization"},"image":{"@id":"https:\/\/www.eldiario.net\/portal\/2022\/02\/01\/niegan-persecucion-politica-contra-revillaniegan-persecucion-politica-contra-revilla\/#primaryimage"},"thumbnailUrl":"https:\/\/www.eldiario.net\/portal\/wp-content\/uploads\/2022\/02\/ANGULO-FOTO.jpeg","articleSection":["Pol\u00edtica"],"inLanguage":"es"},{"@type":"WebPage","@id":"https:\/\/www.eldiario.net\/portal\/2022\/02\/01\/niegan-persecucion-politica-contra-revillaniegan-persecucion-politica-contra-revilla\/","url":"https:\/\/www.eldiario.net\/portal\/2022\/02\/01\/niegan-persecucion-politica-contra-revillaniegan-persecucion-politica-contra-revilla\/","name":"Niegan persecuci\u00f3n pol\u00edtica contra Revilla - El Diario - Bolivia","isPartOf":{"@id":"https:\/\/www.eldiario.net\/portal\/#website"},"primaryImageOfPage":{"@id":"https:\/\/www.eldiario.net\/portal\/2022\/02\/01\/niegan-persecucion-politica-contra-revillaniegan-persecucion-politica-contra-revilla\/#primaryimage"},"image":{"@id":"https:\/\/www.eldiario.net\/portal\/2022\/02\/01\/niegan-persecucion-politica-contra-revillaniegan-persecucion-politica-contra-revilla\/#primaryimage"},"thumbnailUrl":"https:\/\/www.eldiario.net\/portal\/wp-content\/uploads\/2022\/02\/ANGULO-FOTO.jpeg","datePublished":"2022-02-01T09:30:36+00:00","breadcrumb":{"@id":"https:\/\/www.eldiario.net\/portal\/2022\/02\/01\/niegan-persecucion-politica-contra-revillaniegan-persecucion-politica-contra-revilla\/#breadcrumb"},"inLanguage":"es","potentialAction":[{"@type":"ReadAction","target":["https:\/\/www.eldiario.net\/portal\/2022\/02\/01\/niegan-persecucion-politica-contra-revillaniegan-persecucion-politica-contra-revilla\/"]}]},{"@type":"ImageObject","inLanguage":"es","@id":"https:\/\/www.eldiario.net\/portal\/2022\/02\/01\/niegan-persecucion-politica-contra-revillaniegan-persecucion-politica-contra-revilla\/#primaryimage","url":"https:\/\/www.eldiario.net\/portal\/wp-content\/uploads\/2022\/02\/ANGULO-FOTO.jpeg","contentUrl":"https:\/\/www.eldiario.net\/portal\/wp-content\/uploads\/2022\/02\/ANGULO-FOTO.jpeg","width":1280,"height":852,"caption":"Diputado Juanito Angulo (FOTO: RRSS)"},{"@type":"BreadcrumbList","@id":"https:\/\/www.eldiario.net\/portal\/2022\/02\/01\/niegan-persecucion-politica-contra-revillaniegan-persecucion-politica-contra-revilla\/#breadcrumb","itemListElement":[{"@type":"ListItem","position":1,"name":"Portada","item":"https:\/\/www.eldiario.net\/portal\/"},{"@type":"ListItem","position":2,"name":"Niegan persecuci\u00f3n pol\u00edtica contra Revilla"}]},{"@type":"WebSite","@id":"https:\/\/www.eldiario.net\/portal\/#website","url":"https:\/\/www.eldiario.net\/portal\/","name":"El Diario - Decano de la prensa nacional","description":"El Diario - Decano de la prensa nacional","publisher":{"@id":"https:\/\/www.eldiario.net\/portal\/#organization"},"potentialAction":[{"@type":"SearchAction","target":{"@type":"EntryPoint","urlTemplate":"https:\/\/www.eldiario.net\/portal\/?s={search_term_string}"},"query-input":{"@type":"PropertyValueSpecification","valueRequired":true,"valueName":"search_term_string"}}],"inLanguage":"es"},{"@type":"Organization","@id":"https:\/\/www.eldiario.net\/portal\/#organization","name":"El Diario - Decano de la prensa nacional","url":"https:\/\/www.eldiario.net\/portal\/","logo":{"@type":"ImageObject","inLanguage":"es","@id":"https:\/\/www.eldiario.net\/portal\/#\/schema\/logo\/image\/","url":"https:\/\/www.eldiario.net\/portal\/wp-content\/uploads\/2023\/07\/logo_ED.jpg","contentUrl":"https:\/\/www.eldiario.net\/portal\/wp-content\/uploads\/2023\/07\/logo_ED.jpg","width":272,"height":52,"caption":"El Diario - Decano de la prensa nacional"},"image":{"@id":"https:\/\/www.eldiario.net\/portal\/#\/schema\/logo\/image\/"},"sameAs":["https:\/\/www.facebook.com\/eldiario.bolivia\/","https:\/\/x.com\/eldiario_net"]},{"@type":"Person","@id":"https:\/\/www.eldiario.net\/portal\/#\/schema\/person\/f46445640444750d7d753ccd04ae01b7","name":"Jeanette","image":{"@type":"ImageObject","inLanguage":"es","@id":"https:\/\/secure.gravatar.com\/avatar\/3ea2118a5f7dad2b7138b1187a6b7ee55f160b9968b66013c3a3ef39dd7e5798?s=96&d=mm&r=g","url":"https:\/\/secure.gravatar.com\/avatar\/3ea2118a5f7dad2b7138b1187a6b7ee55f160b9968b66013c3a3ef39dd7e5798?s=96&d=mm&r=g","contentUrl":"https:\/\/secure.gravatar.com\/avatar\/3ea2118a5f7dad2b7138b1187a6b7ee55f160b9968b66013c3a3ef39dd7e5798?s=96&d=mm&r=g","caption":"Jeanette"},"sameAs":["https:\/\/www.eldiario.net\/portal"],"url":"https:\/\/www.eldiario.net\/portal\/author\/jeanette\/"}]}},"_links":{"self":[{"href":"https:\/\/www.eldiario.net\/portal\/wp-json\/wp\/v2\/posts\/60262","targetHints":{"allow":["GET"]}}],"collection":[{"href":"https:\/\/www.eldiario.net\/portal\/wp-json\/wp\/v2\/posts"}],"about":[{"href":"https:\/\/www.eldiario.net\/portal\/wp-json\/wp\/v2\/types\/post"}],"author":[{"embeddable":true,"href":"https:\/\/www.eldiario.net\/portal\/wp-json\/wp\/v2\/users\/1"}],"replies":[{"embeddable":true,"href":"https:\/\/www.eldiario.net\/portal\/wp-json\/wp\/v2\/comments?post=60262"}],"version-history":[{"count":0,"href":"https:\/\/www.eldiario.net\/portal\/wp-json\/wp\/v2\/posts\/60262\/revisions"}],"wp:featuredmedia":[{"embeddable":true,"href":"https:\/\/www.eldiario.net\/portal\/wp-json\/wp\/v2\/media\/60263"}],"wp:attachment":[{"href":"https:\/\/www.eldiario.net\/portal\/wp-json\/wp\/v2\/media?parent=60262"}],"wp:term":[{"taxonomy":"category","embeddable":true,"href":"https:\/\/www.eldiario.net\/portal\/wp-json\/wp\/v2\/categories?post=60262"},{"taxonomy":"post_tag","embeddable":true,"href":"https:\/\/www.eldiario.net\/portal\/wp-json\/wp\/v2\/tags?post=60262"}],"curies":[{"name":"wp","href":"https:\/\/api.w.org\/{rel}","templated":true}]}}