{"id":6023,"date":"2021-05-24T06:03:16","date_gmt":"2021-05-24T10:03:16","guid":{"rendered":"https:\/\/www.eldiario.net\/portal\/?p=6023"},"modified":"2021-05-24T06:03:16","modified_gmt":"2021-05-24T10:03:16","slug":"documentacion-sobre-nuestra-riqueza-forestal","status":"publish","type":"post","link":"https:\/\/www.eldiario.net\/portal\/2021\/05\/24\/documentacion-sobre-nuestra-riqueza-forestal\/","title":{"rendered":"Documentaci\u00f3n sobre nuestra riqueza forestal"},"content":{"rendered":"<p><span class=\"dropcap \" style=\"background-color: #ffffff; color: #000000; border-color: #ffffff;\">E<\/span>l tema ambiental hoy adquiere enorme importancia ante fen\u00f3menos como el calentamiento global, debido a un intenso uso de energ\u00edas f\u00f3siles para una industria en constante crecimiento, lo que provoca cambios atmosf\u00e9ricos que afectan a millones de habitantes del planeta, por problemas como la poluci\u00f3n y modificaciones extremas de temperatura que dan lugar, por ejemplo, a prolongadas sequ\u00edas o lluvias intensas, inclusive en regiones donde no eran habituales en otros tiempos.<br \/>\nPor ello constantemente surgen voces, no solo de ambientalistas y cient\u00edficos, que recomiendan proteger el planeta, hacer buen uso de los recursos naturales, reducir la contaminaci\u00f3n ambiental, de r\u00edos y cursos de agua contaminados por actividades como la miner\u00eda. Se pide la aplicaci\u00f3n de medidas orientadas a buscar energ\u00edas m\u00e1s benignas con el medio ambiente, aunque es un desaf\u00edo enorme, particularmente para los pa\u00edses en v\u00edas de desarrollo, cuyas pol\u00edticas gubernamentales no han podido dejar de lado el extractivismo, es decir, vender materias primas para obtener divisas. Pero esa tendencia tambi\u00e9n da paso a problemas como el avasallamiento de parques nacionales y de lugares habitados por poblaciones ancestrales que utilizan recursos naturales para sustentarse, de manera moderada, lo que favorece a la reposici\u00f3n natural tanto de animales como de vegetaci\u00f3n.<br \/>\nPero, \u00bfqu\u00e9 sucede en Bolivia en relaci\u00f3n con el medioambiente? Al respecto, el Ing. Agr\u00f3nomo Javier L\u00f3pez Soria ha escrito el libro \u201cHistoria del desarrollo forestal de Bolivia\u201d (Plural Editores), en cuyas m\u00e1s de 300 p\u00e1ginas est\u00e1n incluidos temas como \u201cInicios de la explotaci\u00f3n comercial de los recursos naturales de Bolivia\u201d, \u201cDesarrollo de la legislaci\u00f3n forestal boliviana\u201d, \u201cLas \u00e1reas boscosas y su p\u00e9rdida por desforestaci\u00f3n\u201d, \u201cLas actividades ilegales en el sector forestal de Bolivia\u201d, \u201cAcciones que modernizaron al desarrollo del sector forestal\u201d, \u201cConcesiones forestales a agrupaciones sociales del lugar\u201d, \u201cAvances y desaf\u00edos en el proceso de implementaci\u00f3n del modelo forestal boliviano\u201d, entre otros, en los que se ofrece valiosa documentaci\u00f3n sobre tan importantes asuntos.<br \/>\nSobre la pr\u00e1ctica ilegal de explotaci\u00f3n de bosques, el Ing. L\u00f3pez se\u00f1ala: \u201cFuera de las industrias madereras legalmente establecidas, en el pa\u00eds existe un gran sector que utiliza los recursos forestales como material de construcci\u00f3n, le\u00f1a y bienes comerciales, producto de los desmontes y chaqueos destinados a la habilitaci\u00f3n de suelos para la agricultura y la ganader\u00eda. Aunque no se tiene datos, se sabe que un elevado porcentaje de estos usuarios del suelo escapan al control del Estado en las actividades de extracci\u00f3n y comercializaci\u00f3n de los recursos forestales\u2026\u201d.<br \/>\nEn cuanto a la situaci\u00f3n actual del sector forestal, el autor observa que \u201cToda la regi\u00f3n del bosque tropical h\u00famedo est\u00e1 siendo amenazada por dos fen\u00f3menos significativos. En primer lugar, la cada vez m\u00e1s acentuada tendencia de convertir la regi\u00f3n en \u00e1rea de colonizaci\u00f3n; y, en segundo lugar, la acci\u00f3n sistem\u00e1tica de desbosque y conversi\u00f3n en pasturas de \u00e1reas no aptas para esta pr\u00e1ctica, realizada por campesinos y peque\u00f1os y grandes empresarios\u2026\u201d.<br \/>\nPor lo tanto, el libro Historia del Desarrollo Forestal de Bolivia, del Ing. Javier Gabriel L\u00f3pez Soria, es una fuente abundante de conocimientos para todos los interesados en conocer las caracter\u00edsticas de nuestros bosques, los antecedentes de su explotaci\u00f3n y su situaci\u00f3n actual, cuando son observados grandes problemas como un inadecuado aprovechamiento de recursos naturales y las invasiones a parques nacionales, sin una planificaci\u00f3n orientada a la protecci\u00f3n de vegetaci\u00f3n y poblaci\u00f3n de animales.<br \/>\nEl autor naci\u00f3 en La Paz, es Ingeniero Agr\u00f3nomo y Master Science (Utah State University, EEUU), con especializaci\u00f3n en la Cepal (Chile), Universidad Iberoamericana (M\u00e9xico) y en el Centro Agron\u00f3mico Tropical de Investigaci\u00f3n y Ense\u00f1anza (Catie, Costa Rica). Trabaj\u00f3 en estaciones experimentales del Sai-Maca, fue primer director de Lidema, director del Centro de Desarrollo Forestal y director general del Ministerio de Asuntos Campesinos y Agropecuarios (MACA) y otros organismos. Tambi\u00e9n fue consultor de FAO, BM, FIDA y Jofsa.<\/p>\n<p><img loading=\"lazy\" decoding=\"async\" class=\"aligncenter wp-image-6024 size-large\" src=\"https:\/\/www.eldiario.net\/portal\/wp-content\/uploads\/2021\/05\/FORESTAL-689x1024.jpg\" alt=\"\" width=\"689\" height=\"1024\" \/><\/p>\n","protected":false},"excerpt":{"rendered":"<p>El tema ambiental hoy adquiere enorme importancia ante fen\u00f3menos como el calentamiento global, debido a un intenso uso de energ\u00edas f\u00f3siles para una industria en constante crecimiento, lo que provoca cambios atmosf\u00e9ricos que afectan a millones de habitantes del planeta, por problemas como la poluci\u00f3n y modificaciones extremas de temperatura que dan lugar, por ejemplo, [&hellip;]<\/p>\n","protected":false},"author":1,"featured_media":0,"comment_status":"closed","ping_status":"closed","sticky":false,"template":"","format":"standard","meta":{"_acf_changed":false,"footnotes":""},"categories":[9],"tags":[],"class_list":["post-6023","post","type-post","status-publish","format-standard","category-opinion"],"acf":{"antetitulo":""},"yoast_head":"<!-- This site is optimized with the Yoast SEO plugin v28.3 - https:\/\/yoast.com\/product\/yoast-seo-wordpress\/ -->\n<title>Documentaci\u00f3n sobre nuestra riqueza forestal - El Diario - Bolivia<\/title>\n<meta name=\"robots\" content=\"index, follow, max-snippet:-1, max-image-preview:large, max-video-preview:-1\" \/>\n<link rel=\"canonical\" href=\"https:\/\/www.eldiario.net\/portal\/2021\/05\/24\/documentacion-sobre-nuestra-riqueza-forestal\/\" \/>\n<meta property=\"og:locale\" content=\"es_ES\" \/>\n<meta property=\"og:type\" content=\"article\" \/>\n<meta property=\"og:title\" content=\"Documentaci\u00f3n sobre nuestra riqueza forestal - El Diario - Bolivia\" \/>\n<meta property=\"og:description\" content=\"El tema ambiental hoy adquiere enorme importancia ante fen\u00f3menos como el calentamiento global, debido a un intenso uso de energ\u00edas f\u00f3siles para una industria en constante crecimiento, lo que provoca cambios atmosf\u00e9ricos que afectan a millones de habitantes del planeta, por problemas como la poluci\u00f3n y modificaciones extremas de temperatura que dan lugar, por ejemplo, [&hellip;]\" \/>\n<meta property=\"og:url\" content=\"https:\/\/www.eldiario.net\/portal\/2021\/05\/24\/documentacion-sobre-nuestra-riqueza-forestal\/\" \/>\n<meta property=\"og:site_name\" content=\"El Diario - Bolivia\" \/>\n<meta property=\"article:publisher\" content=\"https:\/\/www.facebook.com\/eldiario.bolivia\/\" \/>\n<meta property=\"article:published_time\" content=\"2021-05-24T10:03:16+00:00\" \/>\n<meta property=\"og:image\" content=\"https:\/\/www.eldiario.net\/portal\/wp-content\/uploads\/2021\/05\/FORESTAL-689x1024.jpg\" \/>\n<meta name=\"author\" content=\"Jeanette\" \/>\n<meta name=\"twitter:card\" content=\"summary_large_image\" \/>\n<meta name=\"twitter:creator\" content=\"@eldiario_net\" \/>\n<meta name=\"twitter:site\" content=\"@eldiario_net\" \/>\n<meta name=\"twitter:label1\" content=\"Escrito por\" \/>\n\t<meta name=\"twitter:data1\" content=\"Jeanette\" \/>\n\t<meta name=\"twitter:label2\" content=\"Tiempo de lectura\" \/>\n\t<meta name=\"twitter:data2\" content=\"3 minutos\" \/>\n<script type=\"application\/ld+json\" class=\"yoast-schema-graph\">{\"@context\":\"https:\\\/\\\/schema.org\",\"@graph\":[{\"@type\":\"Article\",\"@id\":\"https:\\\/\\\/www.eldiario.net\\\/portal\\\/2021\\\/05\\\/24\\\/documentacion-sobre-nuestra-riqueza-forestal\\\/#article\",\"isPartOf\":{\"@id\":\"https:\\\/\\\/www.eldiario.net\\\/portal\\\/2021\\\/05\\\/24\\\/documentacion-sobre-nuestra-riqueza-forestal\\\/\"},\"author\":{\"name\":\"Jeanette\",\"@id\":\"https:\\\/\\\/www.eldiario.net\\\/portal\\\/#\\\/schema\\\/person\\\/f46445640444750d7d753ccd04ae01b7\"},\"headline\":\"Documentaci\u00f3n sobre nuestra riqueza forestal\",\"datePublished\":\"2021-05-24T10:03:16+00:00\",\"mainEntityOfPage\":{\"@id\":\"https:\\\/\\\/www.eldiario.net\\\/portal\\\/2021\\\/05\\\/24\\\/documentacion-sobre-nuestra-riqueza-forestal\\\/\"},\"wordCount\":704,\"publisher\":{\"@id\":\"https:\\\/\\\/www.eldiario.net\\\/portal\\\/#organization\"},\"image\":{\"@id\":\"https:\\\/\\\/www.eldiario.net\\\/portal\\\/2021\\\/05\\\/24\\\/documentacion-sobre-nuestra-riqueza-forestal\\\/#primaryimage\"},\"thumbnailUrl\":\"https:\\\/\\\/www.eldiario.net\\\/portal\\\/wp-content\\\/uploads\\\/2021\\\/05\\\/FORESTAL-689x1024.jpg\",\"articleSection\":[\"Opini\u00f3n\"],\"inLanguage\":\"es\"},{\"@type\":\"WebPage\",\"@id\":\"https:\\\/\\\/www.eldiario.net\\\/portal\\\/2021\\\/05\\\/24\\\/documentacion-sobre-nuestra-riqueza-forestal\\\/\",\"url\":\"https:\\\/\\\/www.eldiario.net\\\/portal\\\/2021\\\/05\\\/24\\\/documentacion-sobre-nuestra-riqueza-forestal\\\/\",\"name\":\"Documentaci\u00f3n sobre nuestra riqueza forestal - El Diario - Bolivia\",\"isPartOf\":{\"@id\":\"https:\\\/\\\/www.eldiario.net\\\/portal\\\/#website\"},\"primaryImageOfPage\":{\"@id\":\"https:\\\/\\\/www.eldiario.net\\\/portal\\\/2021\\\/05\\\/24\\\/documentacion-sobre-nuestra-riqueza-forestal\\\/#primaryimage\"},\"image\":{\"@id\":\"https:\\\/\\\/www.eldiario.net\\\/portal\\\/2021\\\/05\\\/24\\\/documentacion-sobre-nuestra-riqueza-forestal\\\/#primaryimage\"},\"thumbnailUrl\":\"https:\\\/\\\/www.eldiario.net\\\/portal\\\/wp-content\\\/uploads\\\/2021\\\/05\\\/FORESTAL-689x1024.jpg\",\"datePublished\":\"2021-05-24T10:03:16+00:00\",\"breadcrumb\":{\"@id\":\"https:\\\/\\\/www.eldiario.net\\\/portal\\\/2021\\\/05\\\/24\\\/documentacion-sobre-nuestra-riqueza-forestal\\\/#breadcrumb\"},\"inLanguage\":\"es\",\"potentialAction\":[{\"@type\":\"ReadAction\",\"target\":[\"https:\\\/\\\/www.eldiario.net\\\/portal\\\/2021\\\/05\\\/24\\\/documentacion-sobre-nuestra-riqueza-forestal\\\/\"]}]},{\"@type\":\"ImageObject\",\"inLanguage\":\"es\",\"@id\":\"https:\\\/\\\/www.eldiario.net\\\/portal\\\/2021\\\/05\\\/24\\\/documentacion-sobre-nuestra-riqueza-forestal\\\/#primaryimage\",\"url\":\"\",\"contentUrl\":\"\"},{\"@type\":\"BreadcrumbList\",\"@id\":\"https:\\\/\\\/www.eldiario.net\\\/portal\\\/2021\\\/05\\\/24\\\/documentacion-sobre-nuestra-riqueza-forestal\\\/#breadcrumb\",\"itemListElement\":[{\"@type\":\"ListItem\",\"position\":1,\"name\":\"Portada\",\"item\":\"https:\\\/\\\/www.eldiario.net\\\/portal\\\/\"},{\"@type\":\"ListItem\",\"position\":2,\"name\":\"Documentaci\u00f3n sobre nuestra riqueza forestal\"}]},{\"@type\":\"WebSite\",\"@id\":\"https:\\\/\\\/www.eldiario.net\\\/portal\\\/#website\",\"url\":\"https:\\\/\\\/www.eldiario.net\\\/portal\\\/\",\"name\":\"El Diario - Decano de la prensa nacional\",\"description\":\"El Diario - Decano de la prensa nacional\",\"publisher\":{\"@id\":\"https:\\\/\\\/www.eldiario.net\\\/portal\\\/#organization\"},\"potentialAction\":[{\"@type\":\"SearchAction\",\"target\":{\"@type\":\"EntryPoint\",\"urlTemplate\":\"https:\\\/\\\/www.eldiario.net\\\/portal\\\/?s={search_term_string}\"},\"query-input\":{\"@type\":\"PropertyValueSpecification\",\"valueRequired\":true,\"valueName\":\"search_term_string\"}}],\"inLanguage\":\"es\"},{\"@type\":\"Organization\",\"@id\":\"https:\\\/\\\/www.eldiario.net\\\/portal\\\/#organization\",\"name\":\"El Diario - Decano de la prensa nacional\",\"url\":\"https:\\\/\\\/www.eldiario.net\\\/portal\\\/\",\"logo\":{\"@type\":\"ImageObject\",\"inLanguage\":\"es\",\"@id\":\"https:\\\/\\\/www.eldiario.net\\\/portal\\\/#\\\/schema\\\/logo\\\/image\\\/\",\"url\":\"https:\\\/\\\/www.eldiario.net\\\/portal\\\/wp-content\\\/uploads\\\/2023\\\/07\\\/logo_ED.jpg\",\"contentUrl\":\"https:\\\/\\\/www.eldiario.net\\\/portal\\\/wp-content\\\/uploads\\\/2023\\\/07\\\/logo_ED.jpg\",\"width\":272,\"height\":52,\"caption\":\"El Diario - Decano de la prensa nacional\"},\"image\":{\"@id\":\"https:\\\/\\\/www.eldiario.net\\\/portal\\\/#\\\/schema\\\/logo\\\/image\\\/\"},\"sameAs\":[\"https:\\\/\\\/www.facebook.com\\\/eldiario.bolivia\\\/\",\"https:\\\/\\\/x.com\\\/eldiario_net\"]},{\"@type\":\"Person\",\"@id\":\"https:\\\/\\\/www.eldiario.net\\\/portal\\\/#\\\/schema\\\/person\\\/f46445640444750d7d753ccd04ae01b7\",\"name\":\"Jeanette\",\"image\":{\"@type\":\"ImageObject\",\"inLanguage\":\"es\",\"@id\":\"https:\\\/\\\/secure.gravatar.com\\\/avatar\\\/3ea2118a5f7dad2b7138b1187a6b7ee55f160b9968b66013c3a3ef39dd7e5798?s=96&d=mm&r=g\",\"url\":\"https:\\\/\\\/secure.gravatar.com\\\/avatar\\\/3ea2118a5f7dad2b7138b1187a6b7ee55f160b9968b66013c3a3ef39dd7e5798?s=96&d=mm&r=g\",\"contentUrl\":\"https:\\\/\\\/secure.gravatar.com\\\/avatar\\\/3ea2118a5f7dad2b7138b1187a6b7ee55f160b9968b66013c3a3ef39dd7e5798?s=96&d=mm&r=g\",\"caption\":\"Jeanette\"},\"sameAs\":[\"https:\\\/\\\/www.eldiario.net\\\/portal\"],\"url\":\"https:\\\/\\\/www.eldiario.net\\\/portal\\\/author\\\/jeanette\\\/\"}]}<\/script>\n<!-- \/ Yoast SEO plugin. -->","yoast_head_json":{"title":"Documentaci\u00f3n sobre nuestra riqueza forestal - El Diario - Bolivia","robots":{"index":"index","follow":"follow","max-snippet":"max-snippet:-1","max-image-preview":"max-image-preview:large","max-video-preview":"max-video-preview:-1"},"canonical":"https:\/\/www.eldiario.net\/portal\/2021\/05\/24\/documentacion-sobre-nuestra-riqueza-forestal\/","og_locale":"es_ES","og_type":"article","og_title":"Documentaci\u00f3n sobre nuestra riqueza forestal - El Diario - Bolivia","og_description":"El tema ambiental hoy adquiere enorme importancia ante fen\u00f3menos como el calentamiento global, debido a un intenso uso de energ\u00edas f\u00f3siles para una industria en constante crecimiento, lo que provoca cambios atmosf\u00e9ricos que afectan a millones de habitantes del planeta, por problemas como la poluci\u00f3n y modificaciones extremas de temperatura que dan lugar, por ejemplo, [&hellip;]","og_url":"https:\/\/www.eldiario.net\/portal\/2021\/05\/24\/documentacion-sobre-nuestra-riqueza-forestal\/","og_site_name":"El Diario - Bolivia","article_publisher":"https:\/\/www.facebook.com\/eldiario.bolivia\/","article_published_time":"2021-05-24T10:03:16+00:00","og_image":[{"url":"https:\/\/www.eldiario.net\/portal\/wp-content\/uploads\/2021\/05\/FORESTAL-689x1024.jpg","type":"","width":"","height":""}],"author":"Jeanette","twitter_card":"summary_large_image","twitter_creator":"@eldiario_net","twitter_site":"@eldiario_net","twitter_misc":{"Escrito por":"Jeanette","Tiempo de lectura":"3 minutos"},"schema":{"@context":"https:\/\/schema.org","@graph":[{"@type":"Article","@id":"https:\/\/www.eldiario.net\/portal\/2021\/05\/24\/documentacion-sobre-nuestra-riqueza-forestal\/#article","isPartOf":{"@id":"https:\/\/www.eldiario.net\/portal\/2021\/05\/24\/documentacion-sobre-nuestra-riqueza-forestal\/"},"author":{"name":"Jeanette","@id":"https:\/\/www.eldiario.net\/portal\/#\/schema\/person\/f46445640444750d7d753ccd04ae01b7"},"headline":"Documentaci\u00f3n sobre nuestra riqueza forestal","datePublished":"2021-05-24T10:03:16+00:00","mainEntityOfPage":{"@id":"https:\/\/www.eldiario.net\/portal\/2021\/05\/24\/documentacion-sobre-nuestra-riqueza-forestal\/"},"wordCount":704,"publisher":{"@id":"https:\/\/www.eldiario.net\/portal\/#organization"},"image":{"@id":"https:\/\/www.eldiario.net\/portal\/2021\/05\/24\/documentacion-sobre-nuestra-riqueza-forestal\/#primaryimage"},"thumbnailUrl":"https:\/\/www.eldiario.net\/portal\/wp-content\/uploads\/2021\/05\/FORESTAL-689x1024.jpg","articleSection":["Opini\u00f3n"],"inLanguage":"es"},{"@type":"WebPage","@id":"https:\/\/www.eldiario.net\/portal\/2021\/05\/24\/documentacion-sobre-nuestra-riqueza-forestal\/","url":"https:\/\/www.eldiario.net\/portal\/2021\/05\/24\/documentacion-sobre-nuestra-riqueza-forestal\/","name":"Documentaci\u00f3n sobre nuestra riqueza forestal - El Diario - Bolivia","isPartOf":{"@id":"https:\/\/www.eldiario.net\/portal\/#website"},"primaryImageOfPage":{"@id":"https:\/\/www.eldiario.net\/portal\/2021\/05\/24\/documentacion-sobre-nuestra-riqueza-forestal\/#primaryimage"},"image":{"@id":"https:\/\/www.eldiario.net\/portal\/2021\/05\/24\/documentacion-sobre-nuestra-riqueza-forestal\/#primaryimage"},"thumbnailUrl":"https:\/\/www.eldiario.net\/portal\/wp-content\/uploads\/2021\/05\/FORESTAL-689x1024.jpg","datePublished":"2021-05-24T10:03:16+00:00","breadcrumb":{"@id":"https:\/\/www.eldiario.net\/portal\/2021\/05\/24\/documentacion-sobre-nuestra-riqueza-forestal\/#breadcrumb"},"inLanguage":"es","potentialAction":[{"@type":"ReadAction","target":["https:\/\/www.eldiario.net\/portal\/2021\/05\/24\/documentacion-sobre-nuestra-riqueza-forestal\/"]}]},{"@type":"ImageObject","inLanguage":"es","@id":"https:\/\/www.eldiario.net\/portal\/2021\/05\/24\/documentacion-sobre-nuestra-riqueza-forestal\/#primaryimage","url":"","contentUrl":""},{"@type":"BreadcrumbList","@id":"https:\/\/www.eldiario.net\/portal\/2021\/05\/24\/documentacion-sobre-nuestra-riqueza-forestal\/#breadcrumb","itemListElement":[{"@type":"ListItem","position":1,"name":"Portada","item":"https:\/\/www.eldiario.net\/portal\/"},{"@type":"ListItem","position":2,"name":"Documentaci\u00f3n sobre nuestra riqueza forestal"}]},{"@type":"WebSite","@id":"https:\/\/www.eldiario.net\/portal\/#website","url":"https:\/\/www.eldiario.net\/portal\/","name":"El Diario - Decano de la prensa nacional","description":"El Diario - Decano de la prensa nacional","publisher":{"@id":"https:\/\/www.eldiario.net\/portal\/#organization"},"potentialAction":[{"@type":"SearchAction","target":{"@type":"EntryPoint","urlTemplate":"https:\/\/www.eldiario.net\/portal\/?s={search_term_string}"},"query-input":{"@type":"PropertyValueSpecification","valueRequired":true,"valueName":"search_term_string"}}],"inLanguage":"es"},{"@type":"Organization","@id":"https:\/\/www.eldiario.net\/portal\/#organization","name":"El Diario - Decano de la prensa nacional","url":"https:\/\/www.eldiario.net\/portal\/","logo":{"@type":"ImageObject","inLanguage":"es","@id":"https:\/\/www.eldiario.net\/portal\/#\/schema\/logo\/image\/","url":"https:\/\/www.eldiario.net\/portal\/wp-content\/uploads\/2023\/07\/logo_ED.jpg","contentUrl":"https:\/\/www.eldiario.net\/portal\/wp-content\/uploads\/2023\/07\/logo_ED.jpg","width":272,"height":52,"caption":"El Diario - Decano de la prensa nacional"},"image":{"@id":"https:\/\/www.eldiario.net\/portal\/#\/schema\/logo\/image\/"},"sameAs":["https:\/\/www.facebook.com\/eldiario.bolivia\/","https:\/\/x.com\/eldiario_net"]},{"@type":"Person","@id":"https:\/\/www.eldiario.net\/portal\/#\/schema\/person\/f46445640444750d7d753ccd04ae01b7","name":"Jeanette","image":{"@type":"ImageObject","inLanguage":"es","@id":"https:\/\/secure.gravatar.com\/avatar\/3ea2118a5f7dad2b7138b1187a6b7ee55f160b9968b66013c3a3ef39dd7e5798?s=96&d=mm&r=g","url":"https:\/\/secure.gravatar.com\/avatar\/3ea2118a5f7dad2b7138b1187a6b7ee55f160b9968b66013c3a3ef39dd7e5798?s=96&d=mm&r=g","contentUrl":"https:\/\/secure.gravatar.com\/avatar\/3ea2118a5f7dad2b7138b1187a6b7ee55f160b9968b66013c3a3ef39dd7e5798?s=96&d=mm&r=g","caption":"Jeanette"},"sameAs":["https:\/\/www.eldiario.net\/portal"],"url":"https:\/\/www.eldiario.net\/portal\/author\/jeanette\/"}]}},"_links":{"self":[{"href":"https:\/\/www.eldiario.net\/portal\/wp-json\/wp\/v2\/posts\/6023","targetHints":{"allow":["GET"]}}],"collection":[{"href":"https:\/\/www.eldiario.net\/portal\/wp-json\/wp\/v2\/posts"}],"about":[{"href":"https:\/\/www.eldiario.net\/portal\/wp-json\/wp\/v2\/types\/post"}],"author":[{"embeddable":true,"href":"https:\/\/www.eldiario.net\/portal\/wp-json\/wp\/v2\/users\/1"}],"replies":[{"embeddable":true,"href":"https:\/\/www.eldiario.net\/portal\/wp-json\/wp\/v2\/comments?post=6023"}],"version-history":[{"count":0,"href":"https:\/\/www.eldiario.net\/portal\/wp-json\/wp\/v2\/posts\/6023\/revisions"}],"wp:attachment":[{"href":"https:\/\/www.eldiario.net\/portal\/wp-json\/wp\/v2\/media?parent=6023"}],"wp:term":[{"taxonomy":"category","embeddable":true,"href":"https:\/\/www.eldiario.net\/portal\/wp-json\/wp\/v2\/categories?post=6023"},{"taxonomy":"post_tag","embeddable":true,"href":"https:\/\/www.eldiario.net\/portal\/wp-json\/wp\/v2\/tags?post=6023"}],"curies":[{"name":"wp","href":"https:\/\/api.w.org\/{rel}","templated":true}]}}