{"id":6021,"date":"2021-05-24T06:01:50","date_gmt":"2021-05-24T10:01:50","guid":{"rendered":"https:\/\/www.eldiario.net\/portal\/?p=6021"},"modified":"2021-05-24T06:01:50","modified_gmt":"2021-05-24T10:01:50","slug":"el-manifiesto-fernandista-del-25-de-mayo-de-1809","status":"publish","type":"post","link":"https:\/\/www.eldiario.net\/portal\/2021\/05\/24\/el-manifiesto-fernandista-del-25-de-mayo-de-1809\/","title":{"rendered":"El Manifiesto Fernandista del 25 de Mayo de 1809"},"content":{"rendered":"<p style=\"text-align: center;\"><strong>Parte I<\/strong><\/p>\n<p><span class=\"dropcap \" style=\"background-color: #ffffff; color: #000000; border-color: #ffffff;\">E<\/span>l enfoque del presente an\u00e1lisis se centra en resaltar los sucesos en las colonias americanas y particularmente en la Audiencia de Charcas, como consecuencia de la crisis de la monarqu\u00eda espa\u00f1ola y la prisi\u00f3n del rey Fernando VII en Bayona, a ra\u00edz de la invasi\u00f3n napole\u00f3nica el 2 de mayo de 1808, que caus\u00f3 estupor a las autoridades civiles y eclesi\u00e1sticos.<br \/>\nLa discusi\u00f3n se centr\u00f3 en torno a la ilegalidad de la invasi\u00f3n de Napole\u00f3n, viendo como una usurpaci\u00f3n violenta y advirtiendo con no reconocer a otro rey que no fuera Fernando VII.<br \/>\nEl Manifiesto Fernandista emerge de los gobernadores, virreyes, intendentes, audiencias, cabildos y consulados de Am\u00e9rica, como una respuesta al p\u00e1nico que sent\u00edan como \u00e9lite y la manera de evitar era ayudando con aportaci\u00f3n de donativos a los espa\u00f1oles para expulsar a los franceses, expresando frases ofensivas y de odio para Napole\u00f3n, calific\u00e1ndolo de ser el m\u00e1s p\u00e9rfido y cruel de los tiranos, y otras muy efusivas para el monarca cautivo, v\u00edctima de la dominaci\u00f3n francesa. Imploraban ayuda de Dios para salvar al deseado Fernando VII, rey de Espa\u00f1a y de las Indias. Defendiendo con mucho fervor al monarca cautivo, por considerar que la soberan\u00eda resid\u00eda en el reino espa\u00f1ol y no plantearon que la soberan\u00eda era un derecho de los pueblos.<br \/>\nEn ese per\u00edodo hist\u00f3rico hace su aparici\u00f3n el arequipe\u00f1o Jos\u00e9 Manuel de Goyeneche y Barreda, personaje de la historia hispanoamericana, atrabiliario y d\u00e9spota. En medio del caos y desorden que impera en la pen\u00ednsula hace gala de su presencia en Madrid, observando impasible a la incipiente corte de Jos\u00e9 Bonaparte.<br \/>\nSeguidamente se presenta en Sevilla, donde atrae la voluntad de la Suprema Junta Central, que lo considera un posible \u00e1rbitro de los destinos de la colonia, por su condici\u00f3n de americano perteneciente a una rica y tradicional familia, recibiendo la misi\u00f3n de obtener la obediencia de Am\u00e9rica a su autoridad, y el ascenso al t\u00edtulo de Brigadier General del Reino.<br \/>\nAl retornar de su larga navegaci\u00f3n entre C\u00e1diz y Montevideo, en la fragata \u201cNuestra Se\u00f1ora del Carmen\u201d, como agente plenipotenciario de la Junta Central de Sevilla, llega a la Bah\u00eda de R\u00edo de Janeiro, para el encuentro de do\u00f1a Carlota Joaquina de Borb\u00f3n (casada con don Juan VI de Portugal), hermana mayor del monarca cautivo Fernando VII, hijos de Carlos IV y Mar\u00eda Luisa de Parma. La Corte Lusitana se halla a la saz\u00f3n en R\u00edo de Janeiro, donde do\u00f1a Carlota Joaquina tiene un plan para salvar la monarqu\u00eda, haciendo valer sus derechos eventuales de aceptar la regencia y gobernaci\u00f3n de los dominios espa\u00f1oles de Am\u00e9rica, que no supo conservar su hermano. Por tanto, no traicionar\u00eda a la monarqu\u00eda ni a la Junta Central de Sevilla, por ser una nobleza americana instituida en el clero americano sumiso y obediente a la nueva corona. El mismo que fue pronunciado mediante la carta fechada el 9 de agosto de 1808, en la que desaprueba la abdicaci\u00f3n de su padre, el rey Carlos IV, a favor de su hermano Fernando VII, as\u00ed como la invasi\u00f3n Napole\u00f3nica.<br \/>\nAhora Goyeneche emprende su nueva campa\u00f1a Carlotista, reconociendo a la princesa mediante la carta fechada el 10 de septiembre de 1808. \u201cLa naci\u00f3n espa\u00f1ola a quien V. A. pertenece a por los v\u00ednculos sagrados e imprescriptibles que le dan derecho al trono en falta de su Augustos Hermanos, me ha enviado a la Am\u00e9rica Meridional\u2026\u201d. Inici\u00f3 su misi\u00f3n entregando los pliegos que ha llevado de la corte fluminense para el Gobernador don Francisco Xavier Elio y para el Virrey don Santiago Liniers, y despliega a los cuatro vientos su campa\u00f1a Carlotista.<br \/>\nEn am\u00e9rica se sabe que Goyeneche es el palad\u00edn de las aspiraciones de la princesa Carlota, y hace part\u00edcipe de sus ideas al presidente Garc\u00eda Pizarro y al Arzobispo Mox\u00f3. Al llegar a La Paz, recibe entusiasta acogida del pueblo, y el obispo La Santa le da hospedaje en el palacio episcopal, y por dondequiera que va el caudillo arequipe\u00f1o, gana adeptos para do\u00f1a Carlota, que ve crecer su partido y se siente ya regente, gobernadora, y tal vez emperatriz de Sudam\u00e9rica.<br \/>\nSin embargo, el Virrey Liniers mantuvo en absoluta reserva el proyecto de Goyeneche, por ser un acto odioso buscar ser s\u00fabditos y vasallos de la monarqu\u00eda portuguesa, ante la existencia de un esp\u00edritu de enemistad abierta por causas de intrusiones y usurpaciones territoriales fronterizas. As\u00ed, Liniers demostr\u00f3 una vez m\u00e1s su fidelidad a su leg\u00edtimo soberano rey cautivo, al contestar a la princesa Carlota; \u201cMorir en defensa del augusto hermano de V.A.R., el se\u00f1or don Fernando VII, y no obedecer jam\u00e1s a otra dinast\u00eda\u2026\u2026\u201d.<\/p>\n<p>El autor es Abogado.<\/p>\n","protected":false},"excerpt":{"rendered":"<p>Parte I El enfoque del presente an\u00e1lisis se centra en resaltar los sucesos en las colonias americanas y particularmente en la Audiencia de Charcas, como consecuencia de la crisis de la monarqu\u00eda espa\u00f1ola y la prisi\u00f3n del rey Fernando VII en Bayona, a ra\u00edz de la invasi\u00f3n napole\u00f3nica el 2 de mayo de 1808, que [&hellip;]<\/p>\n","protected":false},"author":1,"featured_media":0,"comment_status":"closed","ping_status":"closed","sticky":false,"template":"","format":"standard","meta":{"_acf_changed":false,"footnotes":""},"categories":[9],"tags":[],"class_list":["post-6021","post","type-post","status-publish","format-standard","category-opinion"],"acf":{"antetitulo":""},"yoast_head":"<!-- This site is optimized with the Yoast SEO plugin v28.3 - https:\/\/yoast.com\/product\/yoast-seo-wordpress\/ -->\n<title>El Manifiesto Fernandista del 25 de Mayo de 1809 - El Diario - Bolivia<\/title>\n<meta name=\"robots\" content=\"index, follow, max-snippet:-1, max-image-preview:large, max-video-preview:-1\" \/>\n<link rel=\"canonical\" href=\"https:\/\/www.eldiario.net\/portal\/2021\/05\/24\/el-manifiesto-fernandista-del-25-de-mayo-de-1809\/\" \/>\n<meta property=\"og:locale\" content=\"es_ES\" \/>\n<meta property=\"og:type\" content=\"article\" \/>\n<meta property=\"og:title\" content=\"El Manifiesto Fernandista del 25 de Mayo de 1809 - El Diario - Bolivia\" \/>\n<meta property=\"og:description\" content=\"Parte I El enfoque del presente an\u00e1lisis se centra en resaltar los sucesos en las colonias americanas y particularmente en la Audiencia de Charcas, como consecuencia de la crisis de la monarqu\u00eda espa\u00f1ola y la prisi\u00f3n del rey Fernando VII en Bayona, a ra\u00edz de la invasi\u00f3n napole\u00f3nica el 2 de mayo de 1808, que [&hellip;]\" \/>\n<meta property=\"og:url\" content=\"https:\/\/www.eldiario.net\/portal\/2021\/05\/24\/el-manifiesto-fernandista-del-25-de-mayo-de-1809\/\" \/>\n<meta property=\"og:site_name\" content=\"El Diario - Bolivia\" \/>\n<meta property=\"article:publisher\" content=\"https:\/\/www.facebook.com\/eldiario.bolivia\/\" \/>\n<meta property=\"article:published_time\" content=\"2021-05-24T10:01:50+00:00\" \/>\n<meta name=\"author\" content=\"Jeanette\" \/>\n<meta name=\"twitter:card\" content=\"summary_large_image\" \/>\n<meta name=\"twitter:creator\" content=\"@eldiario_net\" \/>\n<meta name=\"twitter:site\" content=\"@eldiario_net\" \/>\n<meta name=\"twitter:label1\" content=\"Escrito por\" \/>\n\t<meta name=\"twitter:data1\" content=\"Jeanette\" \/>\n\t<meta name=\"twitter:label2\" content=\"Tiempo de lectura\" \/>\n\t<meta name=\"twitter:data2\" content=\"4 minutos\" \/>\n<script type=\"application\/ld+json\" class=\"yoast-schema-graph\">{\"@context\":\"https:\\\/\\\/schema.org\",\"@graph\":[{\"@type\":\"Article\",\"@id\":\"https:\\\/\\\/www.eldiario.net\\\/portal\\\/2021\\\/05\\\/24\\\/el-manifiesto-fernandista-del-25-de-mayo-de-1809\\\/#article\",\"isPartOf\":{\"@id\":\"https:\\\/\\\/www.eldiario.net\\\/portal\\\/2021\\\/05\\\/24\\\/el-manifiesto-fernandista-del-25-de-mayo-de-1809\\\/\"},\"author\":{\"name\":\"Jeanette\",\"@id\":\"https:\\\/\\\/www.eldiario.net\\\/portal\\\/#\\\/schema\\\/person\\\/f46445640444750d7d753ccd04ae01b7\"},\"headline\":\"El Manifiesto Fernandista del 25 de Mayo de 1809\",\"datePublished\":\"2021-05-24T10:01:50+00:00\",\"mainEntityOfPage\":{\"@id\":\"https:\\\/\\\/www.eldiario.net\\\/portal\\\/2021\\\/05\\\/24\\\/el-manifiesto-fernandista-del-25-de-mayo-de-1809\\\/\"},\"wordCount\":853,\"publisher\":{\"@id\":\"https:\\\/\\\/www.eldiario.net\\\/portal\\\/#organization\"},\"articleSection\":[\"Opini\u00f3n\"],\"inLanguage\":\"es\"},{\"@type\":\"WebPage\",\"@id\":\"https:\\\/\\\/www.eldiario.net\\\/portal\\\/2021\\\/05\\\/24\\\/el-manifiesto-fernandista-del-25-de-mayo-de-1809\\\/\",\"url\":\"https:\\\/\\\/www.eldiario.net\\\/portal\\\/2021\\\/05\\\/24\\\/el-manifiesto-fernandista-del-25-de-mayo-de-1809\\\/\",\"name\":\"El Manifiesto Fernandista del 25 de Mayo de 1809 - El Diario - Bolivia\",\"isPartOf\":{\"@id\":\"https:\\\/\\\/www.eldiario.net\\\/portal\\\/#website\"},\"datePublished\":\"2021-05-24T10:01:50+00:00\",\"breadcrumb\":{\"@id\":\"https:\\\/\\\/www.eldiario.net\\\/portal\\\/2021\\\/05\\\/24\\\/el-manifiesto-fernandista-del-25-de-mayo-de-1809\\\/#breadcrumb\"},\"inLanguage\":\"es\",\"potentialAction\":[{\"@type\":\"ReadAction\",\"target\":[\"https:\\\/\\\/www.eldiario.net\\\/portal\\\/2021\\\/05\\\/24\\\/el-manifiesto-fernandista-del-25-de-mayo-de-1809\\\/\"]}]},{\"@type\":\"BreadcrumbList\",\"@id\":\"https:\\\/\\\/www.eldiario.net\\\/portal\\\/2021\\\/05\\\/24\\\/el-manifiesto-fernandista-del-25-de-mayo-de-1809\\\/#breadcrumb\",\"itemListElement\":[{\"@type\":\"ListItem\",\"position\":1,\"name\":\"Portada\",\"item\":\"https:\\\/\\\/www.eldiario.net\\\/portal\\\/\"},{\"@type\":\"ListItem\",\"position\":2,\"name\":\"El Manifiesto Fernandista del 25 de Mayo de 1809\"}]},{\"@type\":\"WebSite\",\"@id\":\"https:\\\/\\\/www.eldiario.net\\\/portal\\\/#website\",\"url\":\"https:\\\/\\\/www.eldiario.net\\\/portal\\\/\",\"name\":\"El Diario - Decano de la prensa nacional\",\"description\":\"El Diario - Decano de la prensa nacional\",\"publisher\":{\"@id\":\"https:\\\/\\\/www.eldiario.net\\\/portal\\\/#organization\"},\"potentialAction\":[{\"@type\":\"SearchAction\",\"target\":{\"@type\":\"EntryPoint\",\"urlTemplate\":\"https:\\\/\\\/www.eldiario.net\\\/portal\\\/?s={search_term_string}\"},\"query-input\":{\"@type\":\"PropertyValueSpecification\",\"valueRequired\":true,\"valueName\":\"search_term_string\"}}],\"inLanguage\":\"es\"},{\"@type\":\"Organization\",\"@id\":\"https:\\\/\\\/www.eldiario.net\\\/portal\\\/#organization\",\"name\":\"El Diario - Decano de la prensa nacional\",\"url\":\"https:\\\/\\\/www.eldiario.net\\\/portal\\\/\",\"logo\":{\"@type\":\"ImageObject\",\"inLanguage\":\"es\",\"@id\":\"https:\\\/\\\/www.eldiario.net\\\/portal\\\/#\\\/schema\\\/logo\\\/image\\\/\",\"url\":\"https:\\\/\\\/www.eldiario.net\\\/portal\\\/wp-content\\\/uploads\\\/2023\\\/07\\\/logo_ED.jpg\",\"contentUrl\":\"https:\\\/\\\/www.eldiario.net\\\/portal\\\/wp-content\\\/uploads\\\/2023\\\/07\\\/logo_ED.jpg\",\"width\":272,\"height\":52,\"caption\":\"El Diario - Decano de la prensa nacional\"},\"image\":{\"@id\":\"https:\\\/\\\/www.eldiario.net\\\/portal\\\/#\\\/schema\\\/logo\\\/image\\\/\"},\"sameAs\":[\"https:\\\/\\\/www.facebook.com\\\/eldiario.bolivia\\\/\",\"https:\\\/\\\/x.com\\\/eldiario_net\"]},{\"@type\":\"Person\",\"@id\":\"https:\\\/\\\/www.eldiario.net\\\/portal\\\/#\\\/schema\\\/person\\\/f46445640444750d7d753ccd04ae01b7\",\"name\":\"Jeanette\",\"image\":{\"@type\":\"ImageObject\",\"inLanguage\":\"es\",\"@id\":\"https:\\\/\\\/secure.gravatar.com\\\/avatar\\\/3ea2118a5f7dad2b7138b1187a6b7ee55f160b9968b66013c3a3ef39dd7e5798?s=96&d=mm&r=g\",\"url\":\"https:\\\/\\\/secure.gravatar.com\\\/avatar\\\/3ea2118a5f7dad2b7138b1187a6b7ee55f160b9968b66013c3a3ef39dd7e5798?s=96&d=mm&r=g\",\"contentUrl\":\"https:\\\/\\\/secure.gravatar.com\\\/avatar\\\/3ea2118a5f7dad2b7138b1187a6b7ee55f160b9968b66013c3a3ef39dd7e5798?s=96&d=mm&r=g\",\"caption\":\"Jeanette\"},\"sameAs\":[\"https:\\\/\\\/www.eldiario.net\\\/portal\"],\"url\":\"https:\\\/\\\/www.eldiario.net\\\/portal\\\/author\\\/jeanette\\\/\"}]}<\/script>\n<!-- \/ Yoast SEO plugin. -->","yoast_head_json":{"title":"El Manifiesto Fernandista del 25 de Mayo de 1809 - El Diario - Bolivia","robots":{"index":"index","follow":"follow","max-snippet":"max-snippet:-1","max-image-preview":"max-image-preview:large","max-video-preview":"max-video-preview:-1"},"canonical":"https:\/\/www.eldiario.net\/portal\/2021\/05\/24\/el-manifiesto-fernandista-del-25-de-mayo-de-1809\/","og_locale":"es_ES","og_type":"article","og_title":"El Manifiesto Fernandista del 25 de Mayo de 1809 - El Diario - Bolivia","og_description":"Parte I El enfoque del presente an\u00e1lisis se centra en resaltar los sucesos en las colonias americanas y particularmente en la Audiencia de Charcas, como consecuencia de la crisis de la monarqu\u00eda espa\u00f1ola y la prisi\u00f3n del rey Fernando VII en Bayona, a ra\u00edz de la invasi\u00f3n napole\u00f3nica el 2 de mayo de 1808, que [&hellip;]","og_url":"https:\/\/www.eldiario.net\/portal\/2021\/05\/24\/el-manifiesto-fernandista-del-25-de-mayo-de-1809\/","og_site_name":"El Diario - Bolivia","article_publisher":"https:\/\/www.facebook.com\/eldiario.bolivia\/","article_published_time":"2021-05-24T10:01:50+00:00","author":"Jeanette","twitter_card":"summary_large_image","twitter_creator":"@eldiario_net","twitter_site":"@eldiario_net","twitter_misc":{"Escrito por":"Jeanette","Tiempo de lectura":"4 minutos"},"schema":{"@context":"https:\/\/schema.org","@graph":[{"@type":"Article","@id":"https:\/\/www.eldiario.net\/portal\/2021\/05\/24\/el-manifiesto-fernandista-del-25-de-mayo-de-1809\/#article","isPartOf":{"@id":"https:\/\/www.eldiario.net\/portal\/2021\/05\/24\/el-manifiesto-fernandista-del-25-de-mayo-de-1809\/"},"author":{"name":"Jeanette","@id":"https:\/\/www.eldiario.net\/portal\/#\/schema\/person\/f46445640444750d7d753ccd04ae01b7"},"headline":"El Manifiesto Fernandista del 25 de Mayo de 1809","datePublished":"2021-05-24T10:01:50+00:00","mainEntityOfPage":{"@id":"https:\/\/www.eldiario.net\/portal\/2021\/05\/24\/el-manifiesto-fernandista-del-25-de-mayo-de-1809\/"},"wordCount":853,"publisher":{"@id":"https:\/\/www.eldiario.net\/portal\/#organization"},"articleSection":["Opini\u00f3n"],"inLanguage":"es"},{"@type":"WebPage","@id":"https:\/\/www.eldiario.net\/portal\/2021\/05\/24\/el-manifiesto-fernandista-del-25-de-mayo-de-1809\/","url":"https:\/\/www.eldiario.net\/portal\/2021\/05\/24\/el-manifiesto-fernandista-del-25-de-mayo-de-1809\/","name":"El Manifiesto Fernandista del 25 de Mayo de 1809 - El Diario - Bolivia","isPartOf":{"@id":"https:\/\/www.eldiario.net\/portal\/#website"},"datePublished":"2021-05-24T10:01:50+00:00","breadcrumb":{"@id":"https:\/\/www.eldiario.net\/portal\/2021\/05\/24\/el-manifiesto-fernandista-del-25-de-mayo-de-1809\/#breadcrumb"},"inLanguage":"es","potentialAction":[{"@type":"ReadAction","target":["https:\/\/www.eldiario.net\/portal\/2021\/05\/24\/el-manifiesto-fernandista-del-25-de-mayo-de-1809\/"]}]},{"@type":"BreadcrumbList","@id":"https:\/\/www.eldiario.net\/portal\/2021\/05\/24\/el-manifiesto-fernandista-del-25-de-mayo-de-1809\/#breadcrumb","itemListElement":[{"@type":"ListItem","position":1,"name":"Portada","item":"https:\/\/www.eldiario.net\/portal\/"},{"@type":"ListItem","position":2,"name":"El Manifiesto Fernandista del 25 de Mayo de 1809"}]},{"@type":"WebSite","@id":"https:\/\/www.eldiario.net\/portal\/#website","url":"https:\/\/www.eldiario.net\/portal\/","name":"El Diario - Decano de la prensa nacional","description":"El Diario - Decano de la prensa nacional","publisher":{"@id":"https:\/\/www.eldiario.net\/portal\/#organization"},"potentialAction":[{"@type":"SearchAction","target":{"@type":"EntryPoint","urlTemplate":"https:\/\/www.eldiario.net\/portal\/?s={search_term_string}"},"query-input":{"@type":"PropertyValueSpecification","valueRequired":true,"valueName":"search_term_string"}}],"inLanguage":"es"},{"@type":"Organization","@id":"https:\/\/www.eldiario.net\/portal\/#organization","name":"El Diario - Decano de la prensa nacional","url":"https:\/\/www.eldiario.net\/portal\/","logo":{"@type":"ImageObject","inLanguage":"es","@id":"https:\/\/www.eldiario.net\/portal\/#\/schema\/logo\/image\/","url":"https:\/\/www.eldiario.net\/portal\/wp-content\/uploads\/2023\/07\/logo_ED.jpg","contentUrl":"https:\/\/www.eldiario.net\/portal\/wp-content\/uploads\/2023\/07\/logo_ED.jpg","width":272,"height":52,"caption":"El Diario - Decano de la prensa nacional"},"image":{"@id":"https:\/\/www.eldiario.net\/portal\/#\/schema\/logo\/image\/"},"sameAs":["https:\/\/www.facebook.com\/eldiario.bolivia\/","https:\/\/x.com\/eldiario_net"]},{"@type":"Person","@id":"https:\/\/www.eldiario.net\/portal\/#\/schema\/person\/f46445640444750d7d753ccd04ae01b7","name":"Jeanette","image":{"@type":"ImageObject","inLanguage":"es","@id":"https:\/\/secure.gravatar.com\/avatar\/3ea2118a5f7dad2b7138b1187a6b7ee55f160b9968b66013c3a3ef39dd7e5798?s=96&d=mm&r=g","url":"https:\/\/secure.gravatar.com\/avatar\/3ea2118a5f7dad2b7138b1187a6b7ee55f160b9968b66013c3a3ef39dd7e5798?s=96&d=mm&r=g","contentUrl":"https:\/\/secure.gravatar.com\/avatar\/3ea2118a5f7dad2b7138b1187a6b7ee55f160b9968b66013c3a3ef39dd7e5798?s=96&d=mm&r=g","caption":"Jeanette"},"sameAs":["https:\/\/www.eldiario.net\/portal"],"url":"https:\/\/www.eldiario.net\/portal\/author\/jeanette\/"}]}},"_links":{"self":[{"href":"https:\/\/www.eldiario.net\/portal\/wp-json\/wp\/v2\/posts\/6021","targetHints":{"allow":["GET"]}}],"collection":[{"href":"https:\/\/www.eldiario.net\/portal\/wp-json\/wp\/v2\/posts"}],"about":[{"href":"https:\/\/www.eldiario.net\/portal\/wp-json\/wp\/v2\/types\/post"}],"author":[{"embeddable":true,"href":"https:\/\/www.eldiario.net\/portal\/wp-json\/wp\/v2\/users\/1"}],"replies":[{"embeddable":true,"href":"https:\/\/www.eldiario.net\/portal\/wp-json\/wp\/v2\/comments?post=6021"}],"version-history":[{"count":0,"href":"https:\/\/www.eldiario.net\/portal\/wp-json\/wp\/v2\/posts\/6021\/revisions"}],"wp:attachment":[{"href":"https:\/\/www.eldiario.net\/portal\/wp-json\/wp\/v2\/media?parent=6021"}],"wp:term":[{"taxonomy":"category","embeddable":true,"href":"https:\/\/www.eldiario.net\/portal\/wp-json\/wp\/v2\/categories?post=6021"},{"taxonomy":"post_tag","embeddable":true,"href":"https:\/\/www.eldiario.net\/portal\/wp-json\/wp\/v2\/tags?post=6021"}],"curies":[{"name":"wp","href":"https:\/\/api.w.org\/{rel}","templated":true}]}}