{"id":6012,"date":"2021-05-24T05:58:58","date_gmt":"2021-05-24T09:58:58","guid":{"rendered":"https:\/\/www.eldiario.net\/portal\/?p=6012"},"modified":"2021-05-24T05:58:58","modified_gmt":"2021-05-24T09:58:58","slug":"abogados-cuestionan-designacion-de-edwin-blanco-como-juez-de-sentencia","status":"publish","type":"post","link":"https:\/\/www.eldiario.net\/portal\/2021\/05\/24\/abogados-cuestionan-designacion-de-edwin-blanco-como-juez-de-sentencia\/","title":{"rendered":"Abogados cuestionan designaci\u00f3n de Edwin Blanco como juez de sentencia"},"content":{"rendered":"<p>La designaci\u00f3n y posesi\u00f3n de Edwin Blanco Soria como nuevo juez de sentencia, por parte el Consejo de la\u00a0Magistratura, fue cuestionada\u00a0por abogados consultados por EL DIARIO, quienes recordaron que el exfiscal departamental de La Paz fue uno de los que acus\u00f3 al m\u00e9dico Jhiery Fern\u00e1ndez por una violaci\u00f3n que nunca existi\u00f3 y sin ninguna prueba que sostenga el extremo.<br \/>\nEl viernes 21 de mayo de 2021, los consejeros de la Magistratura entregaron t\u00edtulos de designaci\u00f3n a nuevos jueces de carrera de la jurisdicci\u00f3n ordinaria, en la ciudad de Sucre, entre ellos Edwin Blanco.<br \/>\nEn criterio de la abogada Zuleyka Lanza, que patrocin\u00f3 a Sandra Madeni, procesada en el caso beb\u00e9 Alexander, la posesi\u00f3n de Blanco \u201cresponde a favores pol\u00edticos\u201d porque Bolivia no olvida la \u201cnefasta\u201d actuaci\u00f3n del ahora juez, en varios casos.<br \/>\n\u201cEdwin Blanco es un operador del masismo que ha armado casos, que ha robado pruebas de la Fiscal\u00eda, culpable de la condena de un inocente y de una profesional m\u00e9dico que ha sido condenada por las pruebas falsas en un caso como es el del beb\u00e9 Alexander\u201d, record\u00f3.<br \/>\nLanza dijo que Edwin Blanco desapareci\u00f3 pruebas del caso de trata y tr\u00e1fico que involucraba a la expareja de Evo Morales, Gabriela Zapata.<br \/>\n\u201cEst\u00e1 claro que esos favores pol\u00edticos que \u00e9l ha hecho al Gobierno en su momento, est\u00e1n siendo devueltos y pagados. Como lo dijo el Ministro de Justicia, el cargo deber\u00eda ser ocupado por una persona id\u00f3nea, completamente alejada de la pol\u00edtica, pero lo que muestra es que el gobierno de Luis Arce est\u00e1 posesionando a las personas que en su momento les tendr\u00e1n que devolver los favores pol\u00edticos. Rechazamos este nombramiento porque es una persona nefasta en el poder judicial\u201d, apunt\u00f3.<br \/>\nLa jurista record\u00f3 que como defensa t\u00e9cnica de Sandra Madeni, interpusieron procesos penales en contra de Blanco, al igual que el m\u00e9dico Jhiery Fern\u00e1ndez y que adem\u00e1s sali\u00f3 mal de la Fiscal\u00eda, por lo que no tiene moral para ejercer el cargo de juez.<br \/>\n\u201cSe est\u00e1n poniendo operadores de justicia para poder cumplir sus nefastos planes en el pa\u00eds. El MAS est\u00e1 moviendo sus alfiles para poder cobrar y as\u00ed poder sembrar miedo en la poblaci\u00f3n\u201d, lament\u00f3.<br \/>\nPor otro lado, el abogado Eusebio Vera apunt\u00f3 que el 80 por ciento de las nuevas autoridades designadas para La Paz ya tuvo experiencia en la administraci\u00f3n de justicia, en sus diferentes niveles, desde fiscales, jueces, auxiliares, oficiales de diligencias y secretarios.<br \/>\n\u201cLas designaciones han respondido a ciertos favores de aspecto econ\u00f3mico. En el devenir de sus funciones, algunos de los nuevos designados, han tenido participaci\u00f3n en connotados casos, como el caso del doctor Alan Z\u00e1rate que estuvo a cargo, como juez jurisdiccional, en el caso Banco Uni\u00f3n. No menos sorprendente fue la designaci\u00f3n del doctor Blanco Soria, que fue un nefasto fiscal de distrito, en el que se han cometido los errores en uno de los casos m\u00e1s negros en la historia de la justicia en Bolivia, estoy hablando del caso del beb\u00e9 Alexander, con pruebas ama\u00f1adas y manipuladas\u201d, cuestion\u00f3 Vera en contacto con EL DIARIO.<br \/>\nEn ese marco, lament\u00f3 que mientras el Gobierno habla de una reforma judicial, se posesione como jueces a profesionales cuestionados.<br \/>\n\u201cQu\u00e9 podemos esperar los abogados que estamos litigando en el foro pace\u00f1o y nacional, abrigamos la esperanza de que cambie de alguna forma esa manera de actuar que tuvieron, que han perjudicado a muchas personas, muchas familias\u201d, dijo.<br \/>\nDemand\u00f3 que las nuevas autoridades cumplan sus funciones enmarcados en la Constituci\u00f3n y las leyes demostrando lo que pregona el Consejo de la Magistratura, el de tener una justicia transparente, imparcial, id\u00f3nea y objetiva, sobre todo independiente.<br \/>\nEl exdiputado Amilcar Barral cuestion\u00f3 la designaci\u00f3n de Blanco porque en su criterio un juez de sentencia deber\u00eda tener un recorrido profesional intachable y con meritocracia, como no es el caso del exfiscal.<br \/>\n\u201cUno de los fiscales m\u00e1s nefastos que ha tenido el departamento de La Paz ha sido premiado con su designaci\u00f3n como juez. El d\u00eda viernes lo designaron los del Consejo de la Magistratura, otros corruptos que estaban siendo procesados por vender juzgados\u201d, lament\u00f3 Barral en contacto con EL DIARIO.<br \/>\nEl exdiputado y excandidato a la Alcald\u00eda de La Paz record\u00f3 que, en su momento, Blanco realiz\u00f3 persecuci\u00f3n pol\u00edtica y fue denunciado por varios casos de corrupci\u00f3n tanto en el caso del Fondo Ind\u00edgena, la muerte del beb\u00e9 Alexander y el de Gabriela Zapata.<\/p>\n<p>CASO ALEXANDER<br \/>\nEl 20 de mayo de 2021, el fiscal general, Juan Lanchipa, inform\u00f3 que el Ministerio P\u00fablico retir\u00f3 la acusaci\u00f3n en el caso beb\u00e9 Alexander, en favor de Jhiery Fern\u00e1ndez, Lola R. O., Jos\u00e9 L.D.A. y Sandra D.M.C.<br \/>\nDijo que la determinaci\u00f3n fue asumida luego de realizar un an\u00e1lisis exhaustivo al cuaderno de investigaci\u00f3n en el que no se encontraron los suficientes elementos probatorios para sostener la acusaci\u00f3n que fue presentada el a\u00f1o 2015.<br \/>\n\u201cEste retiro de acusaci\u00f3n, obedece a unas serie de inconsistencias que se encontr\u00f3 en todo el cuaderno de investigaci\u00f3n, fundamentalmente en el tema de las pruebas, no hay una prueba cient\u00edficas que acredite la comisi\u00f3n del il\u00edcito\u201d, dijo la autoridad.<br \/>\nLanchipa explic\u00f3 que los elementos probatorios acumulados durante el proceso investigativo resultan insuficientes para sustentar la resoluci\u00f3n de acusaci\u00f3n fiscal en el juicio oral, adem\u00e1s durante la revisi\u00f3n al cuaderno de investigaci\u00f3n se encontraron contradicciones en los informes periciales.<br \/>\n\u201cLa m\u00e9dico forense de ese entonces contaba con el requerimiento fiscal que le instru\u00eda \u00fanicamente tomar muestras biol\u00f3gicas, pero la m\u00e9dico se\u00f1ala que se habr\u00eda tomado dos hisopos como muestras y estos habr\u00edan sido entregados al Fiscal en calidad de custodio; sin embargo, nunca se logr\u00f3 establecer a qu\u00e9 fiscal se entreg\u00f3 estos dos hisopos y mucho menos en cadena de custodia. Tambi\u00e9n se habla de la existencia de ant\u00edgeno prost\u00e1tico, pero que no se pudo establecer a qui\u00e9n pertenec\u00eda y de manera contradictoria, en otra parte del informe, se\u00f1alan que no se logr\u00f3 encontrar ning\u00fan tipo de ant\u00edgeno, estas irregularidades fueron tomadas en cuenta para determinar el retiro de la acusaci\u00f3n\u201d, sostuvo.<br \/>\nAnte estas inconsistencias y contradicciones encontradas en el cuaderno de investigaci\u00f3n, el Fiscal General inform\u00f3 que ya existe un proceso de investigaci\u00f3n en contra del ex fiscal departamental de La Paz, Edwin Blanco y la ex fiscal de materia Susana Boy\u00e1n por la presunta comisi\u00f3n de los delitos de incumplimiento de deberes y resoluciones contrarias a la ley y la Constituci\u00f3n, por presuntas irregularidades en la investigaci\u00f3n del caso beb\u00e9 Alexander.<br \/>\nEl viernes, la Fiscal\u00eda anunci\u00f3 que en 15 d\u00edas definir\u00e1 si imputan o no al exfiscal Edwin Blanco y la exfiscal Susana Boy\u00e1n, ambos denunciados por ocultar pericias para acusar al m\u00e9dico Jhiery Fern\u00e1ndez y orillar una sentencia de 20 a\u00f1os de presidio, acusado por una violaci\u00f3n, que nunca existi\u00f3.<\/p>\n<p>JHIERY FERN\u00c1NDEZ<br \/>\nEl m\u00e9dico Jhiery Fern\u00e1ndez fue enjuiciado por la supuesta violaci\u00f3n del beb\u00e9 Alexander que estaba albergado en el Hogar Virgen de F\u00e1tima, dependiente de la Gobernaci\u00f3n, instituci\u00f3n donde trabajaba.<br \/>\nEstuvo detenido en el penal de San Pedro de La Paz, por cuatro a\u00f1os y 11 meses. En marzo de 2018 fue sentenciado a 20 a\u00f1os de c\u00e1rcel, pero el fallo fue anulado en febrero de 2020 y se orden\u00f3 un nuevo juicio.<br \/>\nEl galeno se\u00f1ala que entre los responsables de que haya seguido el proceso en su contra, pese a conocer estos graves errores, est\u00e1 el exfiscal general Ramiro Guerrero, que luego fue nombrado como C\u00f3nsul de Bolivia en Chile, hoy asesor jur\u00eddico del Ministerio de Desarrollo y Tierras. \u00c9l ten\u00eda a su mando a Susana Boy\u00e1n y Edwin Blanco, quien luego fue ascendido a fiscal departamental de La Paz y recientemente nombrado juez.<br \/>\n\u201cDe tan solo escuchar el nombre de Edwin Blanco me llena de coraje, me molesta, me enerva, el solo saber de ese tipo de personas muy malas que van da\u00f1ando a las personas. \u00c9l se ha inventado pruebas para sentenciarme, la noticia de su nombramiento me molesta sobremanera\u201d, dijo el galeno.<br \/>\nLa madre del m\u00e9dico, Norma Sumi, recuerda con dolor que en diciembre de 2014 su hijo fue detenido luego de ser citado con enga\u00f1os a la Fiscal\u00eda y horas despu\u00e9s fue enviado a la c\u00e1rcel por la entonces jueza L\u00eda Cardozo.<br \/>\nEn conferencia de prensa, la entonces fiscal Patricia Santos declar\u00f3 que Jhiery Fern\u00e1ndez era el presunto autor de la violaci\u00f3n debido a que era el \u00fanico var\u00f3n presente esa madrugada en el Hogar Virgen de F\u00e1tima y porque a sus 34 a\u00f1os era soltero.<br \/>\nEl 17 de septiembre de 2018, se difundi\u00f3 un audio grabado por Romel Cardozo, durante una reuni\u00f3n en la que la entonces presidenta del Tribunal D\u00e9cimo de Sentencia, Patricia Pacajes, confes\u00f3 haber dictado condena de 20 a\u00f1os contra el m\u00e9dico Jhiery Fern\u00e1ndez, pese a que no exist\u00edan pruebas cient\u00edficas en su contra y conoc\u00eda los errores cometidos por los forenses.<br \/>\nTras conocido el audio, el Consejo de la Magistratura realiz\u00f3 una auditor\u00eda judicial y el resultado fue el alejamiento del cargo de los otros dos jueces que redactaron la condena junto a Pacajes, Gladis Guerrero y Roberto M\u00e9rida.<\/p>\n<figure id=\"attachment_6014\" aria-describedby=\"caption-attachment-6014\" style=\"width: 300px\" class=\"wp-caption alignleft\"><img loading=\"lazy\" decoding=\"async\" class=\"size-medium wp-image-6014\" src=\"https:\/\/www.eldiario.net\/portal\/wp-content\/uploads\/2021\/05\/MAMA-300x209.jpg\" alt=\"\" width=\"300\" height=\"209\" \/><figcaption id=\"caption-attachment-6014\" class=\"wp-caption-text\">LA MAM\u00c1 DEL M\u00c9DICO SUPLICANDO JUSTICIA POR SU HIJO QUE ESTABA ENCERRADO SIENDO INOCENTE.<\/figcaption><\/figure>\n<figure id=\"attachment_6015\" aria-describedby=\"caption-attachment-6015\" style=\"width: 300px\" class=\"wp-caption alignleft\"><img loading=\"lazy\" decoding=\"async\" class=\"size-medium wp-image-6015\" src=\"https:\/\/www.eldiario.net\/portal\/wp-content\/uploads\/2021\/05\/Blanco-300x169.jpg\" alt=\"\" width=\"300\" height=\"169\" srcset=\"https:\/\/www.eldiario.net\/portal\/wp-content\/uploads\/2021\/05\/Blanco-300x169.jpg 300w, https:\/\/www.eldiario.net\/portal\/wp-content\/uploads\/2021\/05\/Blanco.jpg 512w\" sizes=\"auto, (max-width: 300px) 100vw, 300px\" \/><figcaption id=\"caption-attachment-6015\" class=\"wp-caption-text\">EL EXFISCAL DEPARTAMENTAL DE LA PAZ, EDWIN BLANCO, RECIENTEMENTE POSESIONADO COMO JUEZ DE SENTENCIA.<\/figcaption><\/figure>\n<figure id=\"attachment_6017\" aria-describedby=\"caption-attachment-6017\" style=\"width: 1024px\" class=\"wp-caption alignleft\"><img loading=\"lazy\" decoding=\"async\" class=\"wp-image-6017 size-large\" src=\"https:\/\/www.eldiario.net\/portal\/wp-content\/uploads\/2021\/05\/Rodrigo-1024x552.jpg\" alt=\"\" width=\"1024\" height=\"552\" \/><figcaption id=\"caption-attachment-6017\" class=\"wp-caption-text\">N\u00d3MINA DONDE SE EVIDENCIA LA DESIGNACI\u00d3N DE EDWIN BLANCO COMO JUEZ<\/figcaption><\/figure>\n<p>&nbsp;<\/p>\n","protected":false},"excerpt":{"rendered":"<p>La designaci\u00f3n y posesi\u00f3n de Edwin Blanco Soria como nuevo juez de sentencia, por parte el Consejo de la\u00a0Magistratura, fue cuestionada\u00a0por abogados consultados por EL DIARIO, quienes recordaron que el exfiscal departamental de La Paz fue uno de los que acus\u00f3 al m\u00e9dico Jhiery Fern\u00e1ndez por una violaci\u00f3n que nunca existi\u00f3 y sin ninguna prueba [&hellip;]<\/p>\n","protected":false},"author":1,"featured_media":6013,"comment_status":"closed","ping_status":"closed","sticky":false,"template":"","format":"standard","meta":{"_acf_changed":false,"footnotes":""},"categories":[39],"tags":[],"class_list":["post-6012","post","type-post","status-publish","format-standard","has-post-thumbnail","category-sociedad"],"acf":{"antetitulo":""},"yoast_head":"<!-- This site is optimized with the Yoast SEO plugin v28.3 - https:\/\/yoast.com\/product\/yoast-seo-wordpress\/ -->\n<title>Abogados cuestionan designaci\u00f3n de Edwin Blanco como juez de sentencia - El Diario - Bolivia<\/title>\n<meta name=\"robots\" content=\"index, follow, max-snippet:-1, max-image-preview:large, max-video-preview:-1\" \/>\n<link rel=\"canonical\" href=\"https:\/\/www.eldiario.net\/portal\/2021\/05\/24\/abogados-cuestionan-designacion-de-edwin-blanco-como-juez-de-sentencia\/\" \/>\n<meta property=\"og:locale\" content=\"es_ES\" \/>\n<meta property=\"og:type\" content=\"article\" \/>\n<meta property=\"og:title\" content=\"Abogados cuestionan designaci\u00f3n de Edwin Blanco como juez de sentencia - El Diario - Bolivia\" \/>\n<meta property=\"og:description\" content=\"La designaci\u00f3n y posesi\u00f3n de Edwin Blanco Soria como nuevo juez de sentencia, por parte el Consejo de la\u00a0Magistratura, fue cuestionada\u00a0por abogados consultados por EL DIARIO, quienes recordaron que el exfiscal departamental de La Paz fue uno de los que acus\u00f3 al m\u00e9dico Jhiery Fern\u00e1ndez por una violaci\u00f3n que nunca existi\u00f3 y sin ninguna prueba [&hellip;]\" \/>\n<meta property=\"og:url\" content=\"https:\/\/www.eldiario.net\/portal\/2021\/05\/24\/abogados-cuestionan-designacion-de-edwin-blanco-como-juez-de-sentencia\/\" \/>\n<meta property=\"og:site_name\" content=\"El Diario - Bolivia\" \/>\n<meta property=\"article:publisher\" content=\"https:\/\/www.facebook.com\/eldiario.bolivia\/\" \/>\n<meta property=\"article:published_time\" content=\"2021-05-24T09:58:58+00:00\" \/>\n<meta name=\"author\" content=\"Jeanette\" \/>\n<meta name=\"twitter:card\" content=\"summary_large_image\" \/>\n<meta name=\"twitter:creator\" content=\"@eldiario_net\" \/>\n<meta name=\"twitter:site\" content=\"@eldiario_net\" \/>\n<meta name=\"twitter:label1\" content=\"Escrito por\" \/>\n\t<meta name=\"twitter:data1\" content=\"Jeanette\" \/>\n\t<meta name=\"twitter:label2\" content=\"Tiempo de lectura\" \/>\n\t<meta name=\"twitter:data2\" content=\"8 minutos\" \/>\n<script type=\"application\/ld+json\" class=\"yoast-schema-graph\">{\"@context\":\"https:\\\/\\\/schema.org\",\"@graph\":[{\"@type\":\"Article\",\"@id\":\"https:\\\/\\\/www.eldiario.net\\\/portal\\\/2021\\\/05\\\/24\\\/abogados-cuestionan-designacion-de-edwin-blanco-como-juez-de-sentencia\\\/#article\",\"isPartOf\":{\"@id\":\"https:\\\/\\\/www.eldiario.net\\\/portal\\\/2021\\\/05\\\/24\\\/abogados-cuestionan-designacion-de-edwin-blanco-como-juez-de-sentencia\\\/\"},\"author\":{\"name\":\"Jeanette\",\"@id\":\"https:\\\/\\\/www.eldiario.net\\\/portal\\\/#\\\/schema\\\/person\\\/f46445640444750d7d753ccd04ae01b7\"},\"headline\":\"Abogados cuestionan designaci\u00f3n de Edwin Blanco como juez de sentencia\",\"datePublished\":\"2021-05-24T09:58:58+00:00\",\"mainEntityOfPage\":{\"@id\":\"https:\\\/\\\/www.eldiario.net\\\/portal\\\/2021\\\/05\\\/24\\\/abogados-cuestionan-designacion-de-edwin-blanco-como-juez-de-sentencia\\\/\"},\"wordCount\":1695,\"publisher\":{\"@id\":\"https:\\\/\\\/www.eldiario.net\\\/portal\\\/#organization\"},\"image\":{\"@id\":\"https:\\\/\\\/www.eldiario.net\\\/portal\\\/2021\\\/05\\\/24\\\/abogados-cuestionan-designacion-de-edwin-blanco-como-juez-de-sentencia\\\/#primaryimage\"},\"thumbnailUrl\":\"\",\"articleSection\":[\"Sociedad - Seguridad\"],\"inLanguage\":\"es\"},{\"@type\":\"WebPage\",\"@id\":\"https:\\\/\\\/www.eldiario.net\\\/portal\\\/2021\\\/05\\\/24\\\/abogados-cuestionan-designacion-de-edwin-blanco-como-juez-de-sentencia\\\/\",\"url\":\"https:\\\/\\\/www.eldiario.net\\\/portal\\\/2021\\\/05\\\/24\\\/abogados-cuestionan-designacion-de-edwin-blanco-como-juez-de-sentencia\\\/\",\"name\":\"Abogados cuestionan designaci\u00f3n de Edwin Blanco como juez de sentencia - El Diario - Bolivia\",\"isPartOf\":{\"@id\":\"https:\\\/\\\/www.eldiario.net\\\/portal\\\/#website\"},\"primaryImageOfPage\":{\"@id\":\"https:\\\/\\\/www.eldiario.net\\\/portal\\\/2021\\\/05\\\/24\\\/abogados-cuestionan-designacion-de-edwin-blanco-como-juez-de-sentencia\\\/#primaryimage\"},\"image\":{\"@id\":\"https:\\\/\\\/www.eldiario.net\\\/portal\\\/2021\\\/05\\\/24\\\/abogados-cuestionan-designacion-de-edwin-blanco-como-juez-de-sentencia\\\/#primaryimage\"},\"thumbnailUrl\":\"\",\"datePublished\":\"2021-05-24T09:58:58+00:00\",\"breadcrumb\":{\"@id\":\"https:\\\/\\\/www.eldiario.net\\\/portal\\\/2021\\\/05\\\/24\\\/abogados-cuestionan-designacion-de-edwin-blanco-como-juez-de-sentencia\\\/#breadcrumb\"},\"inLanguage\":\"es\",\"potentialAction\":[{\"@type\":\"ReadAction\",\"target\":[\"https:\\\/\\\/www.eldiario.net\\\/portal\\\/2021\\\/05\\\/24\\\/abogados-cuestionan-designacion-de-edwin-blanco-como-juez-de-sentencia\\\/\"]}]},{\"@type\":\"ImageObject\",\"inLanguage\":\"es\",\"@id\":\"https:\\\/\\\/www.eldiario.net\\\/portal\\\/2021\\\/05\\\/24\\\/abogados-cuestionan-designacion-de-edwin-blanco-como-juez-de-sentencia\\\/#primaryimage\",\"url\":\"\",\"contentUrl\":\"\"},{\"@type\":\"BreadcrumbList\",\"@id\":\"https:\\\/\\\/www.eldiario.net\\\/portal\\\/2021\\\/05\\\/24\\\/abogados-cuestionan-designacion-de-edwin-blanco-como-juez-de-sentencia\\\/#breadcrumb\",\"itemListElement\":[{\"@type\":\"ListItem\",\"position\":1,\"name\":\"Portada\",\"item\":\"https:\\\/\\\/www.eldiario.net\\\/portal\\\/\"},{\"@type\":\"ListItem\",\"position\":2,\"name\":\"Abogados cuestionan designaci\u00f3n de Edwin Blanco como juez de sentencia\"}]},{\"@type\":\"WebSite\",\"@id\":\"https:\\\/\\\/www.eldiario.net\\\/portal\\\/#website\",\"url\":\"https:\\\/\\\/www.eldiario.net\\\/portal\\\/\",\"name\":\"El Diario - Decano de la prensa nacional\",\"description\":\"El Diario - Decano de la prensa nacional\",\"publisher\":{\"@id\":\"https:\\\/\\\/www.eldiario.net\\\/portal\\\/#organization\"},\"potentialAction\":[{\"@type\":\"SearchAction\",\"target\":{\"@type\":\"EntryPoint\",\"urlTemplate\":\"https:\\\/\\\/www.eldiario.net\\\/portal\\\/?s={search_term_string}\"},\"query-input\":{\"@type\":\"PropertyValueSpecification\",\"valueRequired\":true,\"valueName\":\"search_term_string\"}}],\"inLanguage\":\"es\"},{\"@type\":\"Organization\",\"@id\":\"https:\\\/\\\/www.eldiario.net\\\/portal\\\/#organization\",\"name\":\"El Diario - Decano de la prensa nacional\",\"url\":\"https:\\\/\\\/www.eldiario.net\\\/portal\\\/\",\"logo\":{\"@type\":\"ImageObject\",\"inLanguage\":\"es\",\"@id\":\"https:\\\/\\\/www.eldiario.net\\\/portal\\\/#\\\/schema\\\/logo\\\/image\\\/\",\"url\":\"https:\\\/\\\/www.eldiario.net\\\/portal\\\/wp-content\\\/uploads\\\/2023\\\/07\\\/logo_ED.jpg\",\"contentUrl\":\"https:\\\/\\\/www.eldiario.net\\\/portal\\\/wp-content\\\/uploads\\\/2023\\\/07\\\/logo_ED.jpg\",\"width\":272,\"height\":52,\"caption\":\"El Diario - Decano de la prensa nacional\"},\"image\":{\"@id\":\"https:\\\/\\\/www.eldiario.net\\\/portal\\\/#\\\/schema\\\/logo\\\/image\\\/\"},\"sameAs\":[\"https:\\\/\\\/www.facebook.com\\\/eldiario.bolivia\\\/\",\"https:\\\/\\\/x.com\\\/eldiario_net\"]},{\"@type\":\"Person\",\"@id\":\"https:\\\/\\\/www.eldiario.net\\\/portal\\\/#\\\/schema\\\/person\\\/f46445640444750d7d753ccd04ae01b7\",\"name\":\"Jeanette\",\"image\":{\"@type\":\"ImageObject\",\"inLanguage\":\"es\",\"@id\":\"https:\\\/\\\/secure.gravatar.com\\\/avatar\\\/3ea2118a5f7dad2b7138b1187a6b7ee55f160b9968b66013c3a3ef39dd7e5798?s=96&d=mm&r=g\",\"url\":\"https:\\\/\\\/secure.gravatar.com\\\/avatar\\\/3ea2118a5f7dad2b7138b1187a6b7ee55f160b9968b66013c3a3ef39dd7e5798?s=96&d=mm&r=g\",\"contentUrl\":\"https:\\\/\\\/secure.gravatar.com\\\/avatar\\\/3ea2118a5f7dad2b7138b1187a6b7ee55f160b9968b66013c3a3ef39dd7e5798?s=96&d=mm&r=g\",\"caption\":\"Jeanette\"},\"sameAs\":[\"https:\\\/\\\/www.eldiario.net\\\/portal\"],\"url\":\"https:\\\/\\\/www.eldiario.net\\\/portal\\\/author\\\/jeanette\\\/\"}]}<\/script>\n<!-- \/ Yoast SEO plugin. -->","yoast_head_json":{"title":"Abogados cuestionan designaci\u00f3n de Edwin Blanco como juez de sentencia - El Diario - Bolivia","robots":{"index":"index","follow":"follow","max-snippet":"max-snippet:-1","max-image-preview":"max-image-preview:large","max-video-preview":"max-video-preview:-1"},"canonical":"https:\/\/www.eldiario.net\/portal\/2021\/05\/24\/abogados-cuestionan-designacion-de-edwin-blanco-como-juez-de-sentencia\/","og_locale":"es_ES","og_type":"article","og_title":"Abogados cuestionan designaci\u00f3n de Edwin Blanco como juez de sentencia - El Diario - Bolivia","og_description":"La designaci\u00f3n y posesi\u00f3n de Edwin Blanco Soria como nuevo juez de sentencia, por parte el Consejo de la\u00a0Magistratura, fue cuestionada\u00a0por abogados consultados por EL DIARIO, quienes recordaron que el exfiscal departamental de La Paz fue uno de los que acus\u00f3 al m\u00e9dico Jhiery Fern\u00e1ndez por una violaci\u00f3n que nunca existi\u00f3 y sin ninguna prueba [&hellip;]","og_url":"https:\/\/www.eldiario.net\/portal\/2021\/05\/24\/abogados-cuestionan-designacion-de-edwin-blanco-como-juez-de-sentencia\/","og_site_name":"El Diario - Bolivia","article_publisher":"https:\/\/www.facebook.com\/eldiario.bolivia\/","article_published_time":"2021-05-24T09:58:58+00:00","author":"Jeanette","twitter_card":"summary_large_image","twitter_creator":"@eldiario_net","twitter_site":"@eldiario_net","twitter_misc":{"Escrito por":"Jeanette","Tiempo de lectura":"8 minutos"},"schema":{"@context":"https:\/\/schema.org","@graph":[{"@type":"Article","@id":"https:\/\/www.eldiario.net\/portal\/2021\/05\/24\/abogados-cuestionan-designacion-de-edwin-blanco-como-juez-de-sentencia\/#article","isPartOf":{"@id":"https:\/\/www.eldiario.net\/portal\/2021\/05\/24\/abogados-cuestionan-designacion-de-edwin-blanco-como-juez-de-sentencia\/"},"author":{"name":"Jeanette","@id":"https:\/\/www.eldiario.net\/portal\/#\/schema\/person\/f46445640444750d7d753ccd04ae01b7"},"headline":"Abogados cuestionan designaci\u00f3n de Edwin Blanco como juez de sentencia","datePublished":"2021-05-24T09:58:58+00:00","mainEntityOfPage":{"@id":"https:\/\/www.eldiario.net\/portal\/2021\/05\/24\/abogados-cuestionan-designacion-de-edwin-blanco-como-juez-de-sentencia\/"},"wordCount":1695,"publisher":{"@id":"https:\/\/www.eldiario.net\/portal\/#organization"},"image":{"@id":"https:\/\/www.eldiario.net\/portal\/2021\/05\/24\/abogados-cuestionan-designacion-de-edwin-blanco-como-juez-de-sentencia\/#primaryimage"},"thumbnailUrl":"","articleSection":["Sociedad - Seguridad"],"inLanguage":"es"},{"@type":"WebPage","@id":"https:\/\/www.eldiario.net\/portal\/2021\/05\/24\/abogados-cuestionan-designacion-de-edwin-blanco-como-juez-de-sentencia\/","url":"https:\/\/www.eldiario.net\/portal\/2021\/05\/24\/abogados-cuestionan-designacion-de-edwin-blanco-como-juez-de-sentencia\/","name":"Abogados cuestionan designaci\u00f3n de Edwin Blanco como juez de sentencia - El Diario - Bolivia","isPartOf":{"@id":"https:\/\/www.eldiario.net\/portal\/#website"},"primaryImageOfPage":{"@id":"https:\/\/www.eldiario.net\/portal\/2021\/05\/24\/abogados-cuestionan-designacion-de-edwin-blanco-como-juez-de-sentencia\/#primaryimage"},"image":{"@id":"https:\/\/www.eldiario.net\/portal\/2021\/05\/24\/abogados-cuestionan-designacion-de-edwin-blanco-como-juez-de-sentencia\/#primaryimage"},"thumbnailUrl":"","datePublished":"2021-05-24T09:58:58+00:00","breadcrumb":{"@id":"https:\/\/www.eldiario.net\/portal\/2021\/05\/24\/abogados-cuestionan-designacion-de-edwin-blanco-como-juez-de-sentencia\/#breadcrumb"},"inLanguage":"es","potentialAction":[{"@type":"ReadAction","target":["https:\/\/www.eldiario.net\/portal\/2021\/05\/24\/abogados-cuestionan-designacion-de-edwin-blanco-como-juez-de-sentencia\/"]}]},{"@type":"ImageObject","inLanguage":"es","@id":"https:\/\/www.eldiario.net\/portal\/2021\/05\/24\/abogados-cuestionan-designacion-de-edwin-blanco-como-juez-de-sentencia\/#primaryimage","url":"","contentUrl":""},{"@type":"BreadcrumbList","@id":"https:\/\/www.eldiario.net\/portal\/2021\/05\/24\/abogados-cuestionan-designacion-de-edwin-blanco-como-juez-de-sentencia\/#breadcrumb","itemListElement":[{"@type":"ListItem","position":1,"name":"Portada","item":"https:\/\/www.eldiario.net\/portal\/"},{"@type":"ListItem","position":2,"name":"Abogados cuestionan designaci\u00f3n de Edwin Blanco como juez de sentencia"}]},{"@type":"WebSite","@id":"https:\/\/www.eldiario.net\/portal\/#website","url":"https:\/\/www.eldiario.net\/portal\/","name":"El Diario - Decano de la prensa nacional","description":"El Diario - Decano de la prensa nacional","publisher":{"@id":"https:\/\/www.eldiario.net\/portal\/#organization"},"potentialAction":[{"@type":"SearchAction","target":{"@type":"EntryPoint","urlTemplate":"https:\/\/www.eldiario.net\/portal\/?s={search_term_string}"},"query-input":{"@type":"PropertyValueSpecification","valueRequired":true,"valueName":"search_term_string"}}],"inLanguage":"es"},{"@type":"Organization","@id":"https:\/\/www.eldiario.net\/portal\/#organization","name":"El Diario - Decano de la prensa nacional","url":"https:\/\/www.eldiario.net\/portal\/","logo":{"@type":"ImageObject","inLanguage":"es","@id":"https:\/\/www.eldiario.net\/portal\/#\/schema\/logo\/image\/","url":"https:\/\/www.eldiario.net\/portal\/wp-content\/uploads\/2023\/07\/logo_ED.jpg","contentUrl":"https:\/\/www.eldiario.net\/portal\/wp-content\/uploads\/2023\/07\/logo_ED.jpg","width":272,"height":52,"caption":"El Diario - Decano de la prensa nacional"},"image":{"@id":"https:\/\/www.eldiario.net\/portal\/#\/schema\/logo\/image\/"},"sameAs":["https:\/\/www.facebook.com\/eldiario.bolivia\/","https:\/\/x.com\/eldiario_net"]},{"@type":"Person","@id":"https:\/\/www.eldiario.net\/portal\/#\/schema\/person\/f46445640444750d7d753ccd04ae01b7","name":"Jeanette","image":{"@type":"ImageObject","inLanguage":"es","@id":"https:\/\/secure.gravatar.com\/avatar\/3ea2118a5f7dad2b7138b1187a6b7ee55f160b9968b66013c3a3ef39dd7e5798?s=96&d=mm&r=g","url":"https:\/\/secure.gravatar.com\/avatar\/3ea2118a5f7dad2b7138b1187a6b7ee55f160b9968b66013c3a3ef39dd7e5798?s=96&d=mm&r=g","contentUrl":"https:\/\/secure.gravatar.com\/avatar\/3ea2118a5f7dad2b7138b1187a6b7ee55f160b9968b66013c3a3ef39dd7e5798?s=96&d=mm&r=g","caption":"Jeanette"},"sameAs":["https:\/\/www.eldiario.net\/portal"],"url":"https:\/\/www.eldiario.net\/portal\/author\/jeanette\/"}]}},"_links":{"self":[{"href":"https:\/\/www.eldiario.net\/portal\/wp-json\/wp\/v2\/posts\/6012","targetHints":{"allow":["GET"]}}],"collection":[{"href":"https:\/\/www.eldiario.net\/portal\/wp-json\/wp\/v2\/posts"}],"about":[{"href":"https:\/\/www.eldiario.net\/portal\/wp-json\/wp\/v2\/types\/post"}],"author":[{"embeddable":true,"href":"https:\/\/www.eldiario.net\/portal\/wp-json\/wp\/v2\/users\/1"}],"replies":[{"embeddable":true,"href":"https:\/\/www.eldiario.net\/portal\/wp-json\/wp\/v2\/comments?post=6012"}],"version-history":[{"count":0,"href":"https:\/\/www.eldiario.net\/portal\/wp-json\/wp\/v2\/posts\/6012\/revisions"}],"wp:attachment":[{"href":"https:\/\/www.eldiario.net\/portal\/wp-json\/wp\/v2\/media?parent=6012"}],"wp:term":[{"taxonomy":"category","embeddable":true,"href":"https:\/\/www.eldiario.net\/portal\/wp-json\/wp\/v2\/categories?post=6012"},{"taxonomy":"post_tag","embeddable":true,"href":"https:\/\/www.eldiario.net\/portal\/wp-json\/wp\/v2\/tags?post=6012"}],"curies":[{"name":"wp","href":"https:\/\/api.w.org\/{rel}","templated":true}]}}