{"id":6009,"date":"2021-05-24T05:56:28","date_gmt":"2021-05-24T09:56:28","guid":{"rendered":"https:\/\/www.eldiario.net\/portal\/?p=6009"},"modified":"2021-05-24T05:56:28","modified_gmt":"2021-05-24T09:56:28","slug":"alcaldia-de-la-paz-pide-al-gobierno-coordinacion-contra-coronavirus","status":"publish","type":"post","link":"https:\/\/www.eldiario.net\/portal\/2021\/05\/24\/alcaldia-de-la-paz-pide-al-gobierno-coordinacion-contra-coronavirus\/","title":{"rendered":"Alcald\u00eda de La Paz pide al Gobierno     \u201ccoordinaci\u00f3n\u201d contra coronavirus"},"content":{"rendered":"<p>La Alcald\u00eda de La Paz demand\u00f3 este domingo al Gobierno \u201ccoordinaci\u00f3n\u201d con los gobiernos subnacionales para contener el avance del coronavirus y consider\u00f3 que el Ejecutivo se coloca en \u201ccontrarruta\u201d al ordenar a la Polic\u00eda Nacional que no acate las medidas determinadas por gobiernos municipales y departamentales en el pa\u00eds.<br \/>\n\u201cLamentamos esta situaci\u00f3n y le demandamos al \u00d3rgano Ejecutivo a entender y sopesar la gravedad de la situaci\u00f3n y de la misma manera aceptar que se coordine con las autoridades locales y departamentales\u201d, indica un comunicado del Gobierno Aut\u00f3nomo Municipal de La Paz.<br \/>\nEl Ministerio de Gobierno pidi\u00f3 ayer a los efectivos de la Polic\u00eda Nacional no acatar las medidas determinadas por gobiernos subnacionales. \u201cSin embargo, todo tipo de medidas que est\u00e9n encaminadas a estipular multas econ\u00f3micas o detenciones indebidas por los gobiernos subnacionales no ser\u00e1n de acatamiento de la entidad del orden\u201d, indica parte de un comunicado.<br \/>\nLa Alcald\u00eda de La Paz se\u00f1ala en su comunicado que \u201cla decisi\u00f3n del Ministerio de Gobierno se coloca en contrarruta de lo que el pa\u00eds necesita en estos momentos de tanta gravedad\u201d, por la agresiva tercera ola del coronavirus que afecta a la poblaci\u00f3n.<br \/>\nEl 14 de mayo, el Comit\u00e9 de Operaciones de Emergencia Municipal (COEM) declar\u00f3 alerta naranja en el municipio pace\u00f1o y determin\u00f3 18 acciones preventivas para evitar nuevos contagios de covid-19, entre ellas el uso obligatorio del barbijo, evitar aglomeraciones, aforo del 50 % en restaurantes, uso del alcohol en gel, ventilaci\u00f3n de veh\u00edculos del transporte p\u00fablico, entre otras.<br \/>\nLa Alcald\u00eda de La Paz considera en su comunicado que \u201cante estos esfuerzos, el Gobierno ha respondido con sectarismo. El Ministerio de Gobierno ha emitido un comunicado en el que se\u00f1ala que la Polic\u00eda Nacional no coadyuvar\u00e1 con esos gobiernos subnacionales en las tareas de control y supervisi\u00f3n\u201d.<br \/>\nEl jueves, el pa\u00eds report\u00f3 87 fallecimientos, la cifra de decesos m\u00e1s alta en una sola jornada, y el viernes 3.005 nuevos contagios, tambi\u00e9n el n\u00famero de casos m\u00e1s alto de los \u00faltimos d\u00edas.<br \/>\nEl comunicado de la Alcald\u00eda de La Paz recuerda que \u201cel pa\u00eds atraviesa nuevamente por una situaci\u00f3n de extrema dificultad debido a la expansi\u00f3n del coronavirus\u201d pues \u201clos casos han subido dram\u00e1ticamente en todo el pa\u00eds\u201d y los \u201chospitales est\u00e1n colapsados, lo que incluye la casi nula disponibilidad de salas UTI (unidades de terapia intensiva)\u201d.<br \/>\nEn este sentido, contin\u00faa, \u201cvarios gobiernos municipales y departamentales del pa\u00eds hemos establecido medidas para intentar contener la ola de contagios\u201d y \u201ctodo ello tiene como objetivo pensar en el Bien Com\u00fan y salvar la mayor cantidad de vidas posibles\u201d.<br \/>\nPor otro lado, y de acuerdo con la publicaci\u00f3n de ANF, Ante el comunicado que sac\u00f3 el Gobierno de no sancionar a infractores que vulneren las restricciones contra el covid-19, las autoridades regionales consideran que esta acci\u00f3n es una muestra de que gobierno del Movimiento Al Socialismo (MAS) no tiene la voluntad de apoyar las determinaciones que asumieron las gobernaciones y municipios.<br \/>\nEl presidente del Concejo Municipal de La Paz, Jorge Dul\u00f3n, manifest\u00f3 que esta determinaci\u00f3n es un obst\u00e1culo a las acciones que est\u00e1n tomando los gobiernos subnacionales y advirti\u00f3 que es una forma de instar al desacato de las normas.<br \/>\n\u201cEsta decisi\u00f3n se entiende como la poca voluntad por parte del Gobierno central a las medidas de restricci\u00f3n que definieron las gobernaciones y municipios frente al incremento alarmante de los casos de covid-19 en el pa\u00eds\u201d, afirm\u00f3 la autoridad en radio nacional.<\/p>\n","protected":false},"excerpt":{"rendered":"<p>La Alcald\u00eda de La Paz demand\u00f3 este domingo al Gobierno \u201ccoordinaci\u00f3n\u201d con los gobiernos subnacionales para contener el avance del coronavirus y consider\u00f3 que el Ejecutivo se coloca en \u201ccontrarruta\u201d al ordenar a la Polic\u00eda Nacional que no acate las medidas determinadas por gobiernos municipales y departamentales en el pa\u00eds. \u201cLamentamos esta situaci\u00f3n y le [&hellip;]<\/p>\n","protected":false},"author":1,"featured_media":6010,"comment_status":"closed","ping_status":"closed","sticky":false,"template":"","format":"standard","meta":{"_acf_changed":false,"footnotes":""},"categories":[12],"tags":[],"class_list":["post-6009","post","type-post","status-publish","format-standard","has-post-thumbnail","category-nacional"],"acf":{"antetitulo":""},"yoast_head":"<!-- This site is optimized with the Yoast SEO plugin v28.3 - https:\/\/yoast.com\/product\/yoast-seo-wordpress\/ -->\n<title>Alcald\u00eda de La Paz pide al Gobierno   \u201ccoordinaci\u00f3n\u201d contra coronavirus - El Diario - Bolivia<\/title>\n<meta name=\"robots\" content=\"index, follow, max-snippet:-1, max-image-preview:large, max-video-preview:-1\" \/>\n<link rel=\"canonical\" href=\"https:\/\/www.eldiario.net\/portal\/2021\/05\/24\/alcaldia-de-la-paz-pide-al-gobierno-coordinacion-contra-coronavirus\/\" \/>\n<meta property=\"og:locale\" content=\"es_ES\" \/>\n<meta property=\"og:type\" content=\"article\" \/>\n<meta property=\"og:title\" content=\"Alcald\u00eda de La Paz pide al Gobierno   \u201ccoordinaci\u00f3n\u201d contra coronavirus - El Diario - Bolivia\" \/>\n<meta property=\"og:description\" content=\"La Alcald\u00eda de La Paz demand\u00f3 este domingo al Gobierno \u201ccoordinaci\u00f3n\u201d con los gobiernos subnacionales para contener el avance del coronavirus y consider\u00f3 que el Ejecutivo se coloca en \u201ccontrarruta\u201d al ordenar a la Polic\u00eda Nacional que no acate las medidas determinadas por gobiernos municipales y departamentales en el pa\u00eds. \u201cLamentamos esta situaci\u00f3n y le [&hellip;]\" \/>\n<meta property=\"og:url\" content=\"https:\/\/www.eldiario.net\/portal\/2021\/05\/24\/alcaldia-de-la-paz-pide-al-gobierno-coordinacion-contra-coronavirus\/\" \/>\n<meta property=\"og:site_name\" content=\"El Diario - Bolivia\" \/>\n<meta property=\"article:publisher\" content=\"https:\/\/www.facebook.com\/eldiario.bolivia\/\" \/>\n<meta property=\"article:published_time\" content=\"2021-05-24T09:56:28+00:00\" \/>\n<meta name=\"author\" content=\"Jeanette\" \/>\n<meta name=\"twitter:card\" content=\"summary_large_image\" \/>\n<meta name=\"twitter:creator\" content=\"@eldiario_net\" \/>\n<meta name=\"twitter:site\" content=\"@eldiario_net\" \/>\n<meta name=\"twitter:label1\" content=\"Escrito por\" \/>\n\t<meta name=\"twitter:data1\" content=\"Jeanette\" \/>\n\t<meta name=\"twitter:label2\" content=\"Tiempo de lectura\" \/>\n\t<meta name=\"twitter:data2\" content=\"3 minutos\" \/>\n<script type=\"application\/ld+json\" class=\"yoast-schema-graph\">{\"@context\":\"https:\\\/\\\/schema.org\",\"@graph\":[{\"@type\":\"Article\",\"@id\":\"https:\\\/\\\/www.eldiario.net\\\/portal\\\/2021\\\/05\\\/24\\\/alcaldia-de-la-paz-pide-al-gobierno-coordinacion-contra-coronavirus\\\/#article\",\"isPartOf\":{\"@id\":\"https:\\\/\\\/www.eldiario.net\\\/portal\\\/2021\\\/05\\\/24\\\/alcaldia-de-la-paz-pide-al-gobierno-coordinacion-contra-coronavirus\\\/\"},\"author\":{\"name\":\"Jeanette\",\"@id\":\"https:\\\/\\\/www.eldiario.net\\\/portal\\\/#\\\/schema\\\/person\\\/f46445640444750d7d753ccd04ae01b7\"},\"headline\":\"Alcald\u00eda de La Paz pide al Gobierno \u201ccoordinaci\u00f3n\u201d contra coronavirus\",\"datePublished\":\"2021-05-24T09:56:28+00:00\",\"mainEntityOfPage\":{\"@id\":\"https:\\\/\\\/www.eldiario.net\\\/portal\\\/2021\\\/05\\\/24\\\/alcaldia-de-la-paz-pide-al-gobierno-coordinacion-contra-coronavirus\\\/\"},\"wordCount\":625,\"publisher\":{\"@id\":\"https:\\\/\\\/www.eldiario.net\\\/portal\\\/#organization\"},\"image\":{\"@id\":\"https:\\\/\\\/www.eldiario.net\\\/portal\\\/2021\\\/05\\\/24\\\/alcaldia-de-la-paz-pide-al-gobierno-coordinacion-contra-coronavirus\\\/#primaryimage\"},\"thumbnailUrl\":\"\",\"articleSection\":[\"Nacional\"],\"inLanguage\":\"es\"},{\"@type\":\"WebPage\",\"@id\":\"https:\\\/\\\/www.eldiario.net\\\/portal\\\/2021\\\/05\\\/24\\\/alcaldia-de-la-paz-pide-al-gobierno-coordinacion-contra-coronavirus\\\/\",\"url\":\"https:\\\/\\\/www.eldiario.net\\\/portal\\\/2021\\\/05\\\/24\\\/alcaldia-de-la-paz-pide-al-gobierno-coordinacion-contra-coronavirus\\\/\",\"name\":\"Alcald\u00eda de La Paz pide al Gobierno \u201ccoordinaci\u00f3n\u201d contra coronavirus - El Diario - Bolivia\",\"isPartOf\":{\"@id\":\"https:\\\/\\\/www.eldiario.net\\\/portal\\\/#website\"},\"primaryImageOfPage\":{\"@id\":\"https:\\\/\\\/www.eldiario.net\\\/portal\\\/2021\\\/05\\\/24\\\/alcaldia-de-la-paz-pide-al-gobierno-coordinacion-contra-coronavirus\\\/#primaryimage\"},\"image\":{\"@id\":\"https:\\\/\\\/www.eldiario.net\\\/portal\\\/2021\\\/05\\\/24\\\/alcaldia-de-la-paz-pide-al-gobierno-coordinacion-contra-coronavirus\\\/#primaryimage\"},\"thumbnailUrl\":\"\",\"datePublished\":\"2021-05-24T09:56:28+00:00\",\"breadcrumb\":{\"@id\":\"https:\\\/\\\/www.eldiario.net\\\/portal\\\/2021\\\/05\\\/24\\\/alcaldia-de-la-paz-pide-al-gobierno-coordinacion-contra-coronavirus\\\/#breadcrumb\"},\"inLanguage\":\"es\",\"potentialAction\":[{\"@type\":\"ReadAction\",\"target\":[\"https:\\\/\\\/www.eldiario.net\\\/portal\\\/2021\\\/05\\\/24\\\/alcaldia-de-la-paz-pide-al-gobierno-coordinacion-contra-coronavirus\\\/\"]}]},{\"@type\":\"ImageObject\",\"inLanguage\":\"es\",\"@id\":\"https:\\\/\\\/www.eldiario.net\\\/portal\\\/2021\\\/05\\\/24\\\/alcaldia-de-la-paz-pide-al-gobierno-coordinacion-contra-coronavirus\\\/#primaryimage\",\"url\":\"\",\"contentUrl\":\"\"},{\"@type\":\"BreadcrumbList\",\"@id\":\"https:\\\/\\\/www.eldiario.net\\\/portal\\\/2021\\\/05\\\/24\\\/alcaldia-de-la-paz-pide-al-gobierno-coordinacion-contra-coronavirus\\\/#breadcrumb\",\"itemListElement\":[{\"@type\":\"ListItem\",\"position\":1,\"name\":\"Portada\",\"item\":\"https:\\\/\\\/www.eldiario.net\\\/portal\\\/\"},{\"@type\":\"ListItem\",\"position\":2,\"name\":\"Alcald\u00eda de La Paz pide al Gobierno \u201ccoordinaci\u00f3n\u201d contra coronavirus\"}]},{\"@type\":\"WebSite\",\"@id\":\"https:\\\/\\\/www.eldiario.net\\\/portal\\\/#website\",\"url\":\"https:\\\/\\\/www.eldiario.net\\\/portal\\\/\",\"name\":\"El Diario - Decano de la prensa nacional\",\"description\":\"El Diario - Decano de la prensa nacional\",\"publisher\":{\"@id\":\"https:\\\/\\\/www.eldiario.net\\\/portal\\\/#organization\"},\"potentialAction\":[{\"@type\":\"SearchAction\",\"target\":{\"@type\":\"EntryPoint\",\"urlTemplate\":\"https:\\\/\\\/www.eldiario.net\\\/portal\\\/?s={search_term_string}\"},\"query-input\":{\"@type\":\"PropertyValueSpecification\",\"valueRequired\":true,\"valueName\":\"search_term_string\"}}],\"inLanguage\":\"es\"},{\"@type\":\"Organization\",\"@id\":\"https:\\\/\\\/www.eldiario.net\\\/portal\\\/#organization\",\"name\":\"El Diario - Decano de la prensa nacional\",\"url\":\"https:\\\/\\\/www.eldiario.net\\\/portal\\\/\",\"logo\":{\"@type\":\"ImageObject\",\"inLanguage\":\"es\",\"@id\":\"https:\\\/\\\/www.eldiario.net\\\/portal\\\/#\\\/schema\\\/logo\\\/image\\\/\",\"url\":\"https:\\\/\\\/www.eldiario.net\\\/portal\\\/wp-content\\\/uploads\\\/2023\\\/07\\\/logo_ED.jpg\",\"contentUrl\":\"https:\\\/\\\/www.eldiario.net\\\/portal\\\/wp-content\\\/uploads\\\/2023\\\/07\\\/logo_ED.jpg\",\"width\":272,\"height\":52,\"caption\":\"El Diario - Decano de la prensa nacional\"},\"image\":{\"@id\":\"https:\\\/\\\/www.eldiario.net\\\/portal\\\/#\\\/schema\\\/logo\\\/image\\\/\"},\"sameAs\":[\"https:\\\/\\\/www.facebook.com\\\/eldiario.bolivia\\\/\",\"https:\\\/\\\/x.com\\\/eldiario_net\"]},{\"@type\":\"Person\",\"@id\":\"https:\\\/\\\/www.eldiario.net\\\/portal\\\/#\\\/schema\\\/person\\\/f46445640444750d7d753ccd04ae01b7\",\"name\":\"Jeanette\",\"image\":{\"@type\":\"ImageObject\",\"inLanguage\":\"es\",\"@id\":\"https:\\\/\\\/secure.gravatar.com\\\/avatar\\\/3ea2118a5f7dad2b7138b1187a6b7ee55f160b9968b66013c3a3ef39dd7e5798?s=96&d=mm&r=g\",\"url\":\"https:\\\/\\\/secure.gravatar.com\\\/avatar\\\/3ea2118a5f7dad2b7138b1187a6b7ee55f160b9968b66013c3a3ef39dd7e5798?s=96&d=mm&r=g\",\"contentUrl\":\"https:\\\/\\\/secure.gravatar.com\\\/avatar\\\/3ea2118a5f7dad2b7138b1187a6b7ee55f160b9968b66013c3a3ef39dd7e5798?s=96&d=mm&r=g\",\"caption\":\"Jeanette\"},\"sameAs\":[\"https:\\\/\\\/www.eldiario.net\\\/portal\"],\"url\":\"https:\\\/\\\/www.eldiario.net\\\/portal\\\/author\\\/jeanette\\\/\"}]}<\/script>\n<!-- \/ Yoast SEO plugin. -->","yoast_head_json":{"title":"Alcald\u00eda de La Paz pide al Gobierno   \u201ccoordinaci\u00f3n\u201d contra coronavirus - El Diario - Bolivia","robots":{"index":"index","follow":"follow","max-snippet":"max-snippet:-1","max-image-preview":"max-image-preview:large","max-video-preview":"max-video-preview:-1"},"canonical":"https:\/\/www.eldiario.net\/portal\/2021\/05\/24\/alcaldia-de-la-paz-pide-al-gobierno-coordinacion-contra-coronavirus\/","og_locale":"es_ES","og_type":"article","og_title":"Alcald\u00eda de La Paz pide al Gobierno   \u201ccoordinaci\u00f3n\u201d contra coronavirus - El Diario - Bolivia","og_description":"La Alcald\u00eda de La Paz demand\u00f3 este domingo al Gobierno \u201ccoordinaci\u00f3n\u201d con los gobiernos subnacionales para contener el avance del coronavirus y consider\u00f3 que el Ejecutivo se coloca en \u201ccontrarruta\u201d al ordenar a la Polic\u00eda Nacional que no acate las medidas determinadas por gobiernos municipales y departamentales en el pa\u00eds. \u201cLamentamos esta situaci\u00f3n y le [&hellip;]","og_url":"https:\/\/www.eldiario.net\/portal\/2021\/05\/24\/alcaldia-de-la-paz-pide-al-gobierno-coordinacion-contra-coronavirus\/","og_site_name":"El Diario - Bolivia","article_publisher":"https:\/\/www.facebook.com\/eldiario.bolivia\/","article_published_time":"2021-05-24T09:56:28+00:00","author":"Jeanette","twitter_card":"summary_large_image","twitter_creator":"@eldiario_net","twitter_site":"@eldiario_net","twitter_misc":{"Escrito por":"Jeanette","Tiempo de lectura":"3 minutos"},"schema":{"@context":"https:\/\/schema.org","@graph":[{"@type":"Article","@id":"https:\/\/www.eldiario.net\/portal\/2021\/05\/24\/alcaldia-de-la-paz-pide-al-gobierno-coordinacion-contra-coronavirus\/#article","isPartOf":{"@id":"https:\/\/www.eldiario.net\/portal\/2021\/05\/24\/alcaldia-de-la-paz-pide-al-gobierno-coordinacion-contra-coronavirus\/"},"author":{"name":"Jeanette","@id":"https:\/\/www.eldiario.net\/portal\/#\/schema\/person\/f46445640444750d7d753ccd04ae01b7"},"headline":"Alcald\u00eda de La Paz pide al Gobierno \u201ccoordinaci\u00f3n\u201d contra coronavirus","datePublished":"2021-05-24T09:56:28+00:00","mainEntityOfPage":{"@id":"https:\/\/www.eldiario.net\/portal\/2021\/05\/24\/alcaldia-de-la-paz-pide-al-gobierno-coordinacion-contra-coronavirus\/"},"wordCount":625,"publisher":{"@id":"https:\/\/www.eldiario.net\/portal\/#organization"},"image":{"@id":"https:\/\/www.eldiario.net\/portal\/2021\/05\/24\/alcaldia-de-la-paz-pide-al-gobierno-coordinacion-contra-coronavirus\/#primaryimage"},"thumbnailUrl":"","articleSection":["Nacional"],"inLanguage":"es"},{"@type":"WebPage","@id":"https:\/\/www.eldiario.net\/portal\/2021\/05\/24\/alcaldia-de-la-paz-pide-al-gobierno-coordinacion-contra-coronavirus\/","url":"https:\/\/www.eldiario.net\/portal\/2021\/05\/24\/alcaldia-de-la-paz-pide-al-gobierno-coordinacion-contra-coronavirus\/","name":"Alcald\u00eda de La Paz pide al Gobierno \u201ccoordinaci\u00f3n\u201d contra coronavirus - El Diario - Bolivia","isPartOf":{"@id":"https:\/\/www.eldiario.net\/portal\/#website"},"primaryImageOfPage":{"@id":"https:\/\/www.eldiario.net\/portal\/2021\/05\/24\/alcaldia-de-la-paz-pide-al-gobierno-coordinacion-contra-coronavirus\/#primaryimage"},"image":{"@id":"https:\/\/www.eldiario.net\/portal\/2021\/05\/24\/alcaldia-de-la-paz-pide-al-gobierno-coordinacion-contra-coronavirus\/#primaryimage"},"thumbnailUrl":"","datePublished":"2021-05-24T09:56:28+00:00","breadcrumb":{"@id":"https:\/\/www.eldiario.net\/portal\/2021\/05\/24\/alcaldia-de-la-paz-pide-al-gobierno-coordinacion-contra-coronavirus\/#breadcrumb"},"inLanguage":"es","potentialAction":[{"@type":"ReadAction","target":["https:\/\/www.eldiario.net\/portal\/2021\/05\/24\/alcaldia-de-la-paz-pide-al-gobierno-coordinacion-contra-coronavirus\/"]}]},{"@type":"ImageObject","inLanguage":"es","@id":"https:\/\/www.eldiario.net\/portal\/2021\/05\/24\/alcaldia-de-la-paz-pide-al-gobierno-coordinacion-contra-coronavirus\/#primaryimage","url":"","contentUrl":""},{"@type":"BreadcrumbList","@id":"https:\/\/www.eldiario.net\/portal\/2021\/05\/24\/alcaldia-de-la-paz-pide-al-gobierno-coordinacion-contra-coronavirus\/#breadcrumb","itemListElement":[{"@type":"ListItem","position":1,"name":"Portada","item":"https:\/\/www.eldiario.net\/portal\/"},{"@type":"ListItem","position":2,"name":"Alcald\u00eda de La Paz pide al Gobierno \u201ccoordinaci\u00f3n\u201d contra coronavirus"}]},{"@type":"WebSite","@id":"https:\/\/www.eldiario.net\/portal\/#website","url":"https:\/\/www.eldiario.net\/portal\/","name":"El Diario - Decano de la prensa nacional","description":"El Diario - Decano de la prensa nacional","publisher":{"@id":"https:\/\/www.eldiario.net\/portal\/#organization"},"potentialAction":[{"@type":"SearchAction","target":{"@type":"EntryPoint","urlTemplate":"https:\/\/www.eldiario.net\/portal\/?s={search_term_string}"},"query-input":{"@type":"PropertyValueSpecification","valueRequired":true,"valueName":"search_term_string"}}],"inLanguage":"es"},{"@type":"Organization","@id":"https:\/\/www.eldiario.net\/portal\/#organization","name":"El Diario - Decano de la prensa nacional","url":"https:\/\/www.eldiario.net\/portal\/","logo":{"@type":"ImageObject","inLanguage":"es","@id":"https:\/\/www.eldiario.net\/portal\/#\/schema\/logo\/image\/","url":"https:\/\/www.eldiario.net\/portal\/wp-content\/uploads\/2023\/07\/logo_ED.jpg","contentUrl":"https:\/\/www.eldiario.net\/portal\/wp-content\/uploads\/2023\/07\/logo_ED.jpg","width":272,"height":52,"caption":"El Diario - Decano de la prensa nacional"},"image":{"@id":"https:\/\/www.eldiario.net\/portal\/#\/schema\/logo\/image\/"},"sameAs":["https:\/\/www.facebook.com\/eldiario.bolivia\/","https:\/\/x.com\/eldiario_net"]},{"@type":"Person","@id":"https:\/\/www.eldiario.net\/portal\/#\/schema\/person\/f46445640444750d7d753ccd04ae01b7","name":"Jeanette","image":{"@type":"ImageObject","inLanguage":"es","@id":"https:\/\/secure.gravatar.com\/avatar\/3ea2118a5f7dad2b7138b1187a6b7ee55f160b9968b66013c3a3ef39dd7e5798?s=96&d=mm&r=g","url":"https:\/\/secure.gravatar.com\/avatar\/3ea2118a5f7dad2b7138b1187a6b7ee55f160b9968b66013c3a3ef39dd7e5798?s=96&d=mm&r=g","contentUrl":"https:\/\/secure.gravatar.com\/avatar\/3ea2118a5f7dad2b7138b1187a6b7ee55f160b9968b66013c3a3ef39dd7e5798?s=96&d=mm&r=g","caption":"Jeanette"},"sameAs":["https:\/\/www.eldiario.net\/portal"],"url":"https:\/\/www.eldiario.net\/portal\/author\/jeanette\/"}]}},"_links":{"self":[{"href":"https:\/\/www.eldiario.net\/portal\/wp-json\/wp\/v2\/posts\/6009","targetHints":{"allow":["GET"]}}],"collection":[{"href":"https:\/\/www.eldiario.net\/portal\/wp-json\/wp\/v2\/posts"}],"about":[{"href":"https:\/\/www.eldiario.net\/portal\/wp-json\/wp\/v2\/types\/post"}],"author":[{"embeddable":true,"href":"https:\/\/www.eldiario.net\/portal\/wp-json\/wp\/v2\/users\/1"}],"replies":[{"embeddable":true,"href":"https:\/\/www.eldiario.net\/portal\/wp-json\/wp\/v2\/comments?post=6009"}],"version-history":[{"count":0,"href":"https:\/\/www.eldiario.net\/portal\/wp-json\/wp\/v2\/posts\/6009\/revisions"}],"wp:attachment":[{"href":"https:\/\/www.eldiario.net\/portal\/wp-json\/wp\/v2\/media?parent=6009"}],"wp:term":[{"taxonomy":"category","embeddable":true,"href":"https:\/\/www.eldiario.net\/portal\/wp-json\/wp\/v2\/categories?post=6009"},{"taxonomy":"post_tag","embeddable":true,"href":"https:\/\/www.eldiario.net\/portal\/wp-json\/wp\/v2\/tags?post=6009"}],"curies":[{"name":"wp","href":"https:\/\/api.w.org\/{rel}","templated":true}]}}