{"id":6003,"date":"2021-05-24T05:54:04","date_gmt":"2021-05-24T09:54:04","guid":{"rendered":"https:\/\/www.eldiario.net\/portal\/?p=6003"},"modified":"2021-05-24T05:54:04","modified_gmt":"2021-05-24T09:54:04","slug":"alcalde-solicita-al-gobernador-que-convoque-a-reunion-del-coed","status":"publish","type":"post","link":"https:\/\/www.eldiario.net\/portal\/2021\/05\/24\/alcalde-solicita-al-gobernador-que-convoque-a-reunion-del-coed\/","title":{"rendered":"Alcalde solicita al Gobernador que  convoque a reuni\u00f3n del COED"},"content":{"rendered":"<p>El alcalde Iv\u00e1n Arias inform\u00f3 que envi\u00f3 una carta al gobernador del departamento de La Paz, Santos Quispe, para que convoque la pr\u00f3xima semana a una reuni\u00f3n del Comit\u00e9 de Operaciones de Emergencia Departamental (COED) para coordinar el plan de vacunaci\u00f3n y otras acciones sanitarias preventivas en la regi\u00f3n.<br \/>\n\u201cEn el nivel departamental, debe convocarlo el Gobernador, ya le hemos pedido que convoque para el martes; le he mandado una nota y le voy a pedir (que convoque a una reuni\u00f3n) por los medios de comunicaci\u00f3n\u201d, afirm\u00f3 Arias, el s\u00e1bado durante el lanzamiento del programa \u201cBarrios de Verdad de mil colores\u201d en Villa 18 de Mayo.<br \/>\nArias asegur\u00f3 que urge reactivar este nivel de coordinaci\u00f3n ya que participan el Gobierno, la Alcald\u00eda de El Alto, la Polic\u00eda y las Fuerzas Armadas. Asegur\u00f3 que con el Servicio Departamental de Salud (Sedes) de la Gobernaci\u00f3n de La Paz se debe coordinar el plan de vacunaci\u00f3n masiva contra la covid-19 en la ciudad.<br \/>\nEl burgomaestre de La Paz aprovech\u00f3 referirse al tema para pedir a la poblaci\u00f3n que asista a vacunarse porque hay varios puntos que est\u00e1n vac\u00edos. \u201cQuiero volver a decir a la ciudadan\u00eda, vac\u00fanate, prot\u00e9gete, ama los que te aman, cu\u00eddalos y vac\u00fanate\u201d, sostuvo.<br \/>\nAsegur\u00f3 que las disposiciones sanitarias para enfrentar la tercera ola de la pandemia siguen vigentes, aquellas aprobadas por el Comit\u00e9 de Operaciones de Emergencia Municipal (COEM) el 14 de mayo, las 18 acciones preventivas para contener el coronavirus.<br \/>\nAfirm\u00f3 que todas las noches se activan controles y operativos a locales y negocios, para que cumplan el horario de atenci\u00f3n hasta las 22.00 y respeten el aforo al 50 % permitido. \u201cS\u00ed hay locales que respetan el aforo de 50 %, no hay por qu\u00e9 intervenir, hay que premiar al que hace bien\u201d, agreg\u00f3.<br \/>\nRecord\u00f3 que el uso de barbijo, la distancia f\u00edsica y evitar aglomeraciones son obligatorias en la ciudad hasta que el COEM se re\u00fana nuevamente; adelant\u00f3 que de subir el n\u00famero de contagios por el virus en la urbe lo convocar\u00e1 de urgencia.<br \/>\nArias destac\u00f3 las acciones sanitarias que emprende su administraci\u00f3n, como el plan de fumigaci\u00f3n integral de la ciudad que dio inicio el pasado viernes en la plaza Mayor de San Francisco. El mismo considera operativos de fumigaci\u00f3n de noche, con cisternas, volquetas y obreros; en tanto, para el d\u00eda, el personal de La Paz Limpia se desplazar\u00e1 en los pr\u00f3ximos d\u00edas por hospitales, mercados y plazas. Toda esta acci\u00f3n ser\u00e1 por dos meses.<\/p>\n","protected":false},"excerpt":{"rendered":"<p>El alcalde Iv\u00e1n Arias inform\u00f3 que envi\u00f3 una carta al gobernador del departamento de La Paz, Santos Quispe, para que convoque la pr\u00f3xima semana a una reuni\u00f3n del Comit\u00e9 de Operaciones de Emergencia Departamental (COED) para coordinar el plan de vacunaci\u00f3n y otras acciones sanitarias preventivas en la regi\u00f3n. \u201cEn el nivel departamental, debe convocarlo [&hellip;]<\/p>\n","protected":false},"author":1,"featured_media":6004,"comment_status":"closed","ping_status":"closed","sticky":false,"template":"","format":"standard","meta":{"_acf_changed":false,"footnotes":""},"categories":[12],"tags":[],"class_list":["post-6003","post","type-post","status-publish","format-standard","has-post-thumbnail","category-nacional"],"acf":{"antetitulo":""},"yoast_head":"<!-- This site is optimized with the Yoast SEO plugin v28.3 - https:\/\/yoast.com\/product\/yoast-seo-wordpress\/ -->\n<title>Alcalde solicita al Gobernador que convoque a reuni\u00f3n del COED - El Diario - Bolivia<\/title>\n<meta name=\"robots\" content=\"index, follow, max-snippet:-1, max-image-preview:large, max-video-preview:-1\" \/>\n<link rel=\"canonical\" href=\"https:\/\/www.eldiario.net\/portal\/2021\/05\/24\/alcalde-solicita-al-gobernador-que-convoque-a-reunion-del-coed\/\" \/>\n<meta property=\"og:locale\" content=\"es_ES\" \/>\n<meta property=\"og:type\" content=\"article\" \/>\n<meta property=\"og:title\" content=\"Alcalde solicita al Gobernador que convoque a reuni\u00f3n del COED - El Diario - Bolivia\" \/>\n<meta property=\"og:description\" content=\"El alcalde Iv\u00e1n Arias inform\u00f3 que envi\u00f3 una carta al gobernador del departamento de La Paz, Santos Quispe, para que convoque la pr\u00f3xima semana a una reuni\u00f3n del Comit\u00e9 de Operaciones de Emergencia Departamental (COED) para coordinar el plan de vacunaci\u00f3n y otras acciones sanitarias preventivas en la regi\u00f3n. \u201cEn el nivel departamental, debe convocarlo [&hellip;]\" \/>\n<meta property=\"og:url\" content=\"https:\/\/www.eldiario.net\/portal\/2021\/05\/24\/alcalde-solicita-al-gobernador-que-convoque-a-reunion-del-coed\/\" \/>\n<meta property=\"og:site_name\" content=\"El Diario - Bolivia\" \/>\n<meta property=\"article:publisher\" content=\"https:\/\/www.facebook.com\/eldiario.bolivia\/\" \/>\n<meta property=\"article:published_time\" content=\"2021-05-24T09:54:04+00:00\" \/>\n<meta property=\"og:image\" content=\"https:\/\/www.eldiario.net\/portal\/wp-content\/uploads\/2021\/05\/4LP-4.jpg\" \/>\n\t<meta property=\"og:image:width\" content=\"1280\" \/>\n\t<meta property=\"og:image:height\" content=\"960\" \/>\n\t<meta property=\"og:image:type\" content=\"image\/jpeg\" \/>\n<meta name=\"author\" content=\"Jeanette\" \/>\n<meta name=\"twitter:card\" content=\"summary_large_image\" \/>\n<meta name=\"twitter:creator\" content=\"@eldiario_net\" \/>\n<meta name=\"twitter:site\" content=\"@eldiario_net\" \/>\n<meta name=\"twitter:label1\" content=\"Escrito por\" \/>\n\t<meta name=\"twitter:data1\" content=\"Jeanette\" \/>\n\t<meta name=\"twitter:label2\" content=\"Tiempo de lectura\" \/>\n\t<meta name=\"twitter:data2\" content=\"2 minutos\" \/>\n<script type=\"application\/ld+json\" class=\"yoast-schema-graph\">{\"@context\":\"https:\\\/\\\/schema.org\",\"@graph\":[{\"@type\":\"Article\",\"@id\":\"https:\\\/\\\/www.eldiario.net\\\/portal\\\/2021\\\/05\\\/24\\\/alcalde-solicita-al-gobernador-que-convoque-a-reunion-del-coed\\\/#article\",\"isPartOf\":{\"@id\":\"https:\\\/\\\/www.eldiario.net\\\/portal\\\/2021\\\/05\\\/24\\\/alcalde-solicita-al-gobernador-que-convoque-a-reunion-del-coed\\\/\"},\"author\":{\"name\":\"Jeanette\",\"@id\":\"https:\\\/\\\/www.eldiario.net\\\/portal\\\/#\\\/schema\\\/person\\\/f46445640444750d7d753ccd04ae01b7\"},\"headline\":\"Alcalde solicita al Gobernador que convoque a reuni\u00f3n del COED\",\"datePublished\":\"2021-05-24T09:54:04+00:00\",\"mainEntityOfPage\":{\"@id\":\"https:\\\/\\\/www.eldiario.net\\\/portal\\\/2021\\\/05\\\/24\\\/alcalde-solicita-al-gobernador-que-convoque-a-reunion-del-coed\\\/\"},\"wordCount\":446,\"publisher\":{\"@id\":\"https:\\\/\\\/www.eldiario.net\\\/portal\\\/#organization\"},\"image\":{\"@id\":\"https:\\\/\\\/www.eldiario.net\\\/portal\\\/2021\\\/05\\\/24\\\/alcalde-solicita-al-gobernador-que-convoque-a-reunion-del-coed\\\/#primaryimage\"},\"thumbnailUrl\":\"https:\\\/\\\/www.eldiario.net\\\/portal\\\/wp-content\\\/uploads\\\/2021\\\/05\\\/4LP-4.jpg\",\"articleSection\":[\"Nacional\"],\"inLanguage\":\"es\"},{\"@type\":\"WebPage\",\"@id\":\"https:\\\/\\\/www.eldiario.net\\\/portal\\\/2021\\\/05\\\/24\\\/alcalde-solicita-al-gobernador-que-convoque-a-reunion-del-coed\\\/\",\"url\":\"https:\\\/\\\/www.eldiario.net\\\/portal\\\/2021\\\/05\\\/24\\\/alcalde-solicita-al-gobernador-que-convoque-a-reunion-del-coed\\\/\",\"name\":\"Alcalde solicita al Gobernador que convoque a reuni\u00f3n del COED - El Diario - Bolivia\",\"isPartOf\":{\"@id\":\"https:\\\/\\\/www.eldiario.net\\\/portal\\\/#website\"},\"primaryImageOfPage\":{\"@id\":\"https:\\\/\\\/www.eldiario.net\\\/portal\\\/2021\\\/05\\\/24\\\/alcalde-solicita-al-gobernador-que-convoque-a-reunion-del-coed\\\/#primaryimage\"},\"image\":{\"@id\":\"https:\\\/\\\/www.eldiario.net\\\/portal\\\/2021\\\/05\\\/24\\\/alcalde-solicita-al-gobernador-que-convoque-a-reunion-del-coed\\\/#primaryimage\"},\"thumbnailUrl\":\"https:\\\/\\\/www.eldiario.net\\\/portal\\\/wp-content\\\/uploads\\\/2021\\\/05\\\/4LP-4.jpg\",\"datePublished\":\"2021-05-24T09:54:04+00:00\",\"breadcrumb\":{\"@id\":\"https:\\\/\\\/www.eldiario.net\\\/portal\\\/2021\\\/05\\\/24\\\/alcalde-solicita-al-gobernador-que-convoque-a-reunion-del-coed\\\/#breadcrumb\"},\"inLanguage\":\"es\",\"potentialAction\":[{\"@type\":\"ReadAction\",\"target\":[\"https:\\\/\\\/www.eldiario.net\\\/portal\\\/2021\\\/05\\\/24\\\/alcalde-solicita-al-gobernador-que-convoque-a-reunion-del-coed\\\/\"]}]},{\"@type\":\"ImageObject\",\"inLanguage\":\"es\",\"@id\":\"https:\\\/\\\/www.eldiario.net\\\/portal\\\/2021\\\/05\\\/24\\\/alcalde-solicita-al-gobernador-que-convoque-a-reunion-del-coed\\\/#primaryimage\",\"url\":\"https:\\\/\\\/www.eldiario.net\\\/portal\\\/wp-content\\\/uploads\\\/2021\\\/05\\\/4LP-4.jpg\",\"contentUrl\":\"https:\\\/\\\/www.eldiario.net\\\/portal\\\/wp-content\\\/uploads\\\/2021\\\/05\\\/4LP-4.jpg\",\"width\":1280,\"height\":960},{\"@type\":\"BreadcrumbList\",\"@id\":\"https:\\\/\\\/www.eldiario.net\\\/portal\\\/2021\\\/05\\\/24\\\/alcalde-solicita-al-gobernador-que-convoque-a-reunion-del-coed\\\/#breadcrumb\",\"itemListElement\":[{\"@type\":\"ListItem\",\"position\":1,\"name\":\"Portada\",\"item\":\"https:\\\/\\\/www.eldiario.net\\\/portal\\\/\"},{\"@type\":\"ListItem\",\"position\":2,\"name\":\"Alcalde solicita al Gobernador que convoque a reuni\u00f3n del COED\"}]},{\"@type\":\"WebSite\",\"@id\":\"https:\\\/\\\/www.eldiario.net\\\/portal\\\/#website\",\"url\":\"https:\\\/\\\/www.eldiario.net\\\/portal\\\/\",\"name\":\"El Diario - Decano de la prensa nacional\",\"description\":\"El Diario - Decano de la prensa nacional\",\"publisher\":{\"@id\":\"https:\\\/\\\/www.eldiario.net\\\/portal\\\/#organization\"},\"potentialAction\":[{\"@type\":\"SearchAction\",\"target\":{\"@type\":\"EntryPoint\",\"urlTemplate\":\"https:\\\/\\\/www.eldiario.net\\\/portal\\\/?s={search_term_string}\"},\"query-input\":{\"@type\":\"PropertyValueSpecification\",\"valueRequired\":true,\"valueName\":\"search_term_string\"}}],\"inLanguage\":\"es\"},{\"@type\":\"Organization\",\"@id\":\"https:\\\/\\\/www.eldiario.net\\\/portal\\\/#organization\",\"name\":\"El Diario - Decano de la prensa nacional\",\"url\":\"https:\\\/\\\/www.eldiario.net\\\/portal\\\/\",\"logo\":{\"@type\":\"ImageObject\",\"inLanguage\":\"es\",\"@id\":\"https:\\\/\\\/www.eldiario.net\\\/portal\\\/#\\\/schema\\\/logo\\\/image\\\/\",\"url\":\"https:\\\/\\\/www.eldiario.net\\\/portal\\\/wp-content\\\/uploads\\\/2023\\\/07\\\/logo_ED.jpg\",\"contentUrl\":\"https:\\\/\\\/www.eldiario.net\\\/portal\\\/wp-content\\\/uploads\\\/2023\\\/07\\\/logo_ED.jpg\",\"width\":272,\"height\":52,\"caption\":\"El Diario - Decano de la prensa nacional\"},\"image\":{\"@id\":\"https:\\\/\\\/www.eldiario.net\\\/portal\\\/#\\\/schema\\\/logo\\\/image\\\/\"},\"sameAs\":[\"https:\\\/\\\/www.facebook.com\\\/eldiario.bolivia\\\/\",\"https:\\\/\\\/x.com\\\/eldiario_net\"]},{\"@type\":\"Person\",\"@id\":\"https:\\\/\\\/www.eldiario.net\\\/portal\\\/#\\\/schema\\\/person\\\/f46445640444750d7d753ccd04ae01b7\",\"name\":\"Jeanette\",\"image\":{\"@type\":\"ImageObject\",\"inLanguage\":\"es\",\"@id\":\"https:\\\/\\\/secure.gravatar.com\\\/avatar\\\/3ea2118a5f7dad2b7138b1187a6b7ee55f160b9968b66013c3a3ef39dd7e5798?s=96&d=mm&r=g\",\"url\":\"https:\\\/\\\/secure.gravatar.com\\\/avatar\\\/3ea2118a5f7dad2b7138b1187a6b7ee55f160b9968b66013c3a3ef39dd7e5798?s=96&d=mm&r=g\",\"contentUrl\":\"https:\\\/\\\/secure.gravatar.com\\\/avatar\\\/3ea2118a5f7dad2b7138b1187a6b7ee55f160b9968b66013c3a3ef39dd7e5798?s=96&d=mm&r=g\",\"caption\":\"Jeanette\"},\"sameAs\":[\"https:\\\/\\\/www.eldiario.net\\\/portal\"],\"url\":\"https:\\\/\\\/www.eldiario.net\\\/portal\\\/author\\\/jeanette\\\/\"}]}<\/script>\n<!-- \/ Yoast SEO plugin. -->","yoast_head_json":{"title":"Alcalde solicita al Gobernador que convoque a reuni\u00f3n del COED - El Diario - Bolivia","robots":{"index":"index","follow":"follow","max-snippet":"max-snippet:-1","max-image-preview":"max-image-preview:large","max-video-preview":"max-video-preview:-1"},"canonical":"https:\/\/www.eldiario.net\/portal\/2021\/05\/24\/alcalde-solicita-al-gobernador-que-convoque-a-reunion-del-coed\/","og_locale":"es_ES","og_type":"article","og_title":"Alcalde solicita al Gobernador que convoque a reuni\u00f3n del COED - El Diario - Bolivia","og_description":"El alcalde Iv\u00e1n Arias inform\u00f3 que envi\u00f3 una carta al gobernador del departamento de La Paz, Santos Quispe, para que convoque la pr\u00f3xima semana a una reuni\u00f3n del Comit\u00e9 de Operaciones de Emergencia Departamental (COED) para coordinar el plan de vacunaci\u00f3n y otras acciones sanitarias preventivas en la regi\u00f3n. \u201cEn el nivel departamental, debe convocarlo [&hellip;]","og_url":"https:\/\/www.eldiario.net\/portal\/2021\/05\/24\/alcalde-solicita-al-gobernador-que-convoque-a-reunion-del-coed\/","og_site_name":"El Diario - Bolivia","article_publisher":"https:\/\/www.facebook.com\/eldiario.bolivia\/","article_published_time":"2021-05-24T09:54:04+00:00","og_image":[{"width":1280,"height":960,"url":"https:\/\/www.eldiario.net\/portal\/wp-content\/uploads\/2021\/05\/4LP-4.jpg","type":"image\/jpeg"}],"author":"Jeanette","twitter_card":"summary_large_image","twitter_creator":"@eldiario_net","twitter_site":"@eldiario_net","twitter_misc":{"Escrito por":"Jeanette","Tiempo de lectura":"2 minutos"},"schema":{"@context":"https:\/\/schema.org","@graph":[{"@type":"Article","@id":"https:\/\/www.eldiario.net\/portal\/2021\/05\/24\/alcalde-solicita-al-gobernador-que-convoque-a-reunion-del-coed\/#article","isPartOf":{"@id":"https:\/\/www.eldiario.net\/portal\/2021\/05\/24\/alcalde-solicita-al-gobernador-que-convoque-a-reunion-del-coed\/"},"author":{"name":"Jeanette","@id":"https:\/\/www.eldiario.net\/portal\/#\/schema\/person\/f46445640444750d7d753ccd04ae01b7"},"headline":"Alcalde solicita al Gobernador que convoque a reuni\u00f3n del COED","datePublished":"2021-05-24T09:54:04+00:00","mainEntityOfPage":{"@id":"https:\/\/www.eldiario.net\/portal\/2021\/05\/24\/alcalde-solicita-al-gobernador-que-convoque-a-reunion-del-coed\/"},"wordCount":446,"publisher":{"@id":"https:\/\/www.eldiario.net\/portal\/#organization"},"image":{"@id":"https:\/\/www.eldiario.net\/portal\/2021\/05\/24\/alcalde-solicita-al-gobernador-que-convoque-a-reunion-del-coed\/#primaryimage"},"thumbnailUrl":"https:\/\/www.eldiario.net\/portal\/wp-content\/uploads\/2021\/05\/4LP-4.jpg","articleSection":["Nacional"],"inLanguage":"es"},{"@type":"WebPage","@id":"https:\/\/www.eldiario.net\/portal\/2021\/05\/24\/alcalde-solicita-al-gobernador-que-convoque-a-reunion-del-coed\/","url":"https:\/\/www.eldiario.net\/portal\/2021\/05\/24\/alcalde-solicita-al-gobernador-que-convoque-a-reunion-del-coed\/","name":"Alcalde solicita al Gobernador que convoque a reuni\u00f3n del COED - El Diario - Bolivia","isPartOf":{"@id":"https:\/\/www.eldiario.net\/portal\/#website"},"primaryImageOfPage":{"@id":"https:\/\/www.eldiario.net\/portal\/2021\/05\/24\/alcalde-solicita-al-gobernador-que-convoque-a-reunion-del-coed\/#primaryimage"},"image":{"@id":"https:\/\/www.eldiario.net\/portal\/2021\/05\/24\/alcalde-solicita-al-gobernador-que-convoque-a-reunion-del-coed\/#primaryimage"},"thumbnailUrl":"https:\/\/www.eldiario.net\/portal\/wp-content\/uploads\/2021\/05\/4LP-4.jpg","datePublished":"2021-05-24T09:54:04+00:00","breadcrumb":{"@id":"https:\/\/www.eldiario.net\/portal\/2021\/05\/24\/alcalde-solicita-al-gobernador-que-convoque-a-reunion-del-coed\/#breadcrumb"},"inLanguage":"es","potentialAction":[{"@type":"ReadAction","target":["https:\/\/www.eldiario.net\/portal\/2021\/05\/24\/alcalde-solicita-al-gobernador-que-convoque-a-reunion-del-coed\/"]}]},{"@type":"ImageObject","inLanguage":"es","@id":"https:\/\/www.eldiario.net\/portal\/2021\/05\/24\/alcalde-solicita-al-gobernador-que-convoque-a-reunion-del-coed\/#primaryimage","url":"https:\/\/www.eldiario.net\/portal\/wp-content\/uploads\/2021\/05\/4LP-4.jpg","contentUrl":"https:\/\/www.eldiario.net\/portal\/wp-content\/uploads\/2021\/05\/4LP-4.jpg","width":1280,"height":960},{"@type":"BreadcrumbList","@id":"https:\/\/www.eldiario.net\/portal\/2021\/05\/24\/alcalde-solicita-al-gobernador-que-convoque-a-reunion-del-coed\/#breadcrumb","itemListElement":[{"@type":"ListItem","position":1,"name":"Portada","item":"https:\/\/www.eldiario.net\/portal\/"},{"@type":"ListItem","position":2,"name":"Alcalde solicita al Gobernador que convoque a reuni\u00f3n del COED"}]},{"@type":"WebSite","@id":"https:\/\/www.eldiario.net\/portal\/#website","url":"https:\/\/www.eldiario.net\/portal\/","name":"El Diario - Decano de la prensa nacional","description":"El Diario - Decano de la prensa nacional","publisher":{"@id":"https:\/\/www.eldiario.net\/portal\/#organization"},"potentialAction":[{"@type":"SearchAction","target":{"@type":"EntryPoint","urlTemplate":"https:\/\/www.eldiario.net\/portal\/?s={search_term_string}"},"query-input":{"@type":"PropertyValueSpecification","valueRequired":true,"valueName":"search_term_string"}}],"inLanguage":"es"},{"@type":"Organization","@id":"https:\/\/www.eldiario.net\/portal\/#organization","name":"El Diario - Decano de la prensa nacional","url":"https:\/\/www.eldiario.net\/portal\/","logo":{"@type":"ImageObject","inLanguage":"es","@id":"https:\/\/www.eldiario.net\/portal\/#\/schema\/logo\/image\/","url":"https:\/\/www.eldiario.net\/portal\/wp-content\/uploads\/2023\/07\/logo_ED.jpg","contentUrl":"https:\/\/www.eldiario.net\/portal\/wp-content\/uploads\/2023\/07\/logo_ED.jpg","width":272,"height":52,"caption":"El Diario - Decano de la prensa nacional"},"image":{"@id":"https:\/\/www.eldiario.net\/portal\/#\/schema\/logo\/image\/"},"sameAs":["https:\/\/www.facebook.com\/eldiario.bolivia\/","https:\/\/x.com\/eldiario_net"]},{"@type":"Person","@id":"https:\/\/www.eldiario.net\/portal\/#\/schema\/person\/f46445640444750d7d753ccd04ae01b7","name":"Jeanette","image":{"@type":"ImageObject","inLanguage":"es","@id":"https:\/\/secure.gravatar.com\/avatar\/3ea2118a5f7dad2b7138b1187a6b7ee55f160b9968b66013c3a3ef39dd7e5798?s=96&d=mm&r=g","url":"https:\/\/secure.gravatar.com\/avatar\/3ea2118a5f7dad2b7138b1187a6b7ee55f160b9968b66013c3a3ef39dd7e5798?s=96&d=mm&r=g","contentUrl":"https:\/\/secure.gravatar.com\/avatar\/3ea2118a5f7dad2b7138b1187a6b7ee55f160b9968b66013c3a3ef39dd7e5798?s=96&d=mm&r=g","caption":"Jeanette"},"sameAs":["https:\/\/www.eldiario.net\/portal"],"url":"https:\/\/www.eldiario.net\/portal\/author\/jeanette\/"}]}},"_links":{"self":[{"href":"https:\/\/www.eldiario.net\/portal\/wp-json\/wp\/v2\/posts\/6003","targetHints":{"allow":["GET"]}}],"collection":[{"href":"https:\/\/www.eldiario.net\/portal\/wp-json\/wp\/v2\/posts"}],"about":[{"href":"https:\/\/www.eldiario.net\/portal\/wp-json\/wp\/v2\/types\/post"}],"author":[{"embeddable":true,"href":"https:\/\/www.eldiario.net\/portal\/wp-json\/wp\/v2\/users\/1"}],"replies":[{"embeddable":true,"href":"https:\/\/www.eldiario.net\/portal\/wp-json\/wp\/v2\/comments?post=6003"}],"version-history":[{"count":0,"href":"https:\/\/www.eldiario.net\/portal\/wp-json\/wp\/v2\/posts\/6003\/revisions"}],"wp:featuredmedia":[{"embeddable":true,"href":"https:\/\/www.eldiario.net\/portal\/wp-json\/wp\/v2\/media\/6004"}],"wp:attachment":[{"href":"https:\/\/www.eldiario.net\/portal\/wp-json\/wp\/v2\/media?parent=6003"}],"wp:term":[{"taxonomy":"category","embeddable":true,"href":"https:\/\/www.eldiario.net\/portal\/wp-json\/wp\/v2\/categories?post=6003"},{"taxonomy":"post_tag","embeddable":true,"href":"https:\/\/www.eldiario.net\/portal\/wp-json\/wp\/v2\/tags?post=6003"}],"curies":[{"name":"wp","href":"https:\/\/api.w.org\/{rel}","templated":true}]}}