{"id":5998,"date":"2021-05-24T05:51:48","date_gmt":"2021-05-24T09:51:48","guid":{"rendered":"https:\/\/www.eldiario.net\/portal\/?p=5998"},"modified":"2021-05-24T05:51:48","modified_gmt":"2021-05-24T09:51:48","slug":"carros-cisterna-y-fumigadores-desinfectan-lugares-publicos","status":"publish","type":"post","link":"https:\/\/www.eldiario.net\/portal\/2021\/05\/24\/carros-cisterna-y-fumigadores-desinfectan-lugares-publicos\/","title":{"rendered":"Carros cisterna y fumigadores desinfectan lugares p\u00fablicos"},"content":{"rendered":"<p>Con el apoyo de las subalcald\u00edas, camiones cisterna y mochileros fumigaron ayer mercados y lugares donde hay mayor afluencia de personas, en el tercer d\u00eda de desinfecci\u00f3n, en la l\u00ednea de las acciones preventivas para contener el avance del coronavirus, las que fueron emprendidas por la Alcald\u00eda de La Paz desde la noche del viernes.<br \/>\n\u201cDe manera simult\u00e1nea, el d\u00eda de hoy (por ayer, domingo) desde las seis de la ma\u00f1ana, y en diferentes horarios, con el refuerzo de las subalcald\u00edas hemos salido a los distritos y lugares espec\u00edficos, como mercados, cruces de villa y otros donde hay mucha afluencia; o centros de salud y lugares donde hay mucha actividad econ\u00f3mica\u201d, inform\u00f3 el jefe de la Unidad de Coordinaci\u00f3n Territorial de la Direcci\u00f3n de Gobernabilidad, Ulich Liz\u00e1rraga.<br \/>\nEl plan de fumigaci\u00f3n integral de la ciudad, que se reforz\u00f3 este domingo con la participaci\u00f3n de las siete subalcald\u00edas urbanas y dos rurales, prev\u00e9 desde este lunes la participaci\u00f3n de fumigadores mochileros, quienes desinfectar\u00e1n lugares de dif\u00edcil acceso para los camiones cisterna.<br \/>\nLa Subalcald\u00eda Centro comenz\u00f3 a las 06.00 con un cami\u00f3n cargado de 1.800 litros de soluci\u00f3n desinfectante y recorri\u00f3 con 25 obreros de la Secretar\u00eda Municipal de Infraestructura P\u00fablica por el complejo de hospitales de Miraflores, luego llegaron a las zonas comerciales de la Garcilaso de la Vega, Illampu, Sag\u00e1rnaga y El Prado, inform\u00f3 la Subalcald\u00eda Centro.<br \/>\nOtros equipo de fumigadores tambi\u00e9n recorri\u00f3 con perifoneo para concientizar a la poblaci\u00f3n sobre el uso del barbijo, distancia social y alcohol en gel. En tanto, otra cuadrilla de obreros realiz\u00f3 similar trabajo en lugares concurridos de Achumani, en la zona Sur de la Paz, y en Perif\u00e9rica, donde la labor de desinfecci\u00f3n arranc\u00f3 a las 09.00 horas.<\/p>\n","protected":false},"excerpt":{"rendered":"<p>Con el apoyo de las subalcald\u00edas, camiones cisterna y mochileros fumigaron ayer mercados y lugares donde hay mayor afluencia de personas, en el tercer d\u00eda de desinfecci\u00f3n, en la l\u00ednea de las acciones preventivas para contener el avance del coronavirus, las que fueron emprendidas por la Alcald\u00eda de La Paz desde la noche del viernes. [&hellip;]<\/p>\n","protected":false},"author":1,"featured_media":0,"comment_status":"closed","ping_status":"closed","sticky":false,"template":"","format":"standard","meta":{"_acf_changed":false,"footnotes":""},"categories":[12],"tags":[],"class_list":["post-5998","post","type-post","status-publish","format-standard","category-nacional"],"acf":{"antetitulo":""},"yoast_head":"<!-- This site is optimized with the Yoast SEO plugin v28.3 - https:\/\/yoast.com\/product\/yoast-seo-wordpress\/ -->\n<title>Carros cisterna y fumigadores desinfectan lugares p\u00fablicos - El Diario - Bolivia<\/title>\n<meta name=\"robots\" content=\"index, follow, max-snippet:-1, max-image-preview:large, max-video-preview:-1\" \/>\n<link rel=\"canonical\" href=\"https:\/\/www.eldiario.net\/portal\/2021\/05\/24\/carros-cisterna-y-fumigadores-desinfectan-lugares-publicos\/\" \/>\n<meta property=\"og:locale\" content=\"es_ES\" \/>\n<meta property=\"og:type\" content=\"article\" \/>\n<meta property=\"og:title\" content=\"Carros cisterna y fumigadores desinfectan lugares p\u00fablicos - El Diario - Bolivia\" \/>\n<meta property=\"og:description\" content=\"Con el apoyo de las subalcald\u00edas, camiones cisterna y mochileros fumigaron ayer mercados y lugares donde hay mayor afluencia de personas, en el tercer d\u00eda de desinfecci\u00f3n, en la l\u00ednea de las acciones preventivas para contener el avance del coronavirus, las que fueron emprendidas por la Alcald\u00eda de La Paz desde la noche del viernes. [&hellip;]\" \/>\n<meta property=\"og:url\" content=\"https:\/\/www.eldiario.net\/portal\/2021\/05\/24\/carros-cisterna-y-fumigadores-desinfectan-lugares-publicos\/\" \/>\n<meta property=\"og:site_name\" content=\"El Diario - Bolivia\" \/>\n<meta property=\"article:publisher\" content=\"https:\/\/www.facebook.com\/eldiario.bolivia\/\" \/>\n<meta property=\"article:published_time\" content=\"2021-05-24T09:51:48+00:00\" \/>\n<meta name=\"author\" content=\"Jeanette\" \/>\n<meta name=\"twitter:card\" content=\"summary_large_image\" \/>\n<meta name=\"twitter:creator\" content=\"@eldiario_net\" \/>\n<meta name=\"twitter:site\" content=\"@eldiario_net\" \/>\n<meta name=\"twitter:label1\" content=\"Escrito por\" \/>\n\t<meta name=\"twitter:data1\" content=\"Jeanette\" \/>\n\t<meta name=\"twitter:label2\" content=\"Tiempo de lectura\" \/>\n\t<meta name=\"twitter:data2\" content=\"2 minutos\" \/>\n<script type=\"application\/ld+json\" class=\"yoast-schema-graph\">{\"@context\":\"https:\\\/\\\/schema.org\",\"@graph\":[{\"@type\":\"Article\",\"@id\":\"https:\\\/\\\/www.eldiario.net\\\/portal\\\/2021\\\/05\\\/24\\\/carros-cisterna-y-fumigadores-desinfectan-lugares-publicos\\\/#article\",\"isPartOf\":{\"@id\":\"https:\\\/\\\/www.eldiario.net\\\/portal\\\/2021\\\/05\\\/24\\\/carros-cisterna-y-fumigadores-desinfectan-lugares-publicos\\\/\"},\"author\":{\"name\":\"Jeanette\",\"@id\":\"https:\\\/\\\/www.eldiario.net\\\/portal\\\/#\\\/schema\\\/person\\\/f46445640444750d7d753ccd04ae01b7\"},\"headline\":\"Carros cisterna y fumigadores desinfectan lugares p\u00fablicos\",\"datePublished\":\"2021-05-24T09:51:48+00:00\",\"mainEntityOfPage\":{\"@id\":\"https:\\\/\\\/www.eldiario.net\\\/portal\\\/2021\\\/05\\\/24\\\/carros-cisterna-y-fumigadores-desinfectan-lugares-publicos\\\/\"},\"wordCount\":320,\"publisher\":{\"@id\":\"https:\\\/\\\/www.eldiario.net\\\/portal\\\/#organization\"},\"articleSection\":[\"Nacional\"],\"inLanguage\":\"es\"},{\"@type\":\"WebPage\",\"@id\":\"https:\\\/\\\/www.eldiario.net\\\/portal\\\/2021\\\/05\\\/24\\\/carros-cisterna-y-fumigadores-desinfectan-lugares-publicos\\\/\",\"url\":\"https:\\\/\\\/www.eldiario.net\\\/portal\\\/2021\\\/05\\\/24\\\/carros-cisterna-y-fumigadores-desinfectan-lugares-publicos\\\/\",\"name\":\"Carros cisterna y fumigadores desinfectan lugares p\u00fablicos - El Diario - Bolivia\",\"isPartOf\":{\"@id\":\"https:\\\/\\\/www.eldiario.net\\\/portal\\\/#website\"},\"datePublished\":\"2021-05-24T09:51:48+00:00\",\"breadcrumb\":{\"@id\":\"https:\\\/\\\/www.eldiario.net\\\/portal\\\/2021\\\/05\\\/24\\\/carros-cisterna-y-fumigadores-desinfectan-lugares-publicos\\\/#breadcrumb\"},\"inLanguage\":\"es\",\"potentialAction\":[{\"@type\":\"ReadAction\",\"target\":[\"https:\\\/\\\/www.eldiario.net\\\/portal\\\/2021\\\/05\\\/24\\\/carros-cisterna-y-fumigadores-desinfectan-lugares-publicos\\\/\"]}]},{\"@type\":\"BreadcrumbList\",\"@id\":\"https:\\\/\\\/www.eldiario.net\\\/portal\\\/2021\\\/05\\\/24\\\/carros-cisterna-y-fumigadores-desinfectan-lugares-publicos\\\/#breadcrumb\",\"itemListElement\":[{\"@type\":\"ListItem\",\"position\":1,\"name\":\"Portada\",\"item\":\"https:\\\/\\\/www.eldiario.net\\\/portal\\\/\"},{\"@type\":\"ListItem\",\"position\":2,\"name\":\"Carros cisterna y fumigadores desinfectan lugares p\u00fablicos\"}]},{\"@type\":\"WebSite\",\"@id\":\"https:\\\/\\\/www.eldiario.net\\\/portal\\\/#website\",\"url\":\"https:\\\/\\\/www.eldiario.net\\\/portal\\\/\",\"name\":\"El Diario - Decano de la prensa nacional\",\"description\":\"El Diario - Decano de la prensa nacional\",\"publisher\":{\"@id\":\"https:\\\/\\\/www.eldiario.net\\\/portal\\\/#organization\"},\"potentialAction\":[{\"@type\":\"SearchAction\",\"target\":{\"@type\":\"EntryPoint\",\"urlTemplate\":\"https:\\\/\\\/www.eldiario.net\\\/portal\\\/?s={search_term_string}\"},\"query-input\":{\"@type\":\"PropertyValueSpecification\",\"valueRequired\":true,\"valueName\":\"search_term_string\"}}],\"inLanguage\":\"es\"},{\"@type\":\"Organization\",\"@id\":\"https:\\\/\\\/www.eldiario.net\\\/portal\\\/#organization\",\"name\":\"El Diario - Decano de la prensa nacional\",\"url\":\"https:\\\/\\\/www.eldiario.net\\\/portal\\\/\",\"logo\":{\"@type\":\"ImageObject\",\"inLanguage\":\"es\",\"@id\":\"https:\\\/\\\/www.eldiario.net\\\/portal\\\/#\\\/schema\\\/logo\\\/image\\\/\",\"url\":\"https:\\\/\\\/www.eldiario.net\\\/portal\\\/wp-content\\\/uploads\\\/2023\\\/07\\\/logo_ED.jpg\",\"contentUrl\":\"https:\\\/\\\/www.eldiario.net\\\/portal\\\/wp-content\\\/uploads\\\/2023\\\/07\\\/logo_ED.jpg\",\"width\":272,\"height\":52,\"caption\":\"El Diario - Decano de la prensa nacional\"},\"image\":{\"@id\":\"https:\\\/\\\/www.eldiario.net\\\/portal\\\/#\\\/schema\\\/logo\\\/image\\\/\"},\"sameAs\":[\"https:\\\/\\\/www.facebook.com\\\/eldiario.bolivia\\\/\",\"https:\\\/\\\/x.com\\\/eldiario_net\"]},{\"@type\":\"Person\",\"@id\":\"https:\\\/\\\/www.eldiario.net\\\/portal\\\/#\\\/schema\\\/person\\\/f46445640444750d7d753ccd04ae01b7\",\"name\":\"Jeanette\",\"image\":{\"@type\":\"ImageObject\",\"inLanguage\":\"es\",\"@id\":\"https:\\\/\\\/secure.gravatar.com\\\/avatar\\\/3ea2118a5f7dad2b7138b1187a6b7ee55f160b9968b66013c3a3ef39dd7e5798?s=96&d=mm&r=g\",\"url\":\"https:\\\/\\\/secure.gravatar.com\\\/avatar\\\/3ea2118a5f7dad2b7138b1187a6b7ee55f160b9968b66013c3a3ef39dd7e5798?s=96&d=mm&r=g\",\"contentUrl\":\"https:\\\/\\\/secure.gravatar.com\\\/avatar\\\/3ea2118a5f7dad2b7138b1187a6b7ee55f160b9968b66013c3a3ef39dd7e5798?s=96&d=mm&r=g\",\"caption\":\"Jeanette\"},\"sameAs\":[\"https:\\\/\\\/www.eldiario.net\\\/portal\"],\"url\":\"https:\\\/\\\/www.eldiario.net\\\/portal\\\/author\\\/jeanette\\\/\"}]}<\/script>\n<!-- \/ Yoast SEO plugin. -->","yoast_head_json":{"title":"Carros cisterna y fumigadores desinfectan lugares p\u00fablicos - El Diario - Bolivia","robots":{"index":"index","follow":"follow","max-snippet":"max-snippet:-1","max-image-preview":"max-image-preview:large","max-video-preview":"max-video-preview:-1"},"canonical":"https:\/\/www.eldiario.net\/portal\/2021\/05\/24\/carros-cisterna-y-fumigadores-desinfectan-lugares-publicos\/","og_locale":"es_ES","og_type":"article","og_title":"Carros cisterna y fumigadores desinfectan lugares p\u00fablicos - El Diario - Bolivia","og_description":"Con el apoyo de las subalcald\u00edas, camiones cisterna y mochileros fumigaron ayer mercados y lugares donde hay mayor afluencia de personas, en el tercer d\u00eda de desinfecci\u00f3n, en la l\u00ednea de las acciones preventivas para contener el avance del coronavirus, las que fueron emprendidas por la Alcald\u00eda de La Paz desde la noche del viernes. [&hellip;]","og_url":"https:\/\/www.eldiario.net\/portal\/2021\/05\/24\/carros-cisterna-y-fumigadores-desinfectan-lugares-publicos\/","og_site_name":"El Diario - Bolivia","article_publisher":"https:\/\/www.facebook.com\/eldiario.bolivia\/","article_published_time":"2021-05-24T09:51:48+00:00","author":"Jeanette","twitter_card":"summary_large_image","twitter_creator":"@eldiario_net","twitter_site":"@eldiario_net","twitter_misc":{"Escrito por":"Jeanette","Tiempo de lectura":"2 minutos"},"schema":{"@context":"https:\/\/schema.org","@graph":[{"@type":"Article","@id":"https:\/\/www.eldiario.net\/portal\/2021\/05\/24\/carros-cisterna-y-fumigadores-desinfectan-lugares-publicos\/#article","isPartOf":{"@id":"https:\/\/www.eldiario.net\/portal\/2021\/05\/24\/carros-cisterna-y-fumigadores-desinfectan-lugares-publicos\/"},"author":{"name":"Jeanette","@id":"https:\/\/www.eldiario.net\/portal\/#\/schema\/person\/f46445640444750d7d753ccd04ae01b7"},"headline":"Carros cisterna y fumigadores desinfectan lugares p\u00fablicos","datePublished":"2021-05-24T09:51:48+00:00","mainEntityOfPage":{"@id":"https:\/\/www.eldiario.net\/portal\/2021\/05\/24\/carros-cisterna-y-fumigadores-desinfectan-lugares-publicos\/"},"wordCount":320,"publisher":{"@id":"https:\/\/www.eldiario.net\/portal\/#organization"},"articleSection":["Nacional"],"inLanguage":"es"},{"@type":"WebPage","@id":"https:\/\/www.eldiario.net\/portal\/2021\/05\/24\/carros-cisterna-y-fumigadores-desinfectan-lugares-publicos\/","url":"https:\/\/www.eldiario.net\/portal\/2021\/05\/24\/carros-cisterna-y-fumigadores-desinfectan-lugares-publicos\/","name":"Carros cisterna y fumigadores desinfectan lugares p\u00fablicos - El Diario - Bolivia","isPartOf":{"@id":"https:\/\/www.eldiario.net\/portal\/#website"},"datePublished":"2021-05-24T09:51:48+00:00","breadcrumb":{"@id":"https:\/\/www.eldiario.net\/portal\/2021\/05\/24\/carros-cisterna-y-fumigadores-desinfectan-lugares-publicos\/#breadcrumb"},"inLanguage":"es","potentialAction":[{"@type":"ReadAction","target":["https:\/\/www.eldiario.net\/portal\/2021\/05\/24\/carros-cisterna-y-fumigadores-desinfectan-lugares-publicos\/"]}]},{"@type":"BreadcrumbList","@id":"https:\/\/www.eldiario.net\/portal\/2021\/05\/24\/carros-cisterna-y-fumigadores-desinfectan-lugares-publicos\/#breadcrumb","itemListElement":[{"@type":"ListItem","position":1,"name":"Portada","item":"https:\/\/www.eldiario.net\/portal\/"},{"@type":"ListItem","position":2,"name":"Carros cisterna y fumigadores desinfectan lugares p\u00fablicos"}]},{"@type":"WebSite","@id":"https:\/\/www.eldiario.net\/portal\/#website","url":"https:\/\/www.eldiario.net\/portal\/","name":"El Diario - Decano de la prensa nacional","description":"El Diario - Decano de la prensa nacional","publisher":{"@id":"https:\/\/www.eldiario.net\/portal\/#organization"},"potentialAction":[{"@type":"SearchAction","target":{"@type":"EntryPoint","urlTemplate":"https:\/\/www.eldiario.net\/portal\/?s={search_term_string}"},"query-input":{"@type":"PropertyValueSpecification","valueRequired":true,"valueName":"search_term_string"}}],"inLanguage":"es"},{"@type":"Organization","@id":"https:\/\/www.eldiario.net\/portal\/#organization","name":"El Diario - Decano de la prensa nacional","url":"https:\/\/www.eldiario.net\/portal\/","logo":{"@type":"ImageObject","inLanguage":"es","@id":"https:\/\/www.eldiario.net\/portal\/#\/schema\/logo\/image\/","url":"https:\/\/www.eldiario.net\/portal\/wp-content\/uploads\/2023\/07\/logo_ED.jpg","contentUrl":"https:\/\/www.eldiario.net\/portal\/wp-content\/uploads\/2023\/07\/logo_ED.jpg","width":272,"height":52,"caption":"El Diario - Decano de la prensa nacional"},"image":{"@id":"https:\/\/www.eldiario.net\/portal\/#\/schema\/logo\/image\/"},"sameAs":["https:\/\/www.facebook.com\/eldiario.bolivia\/","https:\/\/x.com\/eldiario_net"]},{"@type":"Person","@id":"https:\/\/www.eldiario.net\/portal\/#\/schema\/person\/f46445640444750d7d753ccd04ae01b7","name":"Jeanette","image":{"@type":"ImageObject","inLanguage":"es","@id":"https:\/\/secure.gravatar.com\/avatar\/3ea2118a5f7dad2b7138b1187a6b7ee55f160b9968b66013c3a3ef39dd7e5798?s=96&d=mm&r=g","url":"https:\/\/secure.gravatar.com\/avatar\/3ea2118a5f7dad2b7138b1187a6b7ee55f160b9968b66013c3a3ef39dd7e5798?s=96&d=mm&r=g","contentUrl":"https:\/\/secure.gravatar.com\/avatar\/3ea2118a5f7dad2b7138b1187a6b7ee55f160b9968b66013c3a3ef39dd7e5798?s=96&d=mm&r=g","caption":"Jeanette"},"sameAs":["https:\/\/www.eldiario.net\/portal"],"url":"https:\/\/www.eldiario.net\/portal\/author\/jeanette\/"}]}},"_links":{"self":[{"href":"https:\/\/www.eldiario.net\/portal\/wp-json\/wp\/v2\/posts\/5998","targetHints":{"allow":["GET"]}}],"collection":[{"href":"https:\/\/www.eldiario.net\/portal\/wp-json\/wp\/v2\/posts"}],"about":[{"href":"https:\/\/www.eldiario.net\/portal\/wp-json\/wp\/v2\/types\/post"}],"author":[{"embeddable":true,"href":"https:\/\/www.eldiario.net\/portal\/wp-json\/wp\/v2\/users\/1"}],"replies":[{"embeddable":true,"href":"https:\/\/www.eldiario.net\/portal\/wp-json\/wp\/v2\/comments?post=5998"}],"version-history":[{"count":0,"href":"https:\/\/www.eldiario.net\/portal\/wp-json\/wp\/v2\/posts\/5998\/revisions"}],"wp:attachment":[{"href":"https:\/\/www.eldiario.net\/portal\/wp-json\/wp\/v2\/media?parent=5998"}],"wp:term":[{"taxonomy":"category","embeddable":true,"href":"https:\/\/www.eldiario.net\/portal\/wp-json\/wp\/v2\/categories?post=5998"},{"taxonomy":"post_tag","embeddable":true,"href":"https:\/\/www.eldiario.net\/portal\/wp-json\/wp\/v2\/tags?post=5998"}],"curies":[{"name":"wp","href":"https:\/\/api.w.org\/{rel}","templated":true}]}}