{"id":5995,"date":"2021-05-24T05:50:53","date_gmt":"2021-05-24T09:50:53","guid":{"rendered":"https:\/\/www.eldiario.net\/portal\/?p=5995"},"modified":"2021-05-24T05:50:53","modified_gmt":"2021-05-24T09:50:53","slug":"jornada-de-fumigacion-y-limpieza-se-cumplio-en-tarija","status":"publish","type":"post","link":"https:\/\/www.eldiario.net\/portal\/2021\/05\/24\/jornada-de-fumigacion-y-limpieza-se-cumplio-en-tarija\/","title":{"rendered":"Jornada de fumigaci\u00f3n y limpieza se cumpli\u00f3 en Tarija"},"content":{"rendered":"<p>El Gobierno Municipal del Cercado puso en marcha este domingo el plan fumigaci\u00f3n y limpieza en cinco distritos de la ciudad, encabezado por el alcalde Johnny Torres, quien pidi\u00f3 a los habitantes permanecer en sus hogares durante el encapsulamiento para realizar este trabajo. La poblaci\u00f3n acata las restricciones del Centro Operativo de Emergencias Municipales (COEM).<br \/>\nEl alcalde de Cercado, Johnny Torres, dio inicio a una jornada de fumigaci\u00f3n y limpieza en los distritos del 1 al 5.<br \/>\nAsimismo, felicit\u00f3 y agradeci\u00f3 a todos los comerciantes de los diferentes mercados en especial El Campesino, a pesar de ser afectados en sus ingresos en los \u00faltimos d\u00edas, cumplieron con las restricciones del Centro Operativo de Emergencias Municipales (COEM).<br \/>\nEn la jornada, cuatro camiones cisternas y 50 personas cumplieron con la fumigaci\u00f3n en cuatro \u00e1reas: uno en los distritos 1 al 5, es decir todo el centro de la ciudad, donde hay mucha poblaci\u00f3n, todos los mercados, las plazas, mercado Campesino en especial que tiene una densidad muy alta de personas.<br \/>\nLa autoridad expres\u00f3 su satisfacci\u00f3n debido a que la paralizaci\u00f3n de actividades fue total y destac\u00f3 el apoyo de todos los comerciantes por su compromiso con la salud de Tarija.<br \/>\n\u201cAgradezco a todo el pueblo de Tarija, los felicito por la disciplina que se ha tenido, el encapsulamiento es total y agradezco muy personalmente al mercado Campesino, porque yo s\u00e9 que tienen p\u00e9rdidas con respecto a la paralizaci\u00f3n del d\u00eda domingo, pero la paralizaci\u00f3n es completa y esto es por la salud, por la vida de las personas\u201d, dijo a La Voz de Tarija.<br \/>\nAsimismo, inform\u00f3 que adquirieron un medicamento especial para hacer la desinfecci\u00f3n en las calles, que es de tan alto espectro que tambi\u00e9n sirve para la desinfecci\u00f3n de centros de salud.<br \/>\n\u201cEstas son pastillas que se las dosifica con agua para que la desinfecci\u00f3n sea efectiva, nosotros necesitamos hacer una desinfecci\u00f3n completa, estos frascos los hemos comprado en una cantidad necesaria no solo para la desinfecci\u00f3n de los camiones sino para la desinfecci\u00f3n de todo tipo de limpieza en los centros de salud\u201d, explic\u00f3.<\/p>\n","protected":false},"excerpt":{"rendered":"<p>El Gobierno Municipal del Cercado puso en marcha este domingo el plan fumigaci\u00f3n y limpieza en cinco distritos de la ciudad, encabezado por el alcalde Johnny Torres, quien pidi\u00f3 a los habitantes permanecer en sus hogares durante el encapsulamiento para realizar este trabajo. La poblaci\u00f3n acata las restricciones del Centro Operativo de Emergencias Municipales (COEM). [&hellip;]<\/p>\n","protected":false},"author":1,"featured_media":5996,"comment_status":"closed","ping_status":"closed","sticky":false,"template":"","format":"standard","meta":{"_acf_changed":false,"footnotes":""},"categories":[12],"tags":[],"class_list":["post-5995","post","type-post","status-publish","format-standard","has-post-thumbnail","category-nacional"],"acf":{"antetitulo":""},"yoast_head":"<!-- This site is optimized with the Yoast SEO plugin v28.3 - https:\/\/yoast.com\/product\/yoast-seo-wordpress\/ -->\n<title>Jornada de fumigaci\u00f3n y limpieza se cumpli\u00f3 en Tarija - El Diario - Bolivia<\/title>\n<meta name=\"robots\" content=\"index, follow, max-snippet:-1, max-image-preview:large, max-video-preview:-1\" \/>\n<link rel=\"canonical\" href=\"https:\/\/www.eldiario.net\/portal\/2021\/05\/24\/jornada-de-fumigacion-y-limpieza-se-cumplio-en-tarija\/\" \/>\n<meta property=\"og:locale\" content=\"es_ES\" \/>\n<meta property=\"og:type\" content=\"article\" \/>\n<meta property=\"og:title\" content=\"Jornada de fumigaci\u00f3n y limpieza se cumpli\u00f3 en Tarija - El Diario - Bolivia\" \/>\n<meta property=\"og:description\" content=\"El Gobierno Municipal del Cercado puso en marcha este domingo el plan fumigaci\u00f3n y limpieza en cinco distritos de la ciudad, encabezado por el alcalde Johnny Torres, quien pidi\u00f3 a los habitantes permanecer en sus hogares durante el encapsulamiento para realizar este trabajo. La poblaci\u00f3n acata las restricciones del Centro Operativo de Emergencias Municipales (COEM). [&hellip;]\" \/>\n<meta property=\"og:url\" content=\"https:\/\/www.eldiario.net\/portal\/2021\/05\/24\/jornada-de-fumigacion-y-limpieza-se-cumplio-en-tarija\/\" \/>\n<meta property=\"og:site_name\" content=\"El Diario - Bolivia\" \/>\n<meta property=\"article:publisher\" content=\"https:\/\/www.facebook.com\/eldiario.bolivia\/\" \/>\n<meta property=\"article:published_time\" content=\"2021-05-24T09:50:53+00:00\" \/>\n<meta name=\"author\" content=\"Jeanette\" \/>\n<meta name=\"twitter:card\" content=\"summary_large_image\" \/>\n<meta name=\"twitter:creator\" content=\"@eldiario_net\" \/>\n<meta name=\"twitter:site\" content=\"@eldiario_net\" \/>\n<meta name=\"twitter:label1\" content=\"Escrito por\" \/>\n\t<meta name=\"twitter:data1\" content=\"Jeanette\" \/>\n\t<meta name=\"twitter:label2\" content=\"Tiempo de lectura\" \/>\n\t<meta name=\"twitter:data2\" content=\"2 minutos\" \/>\n<script type=\"application\/ld+json\" class=\"yoast-schema-graph\">{\"@context\":\"https:\\\/\\\/schema.org\",\"@graph\":[{\"@type\":\"Article\",\"@id\":\"https:\\\/\\\/www.eldiario.net\\\/portal\\\/2021\\\/05\\\/24\\\/jornada-de-fumigacion-y-limpieza-se-cumplio-en-tarija\\\/#article\",\"isPartOf\":{\"@id\":\"https:\\\/\\\/www.eldiario.net\\\/portal\\\/2021\\\/05\\\/24\\\/jornada-de-fumigacion-y-limpieza-se-cumplio-en-tarija\\\/\"},\"author\":{\"name\":\"Jeanette\",\"@id\":\"https:\\\/\\\/www.eldiario.net\\\/portal\\\/#\\\/schema\\\/person\\\/f46445640444750d7d753ccd04ae01b7\"},\"headline\":\"Jornada de fumigaci\u00f3n y limpieza se cumpli\u00f3 en Tarija\",\"datePublished\":\"2021-05-24T09:50:53+00:00\",\"mainEntityOfPage\":{\"@id\":\"https:\\\/\\\/www.eldiario.net\\\/portal\\\/2021\\\/05\\\/24\\\/jornada-de-fumigacion-y-limpieza-se-cumplio-en-tarija\\\/\"},\"wordCount\":369,\"publisher\":{\"@id\":\"https:\\\/\\\/www.eldiario.net\\\/portal\\\/#organization\"},\"image\":{\"@id\":\"https:\\\/\\\/www.eldiario.net\\\/portal\\\/2021\\\/05\\\/24\\\/jornada-de-fumigacion-y-limpieza-se-cumplio-en-tarija\\\/#primaryimage\"},\"thumbnailUrl\":\"\",\"articleSection\":[\"Nacional\"],\"inLanguage\":\"es\"},{\"@type\":\"WebPage\",\"@id\":\"https:\\\/\\\/www.eldiario.net\\\/portal\\\/2021\\\/05\\\/24\\\/jornada-de-fumigacion-y-limpieza-se-cumplio-en-tarija\\\/\",\"url\":\"https:\\\/\\\/www.eldiario.net\\\/portal\\\/2021\\\/05\\\/24\\\/jornada-de-fumigacion-y-limpieza-se-cumplio-en-tarija\\\/\",\"name\":\"Jornada de fumigaci\u00f3n y limpieza se cumpli\u00f3 en Tarija - El Diario - Bolivia\",\"isPartOf\":{\"@id\":\"https:\\\/\\\/www.eldiario.net\\\/portal\\\/#website\"},\"primaryImageOfPage\":{\"@id\":\"https:\\\/\\\/www.eldiario.net\\\/portal\\\/2021\\\/05\\\/24\\\/jornada-de-fumigacion-y-limpieza-se-cumplio-en-tarija\\\/#primaryimage\"},\"image\":{\"@id\":\"https:\\\/\\\/www.eldiario.net\\\/portal\\\/2021\\\/05\\\/24\\\/jornada-de-fumigacion-y-limpieza-se-cumplio-en-tarija\\\/#primaryimage\"},\"thumbnailUrl\":\"\",\"datePublished\":\"2021-05-24T09:50:53+00:00\",\"breadcrumb\":{\"@id\":\"https:\\\/\\\/www.eldiario.net\\\/portal\\\/2021\\\/05\\\/24\\\/jornada-de-fumigacion-y-limpieza-se-cumplio-en-tarija\\\/#breadcrumb\"},\"inLanguage\":\"es\",\"potentialAction\":[{\"@type\":\"ReadAction\",\"target\":[\"https:\\\/\\\/www.eldiario.net\\\/portal\\\/2021\\\/05\\\/24\\\/jornada-de-fumigacion-y-limpieza-se-cumplio-en-tarija\\\/\"]}]},{\"@type\":\"ImageObject\",\"inLanguage\":\"es\",\"@id\":\"https:\\\/\\\/www.eldiario.net\\\/portal\\\/2021\\\/05\\\/24\\\/jornada-de-fumigacion-y-limpieza-se-cumplio-en-tarija\\\/#primaryimage\",\"url\":\"\",\"contentUrl\":\"\"},{\"@type\":\"BreadcrumbList\",\"@id\":\"https:\\\/\\\/www.eldiario.net\\\/portal\\\/2021\\\/05\\\/24\\\/jornada-de-fumigacion-y-limpieza-se-cumplio-en-tarija\\\/#breadcrumb\",\"itemListElement\":[{\"@type\":\"ListItem\",\"position\":1,\"name\":\"Portada\",\"item\":\"https:\\\/\\\/www.eldiario.net\\\/portal\\\/\"},{\"@type\":\"ListItem\",\"position\":2,\"name\":\"Jornada de fumigaci\u00f3n y limpieza se cumpli\u00f3 en Tarija\"}]},{\"@type\":\"WebSite\",\"@id\":\"https:\\\/\\\/www.eldiario.net\\\/portal\\\/#website\",\"url\":\"https:\\\/\\\/www.eldiario.net\\\/portal\\\/\",\"name\":\"El Diario - Decano de la prensa nacional\",\"description\":\"El Diario - Decano de la prensa nacional\",\"publisher\":{\"@id\":\"https:\\\/\\\/www.eldiario.net\\\/portal\\\/#organization\"},\"potentialAction\":[{\"@type\":\"SearchAction\",\"target\":{\"@type\":\"EntryPoint\",\"urlTemplate\":\"https:\\\/\\\/www.eldiario.net\\\/portal\\\/?s={search_term_string}\"},\"query-input\":{\"@type\":\"PropertyValueSpecification\",\"valueRequired\":true,\"valueName\":\"search_term_string\"}}],\"inLanguage\":\"es\"},{\"@type\":\"Organization\",\"@id\":\"https:\\\/\\\/www.eldiario.net\\\/portal\\\/#organization\",\"name\":\"El Diario - Decano de la prensa nacional\",\"url\":\"https:\\\/\\\/www.eldiario.net\\\/portal\\\/\",\"logo\":{\"@type\":\"ImageObject\",\"inLanguage\":\"es\",\"@id\":\"https:\\\/\\\/www.eldiario.net\\\/portal\\\/#\\\/schema\\\/logo\\\/image\\\/\",\"url\":\"https:\\\/\\\/www.eldiario.net\\\/portal\\\/wp-content\\\/uploads\\\/2023\\\/07\\\/logo_ED.jpg\",\"contentUrl\":\"https:\\\/\\\/www.eldiario.net\\\/portal\\\/wp-content\\\/uploads\\\/2023\\\/07\\\/logo_ED.jpg\",\"width\":272,\"height\":52,\"caption\":\"El Diario - Decano de la prensa nacional\"},\"image\":{\"@id\":\"https:\\\/\\\/www.eldiario.net\\\/portal\\\/#\\\/schema\\\/logo\\\/image\\\/\"},\"sameAs\":[\"https:\\\/\\\/www.facebook.com\\\/eldiario.bolivia\\\/\",\"https:\\\/\\\/x.com\\\/eldiario_net\"]},{\"@type\":\"Person\",\"@id\":\"https:\\\/\\\/www.eldiario.net\\\/portal\\\/#\\\/schema\\\/person\\\/f46445640444750d7d753ccd04ae01b7\",\"name\":\"Jeanette\",\"image\":{\"@type\":\"ImageObject\",\"inLanguage\":\"es\",\"@id\":\"https:\\\/\\\/secure.gravatar.com\\\/avatar\\\/3ea2118a5f7dad2b7138b1187a6b7ee55f160b9968b66013c3a3ef39dd7e5798?s=96&d=mm&r=g\",\"url\":\"https:\\\/\\\/secure.gravatar.com\\\/avatar\\\/3ea2118a5f7dad2b7138b1187a6b7ee55f160b9968b66013c3a3ef39dd7e5798?s=96&d=mm&r=g\",\"contentUrl\":\"https:\\\/\\\/secure.gravatar.com\\\/avatar\\\/3ea2118a5f7dad2b7138b1187a6b7ee55f160b9968b66013c3a3ef39dd7e5798?s=96&d=mm&r=g\",\"caption\":\"Jeanette\"},\"sameAs\":[\"https:\\\/\\\/www.eldiario.net\\\/portal\"],\"url\":\"https:\\\/\\\/www.eldiario.net\\\/portal\\\/author\\\/jeanette\\\/\"}]}<\/script>\n<!-- \/ Yoast SEO plugin. -->","yoast_head_json":{"title":"Jornada de fumigaci\u00f3n y limpieza se cumpli\u00f3 en Tarija - El Diario - Bolivia","robots":{"index":"index","follow":"follow","max-snippet":"max-snippet:-1","max-image-preview":"max-image-preview:large","max-video-preview":"max-video-preview:-1"},"canonical":"https:\/\/www.eldiario.net\/portal\/2021\/05\/24\/jornada-de-fumigacion-y-limpieza-se-cumplio-en-tarija\/","og_locale":"es_ES","og_type":"article","og_title":"Jornada de fumigaci\u00f3n y limpieza se cumpli\u00f3 en Tarija - El Diario - Bolivia","og_description":"El Gobierno Municipal del Cercado puso en marcha este domingo el plan fumigaci\u00f3n y limpieza en cinco distritos de la ciudad, encabezado por el alcalde Johnny Torres, quien pidi\u00f3 a los habitantes permanecer en sus hogares durante el encapsulamiento para realizar este trabajo. La poblaci\u00f3n acata las restricciones del Centro Operativo de Emergencias Municipales (COEM). [&hellip;]","og_url":"https:\/\/www.eldiario.net\/portal\/2021\/05\/24\/jornada-de-fumigacion-y-limpieza-se-cumplio-en-tarija\/","og_site_name":"El Diario - Bolivia","article_publisher":"https:\/\/www.facebook.com\/eldiario.bolivia\/","article_published_time":"2021-05-24T09:50:53+00:00","author":"Jeanette","twitter_card":"summary_large_image","twitter_creator":"@eldiario_net","twitter_site":"@eldiario_net","twitter_misc":{"Escrito por":"Jeanette","Tiempo de lectura":"2 minutos"},"schema":{"@context":"https:\/\/schema.org","@graph":[{"@type":"Article","@id":"https:\/\/www.eldiario.net\/portal\/2021\/05\/24\/jornada-de-fumigacion-y-limpieza-se-cumplio-en-tarija\/#article","isPartOf":{"@id":"https:\/\/www.eldiario.net\/portal\/2021\/05\/24\/jornada-de-fumigacion-y-limpieza-se-cumplio-en-tarija\/"},"author":{"name":"Jeanette","@id":"https:\/\/www.eldiario.net\/portal\/#\/schema\/person\/f46445640444750d7d753ccd04ae01b7"},"headline":"Jornada de fumigaci\u00f3n y limpieza se cumpli\u00f3 en Tarija","datePublished":"2021-05-24T09:50:53+00:00","mainEntityOfPage":{"@id":"https:\/\/www.eldiario.net\/portal\/2021\/05\/24\/jornada-de-fumigacion-y-limpieza-se-cumplio-en-tarija\/"},"wordCount":369,"publisher":{"@id":"https:\/\/www.eldiario.net\/portal\/#organization"},"image":{"@id":"https:\/\/www.eldiario.net\/portal\/2021\/05\/24\/jornada-de-fumigacion-y-limpieza-se-cumplio-en-tarija\/#primaryimage"},"thumbnailUrl":"","articleSection":["Nacional"],"inLanguage":"es"},{"@type":"WebPage","@id":"https:\/\/www.eldiario.net\/portal\/2021\/05\/24\/jornada-de-fumigacion-y-limpieza-se-cumplio-en-tarija\/","url":"https:\/\/www.eldiario.net\/portal\/2021\/05\/24\/jornada-de-fumigacion-y-limpieza-se-cumplio-en-tarija\/","name":"Jornada de fumigaci\u00f3n y limpieza se cumpli\u00f3 en Tarija - El Diario - Bolivia","isPartOf":{"@id":"https:\/\/www.eldiario.net\/portal\/#website"},"primaryImageOfPage":{"@id":"https:\/\/www.eldiario.net\/portal\/2021\/05\/24\/jornada-de-fumigacion-y-limpieza-se-cumplio-en-tarija\/#primaryimage"},"image":{"@id":"https:\/\/www.eldiario.net\/portal\/2021\/05\/24\/jornada-de-fumigacion-y-limpieza-se-cumplio-en-tarija\/#primaryimage"},"thumbnailUrl":"","datePublished":"2021-05-24T09:50:53+00:00","breadcrumb":{"@id":"https:\/\/www.eldiario.net\/portal\/2021\/05\/24\/jornada-de-fumigacion-y-limpieza-se-cumplio-en-tarija\/#breadcrumb"},"inLanguage":"es","potentialAction":[{"@type":"ReadAction","target":["https:\/\/www.eldiario.net\/portal\/2021\/05\/24\/jornada-de-fumigacion-y-limpieza-se-cumplio-en-tarija\/"]}]},{"@type":"ImageObject","inLanguage":"es","@id":"https:\/\/www.eldiario.net\/portal\/2021\/05\/24\/jornada-de-fumigacion-y-limpieza-se-cumplio-en-tarija\/#primaryimage","url":"","contentUrl":""},{"@type":"BreadcrumbList","@id":"https:\/\/www.eldiario.net\/portal\/2021\/05\/24\/jornada-de-fumigacion-y-limpieza-se-cumplio-en-tarija\/#breadcrumb","itemListElement":[{"@type":"ListItem","position":1,"name":"Portada","item":"https:\/\/www.eldiario.net\/portal\/"},{"@type":"ListItem","position":2,"name":"Jornada de fumigaci\u00f3n y limpieza se cumpli\u00f3 en Tarija"}]},{"@type":"WebSite","@id":"https:\/\/www.eldiario.net\/portal\/#website","url":"https:\/\/www.eldiario.net\/portal\/","name":"El Diario - Decano de la prensa nacional","description":"El Diario - Decano de la prensa nacional","publisher":{"@id":"https:\/\/www.eldiario.net\/portal\/#organization"},"potentialAction":[{"@type":"SearchAction","target":{"@type":"EntryPoint","urlTemplate":"https:\/\/www.eldiario.net\/portal\/?s={search_term_string}"},"query-input":{"@type":"PropertyValueSpecification","valueRequired":true,"valueName":"search_term_string"}}],"inLanguage":"es"},{"@type":"Organization","@id":"https:\/\/www.eldiario.net\/portal\/#organization","name":"El Diario - Decano de la prensa nacional","url":"https:\/\/www.eldiario.net\/portal\/","logo":{"@type":"ImageObject","inLanguage":"es","@id":"https:\/\/www.eldiario.net\/portal\/#\/schema\/logo\/image\/","url":"https:\/\/www.eldiario.net\/portal\/wp-content\/uploads\/2023\/07\/logo_ED.jpg","contentUrl":"https:\/\/www.eldiario.net\/portal\/wp-content\/uploads\/2023\/07\/logo_ED.jpg","width":272,"height":52,"caption":"El Diario - Decano de la prensa nacional"},"image":{"@id":"https:\/\/www.eldiario.net\/portal\/#\/schema\/logo\/image\/"},"sameAs":["https:\/\/www.facebook.com\/eldiario.bolivia\/","https:\/\/x.com\/eldiario_net"]},{"@type":"Person","@id":"https:\/\/www.eldiario.net\/portal\/#\/schema\/person\/f46445640444750d7d753ccd04ae01b7","name":"Jeanette","image":{"@type":"ImageObject","inLanguage":"es","@id":"https:\/\/secure.gravatar.com\/avatar\/3ea2118a5f7dad2b7138b1187a6b7ee55f160b9968b66013c3a3ef39dd7e5798?s=96&d=mm&r=g","url":"https:\/\/secure.gravatar.com\/avatar\/3ea2118a5f7dad2b7138b1187a6b7ee55f160b9968b66013c3a3ef39dd7e5798?s=96&d=mm&r=g","contentUrl":"https:\/\/secure.gravatar.com\/avatar\/3ea2118a5f7dad2b7138b1187a6b7ee55f160b9968b66013c3a3ef39dd7e5798?s=96&d=mm&r=g","caption":"Jeanette"},"sameAs":["https:\/\/www.eldiario.net\/portal"],"url":"https:\/\/www.eldiario.net\/portal\/author\/jeanette\/"}]}},"_links":{"self":[{"href":"https:\/\/www.eldiario.net\/portal\/wp-json\/wp\/v2\/posts\/5995","targetHints":{"allow":["GET"]}}],"collection":[{"href":"https:\/\/www.eldiario.net\/portal\/wp-json\/wp\/v2\/posts"}],"about":[{"href":"https:\/\/www.eldiario.net\/portal\/wp-json\/wp\/v2\/types\/post"}],"author":[{"embeddable":true,"href":"https:\/\/www.eldiario.net\/portal\/wp-json\/wp\/v2\/users\/1"}],"replies":[{"embeddable":true,"href":"https:\/\/www.eldiario.net\/portal\/wp-json\/wp\/v2\/comments?post=5995"}],"version-history":[{"count":0,"href":"https:\/\/www.eldiario.net\/portal\/wp-json\/wp\/v2\/posts\/5995\/revisions"}],"wp:attachment":[{"href":"https:\/\/www.eldiario.net\/portal\/wp-json\/wp\/v2\/media?parent=5995"}],"wp:term":[{"taxonomy":"category","embeddable":true,"href":"https:\/\/www.eldiario.net\/portal\/wp-json\/wp\/v2\/categories?post=5995"},{"taxonomy":"post_tag","embeddable":true,"href":"https:\/\/www.eldiario.net\/portal\/wp-json\/wp\/v2\/tags?post=5995"}],"curies":[{"name":"wp","href":"https:\/\/api.w.org\/{rel}","templated":true}]}}