{"id":5988,"date":"2021-05-24T05:47:56","date_gmt":"2021-05-24T09:47:56","guid":{"rendered":"https:\/\/www.eldiario.net\/portal\/?p=5988"},"modified":"2021-05-24T05:47:56","modified_gmt":"2021-05-24T09:47:56","slug":"instalan-segunda-planta-de-oxigeno-en-hospital","status":"publish","type":"post","link":"https:\/\/www.eldiario.net\/portal\/2021\/05\/24\/instalan-segunda-planta-de-oxigeno-en-hospital\/","title":{"rendered":"Instalan segunda planta de ox\u00edgeno en hospital"},"content":{"rendered":"<p class=\"v1MsoNormal\">Una segunda planta de producci\u00f3n de ox\u00edgeno medicinal fue instalada en el Hospital \u201cPresidente Germ\u00e1n Busch\u201d, ante la demanda de ese insumo en la ciudad de Trinidad. El gobernador del Beni, Jos\u00e9 Alejandro Unzueta dijo que la misma cuenta con una capacidad de generar 94 a 100 tubos diarios para atender a los pacientes graves con\u00a0 Covid-19.<\/p>\n<p class=\"v1MsoNormal\">\u201cEsta planta de ox\u00edgeno es un gran logro para todos los benianos (\u2026) nuestro compromiso siempre va ser primero la salud, porque un pueblo sano es un pueblo que trabaja\u201d, manifest\u00f3.<\/p>\n<p class=\"v1MsoNormal\">Afirm\u00f3 que es un paso ante el desaf\u00edo de trabajar con disciplina y dedicaci\u00f3n de servicio a la gente.<\/p>\n<p class=\"v1MsoNormal\">El Ejecutivo, asegur\u00f3 que la recarga de ox\u00edgeno ser\u00e1 gratis para las personas que lo requieran, as\u00ed instruy\u00f3 a las autoridades de ese nosocomio de tercer nivel.<\/p>\n<p class=\"v1MsoNormal\">\u201cCon el Gobierno Departamental y Municipal se acabaron aquellos negociantes de la salud, nuestra premisa ser\u00e1 siempre la salud por encima de todo; el ox\u00edgeno ser\u00e1 gratis para todos los benianos\u201d, asegur\u00f3.<\/p>\n<p class=\"v1MsoNormal\">El secretario departamental de Desarrollo Humano, Lu\u00eds Su\u00e1rez, asegur\u00f3 que esa planta servir\u00e1 tambi\u00e9n para abastecer a las provincias que est\u00e1n afectadas por el virus.<\/p>\n<p class=\"v1MsoNormal\">Paralelamente, se ejecuta el plan de contingencia para contener la pandemia con brigadas m\u00e9dicas y la dotaci\u00f3n de insumos.<\/p>\n<p class=\"v1MsoNormal\">\u201cHemos visto la necesidad de ox\u00edgeno que hay en las redes de salud del departamento, una de las metas del Gobernador es salvar vidas, es por eso que est\u00e1 haciendo hasta lo imposible con su propio dinero\u201d, destac\u00f3 el director del Servicio Departamental de Salud, Juan Carlos Sakamoto.<\/p>\n<p class=\"v1MsoNormal\">Asegur\u00f3 que los casos de coronavirus a nivel departamental disminuyeron de 170 a 52, seg\u00fan los recientes datos.<\/p>\n<p class=\"v1MsoNormal\">Por su lado el alcalde de Trinidad, Cristhian Miguel C\u00e1mara, record\u00f3 que d\u00edas atr\u00e1s se peregrin\u00f3 por varios lugares para conseguir ox\u00edgeno, pero ahora se tiene una nueva planta en Trinidad.<\/p>\n<p class=\"v1MsoNormal\">\u201cCon la gran voluntad del Gobernador tenemos una planta de ox\u00edgeno, creo que todos los ve\u00edamos lejos, pero cuando hay voluntad todo es posible\u201d, resalt\u00f3.<\/p>\n<p class=\"v1MsoNormal\">Hizo notar que el beneficio es para todo el Beni, porque desde las provincias llegan pacientes para ser atendidos en Trinidad porque se tiene mejores condiciones en el sistema de salud.<\/p>\n<p class=\"v1MsoNormal\">Coment\u00f3 que con un trabajo en equipo se consigue resultados que benefician a la gente en este periodo de emergencia sanitaria. Cuando se trabaja con voluntad las cosas surgen, agreg\u00f3. (La Palabra del Beni)<\/p>\n","protected":false},"excerpt":{"rendered":"<p>Una segunda planta de producci\u00f3n de ox\u00edgeno medicinal fue instalada en el Hospital \u201cPresidente Germ\u00e1n Busch\u201d, ante la demanda de ese insumo en la ciudad de Trinidad. El gobernador del Beni, Jos\u00e9 Alejandro Unzueta dijo que la misma cuenta con una capacidad de generar 94 a 100 tubos diarios para atender a los pacientes graves [&hellip;]<\/p>\n","protected":false},"author":1,"featured_media":5990,"comment_status":"closed","ping_status":"closed","sticky":false,"template":"","format":"standard","meta":{"_acf_changed":false,"footnotes":""},"categories":[12],"tags":[],"class_list":["post-5988","post","type-post","status-publish","format-standard","has-post-thumbnail","category-nacional"],"acf":{"antetitulo":""},"yoast_head":"<!-- This site is optimized with the Yoast SEO plugin v28.3 - https:\/\/yoast.com\/product\/yoast-seo-wordpress\/ -->\n<title>Instalan segunda planta de ox\u00edgeno en hospital - El Diario - Bolivia<\/title>\n<meta name=\"robots\" content=\"index, follow, max-snippet:-1, max-image-preview:large, max-video-preview:-1\" \/>\n<link rel=\"canonical\" href=\"https:\/\/www.eldiario.net\/portal\/2021\/05\/24\/instalan-segunda-planta-de-oxigeno-en-hospital\/\" \/>\n<meta property=\"og:locale\" content=\"es_ES\" \/>\n<meta property=\"og:type\" content=\"article\" \/>\n<meta property=\"og:title\" content=\"Instalan segunda planta de ox\u00edgeno en hospital - El Diario - Bolivia\" \/>\n<meta property=\"og:description\" content=\"Una segunda planta de producci\u00f3n de ox\u00edgeno medicinal fue instalada en el Hospital \u201cPresidente Germ\u00e1n Busch\u201d, ante la demanda de ese insumo en la ciudad de Trinidad. El gobernador del Beni, Jos\u00e9 Alejandro Unzueta dijo que la misma cuenta con una capacidad de generar 94 a 100 tubos diarios para atender a los pacientes graves [&hellip;]\" \/>\n<meta property=\"og:url\" content=\"https:\/\/www.eldiario.net\/portal\/2021\/05\/24\/instalan-segunda-planta-de-oxigeno-en-hospital\/\" \/>\n<meta property=\"og:site_name\" content=\"El Diario - Bolivia\" \/>\n<meta property=\"article:publisher\" content=\"https:\/\/www.facebook.com\/eldiario.bolivia\/\" \/>\n<meta property=\"article:published_time\" content=\"2021-05-24T09:47:56+00:00\" \/>\n<meta property=\"og:image\" content=\"https:\/\/www.eldiario.net\/portal\/wp-content\/uploads\/2021\/05\/planta-de-oxigeno-lpb.jpg\" \/>\n\t<meta property=\"og:image:width\" content=\"834\" \/>\n\t<meta property=\"og:image:height\" content=\"470\" \/>\n\t<meta property=\"og:image:type\" content=\"image\/jpeg\" \/>\n<meta name=\"author\" content=\"Jeanette\" \/>\n<meta name=\"twitter:card\" content=\"summary_large_image\" \/>\n<meta name=\"twitter:creator\" content=\"@eldiario_net\" \/>\n<meta name=\"twitter:site\" content=\"@eldiario_net\" \/>\n<meta name=\"twitter:label1\" content=\"Escrito por\" \/>\n\t<meta name=\"twitter:data1\" content=\"Jeanette\" \/>\n\t<meta name=\"twitter:label2\" content=\"Tiempo de lectura\" \/>\n\t<meta name=\"twitter:data2\" content=\"2 minutos\" \/>\n<script type=\"application\/ld+json\" class=\"yoast-schema-graph\">{\"@context\":\"https:\\\/\\\/schema.org\",\"@graph\":[{\"@type\":\"Article\",\"@id\":\"https:\\\/\\\/www.eldiario.net\\\/portal\\\/2021\\\/05\\\/24\\\/instalan-segunda-planta-de-oxigeno-en-hospital\\\/#article\",\"isPartOf\":{\"@id\":\"https:\\\/\\\/www.eldiario.net\\\/portal\\\/2021\\\/05\\\/24\\\/instalan-segunda-planta-de-oxigeno-en-hospital\\\/\"},\"author\":{\"name\":\"Jeanette\",\"@id\":\"https:\\\/\\\/www.eldiario.net\\\/portal\\\/#\\\/schema\\\/person\\\/f46445640444750d7d753ccd04ae01b7\"},\"headline\":\"Instalan segunda planta de ox\u00edgeno en hospital\",\"datePublished\":\"2021-05-24T09:47:56+00:00\",\"mainEntityOfPage\":{\"@id\":\"https:\\\/\\\/www.eldiario.net\\\/portal\\\/2021\\\/05\\\/24\\\/instalan-segunda-planta-de-oxigeno-en-hospital\\\/\"},\"wordCount\":422,\"publisher\":{\"@id\":\"https:\\\/\\\/www.eldiario.net\\\/portal\\\/#organization\"},\"image\":{\"@id\":\"https:\\\/\\\/www.eldiario.net\\\/portal\\\/2021\\\/05\\\/24\\\/instalan-segunda-planta-de-oxigeno-en-hospital\\\/#primaryimage\"},\"thumbnailUrl\":\"https:\\\/\\\/www.eldiario.net\\\/portal\\\/wp-content\\\/uploads\\\/2021\\\/05\\\/planta-de-oxigeno-lpb.jpg\",\"articleSection\":[\"Nacional\"],\"inLanguage\":\"es\"},{\"@type\":\"WebPage\",\"@id\":\"https:\\\/\\\/www.eldiario.net\\\/portal\\\/2021\\\/05\\\/24\\\/instalan-segunda-planta-de-oxigeno-en-hospital\\\/\",\"url\":\"https:\\\/\\\/www.eldiario.net\\\/portal\\\/2021\\\/05\\\/24\\\/instalan-segunda-planta-de-oxigeno-en-hospital\\\/\",\"name\":\"Instalan segunda planta de ox\u00edgeno en hospital - El Diario - Bolivia\",\"isPartOf\":{\"@id\":\"https:\\\/\\\/www.eldiario.net\\\/portal\\\/#website\"},\"primaryImageOfPage\":{\"@id\":\"https:\\\/\\\/www.eldiario.net\\\/portal\\\/2021\\\/05\\\/24\\\/instalan-segunda-planta-de-oxigeno-en-hospital\\\/#primaryimage\"},\"image\":{\"@id\":\"https:\\\/\\\/www.eldiario.net\\\/portal\\\/2021\\\/05\\\/24\\\/instalan-segunda-planta-de-oxigeno-en-hospital\\\/#primaryimage\"},\"thumbnailUrl\":\"https:\\\/\\\/www.eldiario.net\\\/portal\\\/wp-content\\\/uploads\\\/2021\\\/05\\\/planta-de-oxigeno-lpb.jpg\",\"datePublished\":\"2021-05-24T09:47:56+00:00\",\"breadcrumb\":{\"@id\":\"https:\\\/\\\/www.eldiario.net\\\/portal\\\/2021\\\/05\\\/24\\\/instalan-segunda-planta-de-oxigeno-en-hospital\\\/#breadcrumb\"},\"inLanguage\":\"es\",\"potentialAction\":[{\"@type\":\"ReadAction\",\"target\":[\"https:\\\/\\\/www.eldiario.net\\\/portal\\\/2021\\\/05\\\/24\\\/instalan-segunda-planta-de-oxigeno-en-hospital\\\/\"]}]},{\"@type\":\"ImageObject\",\"inLanguage\":\"es\",\"@id\":\"https:\\\/\\\/www.eldiario.net\\\/portal\\\/2021\\\/05\\\/24\\\/instalan-segunda-planta-de-oxigeno-en-hospital\\\/#primaryimage\",\"url\":\"https:\\\/\\\/www.eldiario.net\\\/portal\\\/wp-content\\\/uploads\\\/2021\\\/05\\\/planta-de-oxigeno-lpb.jpg\",\"contentUrl\":\"https:\\\/\\\/www.eldiario.net\\\/portal\\\/wp-content\\\/uploads\\\/2021\\\/05\\\/planta-de-oxigeno-lpb.jpg\",\"width\":834,\"height\":470},{\"@type\":\"BreadcrumbList\",\"@id\":\"https:\\\/\\\/www.eldiario.net\\\/portal\\\/2021\\\/05\\\/24\\\/instalan-segunda-planta-de-oxigeno-en-hospital\\\/#breadcrumb\",\"itemListElement\":[{\"@type\":\"ListItem\",\"position\":1,\"name\":\"Portada\",\"item\":\"https:\\\/\\\/www.eldiario.net\\\/portal\\\/\"},{\"@type\":\"ListItem\",\"position\":2,\"name\":\"Instalan segunda planta de ox\u00edgeno en hospital\"}]},{\"@type\":\"WebSite\",\"@id\":\"https:\\\/\\\/www.eldiario.net\\\/portal\\\/#website\",\"url\":\"https:\\\/\\\/www.eldiario.net\\\/portal\\\/\",\"name\":\"El Diario - Decano de la prensa nacional\",\"description\":\"El Diario - Decano de la prensa nacional\",\"publisher\":{\"@id\":\"https:\\\/\\\/www.eldiario.net\\\/portal\\\/#organization\"},\"potentialAction\":[{\"@type\":\"SearchAction\",\"target\":{\"@type\":\"EntryPoint\",\"urlTemplate\":\"https:\\\/\\\/www.eldiario.net\\\/portal\\\/?s={search_term_string}\"},\"query-input\":{\"@type\":\"PropertyValueSpecification\",\"valueRequired\":true,\"valueName\":\"search_term_string\"}}],\"inLanguage\":\"es\"},{\"@type\":\"Organization\",\"@id\":\"https:\\\/\\\/www.eldiario.net\\\/portal\\\/#organization\",\"name\":\"El Diario - Decano de la prensa nacional\",\"url\":\"https:\\\/\\\/www.eldiario.net\\\/portal\\\/\",\"logo\":{\"@type\":\"ImageObject\",\"inLanguage\":\"es\",\"@id\":\"https:\\\/\\\/www.eldiario.net\\\/portal\\\/#\\\/schema\\\/logo\\\/image\\\/\",\"url\":\"https:\\\/\\\/www.eldiario.net\\\/portal\\\/wp-content\\\/uploads\\\/2023\\\/07\\\/logo_ED.jpg\",\"contentUrl\":\"https:\\\/\\\/www.eldiario.net\\\/portal\\\/wp-content\\\/uploads\\\/2023\\\/07\\\/logo_ED.jpg\",\"width\":272,\"height\":52,\"caption\":\"El Diario - Decano de la prensa nacional\"},\"image\":{\"@id\":\"https:\\\/\\\/www.eldiario.net\\\/portal\\\/#\\\/schema\\\/logo\\\/image\\\/\"},\"sameAs\":[\"https:\\\/\\\/www.facebook.com\\\/eldiario.bolivia\\\/\",\"https:\\\/\\\/x.com\\\/eldiario_net\"]},{\"@type\":\"Person\",\"@id\":\"https:\\\/\\\/www.eldiario.net\\\/portal\\\/#\\\/schema\\\/person\\\/f46445640444750d7d753ccd04ae01b7\",\"name\":\"Jeanette\",\"image\":{\"@type\":\"ImageObject\",\"inLanguage\":\"es\",\"@id\":\"https:\\\/\\\/secure.gravatar.com\\\/avatar\\\/3ea2118a5f7dad2b7138b1187a6b7ee55f160b9968b66013c3a3ef39dd7e5798?s=96&d=mm&r=g\",\"url\":\"https:\\\/\\\/secure.gravatar.com\\\/avatar\\\/3ea2118a5f7dad2b7138b1187a6b7ee55f160b9968b66013c3a3ef39dd7e5798?s=96&d=mm&r=g\",\"contentUrl\":\"https:\\\/\\\/secure.gravatar.com\\\/avatar\\\/3ea2118a5f7dad2b7138b1187a6b7ee55f160b9968b66013c3a3ef39dd7e5798?s=96&d=mm&r=g\",\"caption\":\"Jeanette\"},\"sameAs\":[\"https:\\\/\\\/www.eldiario.net\\\/portal\"],\"url\":\"https:\\\/\\\/www.eldiario.net\\\/portal\\\/author\\\/jeanette\\\/\"}]}<\/script>\n<!-- \/ Yoast SEO plugin. -->","yoast_head_json":{"title":"Instalan segunda planta de ox\u00edgeno en hospital - El Diario - Bolivia","robots":{"index":"index","follow":"follow","max-snippet":"max-snippet:-1","max-image-preview":"max-image-preview:large","max-video-preview":"max-video-preview:-1"},"canonical":"https:\/\/www.eldiario.net\/portal\/2021\/05\/24\/instalan-segunda-planta-de-oxigeno-en-hospital\/","og_locale":"es_ES","og_type":"article","og_title":"Instalan segunda planta de ox\u00edgeno en hospital - El Diario - Bolivia","og_description":"Una segunda planta de producci\u00f3n de ox\u00edgeno medicinal fue instalada en el Hospital \u201cPresidente Germ\u00e1n Busch\u201d, ante la demanda de ese insumo en la ciudad de Trinidad. El gobernador del Beni, Jos\u00e9 Alejandro Unzueta dijo que la misma cuenta con una capacidad de generar 94 a 100 tubos diarios para atender a los pacientes graves [&hellip;]","og_url":"https:\/\/www.eldiario.net\/portal\/2021\/05\/24\/instalan-segunda-planta-de-oxigeno-en-hospital\/","og_site_name":"El Diario - Bolivia","article_publisher":"https:\/\/www.facebook.com\/eldiario.bolivia\/","article_published_time":"2021-05-24T09:47:56+00:00","og_image":[{"width":834,"height":470,"url":"https:\/\/www.eldiario.net\/portal\/wp-content\/uploads\/2021\/05\/planta-de-oxigeno-lpb.jpg","type":"image\/jpeg"}],"author":"Jeanette","twitter_card":"summary_large_image","twitter_creator":"@eldiario_net","twitter_site":"@eldiario_net","twitter_misc":{"Escrito por":"Jeanette","Tiempo de lectura":"2 minutos"},"schema":{"@context":"https:\/\/schema.org","@graph":[{"@type":"Article","@id":"https:\/\/www.eldiario.net\/portal\/2021\/05\/24\/instalan-segunda-planta-de-oxigeno-en-hospital\/#article","isPartOf":{"@id":"https:\/\/www.eldiario.net\/portal\/2021\/05\/24\/instalan-segunda-planta-de-oxigeno-en-hospital\/"},"author":{"name":"Jeanette","@id":"https:\/\/www.eldiario.net\/portal\/#\/schema\/person\/f46445640444750d7d753ccd04ae01b7"},"headline":"Instalan segunda planta de ox\u00edgeno en hospital","datePublished":"2021-05-24T09:47:56+00:00","mainEntityOfPage":{"@id":"https:\/\/www.eldiario.net\/portal\/2021\/05\/24\/instalan-segunda-planta-de-oxigeno-en-hospital\/"},"wordCount":422,"publisher":{"@id":"https:\/\/www.eldiario.net\/portal\/#organization"},"image":{"@id":"https:\/\/www.eldiario.net\/portal\/2021\/05\/24\/instalan-segunda-planta-de-oxigeno-en-hospital\/#primaryimage"},"thumbnailUrl":"https:\/\/www.eldiario.net\/portal\/wp-content\/uploads\/2021\/05\/planta-de-oxigeno-lpb.jpg","articleSection":["Nacional"],"inLanguage":"es"},{"@type":"WebPage","@id":"https:\/\/www.eldiario.net\/portal\/2021\/05\/24\/instalan-segunda-planta-de-oxigeno-en-hospital\/","url":"https:\/\/www.eldiario.net\/portal\/2021\/05\/24\/instalan-segunda-planta-de-oxigeno-en-hospital\/","name":"Instalan segunda planta de ox\u00edgeno en hospital - El Diario - Bolivia","isPartOf":{"@id":"https:\/\/www.eldiario.net\/portal\/#website"},"primaryImageOfPage":{"@id":"https:\/\/www.eldiario.net\/portal\/2021\/05\/24\/instalan-segunda-planta-de-oxigeno-en-hospital\/#primaryimage"},"image":{"@id":"https:\/\/www.eldiario.net\/portal\/2021\/05\/24\/instalan-segunda-planta-de-oxigeno-en-hospital\/#primaryimage"},"thumbnailUrl":"https:\/\/www.eldiario.net\/portal\/wp-content\/uploads\/2021\/05\/planta-de-oxigeno-lpb.jpg","datePublished":"2021-05-24T09:47:56+00:00","breadcrumb":{"@id":"https:\/\/www.eldiario.net\/portal\/2021\/05\/24\/instalan-segunda-planta-de-oxigeno-en-hospital\/#breadcrumb"},"inLanguage":"es","potentialAction":[{"@type":"ReadAction","target":["https:\/\/www.eldiario.net\/portal\/2021\/05\/24\/instalan-segunda-planta-de-oxigeno-en-hospital\/"]}]},{"@type":"ImageObject","inLanguage":"es","@id":"https:\/\/www.eldiario.net\/portal\/2021\/05\/24\/instalan-segunda-planta-de-oxigeno-en-hospital\/#primaryimage","url":"https:\/\/www.eldiario.net\/portal\/wp-content\/uploads\/2021\/05\/planta-de-oxigeno-lpb.jpg","contentUrl":"https:\/\/www.eldiario.net\/portal\/wp-content\/uploads\/2021\/05\/planta-de-oxigeno-lpb.jpg","width":834,"height":470},{"@type":"BreadcrumbList","@id":"https:\/\/www.eldiario.net\/portal\/2021\/05\/24\/instalan-segunda-planta-de-oxigeno-en-hospital\/#breadcrumb","itemListElement":[{"@type":"ListItem","position":1,"name":"Portada","item":"https:\/\/www.eldiario.net\/portal\/"},{"@type":"ListItem","position":2,"name":"Instalan segunda planta de ox\u00edgeno en hospital"}]},{"@type":"WebSite","@id":"https:\/\/www.eldiario.net\/portal\/#website","url":"https:\/\/www.eldiario.net\/portal\/","name":"El Diario - Decano de la prensa nacional","description":"El Diario - Decano de la prensa nacional","publisher":{"@id":"https:\/\/www.eldiario.net\/portal\/#organization"},"potentialAction":[{"@type":"SearchAction","target":{"@type":"EntryPoint","urlTemplate":"https:\/\/www.eldiario.net\/portal\/?s={search_term_string}"},"query-input":{"@type":"PropertyValueSpecification","valueRequired":true,"valueName":"search_term_string"}}],"inLanguage":"es"},{"@type":"Organization","@id":"https:\/\/www.eldiario.net\/portal\/#organization","name":"El Diario - Decano de la prensa nacional","url":"https:\/\/www.eldiario.net\/portal\/","logo":{"@type":"ImageObject","inLanguage":"es","@id":"https:\/\/www.eldiario.net\/portal\/#\/schema\/logo\/image\/","url":"https:\/\/www.eldiario.net\/portal\/wp-content\/uploads\/2023\/07\/logo_ED.jpg","contentUrl":"https:\/\/www.eldiario.net\/portal\/wp-content\/uploads\/2023\/07\/logo_ED.jpg","width":272,"height":52,"caption":"El Diario - Decano de la prensa nacional"},"image":{"@id":"https:\/\/www.eldiario.net\/portal\/#\/schema\/logo\/image\/"},"sameAs":["https:\/\/www.facebook.com\/eldiario.bolivia\/","https:\/\/x.com\/eldiario_net"]},{"@type":"Person","@id":"https:\/\/www.eldiario.net\/portal\/#\/schema\/person\/f46445640444750d7d753ccd04ae01b7","name":"Jeanette","image":{"@type":"ImageObject","inLanguage":"es","@id":"https:\/\/secure.gravatar.com\/avatar\/3ea2118a5f7dad2b7138b1187a6b7ee55f160b9968b66013c3a3ef39dd7e5798?s=96&d=mm&r=g","url":"https:\/\/secure.gravatar.com\/avatar\/3ea2118a5f7dad2b7138b1187a6b7ee55f160b9968b66013c3a3ef39dd7e5798?s=96&d=mm&r=g","contentUrl":"https:\/\/secure.gravatar.com\/avatar\/3ea2118a5f7dad2b7138b1187a6b7ee55f160b9968b66013c3a3ef39dd7e5798?s=96&d=mm&r=g","caption":"Jeanette"},"sameAs":["https:\/\/www.eldiario.net\/portal"],"url":"https:\/\/www.eldiario.net\/portal\/author\/jeanette\/"}]}},"_links":{"self":[{"href":"https:\/\/www.eldiario.net\/portal\/wp-json\/wp\/v2\/posts\/5988","targetHints":{"allow":["GET"]}}],"collection":[{"href":"https:\/\/www.eldiario.net\/portal\/wp-json\/wp\/v2\/posts"}],"about":[{"href":"https:\/\/www.eldiario.net\/portal\/wp-json\/wp\/v2\/types\/post"}],"author":[{"embeddable":true,"href":"https:\/\/www.eldiario.net\/portal\/wp-json\/wp\/v2\/users\/1"}],"replies":[{"embeddable":true,"href":"https:\/\/www.eldiario.net\/portal\/wp-json\/wp\/v2\/comments?post=5988"}],"version-history":[{"count":0,"href":"https:\/\/www.eldiario.net\/portal\/wp-json\/wp\/v2\/posts\/5988\/revisions"}],"wp:featuredmedia":[{"embeddable":true,"href":"https:\/\/www.eldiario.net\/portal\/wp-json\/wp\/v2\/media\/5990"}],"wp:attachment":[{"href":"https:\/\/www.eldiario.net\/portal\/wp-json\/wp\/v2\/media?parent=5988"}],"wp:term":[{"taxonomy":"category","embeddable":true,"href":"https:\/\/www.eldiario.net\/portal\/wp-json\/wp\/v2\/categories?post=5988"},{"taxonomy":"post_tag","embeddable":true,"href":"https:\/\/www.eldiario.net\/portal\/wp-json\/wp\/v2\/tags?post=5988"}],"curies":[{"name":"wp","href":"https:\/\/api.w.org\/{rel}","templated":true}]}}