{"id":5984,"date":"2021-05-24T05:47:05","date_gmt":"2021-05-24T09:47:05","guid":{"rendered":"https:\/\/www.eldiario.net\/portal\/?p=5984"},"modified":"2021-05-24T05:47:05","modified_gmt":"2021-05-24T09:47:05","slug":"banco-mundial-plantea-medidas-para-reactivar-empresas-y-mipymes","status":"publish","type":"post","link":"https:\/\/www.eldiario.net\/portal\/2021\/05\/24\/banco-mundial-plantea-medidas-para-reactivar-empresas-y-mipymes\/","title":{"rendered":"Banco Mundial plantea medidas para reactivar empresas y Mipymes"},"content":{"rendered":"<p>Tanto el Banco Mundial como instituciones plantean varias herramientas para que las empresas y las Mipymes puedan lidiar con la pandemia y encaminar su proceso de desarrollo para recuperar lo que perdieron el a\u00f1o 2020. Las propuestas van desde acelerar el ingreso digital hasta el financiamiento, as\u00ed como pol\u00edticas fiscales de apoyo.<br \/>\nLa pandemia provoc\u00f3 iliquidez en las empresas, debido a las medidas dispuestas por los gobiernos en la regi\u00f3n. En Bolivia, se aplic\u00f3 una cuarentena r\u00edgida casi tres meses, lo que oblig\u00f3 al Gobierno a generar recursos para otorgar bonos sociales a las familias, aunque solo por una vez a comparaci\u00f3n de pa\u00edses vecinos, que la ayuda se extendi\u00f3 por varios meses.<br \/>\nEl cierre de empresas y el aumento del desempleo provocado por la covid-19, ha dejado a millones de personas sin su fuente de trabajo, y aument\u00f3 la pobreza en la regi\u00f3n, y los organismos internacionales se\u00f1alan que se retrocedi\u00f3 en los avances que se dieron en la \u00faltima d\u00e9cada a ra\u00edz del alto precio de las materias primas.<br \/>\nUn art\u00edculo de Caroline Freund, directora mundial de Comercio, Inversi\u00f3n y Competitividad del Banco Mundial, y Jean Pesme, Global Director of Finance, en su art\u00edculo de opini\u00f3n plantean cinco pasos para que los gobiernos ayuden a las empresas,<br \/>\nEntretanto, Microsoft cre\u00f3 \u201cReimagina tu PYME\u201d, un evento virtual para mejorar la agilidad de las PyMEs, la velocidad de comercializaci\u00f3n y la estabilidad para reinventarse con \u00e9xito para el futuro. Las PyMEs son el motor de crecimiento y desarrollo en la econom\u00eda en Am\u00e9rica Latina y para ayudarlas en su jornada de adaptaci\u00f3n, transformaci\u00f3n y reinvenci\u00f3n de su negocio.<\/p>\n<p>Datos<br \/>\nEl empresariado boliviano report\u00f3 m\u00e1s de 400 mil empleos, y solo en la industria nacional el n\u00famero de p\u00e9rdidas fue de 70.000. Plantearon varias propuestas para encarar la reactivaci\u00f3n de la econom\u00eda, como la flexibilizaci\u00f3n laboral, acceso a financiamiento, seguridad jur\u00eddica para la inversi\u00f3n y apoyo econ\u00f3mico para dinamizar la demanda interna.<br \/>\nLos impactos de la covid-19 en las empresas de todo el mundo han sido devastadores y, m\u00e1s de un a\u00f1o despu\u00e9s, estas siguen enfrentando dificultades.<br \/>\nLas empresas de los pa\u00edses en desarrollo se vieron especialmente afectadas, ya que sus ingresos se redujeron en un 70 % en el punto \u00e1lgido de la crisis, frente a solo un 45 % en los pa\u00edses de la Organizaci\u00f3n para la Cooperaci\u00f3n y el Desarrollo Econ\u00f3micos (OCDE), se\u00f1alan los autores de las cinco propuestas para ayudar a las empresas, publicado en el blog del Banco Mundial.<br \/>\nIncluso varios meses despu\u00e9s de la crisis, los ingresos de las empresas segu\u00edan siendo un 40 % m\u00e1s bajos. Estas fuertes p\u00e9rdidas de ingresos han ido acompa\u00f1adas de un apoyo p\u00fablico mucho menor que en los pa\u00edses avanzados, lo que ha aumentado el riesgo de un amplio incumplimiento del pago de la deuda corporativa y de que el sector privado se vea afectado por secuelas permanentes, sostienen.<br \/>\nEl Grupo Banco Mundial ha recopilado y analizado datos de empresas de todo el mundo sobre los impactos de la covid-19, al tiempo que ha monitoreado el alcance de la asistencia proporcionada por los encargados de la formulaci\u00f3n de pol\u00edticas. \u201cHemos realizado un seguimiento de las numerosas medidas de pol\u00edticas adoptadas por los Gobiernos \u2014entre ellas unas 1600 medidas (i) de apoyo a las peque\u00f1as y medianas empresas (pymes) en 135 pa\u00edses\u2014, as\u00ed como de las m\u00e1s de 3400 medidas del sector financiero (i) en 156 pa\u00edses. En nuestra \u00faltima nota sobre el apoyo a las empresas en la reestructuraci\u00f3n y la recuperaci\u00f3n (i), basada en los datos m\u00e1s recientes, se formulan recomendaciones sobre la mejor manera de ayudar al sector privado durante la recuperaci\u00f3n\u201d, se\u00f1alan los autores del ente internacional.<\/p>\n<p>Digital<br \/>\nEntretanto, Microsoft informa que 7 de cada 10 PyMEs declaran que su capacidad de adaptarse a la nueva normalidad ser\u00e1 su mayor desaf\u00edo en 2021.<br \/>\nDurante la pandemia de covid-19, las peque\u00f1as y medianas empresas han sido las m\u00e1s afectadas, y a diario batallan por sobrevivir, adaptarse y reimaginar sus negocios.<br \/>\nEl trabajo remoto, cambiar la forma en que hacen negocios, la adopci\u00f3n de nuevas tecnolog\u00edas y redefinir las pr\u00e1cticas de ventas y comerciales han sido los principales pilares para el cambio en el \u00faltimo a\u00f1o.<br \/>\nDe acuerdo con un estudio, 83 % de las PyMEs han declarado que han realizado cambios en sus organizaciones despu\u00e9s de la pandemia y m\u00e1s a\u00fan, 72 % de estas declaran que su capacidad de adaptarse a la nueva normalidad ha sido y ser\u00e1 su mayor desaf\u00edo en 2021.<br \/>\nDiego Bekerman, gerente General para clientes peque\u00f1os, medianos y corporativos en Microsoft Latinoam\u00e9rica, inform\u00f3 que hay m\u00e1s de 16 millones de PyMEs en Latinoam\u00e9rica, que representan m\u00e1s del 99% de las organizaciones en el mercado. Estas contribuyen un 22% al Producto Interno Bruto (PIB) y un 61% al empleo de la regi\u00f3n.<br \/>\nEsas cifras claramente muestran que las PyMEs son el motor de crecimiento y el desarrollo de la econom\u00eda, y cuando se ponen en movimiento, se inicia una cadena de sucesos positivos que llevan a la regi\u00f3n al \u00e9xito.\u201d<br \/>\nPrioridades<br \/>\nRoberto Icasuriaga, director de PyMEs y de Empresas digitales en Microsoft Latinoam\u00e9rica, recomienda que las PyMEs tengan en cuenta las siguientes 5 prioridades.<br \/>\nLa primera desarrollar nuevas habilidades para crecer: Microsoft ha construido una cultura de \u201capr\u00e9ndelo todo\u201d, que busca abrazar la curiosidad, centrarse en el ingenio y tomar lo aprendido para aplicarlo en el \u00e9xito futuro.<br \/>\nLa segunda es habilitar el trabajo remoto: Para que las PyMEs puedan seguir al servicio de sus clientes, lanzar nuevos negocios, reunirse con empleados y mantener su empresa en funcionamiento.<br \/>\nEn tercer lugar plantean asegurar la privacidad de los datos y la seguridad del negocio:<br \/>\nEn el cuarto punto sugiere mejorar el desempe\u00f1o del negocio: Para mejorar el desempe\u00f1o del negocio, las PyMEs requieren de una administraci\u00f3n integral de los sistemas y procesos de negocios.<br \/>\nEn el \u00faltimo punto apuntan a reducir costos, y la nube ofrece un gran valor no s\u00f3lo por su facilidad de uso y opciones de suscripci\u00f3n para elegir la que m\u00e1s se ajusta a las necesidades del negocio, ahora tambi\u00e9n ofrece actualizaciones autom\u00e1ticas que aseguran que los usuarios siempre tengan el software m\u00e1s reciente y seguro.<\/p>\n<p>Pandemia<br \/>\nEntre tanto los economistas del Banco Mundial sostienen que la Covid-19 contin\u00faa afectando fuertemente a las empresas, especialmente en los pa\u00edses en desarrollo, donde la asistencia p\u00fablica ha sido limitada y desigual.<\/p>\n<p><strong>Estos son los principios:<\/strong><\/p>\n<p>1. Los programas de apoyo a las empresas deben depender del Estado y estar vinculados a objetivos claros de recuperaci\u00f3n, como el control del virus y la posibilidad de operar a plena capacidad. Tambi\u00e9n deben incluir criterios sencillos y transparentes. Toda la ayuda debe basarse en datos en la medida de lo posible, evitando al mismo tiempo favoritismos indebidos hacia las empresas estatales.<br \/>\n2. La informaci\u00f3n sobre los programas de asistencia, los marcos de insolvencia y las opciones de reestructuraci\u00f3n debe comunicarse bien y ampliamente. La falta de conocimiento ha sido un impedimento clave para acceder al apoyo en materia de pol\u00edticas, especialmente para los grupos desfavorecidos.<br \/>\n3. La elecci\u00f3n de los instrumentos de financiamiento para apoyar a las empresas \u2014ya sea deuda, capital o una combinaci\u00f3n de ambos\u2014 debe estar determinada por el tama\u00f1o de los pasivos financieros. Para las empresas viables con poca deuda, las garant\u00edas de pr\u00e9stamo deben seguir siendo el instrumento preferido, aunque con t\u00e9rminos y condiciones menos generosos. En el caso de las empresas con grandes pasivos financieros, puede ser conveniente una combinaci\u00f3n adecuada de financiamiento de capital\/cuasicapital y reestructuraci\u00f3n de la deuda. Incluso con ayuda, algunas empresas quiz\u00e1s necesiten reestructurar sus deudas.<br \/>\n4. Unos marcos s\u00f3lidos de insolvencia y reestructuraci\u00f3n, incluidos los procesos de reestructuraci\u00f3n de la deuda sancionados por los tribunales, las soluciones extrajudiciales (PDF, en ingl\u00e9s) y los procesos de quiebras simplificados para las pymes, pueden ayudar a resolver las dificultades financieras, mantener los recursos productivos y proteger la estabilidad financiera.<\/p>\n<figure id=\"attachment_5986\" aria-describedby=\"caption-attachment-5986\" style=\"width: 300px\" class=\"wp-caption alignleft\"><img loading=\"lazy\" decoding=\"async\" class=\"size-medium wp-image-5986\" src=\"https:\/\/www.eldiario.net\/portal\/wp-content\/uploads\/2021\/05\/medidas-dos-300x158.jpg\" alt=\"\" width=\"300\" height=\"158\" srcset=\"https:\/\/www.eldiario.net\/portal\/wp-content\/uploads\/2021\/05\/medidas-dos-300x158.jpg 300w, https:\/\/www.eldiario.net\/portal\/wp-content\/uploads\/2021\/05\/medidas-dos.jpg 310w\" sizes=\"auto, (max-width: 300px) 100vw, 300px\" \/><figcaption id=\"caption-attachment-5986\" class=\"wp-caption-text\">Las peque\u00f1as unidades econ\u00f3micas requieren mayor apoyo de los gobiernos y promover la formalizaci\u00f3n<\/figcaption><\/figure>\n","protected":false},"excerpt":{"rendered":"<p>Tanto el Banco Mundial como instituciones plantean varias herramientas para que las empresas y las Mipymes puedan lidiar con la pandemia y encaminar su proceso de desarrollo para recuperar lo que perdieron el a\u00f1o 2020. Las propuestas van desde acelerar el ingreso digital hasta el financiamiento, as\u00ed como pol\u00edticas fiscales de apoyo. La pandemia provoc\u00f3 [&hellip;]<\/p>\n","protected":false},"author":1,"featured_media":5985,"comment_status":"closed","ping_status":"closed","sticky":false,"template":"","format":"standard","meta":{"_acf_changed":false,"footnotes":""},"categories":[7],"tags":[],"class_list":["post-5984","post","type-post","status-publish","format-standard","has-post-thumbnail","category-economia"],"acf":{"antetitulo":""},"yoast_head":"<!-- This site is optimized with the Yoast SEO plugin v28.3 - https:\/\/yoast.com\/product\/yoast-seo-wordpress\/ -->\n<title>Banco Mundial plantea medidas para reactivar empresas y Mipymes - El Diario - Bolivia<\/title>\n<meta name=\"robots\" content=\"index, follow, max-snippet:-1, max-image-preview:large, max-video-preview:-1\" \/>\n<link rel=\"canonical\" href=\"https:\/\/www.eldiario.net\/portal\/2021\/05\/24\/banco-mundial-plantea-medidas-para-reactivar-empresas-y-mipymes\/\" \/>\n<meta property=\"og:locale\" content=\"es_ES\" \/>\n<meta property=\"og:type\" content=\"article\" \/>\n<meta property=\"og:title\" content=\"Banco Mundial plantea medidas para reactivar empresas y Mipymes - El Diario - Bolivia\" \/>\n<meta property=\"og:description\" content=\"Tanto el Banco Mundial como instituciones plantean varias herramientas para que las empresas y las Mipymes puedan lidiar con la pandemia y encaminar su proceso de desarrollo para recuperar lo que perdieron el a\u00f1o 2020. Las propuestas van desde acelerar el ingreso digital hasta el financiamiento, as\u00ed como pol\u00edticas fiscales de apoyo. La pandemia provoc\u00f3 [&hellip;]\" \/>\n<meta property=\"og:url\" content=\"https:\/\/www.eldiario.net\/portal\/2021\/05\/24\/banco-mundial-plantea-medidas-para-reactivar-empresas-y-mipymes\/\" \/>\n<meta property=\"og:site_name\" content=\"El Diario - Bolivia\" \/>\n<meta property=\"article:publisher\" content=\"https:\/\/www.facebook.com\/eldiario.bolivia\/\" \/>\n<meta property=\"article:published_time\" content=\"2021-05-24T09:47:05+00:00\" \/>\n<meta property=\"og:image\" content=\"https:\/\/www.eldiario.net\/portal\/wp-content\/uploads\/2021\/05\/medidas-uno.jpg\" \/>\n\t<meta property=\"og:image:width\" content=\"1200\" \/>\n\t<meta property=\"og:image:height\" content=\"627\" \/>\n\t<meta property=\"og:image:type\" content=\"image\/jpeg\" \/>\n<meta name=\"author\" content=\"Jeanette\" \/>\n<meta name=\"twitter:card\" content=\"summary_large_image\" \/>\n<meta name=\"twitter:creator\" content=\"@eldiario_net\" \/>\n<meta name=\"twitter:site\" content=\"@eldiario_net\" \/>\n<meta name=\"twitter:label1\" content=\"Escrito por\" \/>\n\t<meta name=\"twitter:data1\" content=\"Jeanette\" \/>\n\t<meta name=\"twitter:label2\" content=\"Tiempo de lectura\" \/>\n\t<meta name=\"twitter:data2\" content=\"7 minutos\" \/>\n<script type=\"application\/ld+json\" class=\"yoast-schema-graph\">{\"@context\":\"https:\\\/\\\/schema.org\",\"@graph\":[{\"@type\":\"Article\",\"@id\":\"https:\\\/\\\/www.eldiario.net\\\/portal\\\/2021\\\/05\\\/24\\\/banco-mundial-plantea-medidas-para-reactivar-empresas-y-mipymes\\\/#article\",\"isPartOf\":{\"@id\":\"https:\\\/\\\/www.eldiario.net\\\/portal\\\/2021\\\/05\\\/24\\\/banco-mundial-plantea-medidas-para-reactivar-empresas-y-mipymes\\\/\"},\"author\":{\"name\":\"Jeanette\",\"@id\":\"https:\\\/\\\/www.eldiario.net\\\/portal\\\/#\\\/schema\\\/person\\\/f46445640444750d7d753ccd04ae01b7\"},\"headline\":\"Banco Mundial plantea medidas para reactivar empresas y Mipymes\",\"datePublished\":\"2021-05-24T09:47:05+00:00\",\"mainEntityOfPage\":{\"@id\":\"https:\\\/\\\/www.eldiario.net\\\/portal\\\/2021\\\/05\\\/24\\\/banco-mundial-plantea-medidas-para-reactivar-empresas-y-mipymes\\\/\"},\"wordCount\":1424,\"publisher\":{\"@id\":\"https:\\\/\\\/www.eldiario.net\\\/portal\\\/#organization\"},\"image\":{\"@id\":\"https:\\\/\\\/www.eldiario.net\\\/portal\\\/2021\\\/05\\\/24\\\/banco-mundial-plantea-medidas-para-reactivar-empresas-y-mipymes\\\/#primaryimage\"},\"thumbnailUrl\":\"https:\\\/\\\/www.eldiario.net\\\/portal\\\/wp-content\\\/uploads\\\/2021\\\/05\\\/medidas-uno.jpg\",\"articleSection\":[\"Econom\u00eda\"],\"inLanguage\":\"es\"},{\"@type\":\"WebPage\",\"@id\":\"https:\\\/\\\/www.eldiario.net\\\/portal\\\/2021\\\/05\\\/24\\\/banco-mundial-plantea-medidas-para-reactivar-empresas-y-mipymes\\\/\",\"url\":\"https:\\\/\\\/www.eldiario.net\\\/portal\\\/2021\\\/05\\\/24\\\/banco-mundial-plantea-medidas-para-reactivar-empresas-y-mipymes\\\/\",\"name\":\"Banco Mundial plantea medidas para reactivar empresas y Mipymes - El Diario - Bolivia\",\"isPartOf\":{\"@id\":\"https:\\\/\\\/www.eldiario.net\\\/portal\\\/#website\"},\"primaryImageOfPage\":{\"@id\":\"https:\\\/\\\/www.eldiario.net\\\/portal\\\/2021\\\/05\\\/24\\\/banco-mundial-plantea-medidas-para-reactivar-empresas-y-mipymes\\\/#primaryimage\"},\"image\":{\"@id\":\"https:\\\/\\\/www.eldiario.net\\\/portal\\\/2021\\\/05\\\/24\\\/banco-mundial-plantea-medidas-para-reactivar-empresas-y-mipymes\\\/#primaryimage\"},\"thumbnailUrl\":\"https:\\\/\\\/www.eldiario.net\\\/portal\\\/wp-content\\\/uploads\\\/2021\\\/05\\\/medidas-uno.jpg\",\"datePublished\":\"2021-05-24T09:47:05+00:00\",\"breadcrumb\":{\"@id\":\"https:\\\/\\\/www.eldiario.net\\\/portal\\\/2021\\\/05\\\/24\\\/banco-mundial-plantea-medidas-para-reactivar-empresas-y-mipymes\\\/#breadcrumb\"},\"inLanguage\":\"es\",\"potentialAction\":[{\"@type\":\"ReadAction\",\"target\":[\"https:\\\/\\\/www.eldiario.net\\\/portal\\\/2021\\\/05\\\/24\\\/banco-mundial-plantea-medidas-para-reactivar-empresas-y-mipymes\\\/\"]}]},{\"@type\":\"ImageObject\",\"inLanguage\":\"es\",\"@id\":\"https:\\\/\\\/www.eldiario.net\\\/portal\\\/2021\\\/05\\\/24\\\/banco-mundial-plantea-medidas-para-reactivar-empresas-y-mipymes\\\/#primaryimage\",\"url\":\"https:\\\/\\\/www.eldiario.net\\\/portal\\\/wp-content\\\/uploads\\\/2021\\\/05\\\/medidas-uno.jpg\",\"contentUrl\":\"https:\\\/\\\/www.eldiario.net\\\/portal\\\/wp-content\\\/uploads\\\/2021\\\/05\\\/medidas-uno.jpg\",\"width\":1200,\"height\":627},{\"@type\":\"BreadcrumbList\",\"@id\":\"https:\\\/\\\/www.eldiario.net\\\/portal\\\/2021\\\/05\\\/24\\\/banco-mundial-plantea-medidas-para-reactivar-empresas-y-mipymes\\\/#breadcrumb\",\"itemListElement\":[{\"@type\":\"ListItem\",\"position\":1,\"name\":\"Portada\",\"item\":\"https:\\\/\\\/www.eldiario.net\\\/portal\\\/\"},{\"@type\":\"ListItem\",\"position\":2,\"name\":\"Banco Mundial plantea medidas para reactivar empresas y Mipymes\"}]},{\"@type\":\"WebSite\",\"@id\":\"https:\\\/\\\/www.eldiario.net\\\/portal\\\/#website\",\"url\":\"https:\\\/\\\/www.eldiario.net\\\/portal\\\/\",\"name\":\"El Diario - Decano de la prensa nacional\",\"description\":\"El Diario - Decano de la prensa nacional\",\"publisher\":{\"@id\":\"https:\\\/\\\/www.eldiario.net\\\/portal\\\/#organization\"},\"potentialAction\":[{\"@type\":\"SearchAction\",\"target\":{\"@type\":\"EntryPoint\",\"urlTemplate\":\"https:\\\/\\\/www.eldiario.net\\\/portal\\\/?s={search_term_string}\"},\"query-input\":{\"@type\":\"PropertyValueSpecification\",\"valueRequired\":true,\"valueName\":\"search_term_string\"}}],\"inLanguage\":\"es\"},{\"@type\":\"Organization\",\"@id\":\"https:\\\/\\\/www.eldiario.net\\\/portal\\\/#organization\",\"name\":\"El Diario - Decano de la prensa nacional\",\"url\":\"https:\\\/\\\/www.eldiario.net\\\/portal\\\/\",\"logo\":{\"@type\":\"ImageObject\",\"inLanguage\":\"es\",\"@id\":\"https:\\\/\\\/www.eldiario.net\\\/portal\\\/#\\\/schema\\\/logo\\\/image\\\/\",\"url\":\"https:\\\/\\\/www.eldiario.net\\\/portal\\\/wp-content\\\/uploads\\\/2023\\\/07\\\/logo_ED.jpg\",\"contentUrl\":\"https:\\\/\\\/www.eldiario.net\\\/portal\\\/wp-content\\\/uploads\\\/2023\\\/07\\\/logo_ED.jpg\",\"width\":272,\"height\":52,\"caption\":\"El Diario - Decano de la prensa nacional\"},\"image\":{\"@id\":\"https:\\\/\\\/www.eldiario.net\\\/portal\\\/#\\\/schema\\\/logo\\\/image\\\/\"},\"sameAs\":[\"https:\\\/\\\/www.facebook.com\\\/eldiario.bolivia\\\/\",\"https:\\\/\\\/x.com\\\/eldiario_net\"]},{\"@type\":\"Person\",\"@id\":\"https:\\\/\\\/www.eldiario.net\\\/portal\\\/#\\\/schema\\\/person\\\/f46445640444750d7d753ccd04ae01b7\",\"name\":\"Jeanette\",\"image\":{\"@type\":\"ImageObject\",\"inLanguage\":\"es\",\"@id\":\"https:\\\/\\\/secure.gravatar.com\\\/avatar\\\/3ea2118a5f7dad2b7138b1187a6b7ee55f160b9968b66013c3a3ef39dd7e5798?s=96&d=mm&r=g\",\"url\":\"https:\\\/\\\/secure.gravatar.com\\\/avatar\\\/3ea2118a5f7dad2b7138b1187a6b7ee55f160b9968b66013c3a3ef39dd7e5798?s=96&d=mm&r=g\",\"contentUrl\":\"https:\\\/\\\/secure.gravatar.com\\\/avatar\\\/3ea2118a5f7dad2b7138b1187a6b7ee55f160b9968b66013c3a3ef39dd7e5798?s=96&d=mm&r=g\",\"caption\":\"Jeanette\"},\"sameAs\":[\"https:\\\/\\\/www.eldiario.net\\\/portal\"],\"url\":\"https:\\\/\\\/www.eldiario.net\\\/portal\\\/author\\\/jeanette\\\/\"}]}<\/script>\n<!-- \/ Yoast SEO plugin. -->","yoast_head_json":{"title":"Banco Mundial plantea medidas para reactivar empresas y Mipymes - El Diario - Bolivia","robots":{"index":"index","follow":"follow","max-snippet":"max-snippet:-1","max-image-preview":"max-image-preview:large","max-video-preview":"max-video-preview:-1"},"canonical":"https:\/\/www.eldiario.net\/portal\/2021\/05\/24\/banco-mundial-plantea-medidas-para-reactivar-empresas-y-mipymes\/","og_locale":"es_ES","og_type":"article","og_title":"Banco Mundial plantea medidas para reactivar empresas y Mipymes - El Diario - Bolivia","og_description":"Tanto el Banco Mundial como instituciones plantean varias herramientas para que las empresas y las Mipymes puedan lidiar con la pandemia y encaminar su proceso de desarrollo para recuperar lo que perdieron el a\u00f1o 2020. Las propuestas van desde acelerar el ingreso digital hasta el financiamiento, as\u00ed como pol\u00edticas fiscales de apoyo. La pandemia provoc\u00f3 [&hellip;]","og_url":"https:\/\/www.eldiario.net\/portal\/2021\/05\/24\/banco-mundial-plantea-medidas-para-reactivar-empresas-y-mipymes\/","og_site_name":"El Diario - Bolivia","article_publisher":"https:\/\/www.facebook.com\/eldiario.bolivia\/","article_published_time":"2021-05-24T09:47:05+00:00","og_image":[{"width":1200,"height":627,"url":"https:\/\/www.eldiario.net\/portal\/wp-content\/uploads\/2021\/05\/medidas-uno.jpg","type":"image\/jpeg"}],"author":"Jeanette","twitter_card":"summary_large_image","twitter_creator":"@eldiario_net","twitter_site":"@eldiario_net","twitter_misc":{"Escrito por":"Jeanette","Tiempo de lectura":"7 minutos"},"schema":{"@context":"https:\/\/schema.org","@graph":[{"@type":"Article","@id":"https:\/\/www.eldiario.net\/portal\/2021\/05\/24\/banco-mundial-plantea-medidas-para-reactivar-empresas-y-mipymes\/#article","isPartOf":{"@id":"https:\/\/www.eldiario.net\/portal\/2021\/05\/24\/banco-mundial-plantea-medidas-para-reactivar-empresas-y-mipymes\/"},"author":{"name":"Jeanette","@id":"https:\/\/www.eldiario.net\/portal\/#\/schema\/person\/f46445640444750d7d753ccd04ae01b7"},"headline":"Banco Mundial plantea medidas para reactivar empresas y Mipymes","datePublished":"2021-05-24T09:47:05+00:00","mainEntityOfPage":{"@id":"https:\/\/www.eldiario.net\/portal\/2021\/05\/24\/banco-mundial-plantea-medidas-para-reactivar-empresas-y-mipymes\/"},"wordCount":1424,"publisher":{"@id":"https:\/\/www.eldiario.net\/portal\/#organization"},"image":{"@id":"https:\/\/www.eldiario.net\/portal\/2021\/05\/24\/banco-mundial-plantea-medidas-para-reactivar-empresas-y-mipymes\/#primaryimage"},"thumbnailUrl":"https:\/\/www.eldiario.net\/portal\/wp-content\/uploads\/2021\/05\/medidas-uno.jpg","articleSection":["Econom\u00eda"],"inLanguage":"es"},{"@type":"WebPage","@id":"https:\/\/www.eldiario.net\/portal\/2021\/05\/24\/banco-mundial-plantea-medidas-para-reactivar-empresas-y-mipymes\/","url":"https:\/\/www.eldiario.net\/portal\/2021\/05\/24\/banco-mundial-plantea-medidas-para-reactivar-empresas-y-mipymes\/","name":"Banco Mundial plantea medidas para reactivar empresas y Mipymes - El Diario - Bolivia","isPartOf":{"@id":"https:\/\/www.eldiario.net\/portal\/#website"},"primaryImageOfPage":{"@id":"https:\/\/www.eldiario.net\/portal\/2021\/05\/24\/banco-mundial-plantea-medidas-para-reactivar-empresas-y-mipymes\/#primaryimage"},"image":{"@id":"https:\/\/www.eldiario.net\/portal\/2021\/05\/24\/banco-mundial-plantea-medidas-para-reactivar-empresas-y-mipymes\/#primaryimage"},"thumbnailUrl":"https:\/\/www.eldiario.net\/portal\/wp-content\/uploads\/2021\/05\/medidas-uno.jpg","datePublished":"2021-05-24T09:47:05+00:00","breadcrumb":{"@id":"https:\/\/www.eldiario.net\/portal\/2021\/05\/24\/banco-mundial-plantea-medidas-para-reactivar-empresas-y-mipymes\/#breadcrumb"},"inLanguage":"es","potentialAction":[{"@type":"ReadAction","target":["https:\/\/www.eldiario.net\/portal\/2021\/05\/24\/banco-mundial-plantea-medidas-para-reactivar-empresas-y-mipymes\/"]}]},{"@type":"ImageObject","inLanguage":"es","@id":"https:\/\/www.eldiario.net\/portal\/2021\/05\/24\/banco-mundial-plantea-medidas-para-reactivar-empresas-y-mipymes\/#primaryimage","url":"https:\/\/www.eldiario.net\/portal\/wp-content\/uploads\/2021\/05\/medidas-uno.jpg","contentUrl":"https:\/\/www.eldiario.net\/portal\/wp-content\/uploads\/2021\/05\/medidas-uno.jpg","width":1200,"height":627},{"@type":"BreadcrumbList","@id":"https:\/\/www.eldiario.net\/portal\/2021\/05\/24\/banco-mundial-plantea-medidas-para-reactivar-empresas-y-mipymes\/#breadcrumb","itemListElement":[{"@type":"ListItem","position":1,"name":"Portada","item":"https:\/\/www.eldiario.net\/portal\/"},{"@type":"ListItem","position":2,"name":"Banco Mundial plantea medidas para reactivar empresas y Mipymes"}]},{"@type":"WebSite","@id":"https:\/\/www.eldiario.net\/portal\/#website","url":"https:\/\/www.eldiario.net\/portal\/","name":"El Diario - Decano de la prensa nacional","description":"El Diario - Decano de la prensa nacional","publisher":{"@id":"https:\/\/www.eldiario.net\/portal\/#organization"},"potentialAction":[{"@type":"SearchAction","target":{"@type":"EntryPoint","urlTemplate":"https:\/\/www.eldiario.net\/portal\/?s={search_term_string}"},"query-input":{"@type":"PropertyValueSpecification","valueRequired":true,"valueName":"search_term_string"}}],"inLanguage":"es"},{"@type":"Organization","@id":"https:\/\/www.eldiario.net\/portal\/#organization","name":"El Diario - Decano de la prensa nacional","url":"https:\/\/www.eldiario.net\/portal\/","logo":{"@type":"ImageObject","inLanguage":"es","@id":"https:\/\/www.eldiario.net\/portal\/#\/schema\/logo\/image\/","url":"https:\/\/www.eldiario.net\/portal\/wp-content\/uploads\/2023\/07\/logo_ED.jpg","contentUrl":"https:\/\/www.eldiario.net\/portal\/wp-content\/uploads\/2023\/07\/logo_ED.jpg","width":272,"height":52,"caption":"El Diario - Decano de la prensa nacional"},"image":{"@id":"https:\/\/www.eldiario.net\/portal\/#\/schema\/logo\/image\/"},"sameAs":["https:\/\/www.facebook.com\/eldiario.bolivia\/","https:\/\/x.com\/eldiario_net"]},{"@type":"Person","@id":"https:\/\/www.eldiario.net\/portal\/#\/schema\/person\/f46445640444750d7d753ccd04ae01b7","name":"Jeanette","image":{"@type":"ImageObject","inLanguage":"es","@id":"https:\/\/secure.gravatar.com\/avatar\/3ea2118a5f7dad2b7138b1187a6b7ee55f160b9968b66013c3a3ef39dd7e5798?s=96&d=mm&r=g","url":"https:\/\/secure.gravatar.com\/avatar\/3ea2118a5f7dad2b7138b1187a6b7ee55f160b9968b66013c3a3ef39dd7e5798?s=96&d=mm&r=g","contentUrl":"https:\/\/secure.gravatar.com\/avatar\/3ea2118a5f7dad2b7138b1187a6b7ee55f160b9968b66013c3a3ef39dd7e5798?s=96&d=mm&r=g","caption":"Jeanette"},"sameAs":["https:\/\/www.eldiario.net\/portal"],"url":"https:\/\/www.eldiario.net\/portal\/author\/jeanette\/"}]}},"_links":{"self":[{"href":"https:\/\/www.eldiario.net\/portal\/wp-json\/wp\/v2\/posts\/5984","targetHints":{"allow":["GET"]}}],"collection":[{"href":"https:\/\/www.eldiario.net\/portal\/wp-json\/wp\/v2\/posts"}],"about":[{"href":"https:\/\/www.eldiario.net\/portal\/wp-json\/wp\/v2\/types\/post"}],"author":[{"embeddable":true,"href":"https:\/\/www.eldiario.net\/portal\/wp-json\/wp\/v2\/users\/1"}],"replies":[{"embeddable":true,"href":"https:\/\/www.eldiario.net\/portal\/wp-json\/wp\/v2\/comments?post=5984"}],"version-history":[{"count":0,"href":"https:\/\/www.eldiario.net\/portal\/wp-json\/wp\/v2\/posts\/5984\/revisions"}],"wp:featuredmedia":[{"embeddable":true,"href":"https:\/\/www.eldiario.net\/portal\/wp-json\/wp\/v2\/media\/5985"}],"wp:attachment":[{"href":"https:\/\/www.eldiario.net\/portal\/wp-json\/wp\/v2\/media?parent=5984"}],"wp:term":[{"taxonomy":"category","embeddable":true,"href":"https:\/\/www.eldiario.net\/portal\/wp-json\/wp\/v2\/categories?post=5984"},{"taxonomy":"post_tag","embeddable":true,"href":"https:\/\/www.eldiario.net\/portal\/wp-json\/wp\/v2\/tags?post=5984"}],"curies":[{"name":"wp","href":"https:\/\/api.w.org\/{rel}","templated":true}]}}