{"id":5981,"date":"2021-05-24T05:44:56","date_gmt":"2021-05-24T09:44:56","guid":{"rendered":"https:\/\/www.eldiario.net\/portal\/?p=5981"},"modified":"2021-05-24T05:44:56","modified_gmt":"2021-05-24T09:44:56","slug":"amplian-credito-si-bolivia-para-sectores-agropecuarios","status":"publish","type":"post","link":"https:\/\/www.eldiario.net\/portal\/2021\/05\/24\/amplian-credito-si-bolivia-para-sectores-agropecuarios\/","title":{"rendered":"Ampl\u00edan cr\u00e9dito SI Bolivia para sectores agropecuarios"},"content":{"rendered":"<p>El cr\u00e9dito SI Bolivia destinado a los sectores productivos para reemplazar las importaciones, que en su mayor\u00eda se destin\u00f3 a peque\u00f1as unidades productivas, ahora se ampl\u00eda al sector agropecuario a una tasa de inter\u00e9s de 0,5 %.<br \/>\nEl Gobierno nacional ampli\u00f3 la cobertura de los Fideicomisos para la Reactivaci\u00f3n y Desarrollo de la Industria Nacional (Firedin) destinado a los cr\u00e9ditos productivos SiBolivia para la sustituci\u00f3n de importaciones, a trav\u00e9s del Decreto Supremo 4509 aprobado en el Gabinete el 19 de mayo, inform\u00f3 el ministro de Desarrollo Productivo y Econom\u00eda Plural, N\u00e9stor Huanca.<br \/>\nLa norma establece que el sector agropecuario podr\u00e1 acceder a los cr\u00e9ditos SIBolivia para la producci\u00f3n de alimentos y materia prima destinada a la sustituci\u00f3n de importaciones desde la producci\u00f3n primaria, principalmente de alimentos para abastecer al mercado interno, principalmente la producci\u00f3n de trigo y algunas variedades de frutas.<br \/>\n\u201cHemos escuchado la demanda del sector agropecuario, porque este fideicomiso estaba destinado para transformaci\u00f3n, principalmente, para la fase productiva. Ahora la cobertura alcanza tambi\u00e9n a la producci\u00f3n primaria. En este caso proveedores de materia prima y el sector agropecuario necesita acceder a este fidecomiso. El Gobierno nacional mediante el Decreto Supremo 4509 ha fortalecido este fideicomiso en el hecho de que tambi\u00e9n ahora vamos a apoyar sector agropecuario\u201d, explic\u00f3 la autoridad en contacto con un medio radial.<br \/>\nEl Decreto Supremo 4509, modifica el art\u00edculo 5 del Decreto Supremo 4424, de 17 de diciembre de 2020, y establece que: Ser\u00e1n beneficiarios de los cr\u00e9ditos otorgados por los Fideicomisos, las personas naturales o jur\u00eddicas que cuenten con N\u00famero de Identificaci\u00f3n Tributaria &#8211; NIT activo del R\u00e9gimen General, R\u00e9gimen Tributario Simplificado o que pertenecen al R\u00e9gimen Agropecuario Unificado (RAU)\u201d.<br \/>\nEn ese marco, el ministro Huanca dijo que uno de los sectores productivos beneficiados con esa norma es del rubro de trigo, tomando en cuenta que el Estado trabaja para que el pa\u00eds sea soberano en la producci\u00f3n de ese cereal.<br \/>\nRecord\u00f3 que el Gobierno, a trav\u00e9s de la Empresa de Apoyo a la Producci\u00f3n de Alimentos (Emapa), incentiva la producci\u00f3n de trigo con un precio de compra referencial de 335 d\u00f3lares la tonelada para la campa\u00f1a agr\u00edcola de invierno de este a\u00f1o.<br \/>\n\u201cLos productores de trigo, sobre todo en Santa Cruz, nos dijeron que requer\u00edan implementar maquinaria para que puedan tener la oportunidad de incrementar la producci\u00f3n. Por ello, este fidecomiso ahora da la posibilidad de que los productores de trigo pueden acceder a este fideicomiso a una tasa de inter\u00e9s de 0,5 % para que puedan invertir en maquinaria destinada a la producci\u00f3n de trigo para sustituir importaciones\u201d, explic\u00f3.<br \/>\nHuanca dijo que el sector agropecuario que solicite los cr\u00e9ditos productivos destinados a la sustituci\u00f3n de importaciones y la provisi\u00f3n de materia prima para la sustituci\u00f3n de importaciones, pueden beneficiarse con ese fideicomiso, para los cual deben contar c\u00f3mo uno de los principales requisitos el R\u00e9gimen Agropecuario Unificado (RAU).<br \/>\nPara tal efecto, la autoridad explic\u00f3 que, en coordinaci\u00f3n con el Ministerio de Desarrollo Rural y Tierras, se est\u00e1 dise\u00f1ado un mecanismo de control para garantizar que el fideicomiso llegue de manera eficiente a los productos estrat\u00e9gicos que permitan controlar el incremento de la producci\u00f3n de materia prima y manufactura que garantice la sustituci\u00f3n de importaciones.<br \/>\nPor otra parte, inform\u00f3 que hasta la fecha el fideicomiso otorg\u00f3 1.290 cr\u00e9ditos por un monto de 141 millones de bolivianos en beneficio de micro, peque\u00f1os, medianos y grandes empresarios del pa\u00eds, tomando en cuenta que el fondo del fideicomiso es de 911 millones.<br \/>\nPIE DE FOTO<\/p>\n","protected":false},"excerpt":{"rendered":"<p>El cr\u00e9dito SI Bolivia destinado a los sectores productivos para reemplazar las importaciones, que en su mayor\u00eda se destin\u00f3 a peque\u00f1as unidades productivas, ahora se ampl\u00eda al sector agropecuario a una tasa de inter\u00e9s de 0,5 %. El Gobierno nacional ampli\u00f3 la cobertura de los Fideicomisos para la Reactivaci\u00f3n y Desarrollo de la Industria Nacional [&hellip;]<\/p>\n","protected":false},"author":1,"featured_media":5982,"comment_status":"closed","ping_status":"closed","sticky":false,"template":"","format":"standard","meta":{"_acf_changed":false,"footnotes":""},"categories":[7],"tags":[],"class_list":["post-5981","post","type-post","status-publish","format-standard","has-post-thumbnail","category-economia"],"acf":{"antetitulo":""},"yoast_head":"<!-- This site is optimized with the Yoast SEO plugin v28.3 - https:\/\/yoast.com\/product\/yoast-seo-wordpress\/ -->\n<title>Ampl\u00edan cr\u00e9dito SI Bolivia para sectores agropecuarios - El Diario - Bolivia<\/title>\n<meta name=\"robots\" content=\"index, follow, max-snippet:-1, max-image-preview:large, max-video-preview:-1\" \/>\n<link rel=\"canonical\" href=\"https:\/\/www.eldiario.net\/portal\/2021\/05\/24\/amplian-credito-si-bolivia-para-sectores-agropecuarios\/\" \/>\n<meta property=\"og:locale\" content=\"es_ES\" \/>\n<meta property=\"og:type\" content=\"article\" \/>\n<meta property=\"og:title\" content=\"Ampl\u00edan cr\u00e9dito SI Bolivia para sectores agropecuarios - El Diario - Bolivia\" \/>\n<meta property=\"og:description\" content=\"El cr\u00e9dito SI Bolivia destinado a los sectores productivos para reemplazar las importaciones, que en su mayor\u00eda se destin\u00f3 a peque\u00f1as unidades productivas, ahora se ampl\u00eda al sector agropecuario a una tasa de inter\u00e9s de 0,5 %. El Gobierno nacional ampli\u00f3 la cobertura de los Fideicomisos para la Reactivaci\u00f3n y Desarrollo de la Industria Nacional [&hellip;]\" \/>\n<meta property=\"og:url\" content=\"https:\/\/www.eldiario.net\/portal\/2021\/05\/24\/amplian-credito-si-bolivia-para-sectores-agropecuarios\/\" \/>\n<meta property=\"og:site_name\" content=\"El Diario - Bolivia\" \/>\n<meta property=\"article:publisher\" content=\"https:\/\/www.facebook.com\/eldiario.bolivia\/\" \/>\n<meta property=\"article:published_time\" content=\"2021-05-24T09:44:56+00:00\" \/>\n<meta name=\"author\" content=\"Jeanette\" \/>\n<meta name=\"twitter:card\" content=\"summary_large_image\" \/>\n<meta name=\"twitter:creator\" content=\"@eldiario_net\" \/>\n<meta name=\"twitter:site\" content=\"@eldiario_net\" \/>\n<meta name=\"twitter:label1\" content=\"Escrito por\" \/>\n\t<meta name=\"twitter:data1\" content=\"Jeanette\" \/>\n\t<meta name=\"twitter:label2\" content=\"Tiempo de lectura\" \/>\n\t<meta name=\"twitter:data2\" content=\"3 minutos\" \/>\n<script type=\"application\/ld+json\" class=\"yoast-schema-graph\">{\"@context\":\"https:\\\/\\\/schema.org\",\"@graph\":[{\"@type\":\"Article\",\"@id\":\"https:\\\/\\\/www.eldiario.net\\\/portal\\\/2021\\\/05\\\/24\\\/amplian-credito-si-bolivia-para-sectores-agropecuarios\\\/#article\",\"isPartOf\":{\"@id\":\"https:\\\/\\\/www.eldiario.net\\\/portal\\\/2021\\\/05\\\/24\\\/amplian-credito-si-bolivia-para-sectores-agropecuarios\\\/\"},\"author\":{\"name\":\"Jeanette\",\"@id\":\"https:\\\/\\\/www.eldiario.net\\\/portal\\\/#\\\/schema\\\/person\\\/f46445640444750d7d753ccd04ae01b7\"},\"headline\":\"Ampl\u00edan cr\u00e9dito SI Bolivia para sectores agropecuarios\",\"datePublished\":\"2021-05-24T09:44:56+00:00\",\"mainEntityOfPage\":{\"@id\":\"https:\\\/\\\/www.eldiario.net\\\/portal\\\/2021\\\/05\\\/24\\\/amplian-credito-si-bolivia-para-sectores-agropecuarios\\\/\"},\"wordCount\":629,\"publisher\":{\"@id\":\"https:\\\/\\\/www.eldiario.net\\\/portal\\\/#organization\"},\"image\":{\"@id\":\"https:\\\/\\\/www.eldiario.net\\\/portal\\\/2021\\\/05\\\/24\\\/amplian-credito-si-bolivia-para-sectores-agropecuarios\\\/#primaryimage\"},\"thumbnailUrl\":\"\",\"articleSection\":[\"Econom\u00eda\"],\"inLanguage\":\"es\"},{\"@type\":\"WebPage\",\"@id\":\"https:\\\/\\\/www.eldiario.net\\\/portal\\\/2021\\\/05\\\/24\\\/amplian-credito-si-bolivia-para-sectores-agropecuarios\\\/\",\"url\":\"https:\\\/\\\/www.eldiario.net\\\/portal\\\/2021\\\/05\\\/24\\\/amplian-credito-si-bolivia-para-sectores-agropecuarios\\\/\",\"name\":\"Ampl\u00edan cr\u00e9dito SI Bolivia para sectores agropecuarios - El Diario - Bolivia\",\"isPartOf\":{\"@id\":\"https:\\\/\\\/www.eldiario.net\\\/portal\\\/#website\"},\"primaryImageOfPage\":{\"@id\":\"https:\\\/\\\/www.eldiario.net\\\/portal\\\/2021\\\/05\\\/24\\\/amplian-credito-si-bolivia-para-sectores-agropecuarios\\\/#primaryimage\"},\"image\":{\"@id\":\"https:\\\/\\\/www.eldiario.net\\\/portal\\\/2021\\\/05\\\/24\\\/amplian-credito-si-bolivia-para-sectores-agropecuarios\\\/#primaryimage\"},\"thumbnailUrl\":\"\",\"datePublished\":\"2021-05-24T09:44:56+00:00\",\"breadcrumb\":{\"@id\":\"https:\\\/\\\/www.eldiario.net\\\/portal\\\/2021\\\/05\\\/24\\\/amplian-credito-si-bolivia-para-sectores-agropecuarios\\\/#breadcrumb\"},\"inLanguage\":\"es\",\"potentialAction\":[{\"@type\":\"ReadAction\",\"target\":[\"https:\\\/\\\/www.eldiario.net\\\/portal\\\/2021\\\/05\\\/24\\\/amplian-credito-si-bolivia-para-sectores-agropecuarios\\\/\"]}]},{\"@type\":\"ImageObject\",\"inLanguage\":\"es\",\"@id\":\"https:\\\/\\\/www.eldiario.net\\\/portal\\\/2021\\\/05\\\/24\\\/amplian-credito-si-bolivia-para-sectores-agropecuarios\\\/#primaryimage\",\"url\":\"\",\"contentUrl\":\"\"},{\"@type\":\"BreadcrumbList\",\"@id\":\"https:\\\/\\\/www.eldiario.net\\\/portal\\\/2021\\\/05\\\/24\\\/amplian-credito-si-bolivia-para-sectores-agropecuarios\\\/#breadcrumb\",\"itemListElement\":[{\"@type\":\"ListItem\",\"position\":1,\"name\":\"Portada\",\"item\":\"https:\\\/\\\/www.eldiario.net\\\/portal\\\/\"},{\"@type\":\"ListItem\",\"position\":2,\"name\":\"Ampl\u00edan cr\u00e9dito SI Bolivia para sectores agropecuarios\"}]},{\"@type\":\"WebSite\",\"@id\":\"https:\\\/\\\/www.eldiario.net\\\/portal\\\/#website\",\"url\":\"https:\\\/\\\/www.eldiario.net\\\/portal\\\/\",\"name\":\"El Diario - Decano de la prensa nacional\",\"description\":\"El Diario - Decano de la prensa nacional\",\"publisher\":{\"@id\":\"https:\\\/\\\/www.eldiario.net\\\/portal\\\/#organization\"},\"potentialAction\":[{\"@type\":\"SearchAction\",\"target\":{\"@type\":\"EntryPoint\",\"urlTemplate\":\"https:\\\/\\\/www.eldiario.net\\\/portal\\\/?s={search_term_string}\"},\"query-input\":{\"@type\":\"PropertyValueSpecification\",\"valueRequired\":true,\"valueName\":\"search_term_string\"}}],\"inLanguage\":\"es\"},{\"@type\":\"Organization\",\"@id\":\"https:\\\/\\\/www.eldiario.net\\\/portal\\\/#organization\",\"name\":\"El Diario - Decano de la prensa nacional\",\"url\":\"https:\\\/\\\/www.eldiario.net\\\/portal\\\/\",\"logo\":{\"@type\":\"ImageObject\",\"inLanguage\":\"es\",\"@id\":\"https:\\\/\\\/www.eldiario.net\\\/portal\\\/#\\\/schema\\\/logo\\\/image\\\/\",\"url\":\"https:\\\/\\\/www.eldiario.net\\\/portal\\\/wp-content\\\/uploads\\\/2023\\\/07\\\/logo_ED.jpg\",\"contentUrl\":\"https:\\\/\\\/www.eldiario.net\\\/portal\\\/wp-content\\\/uploads\\\/2023\\\/07\\\/logo_ED.jpg\",\"width\":272,\"height\":52,\"caption\":\"El Diario - Decano de la prensa nacional\"},\"image\":{\"@id\":\"https:\\\/\\\/www.eldiario.net\\\/portal\\\/#\\\/schema\\\/logo\\\/image\\\/\"},\"sameAs\":[\"https:\\\/\\\/www.facebook.com\\\/eldiario.bolivia\\\/\",\"https:\\\/\\\/x.com\\\/eldiario_net\"]},{\"@type\":\"Person\",\"@id\":\"https:\\\/\\\/www.eldiario.net\\\/portal\\\/#\\\/schema\\\/person\\\/f46445640444750d7d753ccd04ae01b7\",\"name\":\"Jeanette\",\"image\":{\"@type\":\"ImageObject\",\"inLanguage\":\"es\",\"@id\":\"https:\\\/\\\/secure.gravatar.com\\\/avatar\\\/3ea2118a5f7dad2b7138b1187a6b7ee55f160b9968b66013c3a3ef39dd7e5798?s=96&d=mm&r=g\",\"url\":\"https:\\\/\\\/secure.gravatar.com\\\/avatar\\\/3ea2118a5f7dad2b7138b1187a6b7ee55f160b9968b66013c3a3ef39dd7e5798?s=96&d=mm&r=g\",\"contentUrl\":\"https:\\\/\\\/secure.gravatar.com\\\/avatar\\\/3ea2118a5f7dad2b7138b1187a6b7ee55f160b9968b66013c3a3ef39dd7e5798?s=96&d=mm&r=g\",\"caption\":\"Jeanette\"},\"sameAs\":[\"https:\\\/\\\/www.eldiario.net\\\/portal\"],\"url\":\"https:\\\/\\\/www.eldiario.net\\\/portal\\\/author\\\/jeanette\\\/\"}]}<\/script>\n<!-- \/ Yoast SEO plugin. -->","yoast_head_json":{"title":"Ampl\u00edan cr\u00e9dito SI Bolivia para sectores agropecuarios - El Diario - Bolivia","robots":{"index":"index","follow":"follow","max-snippet":"max-snippet:-1","max-image-preview":"max-image-preview:large","max-video-preview":"max-video-preview:-1"},"canonical":"https:\/\/www.eldiario.net\/portal\/2021\/05\/24\/amplian-credito-si-bolivia-para-sectores-agropecuarios\/","og_locale":"es_ES","og_type":"article","og_title":"Ampl\u00edan cr\u00e9dito SI Bolivia para sectores agropecuarios - El Diario - Bolivia","og_description":"El cr\u00e9dito SI Bolivia destinado a los sectores productivos para reemplazar las importaciones, que en su mayor\u00eda se destin\u00f3 a peque\u00f1as unidades productivas, ahora se ampl\u00eda al sector agropecuario a una tasa de inter\u00e9s de 0,5 %. El Gobierno nacional ampli\u00f3 la cobertura de los Fideicomisos para la Reactivaci\u00f3n y Desarrollo de la Industria Nacional [&hellip;]","og_url":"https:\/\/www.eldiario.net\/portal\/2021\/05\/24\/amplian-credito-si-bolivia-para-sectores-agropecuarios\/","og_site_name":"El Diario - Bolivia","article_publisher":"https:\/\/www.facebook.com\/eldiario.bolivia\/","article_published_time":"2021-05-24T09:44:56+00:00","author":"Jeanette","twitter_card":"summary_large_image","twitter_creator":"@eldiario_net","twitter_site":"@eldiario_net","twitter_misc":{"Escrito por":"Jeanette","Tiempo de lectura":"3 minutos"},"schema":{"@context":"https:\/\/schema.org","@graph":[{"@type":"Article","@id":"https:\/\/www.eldiario.net\/portal\/2021\/05\/24\/amplian-credito-si-bolivia-para-sectores-agropecuarios\/#article","isPartOf":{"@id":"https:\/\/www.eldiario.net\/portal\/2021\/05\/24\/amplian-credito-si-bolivia-para-sectores-agropecuarios\/"},"author":{"name":"Jeanette","@id":"https:\/\/www.eldiario.net\/portal\/#\/schema\/person\/f46445640444750d7d753ccd04ae01b7"},"headline":"Ampl\u00edan cr\u00e9dito SI Bolivia para sectores agropecuarios","datePublished":"2021-05-24T09:44:56+00:00","mainEntityOfPage":{"@id":"https:\/\/www.eldiario.net\/portal\/2021\/05\/24\/amplian-credito-si-bolivia-para-sectores-agropecuarios\/"},"wordCount":629,"publisher":{"@id":"https:\/\/www.eldiario.net\/portal\/#organization"},"image":{"@id":"https:\/\/www.eldiario.net\/portal\/2021\/05\/24\/amplian-credito-si-bolivia-para-sectores-agropecuarios\/#primaryimage"},"thumbnailUrl":"","articleSection":["Econom\u00eda"],"inLanguage":"es"},{"@type":"WebPage","@id":"https:\/\/www.eldiario.net\/portal\/2021\/05\/24\/amplian-credito-si-bolivia-para-sectores-agropecuarios\/","url":"https:\/\/www.eldiario.net\/portal\/2021\/05\/24\/amplian-credito-si-bolivia-para-sectores-agropecuarios\/","name":"Ampl\u00edan cr\u00e9dito SI Bolivia para sectores agropecuarios - El Diario - Bolivia","isPartOf":{"@id":"https:\/\/www.eldiario.net\/portal\/#website"},"primaryImageOfPage":{"@id":"https:\/\/www.eldiario.net\/portal\/2021\/05\/24\/amplian-credito-si-bolivia-para-sectores-agropecuarios\/#primaryimage"},"image":{"@id":"https:\/\/www.eldiario.net\/portal\/2021\/05\/24\/amplian-credito-si-bolivia-para-sectores-agropecuarios\/#primaryimage"},"thumbnailUrl":"","datePublished":"2021-05-24T09:44:56+00:00","breadcrumb":{"@id":"https:\/\/www.eldiario.net\/portal\/2021\/05\/24\/amplian-credito-si-bolivia-para-sectores-agropecuarios\/#breadcrumb"},"inLanguage":"es","potentialAction":[{"@type":"ReadAction","target":["https:\/\/www.eldiario.net\/portal\/2021\/05\/24\/amplian-credito-si-bolivia-para-sectores-agropecuarios\/"]}]},{"@type":"ImageObject","inLanguage":"es","@id":"https:\/\/www.eldiario.net\/portal\/2021\/05\/24\/amplian-credito-si-bolivia-para-sectores-agropecuarios\/#primaryimage","url":"","contentUrl":""},{"@type":"BreadcrumbList","@id":"https:\/\/www.eldiario.net\/portal\/2021\/05\/24\/amplian-credito-si-bolivia-para-sectores-agropecuarios\/#breadcrumb","itemListElement":[{"@type":"ListItem","position":1,"name":"Portada","item":"https:\/\/www.eldiario.net\/portal\/"},{"@type":"ListItem","position":2,"name":"Ampl\u00edan cr\u00e9dito SI Bolivia para sectores agropecuarios"}]},{"@type":"WebSite","@id":"https:\/\/www.eldiario.net\/portal\/#website","url":"https:\/\/www.eldiario.net\/portal\/","name":"El Diario - Decano de la prensa nacional","description":"El Diario - Decano de la prensa nacional","publisher":{"@id":"https:\/\/www.eldiario.net\/portal\/#organization"},"potentialAction":[{"@type":"SearchAction","target":{"@type":"EntryPoint","urlTemplate":"https:\/\/www.eldiario.net\/portal\/?s={search_term_string}"},"query-input":{"@type":"PropertyValueSpecification","valueRequired":true,"valueName":"search_term_string"}}],"inLanguage":"es"},{"@type":"Organization","@id":"https:\/\/www.eldiario.net\/portal\/#organization","name":"El Diario - Decano de la prensa nacional","url":"https:\/\/www.eldiario.net\/portal\/","logo":{"@type":"ImageObject","inLanguage":"es","@id":"https:\/\/www.eldiario.net\/portal\/#\/schema\/logo\/image\/","url":"https:\/\/www.eldiario.net\/portal\/wp-content\/uploads\/2023\/07\/logo_ED.jpg","contentUrl":"https:\/\/www.eldiario.net\/portal\/wp-content\/uploads\/2023\/07\/logo_ED.jpg","width":272,"height":52,"caption":"El Diario - Decano de la prensa nacional"},"image":{"@id":"https:\/\/www.eldiario.net\/portal\/#\/schema\/logo\/image\/"},"sameAs":["https:\/\/www.facebook.com\/eldiario.bolivia\/","https:\/\/x.com\/eldiario_net"]},{"@type":"Person","@id":"https:\/\/www.eldiario.net\/portal\/#\/schema\/person\/f46445640444750d7d753ccd04ae01b7","name":"Jeanette","image":{"@type":"ImageObject","inLanguage":"es","@id":"https:\/\/secure.gravatar.com\/avatar\/3ea2118a5f7dad2b7138b1187a6b7ee55f160b9968b66013c3a3ef39dd7e5798?s=96&d=mm&r=g","url":"https:\/\/secure.gravatar.com\/avatar\/3ea2118a5f7dad2b7138b1187a6b7ee55f160b9968b66013c3a3ef39dd7e5798?s=96&d=mm&r=g","contentUrl":"https:\/\/secure.gravatar.com\/avatar\/3ea2118a5f7dad2b7138b1187a6b7ee55f160b9968b66013c3a3ef39dd7e5798?s=96&d=mm&r=g","caption":"Jeanette"},"sameAs":["https:\/\/www.eldiario.net\/portal"],"url":"https:\/\/www.eldiario.net\/portal\/author\/jeanette\/"}]}},"_links":{"self":[{"href":"https:\/\/www.eldiario.net\/portal\/wp-json\/wp\/v2\/posts\/5981","targetHints":{"allow":["GET"]}}],"collection":[{"href":"https:\/\/www.eldiario.net\/portal\/wp-json\/wp\/v2\/posts"}],"about":[{"href":"https:\/\/www.eldiario.net\/portal\/wp-json\/wp\/v2\/types\/post"}],"author":[{"embeddable":true,"href":"https:\/\/www.eldiario.net\/portal\/wp-json\/wp\/v2\/users\/1"}],"replies":[{"embeddable":true,"href":"https:\/\/www.eldiario.net\/portal\/wp-json\/wp\/v2\/comments?post=5981"}],"version-history":[{"count":0,"href":"https:\/\/www.eldiario.net\/portal\/wp-json\/wp\/v2\/posts\/5981\/revisions"}],"wp:attachment":[{"href":"https:\/\/www.eldiario.net\/portal\/wp-json\/wp\/v2\/media?parent=5981"}],"wp:term":[{"taxonomy":"category","embeddable":true,"href":"https:\/\/www.eldiario.net\/portal\/wp-json\/wp\/v2\/categories?post=5981"},{"taxonomy":"post_tag","embeddable":true,"href":"https:\/\/www.eldiario.net\/portal\/wp-json\/wp\/v2\/tags?post=5981"}],"curies":[{"name":"wp","href":"https:\/\/api.w.org\/{rel}","templated":true}]}}