{"id":5976,"date":"2021-05-24T05:42:28","date_gmt":"2021-05-24T09:42:28","guid":{"rendered":"https:\/\/www.eldiario.net\/portal\/?p=5976"},"modified":"2021-05-24T05:42:28","modified_gmt":"2021-05-24T09:42:28","slug":"mau-montero","status":"publish","type":"post","link":"https:\/\/www.eldiario.net\/portal\/2021\/05\/24\/mau-montero\/","title":{"rendered":"Mau Montero"},"content":{"rendered":"<p>M\u00fasico, guitarrista, compositor, arreglista y, sobre todo, excelente persona. As\u00ed mucha gente se expresa del m\u00fasico invitado en Cvltvral el d\u00eda de hoy. Mau Montero tiene a sus espaldas una exitosa y larga trayectoria que le ha permitido ahondar en muchos g\u00e9neros distintos y conocer muchos colegas que le tienen mucho aprecio y respeto. En esta exclusiva conocemos m\u00e1s de Mau\u2026 sean todos bienvenidos al show.<\/p>\n<p><strong>\u00bfQui\u00e9n es Mau Montero?<\/strong><br \/>\nSoy la tensi\u00f3n entre lo que soy, lo que creo ser y lo que quiero ser (je, je, je). Un artista que anda filosofando de aqu\u00ed pa&#8217; all\u00e1 y de all\u00e1 pa&#8217; ac\u00e1 (ahora por las redes nom\u00e1s, es lo que toca)\u2026 eso soy.<\/p>\n<p><strong>\u00bfQu\u00e9 grupo o artistate te hizo amar la m\u00fasica?<\/strong><br \/>\nSiempre me gust\u00f3 la m\u00fasica, desde que tengo uso de raz\u00f3n disfrutaba la m\u00fasica que mi mam\u00e1, mi pap\u00e1, mis hermanos o mis abuelos escuchaban cuando pon\u00edan discos, casetes o solo m\u00fasica en la radio; tengo muchos recuerdos de eso. Respondiendo tu pregunta, llegar a reconocer la m\u00fasica como ese fen\u00f3meno que amo, creo que en gran parte se lo debo al rock. El rock me hizo un apasionado de la m\u00fasica.<\/p>\n<p><strong>\u00bfCu\u00e1les han sido tus m\u00e1s directas influencias musicales?<\/strong><br \/>\nMmm\u2026 siempre me complica esta pregunta. Mecano, Sui Generis, Silvio Rodr\u00edguez, Led Zeppelin, Alfredo Dom\u00ednguez, Black Sabbath, Paco de Luc\u00eda, Chico Buarque, J.MSerrat, Frank Delgado, Steel Heart, el d\u00fao Pastoral, Guardabarranco, The Cure, William Vivanco\u2026 soy un Frankenstein de todos.<\/p>\n<p><strong>\u00bfCu\u00e1l fue el primer instrumento en tus manos?<\/strong><br \/>\nLa guitarra.<\/p>\n<p>Sabemos que haces m\u00fasica en muchos g\u00e9neros \u00bfCu\u00e1les son los que m\u00e1s disfrutas tocar?<br \/>\nDisfruto la m\u00fasica que me gusta en general, tiene que ver con mis estados de \u00e1nimo, a veces me siento melanc\u00f3lico y toco un bolero, otras me siento un pose\u00eddo, como cuando canto rock y lo disfruto al m\u00e1ximo, es terapia para m\u00ed. El flamenco me gusta cada vez m\u00e1s, el flamenco es puro sentir, como en el futbol, si no lo sientes no lo entiendes\u2026 y as\u00ed, disfruto de lo que hago porque esa es mi manera de sentir, ecl\u00e9ctica, sube y baja, va y viene y la br\u00fajula loca\u2026 me encantan los huaynos ayacuchanos.<\/p>\n<p><strong>\u00bfCu\u00e1ntas bandas has conformado a lo largo de tu carrera?<\/strong><br \/>\nA ver\u2026 Menage a trois (mi primera banda de rock), Surmenage, Moby Dick, Paranoide, A Todo Palo, Black Dog, Chola Chal\u00e1, Entre 2 Aguas, esas creo.<\/p>\n<p><strong>\u00bfCu\u00e1l de ellas ha significado m\u00e1s en tu carrera profesional?<\/strong><br \/>\nSin lugar a duda Entre 2 Aguas, Paranoide y Chola Chal\u00e1, porque ah\u00ed fung\u00eda como compositor. Pero con Entre 2 Aguas conoc\u00ed como 10 pa\u00edses y varias ciudades y poblaciones de esos pa\u00edses, viajabamos mucho y ese es uno de los placeres y a la vez uno de los privilegios m\u00e1s grandes que existe, el viajar, as\u00ed que Entre 2 Aguas se gan\u00f3 los emoticones del \u201cme importa\u201d y el \u201cme gusta\u201d a la vez.<\/p>\n<p><strong>\u00bfCu\u00e1ntos trabajos de estudio has producido?<\/strong><br \/>\nEn el ejercicio de productor musical he trabajado con varios grupos, con d\u00faos, solistas, grupos folkl\u00f3ricos, artistas pop, raperos, cantautores, etc, pero en este caso te menciono uno de los m\u00e1s importantes trabajos que hice, ojo, sin desmerecer los otros. El disco doble titulado \u201cTestimonios 3\u201d y \u201cTestimonios 4\u201d del d\u00fao Negro y Blanco. Uno: por la trayectoria que tienen. Dos: por la confianza y la participaci\u00f3n que me dieron como productor musical e instrumentista, toque guitarras distintas, teclados, charango, bajo, entre otros. Tres: porque en ese proyecto el Chris y el Mario se mandaron la parte con l@s invita@s, grabamos con Esther Marisol, G\u00edsela Santa Cruz, Vero P\u00e9rez, Vadik Barr\u00f3n, Mao Khan, Chelo Arias, Sergio Antezana, Melo Herrera, Ronaldo Vaca Pereira, Ra\u00fal Ibarnegaray, Ren\u00e9 \u00dazqueda, Mauricio Segalez, Carlos Arancibia\u2026 ups, no s\u00e9, si me olvido de alguien de verdad lo siento, pero realmente fue un verdadero lujazo el plantel de invitados que convocaron para el proyecto.<br \/>\n<strong>\u00bfEsta pandemia y su encierro han aportado en el sentido que has tenido m\u00e1s tiempo a solas para componer?<\/strong><br \/>\nAport\u00f3 sobre todo reflexi\u00f3n, mi m\u00fasica por lo general expresa mis reflexiones as\u00ed que he tenido tiempo a solas para componer, para rescatar canciones antiguas m\u00edas y para interpretar canciones de otr@s autor@s que me gustan. Me siento una especie de m\u00fasico fen\u00f3meno resultado de la pandemia; mucha gente, a partir de esta, me escribe por los videos que sub\u00ed de temas m\u00edos y de covers, much@s me comentan que no me conoc\u00edan, ni a m\u00ed ni a mi trabajo, o viceversa, que s\u00ed me conoc\u00edan pero que no hab\u00edan percibido mi faseta como instrumentista, o como cantante de rock, o como compositor. Much@s artistas se acercaron a m\u00ed para compartir m\u00fasica e invitarme a proyectos, eso es muy lindo. Siento que lo que soy ahora tiene mucho que ver con el fen\u00f3meno de la pandemia. Grab\u00e9 mis canciones en discos de Entre 2 Aguas, Chola Chal\u00e1 y otros grupos, pero no tengo nada grabado oficialmente en solitario. Lo que la gente tiene, escucha y\/o conoce de m\u00ed es gracias a las redes, mis canciones est\u00e1n desperdigadas en el abismo infinito del universo digital.<\/p>\n<p><strong>\u00bfQu\u00e9 es lo que deseas expresar mediante tu arte?<\/strong><br \/>\nMis percepciones de vida como ser humano; creo con convicci\u00f3n en que el arte es uno de los m\u00e1s importantes testimonios que dejamos y eso se debe manejar con responsabilidad. Mi m\u00fasica es una forma de filosofar\u2026 filosofando ando como un peripat\u00e9tico existencialista. Este oficio es tan m\u00e1gico que tambi\u00e9n nos permite fantasear y ficcionar historias. Es un universo de posibilidades y decisiones. Bendito sea el arte.<\/p>\n<p><strong>\u00bfQu\u00e9 proyecto tienes en agenda para este 2021? \u00bfTienes un nuevo material de estudio en camino?<\/strong><br \/>\nSinceramente eso espero, t\u00fa sabes, en casa de herrero cuchillo de palo, hago de productor musical, cuento con un HomeStudio bueno y con muy buen equipo, grabo a mucha y para mucha gente y, sin embargo, no he logrado grabar oficialmente algo m\u00edo (ja, ja, ja) paradojas de la vida pero ya promet\u00ed a much@s romper ese karma. Me siento feliz por el alcance que he tenido este \u00faltimo tiempo. Hace poco compuse un bolero y lo sub\u00ed a Facebook y Youtube\u2026 me han comentado cosas muy lindas desde Bolivia, Francia, Estados Unidos, Colombia, Per\u00fa\u2026 cuando las canciones vuelan de esa manera y son tan bien recibidas, uno no s\u00f3lo tiende a dejarse llevar por el feedback motivacional, as\u00ed que de momento seguir\u00e9 subiendo temas, como ese compositor que descarga y descarga emociones y las sube y comparte por las redes. Eso s\u00ed, este a\u00f1o, s\u00ed o s\u00ed, ingreso a Spotify como Mau Montero.<\/p>\n<p><img loading=\"lazy\" decoding=\"async\" class=\"alignleft size-medium wp-image-6078\" src=\"https:\/\/www.eldiario.net\/portal\/wp-content\/uploads\/2021\/05\/MG_3656-300x200.jpg\" alt=\"\" width=\"300\" height=\"200\" \/><img loading=\"lazy\" decoding=\"async\" class=\"alignleft size-medium wp-image-6080\" src=\"https:\/\/www.eldiario.net\/portal\/wp-content\/uploads\/2021\/05\/DSC_1159-300x199.jpg\" alt=\"\" width=\"300\" height=\"199\" \/><img loading=\"lazy\" decoding=\"async\" class=\"alignleft wp-image-6081\" src=\"https:\/\/www.eldiario.net\/portal\/wp-content\/uploads\/2021\/05\/MG_3610-2-300x242.jpg\" alt=\"\" width=\"245\" height=\"198\" \/><\/p>\n","protected":false},"excerpt":{"rendered":"<p>M\u00fasico, guitarrista, compositor, arreglista y, sobre todo, excelente persona. As\u00ed mucha gente se expresa del m\u00fasico invitado en Cvltvral el d\u00eda de hoy. Mau Montero tiene a sus espaldas una exitosa y larga trayectoria que le ha permitido ahondar en muchos g\u00e9neros distintos y conocer muchos colegas que le tienen mucho aprecio y respeto. En [&hellip;]<\/p>\n","protected":false},"author":1,"featured_media":6077,"comment_status":"closed","ping_status":"closed","sticky":false,"template":"","format":"standard","meta":{"_acf_changed":false,"footnotes":""},"categories":[8],"tags":[],"class_list":["post-5976","post","type-post","status-publish","format-standard","has-post-thumbnail","category-cultural"],"acf":{"antetitulo":""},"yoast_head":"<!-- This site is optimized with the Yoast SEO plugin v28.3 - https:\/\/yoast.com\/product\/yoast-seo-wordpress\/ -->\n<title>Mau Montero - El Diario - Bolivia<\/title>\n<meta name=\"robots\" content=\"index, follow, max-snippet:-1, max-image-preview:large, max-video-preview:-1\" \/>\n<link rel=\"canonical\" href=\"https:\/\/www.eldiario.net\/portal\/2021\/05\/24\/mau-montero\/\" \/>\n<meta property=\"og:locale\" content=\"es_ES\" \/>\n<meta property=\"og:type\" content=\"article\" \/>\n<meta property=\"og:title\" content=\"Mau Montero - El Diario - Bolivia\" \/>\n<meta property=\"og:description\" content=\"M\u00fasico, guitarrista, compositor, arreglista y, sobre todo, excelente persona. As\u00ed mucha gente se expresa del m\u00fasico invitado en Cvltvral el d\u00eda de hoy. Mau Montero tiene a sus espaldas una exitosa y larga trayectoria que le ha permitido ahondar en muchos g\u00e9neros distintos y conocer muchos colegas que le tienen mucho aprecio y respeto. En [&hellip;]\" \/>\n<meta property=\"og:url\" content=\"https:\/\/www.eldiario.net\/portal\/2021\/05\/24\/mau-montero\/\" \/>\n<meta property=\"og:site_name\" content=\"El Diario - Bolivia\" \/>\n<meta property=\"article:publisher\" content=\"https:\/\/www.facebook.com\/eldiario.bolivia\/\" \/>\n<meta property=\"article:published_time\" content=\"2021-05-24T09:42:28+00:00\" \/>\n<meta name=\"author\" content=\"Jeanette\" \/>\n<meta name=\"twitter:card\" content=\"summary_large_image\" \/>\n<meta name=\"twitter:creator\" content=\"@eldiario_net\" \/>\n<meta name=\"twitter:site\" content=\"@eldiario_net\" \/>\n<meta name=\"twitter:label1\" content=\"Escrito por\" \/>\n\t<meta name=\"twitter:data1\" content=\"Jeanette\" \/>\n\t<meta name=\"twitter:label2\" content=\"Tiempo de lectura\" \/>\n\t<meta name=\"twitter:data2\" content=\"6 minutos\" \/>\n<script type=\"application\/ld+json\" class=\"yoast-schema-graph\">{\"@context\":\"https:\\\/\\\/schema.org\",\"@graph\":[{\"@type\":\"Article\",\"@id\":\"https:\\\/\\\/www.eldiario.net\\\/portal\\\/2021\\\/05\\\/24\\\/mau-montero\\\/#article\",\"isPartOf\":{\"@id\":\"https:\\\/\\\/www.eldiario.net\\\/portal\\\/2021\\\/05\\\/24\\\/mau-montero\\\/\"},\"author\":{\"name\":\"Jeanette\",\"@id\":\"https:\\\/\\\/www.eldiario.net\\\/portal\\\/#\\\/schema\\\/person\\\/f46445640444750d7d753ccd04ae01b7\"},\"headline\":\"Mau Montero\",\"datePublished\":\"2021-05-24T09:42:28+00:00\",\"mainEntityOfPage\":{\"@id\":\"https:\\\/\\\/www.eldiario.net\\\/portal\\\/2021\\\/05\\\/24\\\/mau-montero\\\/\"},\"wordCount\":1172,\"publisher\":{\"@id\":\"https:\\\/\\\/www.eldiario.net\\\/portal\\\/#organization\"},\"image\":{\"@id\":\"https:\\\/\\\/www.eldiario.net\\\/portal\\\/2021\\\/05\\\/24\\\/mau-montero\\\/#primaryimage\"},\"thumbnailUrl\":\"\",\"articleSection\":[\"Cultural\"],\"inLanguage\":\"es\"},{\"@type\":\"WebPage\",\"@id\":\"https:\\\/\\\/www.eldiario.net\\\/portal\\\/2021\\\/05\\\/24\\\/mau-montero\\\/\",\"url\":\"https:\\\/\\\/www.eldiario.net\\\/portal\\\/2021\\\/05\\\/24\\\/mau-montero\\\/\",\"name\":\"Mau Montero - El Diario - Bolivia\",\"isPartOf\":{\"@id\":\"https:\\\/\\\/www.eldiario.net\\\/portal\\\/#website\"},\"primaryImageOfPage\":{\"@id\":\"https:\\\/\\\/www.eldiario.net\\\/portal\\\/2021\\\/05\\\/24\\\/mau-montero\\\/#primaryimage\"},\"image\":{\"@id\":\"https:\\\/\\\/www.eldiario.net\\\/portal\\\/2021\\\/05\\\/24\\\/mau-montero\\\/#primaryimage\"},\"thumbnailUrl\":\"\",\"datePublished\":\"2021-05-24T09:42:28+00:00\",\"breadcrumb\":{\"@id\":\"https:\\\/\\\/www.eldiario.net\\\/portal\\\/2021\\\/05\\\/24\\\/mau-montero\\\/#breadcrumb\"},\"inLanguage\":\"es\",\"potentialAction\":[{\"@type\":\"ReadAction\",\"target\":[\"https:\\\/\\\/www.eldiario.net\\\/portal\\\/2021\\\/05\\\/24\\\/mau-montero\\\/\"]}]},{\"@type\":\"ImageObject\",\"inLanguage\":\"es\",\"@id\":\"https:\\\/\\\/www.eldiario.net\\\/portal\\\/2021\\\/05\\\/24\\\/mau-montero\\\/#primaryimage\",\"url\":\"\",\"contentUrl\":\"\"},{\"@type\":\"BreadcrumbList\",\"@id\":\"https:\\\/\\\/www.eldiario.net\\\/portal\\\/2021\\\/05\\\/24\\\/mau-montero\\\/#breadcrumb\",\"itemListElement\":[{\"@type\":\"ListItem\",\"position\":1,\"name\":\"Portada\",\"item\":\"https:\\\/\\\/www.eldiario.net\\\/portal\\\/\"},{\"@type\":\"ListItem\",\"position\":2,\"name\":\"Mau Montero\"}]},{\"@type\":\"WebSite\",\"@id\":\"https:\\\/\\\/www.eldiario.net\\\/portal\\\/#website\",\"url\":\"https:\\\/\\\/www.eldiario.net\\\/portal\\\/\",\"name\":\"El Diario - Decano de la prensa nacional\",\"description\":\"El Diario - Decano de la prensa nacional\",\"publisher\":{\"@id\":\"https:\\\/\\\/www.eldiario.net\\\/portal\\\/#organization\"},\"potentialAction\":[{\"@type\":\"SearchAction\",\"target\":{\"@type\":\"EntryPoint\",\"urlTemplate\":\"https:\\\/\\\/www.eldiario.net\\\/portal\\\/?s={search_term_string}\"},\"query-input\":{\"@type\":\"PropertyValueSpecification\",\"valueRequired\":true,\"valueName\":\"search_term_string\"}}],\"inLanguage\":\"es\"},{\"@type\":\"Organization\",\"@id\":\"https:\\\/\\\/www.eldiario.net\\\/portal\\\/#organization\",\"name\":\"El Diario - Decano de la prensa nacional\",\"url\":\"https:\\\/\\\/www.eldiario.net\\\/portal\\\/\",\"logo\":{\"@type\":\"ImageObject\",\"inLanguage\":\"es\",\"@id\":\"https:\\\/\\\/www.eldiario.net\\\/portal\\\/#\\\/schema\\\/logo\\\/image\\\/\",\"url\":\"https:\\\/\\\/www.eldiario.net\\\/portal\\\/wp-content\\\/uploads\\\/2023\\\/07\\\/logo_ED.jpg\",\"contentUrl\":\"https:\\\/\\\/www.eldiario.net\\\/portal\\\/wp-content\\\/uploads\\\/2023\\\/07\\\/logo_ED.jpg\",\"width\":272,\"height\":52,\"caption\":\"El Diario - Decano de la prensa nacional\"},\"image\":{\"@id\":\"https:\\\/\\\/www.eldiario.net\\\/portal\\\/#\\\/schema\\\/logo\\\/image\\\/\"},\"sameAs\":[\"https:\\\/\\\/www.facebook.com\\\/eldiario.bolivia\\\/\",\"https:\\\/\\\/x.com\\\/eldiario_net\"]},{\"@type\":\"Person\",\"@id\":\"https:\\\/\\\/www.eldiario.net\\\/portal\\\/#\\\/schema\\\/person\\\/f46445640444750d7d753ccd04ae01b7\",\"name\":\"Jeanette\",\"image\":{\"@type\":\"ImageObject\",\"inLanguage\":\"es\",\"@id\":\"https:\\\/\\\/secure.gravatar.com\\\/avatar\\\/3ea2118a5f7dad2b7138b1187a6b7ee55f160b9968b66013c3a3ef39dd7e5798?s=96&d=mm&r=g\",\"url\":\"https:\\\/\\\/secure.gravatar.com\\\/avatar\\\/3ea2118a5f7dad2b7138b1187a6b7ee55f160b9968b66013c3a3ef39dd7e5798?s=96&d=mm&r=g\",\"contentUrl\":\"https:\\\/\\\/secure.gravatar.com\\\/avatar\\\/3ea2118a5f7dad2b7138b1187a6b7ee55f160b9968b66013c3a3ef39dd7e5798?s=96&d=mm&r=g\",\"caption\":\"Jeanette\"},\"sameAs\":[\"https:\\\/\\\/www.eldiario.net\\\/portal\"],\"url\":\"https:\\\/\\\/www.eldiario.net\\\/portal\\\/author\\\/jeanette\\\/\"}]}<\/script>\n<!-- \/ Yoast SEO plugin. -->","yoast_head_json":{"title":"Mau Montero - El Diario - Bolivia","robots":{"index":"index","follow":"follow","max-snippet":"max-snippet:-1","max-image-preview":"max-image-preview:large","max-video-preview":"max-video-preview:-1"},"canonical":"https:\/\/www.eldiario.net\/portal\/2021\/05\/24\/mau-montero\/","og_locale":"es_ES","og_type":"article","og_title":"Mau Montero - El Diario - Bolivia","og_description":"M\u00fasico, guitarrista, compositor, arreglista y, sobre todo, excelente persona. As\u00ed mucha gente se expresa del m\u00fasico invitado en Cvltvral el d\u00eda de hoy. Mau Montero tiene a sus espaldas una exitosa y larga trayectoria que le ha permitido ahondar en muchos g\u00e9neros distintos y conocer muchos colegas que le tienen mucho aprecio y respeto. En [&hellip;]","og_url":"https:\/\/www.eldiario.net\/portal\/2021\/05\/24\/mau-montero\/","og_site_name":"El Diario - Bolivia","article_publisher":"https:\/\/www.facebook.com\/eldiario.bolivia\/","article_published_time":"2021-05-24T09:42:28+00:00","author":"Jeanette","twitter_card":"summary_large_image","twitter_creator":"@eldiario_net","twitter_site":"@eldiario_net","twitter_misc":{"Escrito por":"Jeanette","Tiempo de lectura":"6 minutos"},"schema":{"@context":"https:\/\/schema.org","@graph":[{"@type":"Article","@id":"https:\/\/www.eldiario.net\/portal\/2021\/05\/24\/mau-montero\/#article","isPartOf":{"@id":"https:\/\/www.eldiario.net\/portal\/2021\/05\/24\/mau-montero\/"},"author":{"name":"Jeanette","@id":"https:\/\/www.eldiario.net\/portal\/#\/schema\/person\/f46445640444750d7d753ccd04ae01b7"},"headline":"Mau Montero","datePublished":"2021-05-24T09:42:28+00:00","mainEntityOfPage":{"@id":"https:\/\/www.eldiario.net\/portal\/2021\/05\/24\/mau-montero\/"},"wordCount":1172,"publisher":{"@id":"https:\/\/www.eldiario.net\/portal\/#organization"},"image":{"@id":"https:\/\/www.eldiario.net\/portal\/2021\/05\/24\/mau-montero\/#primaryimage"},"thumbnailUrl":"","articleSection":["Cultural"],"inLanguage":"es"},{"@type":"WebPage","@id":"https:\/\/www.eldiario.net\/portal\/2021\/05\/24\/mau-montero\/","url":"https:\/\/www.eldiario.net\/portal\/2021\/05\/24\/mau-montero\/","name":"Mau Montero - El Diario - Bolivia","isPartOf":{"@id":"https:\/\/www.eldiario.net\/portal\/#website"},"primaryImageOfPage":{"@id":"https:\/\/www.eldiario.net\/portal\/2021\/05\/24\/mau-montero\/#primaryimage"},"image":{"@id":"https:\/\/www.eldiario.net\/portal\/2021\/05\/24\/mau-montero\/#primaryimage"},"thumbnailUrl":"","datePublished":"2021-05-24T09:42:28+00:00","breadcrumb":{"@id":"https:\/\/www.eldiario.net\/portal\/2021\/05\/24\/mau-montero\/#breadcrumb"},"inLanguage":"es","potentialAction":[{"@type":"ReadAction","target":["https:\/\/www.eldiario.net\/portal\/2021\/05\/24\/mau-montero\/"]}]},{"@type":"ImageObject","inLanguage":"es","@id":"https:\/\/www.eldiario.net\/portal\/2021\/05\/24\/mau-montero\/#primaryimage","url":"","contentUrl":""},{"@type":"BreadcrumbList","@id":"https:\/\/www.eldiario.net\/portal\/2021\/05\/24\/mau-montero\/#breadcrumb","itemListElement":[{"@type":"ListItem","position":1,"name":"Portada","item":"https:\/\/www.eldiario.net\/portal\/"},{"@type":"ListItem","position":2,"name":"Mau Montero"}]},{"@type":"WebSite","@id":"https:\/\/www.eldiario.net\/portal\/#website","url":"https:\/\/www.eldiario.net\/portal\/","name":"El Diario - Decano de la prensa nacional","description":"El Diario - Decano de la prensa nacional","publisher":{"@id":"https:\/\/www.eldiario.net\/portal\/#organization"},"potentialAction":[{"@type":"SearchAction","target":{"@type":"EntryPoint","urlTemplate":"https:\/\/www.eldiario.net\/portal\/?s={search_term_string}"},"query-input":{"@type":"PropertyValueSpecification","valueRequired":true,"valueName":"search_term_string"}}],"inLanguage":"es"},{"@type":"Organization","@id":"https:\/\/www.eldiario.net\/portal\/#organization","name":"El Diario - Decano de la prensa nacional","url":"https:\/\/www.eldiario.net\/portal\/","logo":{"@type":"ImageObject","inLanguage":"es","@id":"https:\/\/www.eldiario.net\/portal\/#\/schema\/logo\/image\/","url":"https:\/\/www.eldiario.net\/portal\/wp-content\/uploads\/2023\/07\/logo_ED.jpg","contentUrl":"https:\/\/www.eldiario.net\/portal\/wp-content\/uploads\/2023\/07\/logo_ED.jpg","width":272,"height":52,"caption":"El Diario - Decano de la prensa nacional"},"image":{"@id":"https:\/\/www.eldiario.net\/portal\/#\/schema\/logo\/image\/"},"sameAs":["https:\/\/www.facebook.com\/eldiario.bolivia\/","https:\/\/x.com\/eldiario_net"]},{"@type":"Person","@id":"https:\/\/www.eldiario.net\/portal\/#\/schema\/person\/f46445640444750d7d753ccd04ae01b7","name":"Jeanette","image":{"@type":"ImageObject","inLanguage":"es","@id":"https:\/\/secure.gravatar.com\/avatar\/3ea2118a5f7dad2b7138b1187a6b7ee55f160b9968b66013c3a3ef39dd7e5798?s=96&d=mm&r=g","url":"https:\/\/secure.gravatar.com\/avatar\/3ea2118a5f7dad2b7138b1187a6b7ee55f160b9968b66013c3a3ef39dd7e5798?s=96&d=mm&r=g","contentUrl":"https:\/\/secure.gravatar.com\/avatar\/3ea2118a5f7dad2b7138b1187a6b7ee55f160b9968b66013c3a3ef39dd7e5798?s=96&d=mm&r=g","caption":"Jeanette"},"sameAs":["https:\/\/www.eldiario.net\/portal"],"url":"https:\/\/www.eldiario.net\/portal\/author\/jeanette\/"}]}},"_links":{"self":[{"href":"https:\/\/www.eldiario.net\/portal\/wp-json\/wp\/v2\/posts\/5976","targetHints":{"allow":["GET"]}}],"collection":[{"href":"https:\/\/www.eldiario.net\/portal\/wp-json\/wp\/v2\/posts"}],"about":[{"href":"https:\/\/www.eldiario.net\/portal\/wp-json\/wp\/v2\/types\/post"}],"author":[{"embeddable":true,"href":"https:\/\/www.eldiario.net\/portal\/wp-json\/wp\/v2\/users\/1"}],"replies":[{"embeddable":true,"href":"https:\/\/www.eldiario.net\/portal\/wp-json\/wp\/v2\/comments?post=5976"}],"version-history":[{"count":0,"href":"https:\/\/www.eldiario.net\/portal\/wp-json\/wp\/v2\/posts\/5976\/revisions"}],"wp:attachment":[{"href":"https:\/\/www.eldiario.net\/portal\/wp-json\/wp\/v2\/media?parent=5976"}],"wp:term":[{"taxonomy":"category","embeddable":true,"href":"https:\/\/www.eldiario.net\/portal\/wp-json\/wp\/v2\/categories?post=5976"},{"taxonomy":"post_tag","embeddable":true,"href":"https:\/\/www.eldiario.net\/portal\/wp-json\/wp\/v2\/tags?post=5976"}],"curies":[{"name":"wp","href":"https:\/\/api.w.org\/{rel}","templated":true}]}}