{"id":5973,"date":"2021-05-24T05:40:27","date_gmt":"2021-05-24T09:40:27","guid":{"rendered":"https:\/\/www.eldiario.net\/portal\/?p=5973"},"modified":"2021-05-24T05:40:27","modified_gmt":"2021-05-24T09:40:27","slug":"vicentico-explora-el-infinito-desde-el-pozo-brillante","status":"publish","type":"post","link":"https:\/\/www.eldiario.net\/portal\/2021\/05\/24\/vicentico-explora-el-infinito-desde-el-pozo-brillante\/","title":{"rendered":"Vicentico explora el infinito desde \u201cEl Pozo Brillante\u201d"},"content":{"rendered":"<p>El primer paso de esta exploraci\u00f3n interior se dio hacia fines de octubre 2019 con el lanzamiento del celebrado single y video inicial \u201cFREAK\u201d, que tambi\u00e9n abre el \u00e1lbum y plantea un poco el tono del mismo. Continu\u00f3 su camino en mayo 2020 con el segundo adelanto \u201cNo tengo\u201d, \u00fanico cover incluido en el disco, aunque la versi\u00f3n de Vicentico es -como siempre-, muy propia. Y tuvo en \u201cCuando salga\u201d, estrenado en septiembre del a\u00f1o pasado, su tercer anticipo; aunque fuera escrita pre-pandemia, un tema que lleg\u00f3 como una nota de esperanza para cuando todo esto termine definitivamente.<br \/>\n\u201cEl pozo brillante\u201d, contiene otras siete canciones in\u00e9ditas entre las que se encuentra \u201cAhora\u201d, que est\u00e1 incluida en dos versiones muy diferentes, cuyo video lyrics acompa\u00f1an el lanzamiento del \u00e1lbum como single presentaci\u00f3n.<br \/>\nEl disco fue grabado en un largo proceso durante el a\u00f1o 2019 entre Buenos Aires y Nueva York, producido por Vicentico y el reconocido H\u00e9ctor Castillo, con mezcla del mismo Castillo, James Brown y Tony Maserati.<br \/>\nTodas las canciones fueron compuestas por Vicentico, salvo \u201cAin\u2019t got no (I Got Life)\u201d, canci\u00f3n popularizada por la gran Nina Simone. No contiene ninguna colaboraci\u00f3n, pero en \u00e9l tocan un mont\u00f3n de talentosos amigos del artista argentino, como Chris Bruce, Glenn Patscha, Mariano Otero, Jeff Hill, Didi Gutman, Tano Martelli, Flor de Toloache, y Sebas Fucci, entre otros.<\/p>\n<p>Sigue a Vicentico en:<br \/>\nTwitter: https:\/\/twitter.com\/Vicentico_<br \/>\nInstagram: https:\/\/www.instagram.com\/vicentico\/<br \/>\nYouTube: \u200b http:\/\/smarturl.it\/VicenticoYouTubeM<\/p>\n","protected":false},"excerpt":{"rendered":"<p>El primer paso de esta exploraci\u00f3n interior se dio hacia fines de octubre 2019 con el lanzamiento del celebrado single y video inicial \u201cFREAK\u201d, que tambi\u00e9n abre el \u00e1lbum y plantea un poco el tono del mismo. Continu\u00f3 su camino en mayo 2020 con el segundo adelanto \u201cNo tengo\u201d, \u00fanico cover incluido en el disco, [&hellip;]<\/p>\n","protected":false},"author":1,"featured_media":5974,"comment_status":"closed","ping_status":"closed","sticky":false,"template":"","format":"standard","meta":{"_acf_changed":false,"footnotes":""},"categories":[8],"tags":[],"class_list":["post-5973","post","type-post","status-publish","format-standard","has-post-thumbnail","category-cultural"],"acf":{"antetitulo":""},"yoast_head":"<!-- This site is optimized with the Yoast SEO plugin v28.3 - https:\/\/yoast.com\/product\/yoast-seo-wordpress\/ -->\n<title>Vicentico explora el infinito desde \u201cEl Pozo Brillante\u201d - El Diario - Bolivia<\/title>\n<meta name=\"robots\" content=\"index, follow, max-snippet:-1, max-image-preview:large, max-video-preview:-1\" \/>\n<link rel=\"canonical\" href=\"https:\/\/www.eldiario.net\/portal\/2021\/05\/24\/vicentico-explora-el-infinito-desde-el-pozo-brillante\/\" \/>\n<meta property=\"og:locale\" content=\"es_ES\" \/>\n<meta property=\"og:type\" content=\"article\" \/>\n<meta property=\"og:title\" content=\"Vicentico explora el infinito desde \u201cEl Pozo Brillante\u201d - El Diario - Bolivia\" \/>\n<meta property=\"og:description\" content=\"El primer paso de esta exploraci\u00f3n interior se dio hacia fines de octubre 2019 con el lanzamiento del celebrado single y video inicial \u201cFREAK\u201d, que tambi\u00e9n abre el \u00e1lbum y plantea un poco el tono del mismo. Continu\u00f3 su camino en mayo 2020 con el segundo adelanto \u201cNo tengo\u201d, \u00fanico cover incluido en el disco, [&hellip;]\" \/>\n<meta property=\"og:url\" content=\"https:\/\/www.eldiario.net\/portal\/2021\/05\/24\/vicentico-explora-el-infinito-desde-el-pozo-brillante\/\" \/>\n<meta property=\"og:site_name\" content=\"El Diario - Bolivia\" \/>\n<meta property=\"article:publisher\" content=\"https:\/\/www.facebook.com\/eldiario.bolivia\/\" \/>\n<meta property=\"article:published_time\" content=\"2021-05-24T09:40:27+00:00\" \/>\n<meta name=\"author\" content=\"Jeanette\" \/>\n<meta name=\"twitter:card\" content=\"summary_large_image\" \/>\n<meta name=\"twitter:creator\" content=\"@eldiario_net\" \/>\n<meta name=\"twitter:site\" content=\"@eldiario_net\" \/>\n<meta name=\"twitter:label1\" content=\"Escrito por\" \/>\n\t<meta name=\"twitter:data1\" content=\"Jeanette\" \/>\n\t<meta name=\"twitter:label2\" content=\"Tiempo de lectura\" \/>\n\t<meta name=\"twitter:data2\" content=\"2 minutos\" \/>\n<script type=\"application\/ld+json\" class=\"yoast-schema-graph\">{\"@context\":\"https:\\\/\\\/schema.org\",\"@graph\":[{\"@type\":\"Article\",\"@id\":\"https:\\\/\\\/www.eldiario.net\\\/portal\\\/2021\\\/05\\\/24\\\/vicentico-explora-el-infinito-desde-el-pozo-brillante\\\/#article\",\"isPartOf\":{\"@id\":\"https:\\\/\\\/www.eldiario.net\\\/portal\\\/2021\\\/05\\\/24\\\/vicentico-explora-el-infinito-desde-el-pozo-brillante\\\/\"},\"author\":{\"name\":\"Jeanette\",\"@id\":\"https:\\\/\\\/www.eldiario.net\\\/portal\\\/#\\\/schema\\\/person\\\/f46445640444750d7d753ccd04ae01b7\"},\"headline\":\"Vicentico explora el infinito desde \u201cEl Pozo Brillante\u201d\",\"datePublished\":\"2021-05-24T09:40:27+00:00\",\"mainEntityOfPage\":{\"@id\":\"https:\\\/\\\/www.eldiario.net\\\/portal\\\/2021\\\/05\\\/24\\\/vicentico-explora-el-infinito-desde-el-pozo-brillante\\\/\"},\"wordCount\":263,\"publisher\":{\"@id\":\"https:\\\/\\\/www.eldiario.net\\\/portal\\\/#organization\"},\"image\":{\"@id\":\"https:\\\/\\\/www.eldiario.net\\\/portal\\\/2021\\\/05\\\/24\\\/vicentico-explora-el-infinito-desde-el-pozo-brillante\\\/#primaryimage\"},\"thumbnailUrl\":\"\",\"articleSection\":[\"Cultural\"],\"inLanguage\":\"es\"},{\"@type\":\"WebPage\",\"@id\":\"https:\\\/\\\/www.eldiario.net\\\/portal\\\/2021\\\/05\\\/24\\\/vicentico-explora-el-infinito-desde-el-pozo-brillante\\\/\",\"url\":\"https:\\\/\\\/www.eldiario.net\\\/portal\\\/2021\\\/05\\\/24\\\/vicentico-explora-el-infinito-desde-el-pozo-brillante\\\/\",\"name\":\"Vicentico explora el infinito desde \u201cEl Pozo Brillante\u201d - El Diario - Bolivia\",\"isPartOf\":{\"@id\":\"https:\\\/\\\/www.eldiario.net\\\/portal\\\/#website\"},\"primaryImageOfPage\":{\"@id\":\"https:\\\/\\\/www.eldiario.net\\\/portal\\\/2021\\\/05\\\/24\\\/vicentico-explora-el-infinito-desde-el-pozo-brillante\\\/#primaryimage\"},\"image\":{\"@id\":\"https:\\\/\\\/www.eldiario.net\\\/portal\\\/2021\\\/05\\\/24\\\/vicentico-explora-el-infinito-desde-el-pozo-brillante\\\/#primaryimage\"},\"thumbnailUrl\":\"\",\"datePublished\":\"2021-05-24T09:40:27+00:00\",\"breadcrumb\":{\"@id\":\"https:\\\/\\\/www.eldiario.net\\\/portal\\\/2021\\\/05\\\/24\\\/vicentico-explora-el-infinito-desde-el-pozo-brillante\\\/#breadcrumb\"},\"inLanguage\":\"es\",\"potentialAction\":[{\"@type\":\"ReadAction\",\"target\":[\"https:\\\/\\\/www.eldiario.net\\\/portal\\\/2021\\\/05\\\/24\\\/vicentico-explora-el-infinito-desde-el-pozo-brillante\\\/\"]}]},{\"@type\":\"ImageObject\",\"inLanguage\":\"es\",\"@id\":\"https:\\\/\\\/www.eldiario.net\\\/portal\\\/2021\\\/05\\\/24\\\/vicentico-explora-el-infinito-desde-el-pozo-brillante\\\/#primaryimage\",\"url\":\"\",\"contentUrl\":\"\"},{\"@type\":\"BreadcrumbList\",\"@id\":\"https:\\\/\\\/www.eldiario.net\\\/portal\\\/2021\\\/05\\\/24\\\/vicentico-explora-el-infinito-desde-el-pozo-brillante\\\/#breadcrumb\",\"itemListElement\":[{\"@type\":\"ListItem\",\"position\":1,\"name\":\"Portada\",\"item\":\"https:\\\/\\\/www.eldiario.net\\\/portal\\\/\"},{\"@type\":\"ListItem\",\"position\":2,\"name\":\"Vicentico explora el infinito desde \u201cEl Pozo Brillante\u201d\"}]},{\"@type\":\"WebSite\",\"@id\":\"https:\\\/\\\/www.eldiario.net\\\/portal\\\/#website\",\"url\":\"https:\\\/\\\/www.eldiario.net\\\/portal\\\/\",\"name\":\"El Diario - Decano de la prensa nacional\",\"description\":\"El Diario - Decano de la prensa nacional\",\"publisher\":{\"@id\":\"https:\\\/\\\/www.eldiario.net\\\/portal\\\/#organization\"},\"potentialAction\":[{\"@type\":\"SearchAction\",\"target\":{\"@type\":\"EntryPoint\",\"urlTemplate\":\"https:\\\/\\\/www.eldiario.net\\\/portal\\\/?s={search_term_string}\"},\"query-input\":{\"@type\":\"PropertyValueSpecification\",\"valueRequired\":true,\"valueName\":\"search_term_string\"}}],\"inLanguage\":\"es\"},{\"@type\":\"Organization\",\"@id\":\"https:\\\/\\\/www.eldiario.net\\\/portal\\\/#organization\",\"name\":\"El Diario - Decano de la prensa nacional\",\"url\":\"https:\\\/\\\/www.eldiario.net\\\/portal\\\/\",\"logo\":{\"@type\":\"ImageObject\",\"inLanguage\":\"es\",\"@id\":\"https:\\\/\\\/www.eldiario.net\\\/portal\\\/#\\\/schema\\\/logo\\\/image\\\/\",\"url\":\"https:\\\/\\\/www.eldiario.net\\\/portal\\\/wp-content\\\/uploads\\\/2023\\\/07\\\/logo_ED.jpg\",\"contentUrl\":\"https:\\\/\\\/www.eldiario.net\\\/portal\\\/wp-content\\\/uploads\\\/2023\\\/07\\\/logo_ED.jpg\",\"width\":272,\"height\":52,\"caption\":\"El Diario - Decano de la prensa nacional\"},\"image\":{\"@id\":\"https:\\\/\\\/www.eldiario.net\\\/portal\\\/#\\\/schema\\\/logo\\\/image\\\/\"},\"sameAs\":[\"https:\\\/\\\/www.facebook.com\\\/eldiario.bolivia\\\/\",\"https:\\\/\\\/x.com\\\/eldiario_net\"]},{\"@type\":\"Person\",\"@id\":\"https:\\\/\\\/www.eldiario.net\\\/portal\\\/#\\\/schema\\\/person\\\/f46445640444750d7d753ccd04ae01b7\",\"name\":\"Jeanette\",\"image\":{\"@type\":\"ImageObject\",\"inLanguage\":\"es\",\"@id\":\"https:\\\/\\\/secure.gravatar.com\\\/avatar\\\/3ea2118a5f7dad2b7138b1187a6b7ee55f160b9968b66013c3a3ef39dd7e5798?s=96&d=mm&r=g\",\"url\":\"https:\\\/\\\/secure.gravatar.com\\\/avatar\\\/3ea2118a5f7dad2b7138b1187a6b7ee55f160b9968b66013c3a3ef39dd7e5798?s=96&d=mm&r=g\",\"contentUrl\":\"https:\\\/\\\/secure.gravatar.com\\\/avatar\\\/3ea2118a5f7dad2b7138b1187a6b7ee55f160b9968b66013c3a3ef39dd7e5798?s=96&d=mm&r=g\",\"caption\":\"Jeanette\"},\"sameAs\":[\"https:\\\/\\\/www.eldiario.net\\\/portal\"],\"url\":\"https:\\\/\\\/www.eldiario.net\\\/portal\\\/author\\\/jeanette\\\/\"}]}<\/script>\n<!-- \/ Yoast SEO plugin. -->","yoast_head_json":{"title":"Vicentico explora el infinito desde \u201cEl Pozo Brillante\u201d - El Diario - Bolivia","robots":{"index":"index","follow":"follow","max-snippet":"max-snippet:-1","max-image-preview":"max-image-preview:large","max-video-preview":"max-video-preview:-1"},"canonical":"https:\/\/www.eldiario.net\/portal\/2021\/05\/24\/vicentico-explora-el-infinito-desde-el-pozo-brillante\/","og_locale":"es_ES","og_type":"article","og_title":"Vicentico explora el infinito desde \u201cEl Pozo Brillante\u201d - El Diario - Bolivia","og_description":"El primer paso de esta exploraci\u00f3n interior se dio hacia fines de octubre 2019 con el lanzamiento del celebrado single y video inicial \u201cFREAK\u201d, que tambi\u00e9n abre el \u00e1lbum y plantea un poco el tono del mismo. Continu\u00f3 su camino en mayo 2020 con el segundo adelanto \u201cNo tengo\u201d, \u00fanico cover incluido en el disco, [&hellip;]","og_url":"https:\/\/www.eldiario.net\/portal\/2021\/05\/24\/vicentico-explora-el-infinito-desde-el-pozo-brillante\/","og_site_name":"El Diario - Bolivia","article_publisher":"https:\/\/www.facebook.com\/eldiario.bolivia\/","article_published_time":"2021-05-24T09:40:27+00:00","author":"Jeanette","twitter_card":"summary_large_image","twitter_creator":"@eldiario_net","twitter_site":"@eldiario_net","twitter_misc":{"Escrito por":"Jeanette","Tiempo de lectura":"2 minutos"},"schema":{"@context":"https:\/\/schema.org","@graph":[{"@type":"Article","@id":"https:\/\/www.eldiario.net\/portal\/2021\/05\/24\/vicentico-explora-el-infinito-desde-el-pozo-brillante\/#article","isPartOf":{"@id":"https:\/\/www.eldiario.net\/portal\/2021\/05\/24\/vicentico-explora-el-infinito-desde-el-pozo-brillante\/"},"author":{"name":"Jeanette","@id":"https:\/\/www.eldiario.net\/portal\/#\/schema\/person\/f46445640444750d7d753ccd04ae01b7"},"headline":"Vicentico explora el infinito desde \u201cEl Pozo Brillante\u201d","datePublished":"2021-05-24T09:40:27+00:00","mainEntityOfPage":{"@id":"https:\/\/www.eldiario.net\/portal\/2021\/05\/24\/vicentico-explora-el-infinito-desde-el-pozo-brillante\/"},"wordCount":263,"publisher":{"@id":"https:\/\/www.eldiario.net\/portal\/#organization"},"image":{"@id":"https:\/\/www.eldiario.net\/portal\/2021\/05\/24\/vicentico-explora-el-infinito-desde-el-pozo-brillante\/#primaryimage"},"thumbnailUrl":"","articleSection":["Cultural"],"inLanguage":"es"},{"@type":"WebPage","@id":"https:\/\/www.eldiario.net\/portal\/2021\/05\/24\/vicentico-explora-el-infinito-desde-el-pozo-brillante\/","url":"https:\/\/www.eldiario.net\/portal\/2021\/05\/24\/vicentico-explora-el-infinito-desde-el-pozo-brillante\/","name":"Vicentico explora el infinito desde \u201cEl Pozo Brillante\u201d - El Diario - Bolivia","isPartOf":{"@id":"https:\/\/www.eldiario.net\/portal\/#website"},"primaryImageOfPage":{"@id":"https:\/\/www.eldiario.net\/portal\/2021\/05\/24\/vicentico-explora-el-infinito-desde-el-pozo-brillante\/#primaryimage"},"image":{"@id":"https:\/\/www.eldiario.net\/portal\/2021\/05\/24\/vicentico-explora-el-infinito-desde-el-pozo-brillante\/#primaryimage"},"thumbnailUrl":"","datePublished":"2021-05-24T09:40:27+00:00","breadcrumb":{"@id":"https:\/\/www.eldiario.net\/portal\/2021\/05\/24\/vicentico-explora-el-infinito-desde-el-pozo-brillante\/#breadcrumb"},"inLanguage":"es","potentialAction":[{"@type":"ReadAction","target":["https:\/\/www.eldiario.net\/portal\/2021\/05\/24\/vicentico-explora-el-infinito-desde-el-pozo-brillante\/"]}]},{"@type":"ImageObject","inLanguage":"es","@id":"https:\/\/www.eldiario.net\/portal\/2021\/05\/24\/vicentico-explora-el-infinito-desde-el-pozo-brillante\/#primaryimage","url":"","contentUrl":""},{"@type":"BreadcrumbList","@id":"https:\/\/www.eldiario.net\/portal\/2021\/05\/24\/vicentico-explora-el-infinito-desde-el-pozo-brillante\/#breadcrumb","itemListElement":[{"@type":"ListItem","position":1,"name":"Portada","item":"https:\/\/www.eldiario.net\/portal\/"},{"@type":"ListItem","position":2,"name":"Vicentico explora el infinito desde \u201cEl Pozo Brillante\u201d"}]},{"@type":"WebSite","@id":"https:\/\/www.eldiario.net\/portal\/#website","url":"https:\/\/www.eldiario.net\/portal\/","name":"El Diario - Decano de la prensa nacional","description":"El Diario - Decano de la prensa nacional","publisher":{"@id":"https:\/\/www.eldiario.net\/portal\/#organization"},"potentialAction":[{"@type":"SearchAction","target":{"@type":"EntryPoint","urlTemplate":"https:\/\/www.eldiario.net\/portal\/?s={search_term_string}"},"query-input":{"@type":"PropertyValueSpecification","valueRequired":true,"valueName":"search_term_string"}}],"inLanguage":"es"},{"@type":"Organization","@id":"https:\/\/www.eldiario.net\/portal\/#organization","name":"El Diario - Decano de la prensa nacional","url":"https:\/\/www.eldiario.net\/portal\/","logo":{"@type":"ImageObject","inLanguage":"es","@id":"https:\/\/www.eldiario.net\/portal\/#\/schema\/logo\/image\/","url":"https:\/\/www.eldiario.net\/portal\/wp-content\/uploads\/2023\/07\/logo_ED.jpg","contentUrl":"https:\/\/www.eldiario.net\/portal\/wp-content\/uploads\/2023\/07\/logo_ED.jpg","width":272,"height":52,"caption":"El Diario - Decano de la prensa nacional"},"image":{"@id":"https:\/\/www.eldiario.net\/portal\/#\/schema\/logo\/image\/"},"sameAs":["https:\/\/www.facebook.com\/eldiario.bolivia\/","https:\/\/x.com\/eldiario_net"]},{"@type":"Person","@id":"https:\/\/www.eldiario.net\/portal\/#\/schema\/person\/f46445640444750d7d753ccd04ae01b7","name":"Jeanette","image":{"@type":"ImageObject","inLanguage":"es","@id":"https:\/\/secure.gravatar.com\/avatar\/3ea2118a5f7dad2b7138b1187a6b7ee55f160b9968b66013c3a3ef39dd7e5798?s=96&d=mm&r=g","url":"https:\/\/secure.gravatar.com\/avatar\/3ea2118a5f7dad2b7138b1187a6b7ee55f160b9968b66013c3a3ef39dd7e5798?s=96&d=mm&r=g","contentUrl":"https:\/\/secure.gravatar.com\/avatar\/3ea2118a5f7dad2b7138b1187a6b7ee55f160b9968b66013c3a3ef39dd7e5798?s=96&d=mm&r=g","caption":"Jeanette"},"sameAs":["https:\/\/www.eldiario.net\/portal"],"url":"https:\/\/www.eldiario.net\/portal\/author\/jeanette\/"}]}},"_links":{"self":[{"href":"https:\/\/www.eldiario.net\/portal\/wp-json\/wp\/v2\/posts\/5973","targetHints":{"allow":["GET"]}}],"collection":[{"href":"https:\/\/www.eldiario.net\/portal\/wp-json\/wp\/v2\/posts"}],"about":[{"href":"https:\/\/www.eldiario.net\/portal\/wp-json\/wp\/v2\/types\/post"}],"author":[{"embeddable":true,"href":"https:\/\/www.eldiario.net\/portal\/wp-json\/wp\/v2\/users\/1"}],"replies":[{"embeddable":true,"href":"https:\/\/www.eldiario.net\/portal\/wp-json\/wp\/v2\/comments?post=5973"}],"version-history":[{"count":0,"href":"https:\/\/www.eldiario.net\/portal\/wp-json\/wp\/v2\/posts\/5973\/revisions"}],"wp:attachment":[{"href":"https:\/\/www.eldiario.net\/portal\/wp-json\/wp\/v2\/media?parent=5973"}],"wp:term":[{"taxonomy":"category","embeddable":true,"href":"https:\/\/www.eldiario.net\/portal\/wp-json\/wp\/v2\/categories?post=5973"},{"taxonomy":"post_tag","embeddable":true,"href":"https:\/\/www.eldiario.net\/portal\/wp-json\/wp\/v2\/tags?post=5973"}],"curies":[{"name":"wp","href":"https:\/\/api.w.org\/{rel}","templated":true}]}}