{"id":5968,"date":"2021-05-24T05:39:04","date_gmt":"2021-05-24T09:39:04","guid":{"rendered":"https:\/\/www.eldiario.net\/portal\/?p=5968"},"modified":"2021-05-24T05:39:04","modified_gmt":"2021-05-24T09:39:04","slug":"vacunas-llegaran-a-todo-el-mundo-a-final-de-2023","status":"publish","type":"post","link":"https:\/\/www.eldiario.net\/portal\/2021\/05\/24\/vacunas-llegaran-a-todo-el-mundo-a-final-de-2023\/","title":{"rendered":"\u201cVacunas llegar\u00e1n a todo  el mundo a final de 2023\u201d"},"content":{"rendered":"<p>El microbi\u00f3logo John McConnell tiene un privilegio \u00fanico: leer de primera mano los estudios que eval\u00faan la seguridad y eficacia de las vacunas contra la covid-19 hasta finales de 2023. BBC Mundo hizo seguimiento de inmunizaciones en el mundo.<br \/>\nEl cient\u00edfico es editor en jefe de The Lancet Infectious Diseases, una revista cient\u00edfica que public\u00f3 las investigaciones m\u00e1s importantes sobre la pandemia y las vacunas en los \u00faltimos meses.<br \/>\nMcConnell es el responsable de recibir los estudios originales enviados por laboratorios y especialistas de diversas partes del mundo, y remitirlos al equipo de editores independientes, quienes revisan y analizan el contenido antes de su divulgaci\u00f3n.<br \/>\nCon un t\u00edtulo en Microbiolog\u00eda Cl\u00ednica y Parasitolog\u00eda de la Universidad de East London, en Inglaterra, McConnell ha trabajado en The Lancet desde 1990.<br \/>\nEn 2001, fue uno de los fundadores y pronto se convirti\u00f3 en editor en jefe de The Lancet Infectious Diseases, una revista centrada 100 % en enfermedades infecciosas.<br \/>\nEn una entrevista reciente con BBC Brasil realizada por correo electr\u00f3nico, McConnell evalu\u00f3 el ritmo actual de vacunaci\u00f3n en el mundo y destac\u00f3 que el fin de la pandemia est\u00e1 necesariamente ligado a acciones globales.<br \/>\n\u00abCreo que seremos capaces de salir juntos de esta pandemia, siempre y cuando no perdamos el enfoque. Solo as\u00ed nos aseguraremos de que la luz al final del t\u00fanel no est\u00e9 destinada solo a los ricos y afortunados, sino para todos\u00bb, dijo.<br \/>\nEn una haza\u00f1a sin precedentes, la humanidad pudo desarrollar, probar y aprobar varias vacunas contra la misma enfermedad en poco menos de un a\u00f1o.<\/p>\n<p><strong>PROGRESO<\/strong><br \/>\n\u201cCreo que es la culminaci\u00f3n de muchos a\u00f1os de trabajo en el desarrollo de tecnolog\u00edas, lo que nos ha permitido generar varios tipos diferentes de vacunas que ahora se est\u00e1n aplicando a miles de millones de personas\u201d, indic\u00f3.<br \/>\nMcConnell dijo que una de esas tecnolog\u00edas, que utiliza virus inactivos, existe desde hace un siglo o m\u00e1s y que la tecnolog\u00eda que utiliza las llamadas subunidades de prote\u00ednas se ha aplicado a las vacunas contra la hepatitis B, por ejemplo, durante muchos a\u00f1os.<br \/>\n\u201cE incluso las vacunas de vectores virales, como las de Johnson&amp;Johnson y AstraZeneca\/Oxford, utilizan una tecnolog\u00eda que se ha utilizado en ensayos cl\u00ednicos durante unos 20 a\u00f1os, principalmente en tres inmunizadores autorizados contra el \u00e9bola\u201d, apunt\u00f3 McConnell.<br \/>\n\u201cY aunque se cree que las vacunas de ARNm, como las de Pfizer\/BioNTech y Moderna, son nuevas y esta es la primera vez que se utiliza dicha tecnolog\u00eda, la verdad es que se est\u00e1 trabajando en el desarrollo de productos similares desde hace casi 30 a\u00f1os\u201d, dijo McConnell.<br \/>\nEl experto se\u00f1al\u00f3 que antes de la covid-19 hab\u00eda vacunas en ensayos cl\u00ednicos que usaban tecnolog\u00eda de ARNm contra enfermedades como el sida, el zika y la rabia, por ejemplo.<br \/>\nPor lo tanto, aunque las vacunas Pfizer\/BioNTech y Moderna son las primeras en utilizar esta tecnolog\u00eda a gran escala en humanos, se basan en conocimientos existentes y bien probados, seg\u00fan criterio del experto.<br \/>\n\u201cEntonces, en cierto modo, tuvimos suerte de que la pandemia llegara en un momento en el que tenemos algunas formas muy bien establecidas de producir vacunas, as\u00ed como un conjunto de nuevas tecnolog\u00edas para las que hab\u00eda un poco de experiencia cl\u00ednica\u201d, manifest\u00f3.<br \/>\nComo mencion\u00f3, tenemos varias plataformas tecnol\u00f3gicas exitosas en este momento.<\/p>\n<p><strong>IMPORTANCIA<\/strong><br \/>\nMcConnell indic\u00f3 que Nunca se garantiz\u00f3 que una tecnolog\u00eda en particular funcionar\u00eda, por lo que creo que fue muy importante tener una variedad de intentos diferentes, incluso si, cuando se aplican en la vida real, son comparables en t\u00e9rminos de efectividad.<br \/>\n\u201cEs importante tener vacunas que se puedan distribuir de diferentes formas. Por ejemplo, las vacunas Pfizer\/BioNtech y Moderna necesitan una cadena de fr\u00edo para su distribuci\u00f3n que requiere congelaci\u00f3n, mientras que las vacunas AstraZeneca\/Oxford y Johnson &amp; Johnson solo requieren refrigeradores regulares. La vacuna de Bharat Biotech se puede mantener a temperatura ambiente\u201d, se\u00f1al\u00f3.<br \/>\n\u201cNecesitamos una gama de tecnolog\u00edas que se puedan llevar a diferentes contextos en todo el mundo\u201d, agreg\u00f3.<br \/>\nTambi\u00e9n el experto dijo que es importante contar con vacunas que puedan modificarse a medida que surjan nuevas variantes del coronavirus. Algunas de las tecnolog\u00edas se adaptan m\u00e1s f\u00e1cilmente que otras.<br \/>\nAdem\u00e1s, agreg\u00f3 que, al utilizar diferentes formas de producci\u00f3n de vacunas, estamos aprovechando al m\u00e1ximo las instalaciones de fabricaci\u00f3n disponibles en todo el mundo. Si tuvi\u00e9ramos que depender \u00fanicamente de la tecnolog\u00eda ARNm, no habr\u00eda forma de producir dosis suficientes para 2022 o 2023, incluso en pa\u00edses de altos ingresos.<\/p>\n<p><strong>SEGURIDAD Y EFICACIA<\/strong><br \/>\nMcConnell indic\u00f3 que es un gran honor ser el canal a trav\u00e9s del cual fluye esta incre\u00edblemente importante investigaci\u00f3n durante la mayor emergencia de salud p\u00fablica en el mundo en los \u00faltimos 100 a\u00f1os.<br \/>\nA\u00f1adi\u00f3 que es un verdadero privilegio ver este material y organizar su revisi\u00f3n antes de su publicaci\u00f3n. Realmente me siento honrada y espero que lo que estamos haciendo como editores tenga alg\u00fan impacto en el control de la pandemia lo antes posible.<br \/>\n\u201cEn algunos pa\u00edses, como Israel, los Emiratos \u00c1rabes Unidos y el Reino Unido, la campa\u00f1a de inmunizaci\u00f3n contra la covid-19 est\u00e1 muy avanzada. \u00bfQu\u00e9 nos dice esta experiencia de la vida real sobre la efectividad de las vacunas disponibles?\u201d, se\u00f1al\u00f3.<br \/>\nMcConnell sostuvo que lLas vacunas parecen ser incluso m\u00e1s efectivas cuando se aplican a grandes poblaciones que en los ensayos cl\u00ednicos. Los datos de Israel y el Reino Unido muestran alrededor del 90 % de efectividad en la prevenci\u00f3n de todas las formas de covid-19 para la vacuna Pfizer\/BioNTech y alrededor del 88 % para la vacuna AstraZeneca\/Oxford.<br \/>\nApunt\u00f3 que es muy alentador que las vacunas que se utilizan en todo el mundo parezcan ser en gran medida eficaces contra variantes del virus, especialmente en t\u00e9rminos de prevenir enfermedades graves y la muerte, aunque no necesariamente previenen la infecci\u00f3n en s\u00ed.<br \/>\n\u201cSi observa los gr\u00e1ficos, puede ver cu\u00e1nto disminuye la tasa de nuevas infecciones en las poblaciones que se han vacunado, en comparaci\u00f3n con las que a\u00fan no han recibido dosis\u201d, se\u00f1al\u00f3.<br \/>\n\u201cChile es un buen ejemplo de c\u00f3mo funcionan realmente las vacunas. All\u00ed est\u00e1 claro que los casos se han estabilizado o est\u00e1n disminuyendo en los individuos que han sido vacunados, mientras que sigue aumentando en los que no han sido inmunizados\u201d, agreg\u00f3.<br \/>\nPara McConnell , la raz\u00f3n del aumento de casos, por lo tanto, no es que la vacuna finalmente no est\u00e9 funcionando, sino que a\u00fan no se ha administrado a un n\u00famero suficiente de personas.<br \/>\n\u201cSi, por un lado, la campa\u00f1a despega en algunos lugares, otros pa\u00edses est\u00e1n lidiando con la escasez o la falta absoluta de vacunas. \u00bfC\u00f3mo valora esta desigualdad global?\u201d, indic\u00f3.<br \/>\n\u201cExiste un mecanismo global llamado Covax, que fue dise\u00f1ado para comprar vacunas y distribuirlas a pa\u00edses que no pueden financiar sus propios programas de vacunaci\u00f3n\u201d, dijo McConnell.<br \/>\nDe acuerdo con los argumentos de McConnell, en la actualidad, este programa fue dise\u00f1ado para ayudar a vacunar solo al 20 % de las personas en estas naciones de ingresos bajos y medios.<br \/>\nEn la progresi\u00f3n actual, ser\u00e1 necesario hasta finales de 2023 para que las vacunas est\u00e9n disponibles para todos en el mundo, indic\u00f3 el meteor\u00f3logo.(BBC Mundo)<\/p>\n<p>\u201cEs imperativo que otros pa\u00edses, cuando hayan vacunado completamente a sus poblaciones, pongan las dosis restantes a disposici\u00f3n de los gobiernos que no pueden pagarlas\u201d, indic\u00f3.<br \/>\n\u201cAlgunos de estos pa\u00edses m\u00e1s ricos incluso han adquirido suficientes vacunas para cubrir tres o cuatro veces su poblaci\u00f3n total\u201d, manifest\u00f3.<\/p>\n<p><strong>Problema de desigualdad global<\/strong><\/p>\n<p>McConnell afirm\u00f3 que es muy importante que los gobiernos tengan en cuenta el inter\u00e9s global en minimizar la cantidad de virus en circulaci\u00f3n en todo el mundo.<br \/>\nPuntualiz\u00f3 que cuando se completen los programas de vacunaci\u00f3n en estos lugares y se planifiquen los refuerzos necesarios en un futuro pr\u00f3ximo, los pa\u00edses con existencias restantes deber\u00e1n considerar seriamente la posibilidad de donar dosis sobrantes.<br \/>\n\u201cMientras el virus permanezca en circulaci\u00f3n, siempre existe la posibilidad de una mutaci\u00f3n para la cual algunas vacunas actuales pueden no ser efectivos\u201d, indic\u00f3.<br \/>\n\u201cDejo aqu\u00ed una sugerencia, sobre la que no tengo opini\u00f3n formada ni datos suficientes. Pero, \u00bfdeber\u00edamos dar prioridad a la vacunaci\u00f3n de los ni\u00f1os, que no son particularmente susceptibles a esta enfermedad y es muy poco probable que presenten s\u00edntomas graves o mueran? \u00bfO deber\u00edamos dar prioridad a las personas mayores y vulnerables en los pa\u00edses de ingresos bajos y medianos?\u201d, se\u00f1al\u00f3<br \/>\nMcConnell argument\u00f3 que, para acortar este plazo de 2023, cuando todo el mundo estar\u00e1 vacunado de acuerdo con las proyecciones actuales, debemos hacernos preguntas sobre nuestras prioridades, y no solo mirar la realidad interna de nuestros propios pa\u00edses.<br \/>\nIncluso dijo que con la aprobaci\u00f3n de las primeras vacunas contra la covid-19, tenemos otras candidatas que a\u00fan est\u00e1n en estudio.<\/p>\n<p><strong>Ayuda de vacunaci\u00f3n en pandemia<\/strong><\/p>\n<p>\u201cS\u00ed, ciertamente hay una luz al final del t\u00fanel. Para los pa\u00edses que han implementado su programa de vacunaci\u00f3n r\u00e1pidamente, esta luz es muy fuerte\u201d, manifest\u00f3 McConnell.<br \/>\nIsrael ya ha reabierto completamente y el Reino Unido est\u00e1 en camino. Francia tuvo que introducir una nueva cuarentena, pero la combinaci\u00f3n de medidas de vacunaci\u00f3n y restricci\u00f3n est\u00e1 llevando a ese pa\u00eds a una posici\u00f3n en la que pronto podr\u00e1 comenzar a flexibilizar las pol\u00edticas, seg\u00fan McConnell.<br \/>\n\u201cIncluso Estados Unidos est\u00e1 cambiando este juego, aunque no es la misma realidad para todos los estados. Sin embargo, los lugares donde existe una aceptaci\u00f3n generalizada de la vacuna y donde las medidas de distancia f\u00edsica han sido m\u00e1s estrictas, definitivamente est\u00e1n evolucionando bien\u201d, indic\u00f3.<br \/>\n\u201cAlgunos datos publicados por la autoridad de salud p\u00fablica en Inglaterra (Public Health England), indican que casi el 70% de todos los donantes de sangre tienen anticuerpos contra el coronavirus\u201d, a\u00f1adi\u00f3.<br \/>\nMcConnell detall\u00f3 que este 70% es el n\u00famero establecido como la seroprevalencia necesaria para que exista la inmunidad colectiva. Todav\u00eda no podemos trazar una l\u00ednea estricta al respecto, pero se cree que es una tasa importante.<br \/>\n\u201cTambi\u00e9n sabemos que menos del 20% de esta seroprevalencia es causada por una infecci\u00f3n natural. Entonces, la mayor parte provino de la vacunaci\u00f3n. Todav\u00eda necesitamos organizar y disponer de una variedad de vacunas, pero hay una esperanza real\u201d, asegur\u00f3.<br \/>\n\u201cEsa luz todav\u00eda es oscura para los pa\u00edses del sur de Asia, como Pakist\u00e1n, Bangladesh y Nepal, que no pueden pagar las vacunas. En la misma l\u00ednea, menos del 2% de toda la poblaci\u00f3n del continente africano ya ha recibido sus dosis. Por lo tanto, algunas partes del mundo tienen mucho retraso\u201d, manifest\u00f3.<br \/>\n\u201cCreo que podremos salir juntos de esta pandemia, siempre que no perdamos el enfoque. Solo as\u00ed nos aseguraremos de que la luz al final del t\u00fanel no est\u00e9 destinada solo a los ricos y afortunados, sino a todos\u201d, concluy\u00f3.<\/p>\n<p><strong>Opciones de inmunizaci\u00f3n<\/strong><\/p>\n<p>\u201cBueno, las vacunas que a\u00fan est\u00e1n en desarrollo tendr\u00e1n la oportunidad de modificar sus formulaciones, para que est\u00e9n dirigidas contra las nuevas variedades de coronavirus\u201d, manifest\u00f3 McConnell.<br \/>\nSeg\u00fan el experto, el mayor problema es que simplemente no hay suficientes vacunas para todos. Actualmente, hay muchas f\u00e1bricas en el mundo que producen los inmunizadores. Si diferentes pa\u00edses tienen sus propias instalaciones de producci\u00f3n de vacunas y pueden satisfacer sus demandas, es extremadamente importante controlar la pandemia lo antes posible.<br \/>\nAdem\u00e1s, McConnell mencion\u00f3 que tambi\u00e9n existe un problema de precio. Algunos fabricantes, por el tipo de tecnolog\u00eda que est\u00e1n utilizando, han producido vacunas mucho m\u00e1s baratas y mucho m\u00e1s f\u00e1ciles de distribuir que las que fueron desarrolladas por Pfizer\/BioNTech, por ejemplo.<br \/>\n\u201cNo puedo imaginar c\u00f3mo se vacunar\u00eda a todos en el mundo si solo confi\u00e1ramos en la vacuna Pfizer\/BioNTech.As\u00ed como tenemos un arsenal de antibi\u00f3ticos muy amplio, por ejemplo, creo que necesitamos un arsenal de vacunas variado\u201d, dijo.<\/p>\n<figure id=\"attachment_5970\" aria-describedby=\"caption-attachment-5970\" style=\"width: 300px\" class=\"wp-caption alignleft\"><img loading=\"lazy\" decoding=\"async\" class=\"size-medium wp-image-5970\" src=\"https:\/\/www.eldiario.net\/portal\/wp-content\/uploads\/2021\/05\/Inter-25-3-3-300x169.jpg\" alt=\"\" width=\"300\" height=\"169\" \/><figcaption id=\"caption-attachment-5970\" class=\"wp-caption-text\">POR AHORA SoLO EL 2 % DE LA POBLACI\u00d3N DE \u00c1FRICA HA RECIBIDO LA VACUNA, CALCULA MCCONNELL.<\/figcaption><\/figure>\n<figure id=\"attachment_5971\" aria-describedby=\"caption-attachment-5971\" style=\"width: 300px\" class=\"wp-caption alignleft\"><img loading=\"lazy\" decoding=\"async\" class=\"size-medium wp-image-5971\" src=\"https:\/\/www.eldiario.net\/portal\/wp-content\/uploads\/2021\/05\/Inter-25-4-5-300x169.jpg\" alt=\"\" width=\"300\" height=\"169\" srcset=\"https:\/\/www.eldiario.net\/portal\/wp-content\/uploads\/2021\/05\/Inter-25-4-5-300x169.jpg 300w, https:\/\/www.eldiario.net\/portal\/wp-content\/uploads\/2021\/05\/Inter-25-4-5-768x432.jpg 768w, https:\/\/www.eldiario.net\/portal\/wp-content\/uploads\/2021\/05\/Inter-25-4-5-696x392.jpg 696w, https:\/\/www.eldiario.net\/portal\/wp-content\/uploads\/2021\/05\/Inter-25-4-5.jpg 800w\" sizes=\"auto, (max-width: 300px) 100vw, 300px\" \/><figcaption id=\"caption-attachment-5971\" class=\"wp-caption-text\">MCCONNELL DETALL\u00d3 QUE 70 % ES EL N\u00daMERO ESTABLECIDO COMO LA SEROPREVALENCIA NECESARIA PARA QUE EXISTA LA INMUNIDAD COLECTIVA. TODAV\u00cdA NO PODEMOS TRAZAR UNA L\u00cdNEA ESTRICTA AL RESPECTO, PERO SE CREE QUE ES UNA TASA IMPORTANTE.<\/figcaption><\/figure>\n","protected":false},"excerpt":{"rendered":"<p>El microbi\u00f3logo John McConnell tiene un privilegio \u00fanico: leer de primera mano los estudios que eval\u00faan la seguridad y eficacia de las vacunas contra la covid-19 hasta finales de 2023. BBC Mundo hizo seguimiento de inmunizaciones en el mundo. El cient\u00edfico es editor en jefe de The Lancet Infectious Diseases, una revista cient\u00edfica que public\u00f3 [&hellip;]<\/p>\n","protected":false},"author":1,"featured_media":5969,"comment_status":"closed","ping_status":"closed","sticky":false,"template":"","format":"standard","meta":{"_acf_changed":false,"footnotes":""},"categories":[3],"tags":[],"class_list":["post-5968","post","type-post","status-publish","format-standard","has-post-thumbnail","category-internacional"],"acf":{"antetitulo":""},"yoast_head":"<!-- This site is optimized with the Yoast SEO plugin v28.3 - https:\/\/yoast.com\/product\/yoast-seo-wordpress\/ -->\n<title>\u201cVacunas llegar\u00e1n a todo el mundo a final de 2023\u201d - El Diario - Bolivia<\/title>\n<meta name=\"robots\" content=\"index, follow, max-snippet:-1, max-image-preview:large, max-video-preview:-1\" \/>\n<link rel=\"canonical\" href=\"https:\/\/www.eldiario.net\/portal\/2021\/05\/24\/vacunas-llegaran-a-todo-el-mundo-a-final-de-2023\/\" \/>\n<meta property=\"og:locale\" content=\"es_ES\" \/>\n<meta property=\"og:type\" content=\"article\" \/>\n<meta property=\"og:title\" content=\"\u201cVacunas llegar\u00e1n a todo el mundo a final de 2023\u201d - El Diario - Bolivia\" \/>\n<meta property=\"og:description\" content=\"El microbi\u00f3logo John McConnell tiene un privilegio \u00fanico: leer de primera mano los estudios que eval\u00faan la seguridad y eficacia de las vacunas contra la covid-19 hasta finales de 2023. BBC Mundo hizo seguimiento de inmunizaciones en el mundo. El cient\u00edfico es editor en jefe de The Lancet Infectious Diseases, una revista cient\u00edfica que public\u00f3 [&hellip;]\" \/>\n<meta property=\"og:url\" content=\"https:\/\/www.eldiario.net\/portal\/2021\/05\/24\/vacunas-llegaran-a-todo-el-mundo-a-final-de-2023\/\" \/>\n<meta property=\"og:site_name\" content=\"El Diario - Bolivia\" \/>\n<meta property=\"article:publisher\" content=\"https:\/\/www.facebook.com\/eldiario.bolivia\/\" \/>\n<meta property=\"article:published_time\" content=\"2021-05-24T09:39:04+00:00\" \/>\n<meta property=\"og:image\" content=\"https:\/\/www.eldiario.net\/portal\/wp-content\/uploads\/2021\/05\/Inter-25-1-5.jpg\" \/>\n\t<meta property=\"og:image:width\" content=\"800\" \/>\n\t<meta property=\"og:image:height\" content=\"450\" \/>\n\t<meta property=\"og:image:type\" content=\"image\/jpeg\" \/>\n<meta name=\"author\" content=\"Jeanette\" \/>\n<meta name=\"twitter:card\" content=\"summary_large_image\" \/>\n<meta name=\"twitter:creator\" content=\"@eldiario_net\" \/>\n<meta name=\"twitter:site\" content=\"@eldiario_net\" \/>\n<meta name=\"twitter:label1\" content=\"Escrito por\" \/>\n\t<meta name=\"twitter:data1\" content=\"Jeanette\" \/>\n\t<meta name=\"twitter:label2\" content=\"Tiempo de lectura\" \/>\n\t<meta name=\"twitter:data2\" content=\"10 minutos\" \/>\n<script type=\"application\/ld+json\" class=\"yoast-schema-graph\">{\"@context\":\"https:\\\/\\\/schema.org\",\"@graph\":[{\"@type\":\"Article\",\"@id\":\"https:\\\/\\\/www.eldiario.net\\\/portal\\\/2021\\\/05\\\/24\\\/vacunas-llegaran-a-todo-el-mundo-a-final-de-2023\\\/#article\",\"isPartOf\":{\"@id\":\"https:\\\/\\\/www.eldiario.net\\\/portal\\\/2021\\\/05\\\/24\\\/vacunas-llegaran-a-todo-el-mundo-a-final-de-2023\\\/\"},\"author\":{\"name\":\"Jeanette\",\"@id\":\"https:\\\/\\\/www.eldiario.net\\\/portal\\\/#\\\/schema\\\/person\\\/f46445640444750d7d753ccd04ae01b7\"},\"headline\":\"\u201cVacunas llegar\u00e1n a todo el mundo a final de 2023\u201d\",\"datePublished\":\"2021-05-24T09:39:04+00:00\",\"mainEntityOfPage\":{\"@id\":\"https:\\\/\\\/www.eldiario.net\\\/portal\\\/2021\\\/05\\\/24\\\/vacunas-llegaran-a-todo-el-mundo-a-final-de-2023\\\/\"},\"wordCount\":2159,\"publisher\":{\"@id\":\"https:\\\/\\\/www.eldiario.net\\\/portal\\\/#organization\"},\"image\":{\"@id\":\"https:\\\/\\\/www.eldiario.net\\\/portal\\\/2021\\\/05\\\/24\\\/vacunas-llegaran-a-todo-el-mundo-a-final-de-2023\\\/#primaryimage\"},\"thumbnailUrl\":\"https:\\\/\\\/www.eldiario.net\\\/portal\\\/wp-content\\\/uploads\\\/2021\\\/05\\\/Inter-25-1-5.jpg\",\"articleSection\":[\"Internacional\"],\"inLanguage\":\"es\"},{\"@type\":\"WebPage\",\"@id\":\"https:\\\/\\\/www.eldiario.net\\\/portal\\\/2021\\\/05\\\/24\\\/vacunas-llegaran-a-todo-el-mundo-a-final-de-2023\\\/\",\"url\":\"https:\\\/\\\/www.eldiario.net\\\/portal\\\/2021\\\/05\\\/24\\\/vacunas-llegaran-a-todo-el-mundo-a-final-de-2023\\\/\",\"name\":\"\u201cVacunas llegar\u00e1n a todo el mundo a final de 2023\u201d - El Diario - Bolivia\",\"isPartOf\":{\"@id\":\"https:\\\/\\\/www.eldiario.net\\\/portal\\\/#website\"},\"primaryImageOfPage\":{\"@id\":\"https:\\\/\\\/www.eldiario.net\\\/portal\\\/2021\\\/05\\\/24\\\/vacunas-llegaran-a-todo-el-mundo-a-final-de-2023\\\/#primaryimage\"},\"image\":{\"@id\":\"https:\\\/\\\/www.eldiario.net\\\/portal\\\/2021\\\/05\\\/24\\\/vacunas-llegaran-a-todo-el-mundo-a-final-de-2023\\\/#primaryimage\"},\"thumbnailUrl\":\"https:\\\/\\\/www.eldiario.net\\\/portal\\\/wp-content\\\/uploads\\\/2021\\\/05\\\/Inter-25-1-5.jpg\",\"datePublished\":\"2021-05-24T09:39:04+00:00\",\"breadcrumb\":{\"@id\":\"https:\\\/\\\/www.eldiario.net\\\/portal\\\/2021\\\/05\\\/24\\\/vacunas-llegaran-a-todo-el-mundo-a-final-de-2023\\\/#breadcrumb\"},\"inLanguage\":\"es\",\"potentialAction\":[{\"@type\":\"ReadAction\",\"target\":[\"https:\\\/\\\/www.eldiario.net\\\/portal\\\/2021\\\/05\\\/24\\\/vacunas-llegaran-a-todo-el-mundo-a-final-de-2023\\\/\"]}]},{\"@type\":\"ImageObject\",\"inLanguage\":\"es\",\"@id\":\"https:\\\/\\\/www.eldiario.net\\\/portal\\\/2021\\\/05\\\/24\\\/vacunas-llegaran-a-todo-el-mundo-a-final-de-2023\\\/#primaryimage\",\"url\":\"https:\\\/\\\/www.eldiario.net\\\/portal\\\/wp-content\\\/uploads\\\/2021\\\/05\\\/Inter-25-1-5.jpg\",\"contentUrl\":\"https:\\\/\\\/www.eldiario.net\\\/portal\\\/wp-content\\\/uploads\\\/2021\\\/05\\\/Inter-25-1-5.jpg\",\"width\":800,\"height\":450},{\"@type\":\"BreadcrumbList\",\"@id\":\"https:\\\/\\\/www.eldiario.net\\\/portal\\\/2021\\\/05\\\/24\\\/vacunas-llegaran-a-todo-el-mundo-a-final-de-2023\\\/#breadcrumb\",\"itemListElement\":[{\"@type\":\"ListItem\",\"position\":1,\"name\":\"Portada\",\"item\":\"https:\\\/\\\/www.eldiario.net\\\/portal\\\/\"},{\"@type\":\"ListItem\",\"position\":2,\"name\":\"\u201cVacunas llegar\u00e1n a todo el mundo a final de 2023\u201d\"}]},{\"@type\":\"WebSite\",\"@id\":\"https:\\\/\\\/www.eldiario.net\\\/portal\\\/#website\",\"url\":\"https:\\\/\\\/www.eldiario.net\\\/portal\\\/\",\"name\":\"El Diario - Decano de la prensa nacional\",\"description\":\"El Diario - Decano de la prensa nacional\",\"publisher\":{\"@id\":\"https:\\\/\\\/www.eldiario.net\\\/portal\\\/#organization\"},\"potentialAction\":[{\"@type\":\"SearchAction\",\"target\":{\"@type\":\"EntryPoint\",\"urlTemplate\":\"https:\\\/\\\/www.eldiario.net\\\/portal\\\/?s={search_term_string}\"},\"query-input\":{\"@type\":\"PropertyValueSpecification\",\"valueRequired\":true,\"valueName\":\"search_term_string\"}}],\"inLanguage\":\"es\"},{\"@type\":\"Organization\",\"@id\":\"https:\\\/\\\/www.eldiario.net\\\/portal\\\/#organization\",\"name\":\"El Diario - Decano de la prensa nacional\",\"url\":\"https:\\\/\\\/www.eldiario.net\\\/portal\\\/\",\"logo\":{\"@type\":\"ImageObject\",\"inLanguage\":\"es\",\"@id\":\"https:\\\/\\\/www.eldiario.net\\\/portal\\\/#\\\/schema\\\/logo\\\/image\\\/\",\"url\":\"https:\\\/\\\/www.eldiario.net\\\/portal\\\/wp-content\\\/uploads\\\/2023\\\/07\\\/logo_ED.jpg\",\"contentUrl\":\"https:\\\/\\\/www.eldiario.net\\\/portal\\\/wp-content\\\/uploads\\\/2023\\\/07\\\/logo_ED.jpg\",\"width\":272,\"height\":52,\"caption\":\"El Diario - Decano de la prensa nacional\"},\"image\":{\"@id\":\"https:\\\/\\\/www.eldiario.net\\\/portal\\\/#\\\/schema\\\/logo\\\/image\\\/\"},\"sameAs\":[\"https:\\\/\\\/www.facebook.com\\\/eldiario.bolivia\\\/\",\"https:\\\/\\\/x.com\\\/eldiario_net\"]},{\"@type\":\"Person\",\"@id\":\"https:\\\/\\\/www.eldiario.net\\\/portal\\\/#\\\/schema\\\/person\\\/f46445640444750d7d753ccd04ae01b7\",\"name\":\"Jeanette\",\"image\":{\"@type\":\"ImageObject\",\"inLanguage\":\"es\",\"@id\":\"https:\\\/\\\/secure.gravatar.com\\\/avatar\\\/3ea2118a5f7dad2b7138b1187a6b7ee55f160b9968b66013c3a3ef39dd7e5798?s=96&d=mm&r=g\",\"url\":\"https:\\\/\\\/secure.gravatar.com\\\/avatar\\\/3ea2118a5f7dad2b7138b1187a6b7ee55f160b9968b66013c3a3ef39dd7e5798?s=96&d=mm&r=g\",\"contentUrl\":\"https:\\\/\\\/secure.gravatar.com\\\/avatar\\\/3ea2118a5f7dad2b7138b1187a6b7ee55f160b9968b66013c3a3ef39dd7e5798?s=96&d=mm&r=g\",\"caption\":\"Jeanette\"},\"sameAs\":[\"https:\\\/\\\/www.eldiario.net\\\/portal\"],\"url\":\"https:\\\/\\\/www.eldiario.net\\\/portal\\\/author\\\/jeanette\\\/\"}]}<\/script>\n<!-- \/ Yoast SEO plugin. -->","yoast_head_json":{"title":"\u201cVacunas llegar\u00e1n a todo el mundo a final de 2023\u201d - El Diario - Bolivia","robots":{"index":"index","follow":"follow","max-snippet":"max-snippet:-1","max-image-preview":"max-image-preview:large","max-video-preview":"max-video-preview:-1"},"canonical":"https:\/\/www.eldiario.net\/portal\/2021\/05\/24\/vacunas-llegaran-a-todo-el-mundo-a-final-de-2023\/","og_locale":"es_ES","og_type":"article","og_title":"\u201cVacunas llegar\u00e1n a todo el mundo a final de 2023\u201d - El Diario - Bolivia","og_description":"El microbi\u00f3logo John McConnell tiene un privilegio \u00fanico: leer de primera mano los estudios que eval\u00faan la seguridad y eficacia de las vacunas contra la covid-19 hasta finales de 2023. BBC Mundo hizo seguimiento de inmunizaciones en el mundo. El cient\u00edfico es editor en jefe de The Lancet Infectious Diseases, una revista cient\u00edfica que public\u00f3 [&hellip;]","og_url":"https:\/\/www.eldiario.net\/portal\/2021\/05\/24\/vacunas-llegaran-a-todo-el-mundo-a-final-de-2023\/","og_site_name":"El Diario - Bolivia","article_publisher":"https:\/\/www.facebook.com\/eldiario.bolivia\/","article_published_time":"2021-05-24T09:39:04+00:00","og_image":[{"width":800,"height":450,"url":"https:\/\/www.eldiario.net\/portal\/wp-content\/uploads\/2021\/05\/Inter-25-1-5.jpg","type":"image\/jpeg"}],"author":"Jeanette","twitter_card":"summary_large_image","twitter_creator":"@eldiario_net","twitter_site":"@eldiario_net","twitter_misc":{"Escrito por":"Jeanette","Tiempo de lectura":"10 minutos"},"schema":{"@context":"https:\/\/schema.org","@graph":[{"@type":"Article","@id":"https:\/\/www.eldiario.net\/portal\/2021\/05\/24\/vacunas-llegaran-a-todo-el-mundo-a-final-de-2023\/#article","isPartOf":{"@id":"https:\/\/www.eldiario.net\/portal\/2021\/05\/24\/vacunas-llegaran-a-todo-el-mundo-a-final-de-2023\/"},"author":{"name":"Jeanette","@id":"https:\/\/www.eldiario.net\/portal\/#\/schema\/person\/f46445640444750d7d753ccd04ae01b7"},"headline":"\u201cVacunas llegar\u00e1n a todo el mundo a final de 2023\u201d","datePublished":"2021-05-24T09:39:04+00:00","mainEntityOfPage":{"@id":"https:\/\/www.eldiario.net\/portal\/2021\/05\/24\/vacunas-llegaran-a-todo-el-mundo-a-final-de-2023\/"},"wordCount":2159,"publisher":{"@id":"https:\/\/www.eldiario.net\/portal\/#organization"},"image":{"@id":"https:\/\/www.eldiario.net\/portal\/2021\/05\/24\/vacunas-llegaran-a-todo-el-mundo-a-final-de-2023\/#primaryimage"},"thumbnailUrl":"https:\/\/www.eldiario.net\/portal\/wp-content\/uploads\/2021\/05\/Inter-25-1-5.jpg","articleSection":["Internacional"],"inLanguage":"es"},{"@type":"WebPage","@id":"https:\/\/www.eldiario.net\/portal\/2021\/05\/24\/vacunas-llegaran-a-todo-el-mundo-a-final-de-2023\/","url":"https:\/\/www.eldiario.net\/portal\/2021\/05\/24\/vacunas-llegaran-a-todo-el-mundo-a-final-de-2023\/","name":"\u201cVacunas llegar\u00e1n a todo el mundo a final de 2023\u201d - El Diario - Bolivia","isPartOf":{"@id":"https:\/\/www.eldiario.net\/portal\/#website"},"primaryImageOfPage":{"@id":"https:\/\/www.eldiario.net\/portal\/2021\/05\/24\/vacunas-llegaran-a-todo-el-mundo-a-final-de-2023\/#primaryimage"},"image":{"@id":"https:\/\/www.eldiario.net\/portal\/2021\/05\/24\/vacunas-llegaran-a-todo-el-mundo-a-final-de-2023\/#primaryimage"},"thumbnailUrl":"https:\/\/www.eldiario.net\/portal\/wp-content\/uploads\/2021\/05\/Inter-25-1-5.jpg","datePublished":"2021-05-24T09:39:04+00:00","breadcrumb":{"@id":"https:\/\/www.eldiario.net\/portal\/2021\/05\/24\/vacunas-llegaran-a-todo-el-mundo-a-final-de-2023\/#breadcrumb"},"inLanguage":"es","potentialAction":[{"@type":"ReadAction","target":["https:\/\/www.eldiario.net\/portal\/2021\/05\/24\/vacunas-llegaran-a-todo-el-mundo-a-final-de-2023\/"]}]},{"@type":"ImageObject","inLanguage":"es","@id":"https:\/\/www.eldiario.net\/portal\/2021\/05\/24\/vacunas-llegaran-a-todo-el-mundo-a-final-de-2023\/#primaryimage","url":"https:\/\/www.eldiario.net\/portal\/wp-content\/uploads\/2021\/05\/Inter-25-1-5.jpg","contentUrl":"https:\/\/www.eldiario.net\/portal\/wp-content\/uploads\/2021\/05\/Inter-25-1-5.jpg","width":800,"height":450},{"@type":"BreadcrumbList","@id":"https:\/\/www.eldiario.net\/portal\/2021\/05\/24\/vacunas-llegaran-a-todo-el-mundo-a-final-de-2023\/#breadcrumb","itemListElement":[{"@type":"ListItem","position":1,"name":"Portada","item":"https:\/\/www.eldiario.net\/portal\/"},{"@type":"ListItem","position":2,"name":"\u201cVacunas llegar\u00e1n a todo el mundo a final de 2023\u201d"}]},{"@type":"WebSite","@id":"https:\/\/www.eldiario.net\/portal\/#website","url":"https:\/\/www.eldiario.net\/portal\/","name":"El Diario - Decano de la prensa nacional","description":"El Diario - Decano de la prensa nacional","publisher":{"@id":"https:\/\/www.eldiario.net\/portal\/#organization"},"potentialAction":[{"@type":"SearchAction","target":{"@type":"EntryPoint","urlTemplate":"https:\/\/www.eldiario.net\/portal\/?s={search_term_string}"},"query-input":{"@type":"PropertyValueSpecification","valueRequired":true,"valueName":"search_term_string"}}],"inLanguage":"es"},{"@type":"Organization","@id":"https:\/\/www.eldiario.net\/portal\/#organization","name":"El Diario - Decano de la prensa nacional","url":"https:\/\/www.eldiario.net\/portal\/","logo":{"@type":"ImageObject","inLanguage":"es","@id":"https:\/\/www.eldiario.net\/portal\/#\/schema\/logo\/image\/","url":"https:\/\/www.eldiario.net\/portal\/wp-content\/uploads\/2023\/07\/logo_ED.jpg","contentUrl":"https:\/\/www.eldiario.net\/portal\/wp-content\/uploads\/2023\/07\/logo_ED.jpg","width":272,"height":52,"caption":"El Diario - Decano de la prensa nacional"},"image":{"@id":"https:\/\/www.eldiario.net\/portal\/#\/schema\/logo\/image\/"},"sameAs":["https:\/\/www.facebook.com\/eldiario.bolivia\/","https:\/\/x.com\/eldiario_net"]},{"@type":"Person","@id":"https:\/\/www.eldiario.net\/portal\/#\/schema\/person\/f46445640444750d7d753ccd04ae01b7","name":"Jeanette","image":{"@type":"ImageObject","inLanguage":"es","@id":"https:\/\/secure.gravatar.com\/avatar\/3ea2118a5f7dad2b7138b1187a6b7ee55f160b9968b66013c3a3ef39dd7e5798?s=96&d=mm&r=g","url":"https:\/\/secure.gravatar.com\/avatar\/3ea2118a5f7dad2b7138b1187a6b7ee55f160b9968b66013c3a3ef39dd7e5798?s=96&d=mm&r=g","contentUrl":"https:\/\/secure.gravatar.com\/avatar\/3ea2118a5f7dad2b7138b1187a6b7ee55f160b9968b66013c3a3ef39dd7e5798?s=96&d=mm&r=g","caption":"Jeanette"},"sameAs":["https:\/\/www.eldiario.net\/portal"],"url":"https:\/\/www.eldiario.net\/portal\/author\/jeanette\/"}]}},"_links":{"self":[{"href":"https:\/\/www.eldiario.net\/portal\/wp-json\/wp\/v2\/posts\/5968","targetHints":{"allow":["GET"]}}],"collection":[{"href":"https:\/\/www.eldiario.net\/portal\/wp-json\/wp\/v2\/posts"}],"about":[{"href":"https:\/\/www.eldiario.net\/portal\/wp-json\/wp\/v2\/types\/post"}],"author":[{"embeddable":true,"href":"https:\/\/www.eldiario.net\/portal\/wp-json\/wp\/v2\/users\/1"}],"replies":[{"embeddable":true,"href":"https:\/\/www.eldiario.net\/portal\/wp-json\/wp\/v2\/comments?post=5968"}],"version-history":[{"count":0,"href":"https:\/\/www.eldiario.net\/portal\/wp-json\/wp\/v2\/posts\/5968\/revisions"}],"wp:featuredmedia":[{"embeddable":true,"href":"https:\/\/www.eldiario.net\/portal\/wp-json\/wp\/v2\/media\/5969"}],"wp:attachment":[{"href":"https:\/\/www.eldiario.net\/portal\/wp-json\/wp\/v2\/media?parent=5968"}],"wp:term":[{"taxonomy":"category","embeddable":true,"href":"https:\/\/www.eldiario.net\/portal\/wp-json\/wp\/v2\/categories?post=5968"},{"taxonomy":"post_tag","embeddable":true,"href":"https:\/\/www.eldiario.net\/portal\/wp-json\/wp\/v2\/tags?post=5968"}],"curies":[{"name":"wp","href":"https:\/\/api.w.org\/{rel}","templated":true}]}}