{"id":5965,"date":"2021-05-24T05:35:35","date_gmt":"2021-05-24T09:35:35","guid":{"rendered":"https:\/\/www.eldiario.net\/portal\/?p=5965"},"modified":"2021-05-24T05:35:35","modified_gmt":"2021-05-24T09:35:35","slug":"sangrienta-campana-electoral-en-mexico","status":"publish","type":"post","link":"https:\/\/www.eldiario.net\/portal\/2021\/05\/24\/sangrienta-campana-electoral-en-mexico\/","title":{"rendered":"Sangrienta campa\u00f1a  electoral en M\u00e9xico"},"content":{"rendered":"<p>Ciudad de M\u00e9xico.- Mientras repart\u00eda volantes con sus propuestas pol\u00edticas, Abel Murrieta fue baleado a quemarropa a plena luz del d\u00eda por una persona que luego huy\u00f3 a pie, engrosando la lista de decenas de aspirantes asesinados rumbo a los comicios del 6 de junio, los m\u00e1s violentos en la historia de M\u00e9xico, de acuerdo con expertos.<br \/>\nEl 13 de mayo, el cuerpo del pol\u00edtico de 58 a\u00f1os qued\u00f3 tirado en el asfalto, con su camisa blanca ensangrentada, en una concurrida calle del violento municipio Cajeme, del norte\u00f1o estado Sonora, donde buscaba ser alcalde por Movimiento Ciudadano.<br \/>\nMurrieta se convirti\u00f3 en el pol\u00edtico n\u00famero 83 en ser asesinado. Despu\u00e9s siguieron otros dos casos, tambi\u00e9n en mayo.<br \/>\nLos volantes que cayeron de las manos del candidato, quien durante su campa\u00f1a defendi\u00f3 el lema \u00abno tengo miedo\u00bb y denunci\u00f3 la inseguridad en la regi\u00f3n, quedaron tirados a su alrededor, de acuerdo a videos difundidos en redes sociales. Poco despu\u00e9s del homicidio, la fiscal\u00eda local dijo que investigar\u00eda el caso, pero hasta ahora no hay detenidos.<br \/>\nEtellekt, una consultora basada en Ciudad de M\u00e9xico, dijo que los asesinatos de pol\u00edticos aumentaron en m\u00e1s de un tercio desde la \u00faltima votaci\u00f3n de mitad de per\u00edodo en 2015, cuando hubo 61 casos en nueve meses. El n\u00famero incluye a miembros de partidos pol\u00edticos y a quienes buscaban un cargo p\u00fablico.<br \/>\nEl presidente de M\u00e9xico, Andr\u00e9s Manuel L\u00f3pez Obrador, quien ha prometido justicia para las v\u00edctimas, ha dicho que los efectos corrosivos de la corrupci\u00f3n en administraciones pasadas han alimentado la violencia en el pa\u00eds.<br \/>\nSu Gobierno dijo el pasado viernes que analiza cerca de 400 denuncias o investigaciones relacionadas con violencia electoral y que 148 candidatos han recibido protecci\u00f3n. Pero la mayor\u00eda de los asesinatos quedan sin resolver, seg\u00fan muestran los estudios.<br \/>\nEn los 10 meses anteriores a que el presidente Andr\u00e9s Manuel L\u00f3pez Obrador, acr\u00f3nimo con el que se conoce al mandatario, ganara las elecciones en julio del 2018, hubo 152 asesinatos de pol\u00edticos, 26 de estos durante las \u00faltimas dos semanas de campa\u00f1a, document\u00f3 Etellekt.<\/p>\n<p>CIFRAS ROJAS<br \/>\nEl recuento general de asesinatos en M\u00e9xico alcanz\u00f3 un r\u00e9cord ese a\u00f1o. L\u00f3pez Obrador asumi\u00f3 en diciembre del 2018 prometiendo reducir la violencia, pero los homicidios aumentaron a\u00fan m\u00e1s durante los siguientes dos a\u00f1os.<br \/>\nSonora se ha visto particularmente afectada por la violencia. Murrieta, incluso, era abogado de Adri\u00e1n LeBaron, un morm\u00f3n de ascendencia estadounidense cuya hija y cuatro nietos fueron brutalmente asesinados y calcinados en una notoria masacre en ese estado en 2019.<br \/>\nLas elecciones intermedias de junio, las m\u00e1s grandes de la historia del pa\u00eds, ocurren en un momento clave donde el partido oficialista Morena, del mandatario, busca mantener la mayor\u00eda en la c\u00e1mara baja del Congreso. Adem\u00e1s, se disputan 15 gobernaturas y cientos alcald\u00edas.<br \/>\nEl caso de Murrieta, un exfiscal de Sonora, se suma al de muchos otros candidatos amenazados de muerte, asesinados o receptores de mensajes para que se retiren de la contienda, incluso algunos puestos junto a cabezas de cerdo cercenadas que aparecen en oficinas o plazas p\u00fablicas.<br \/>\n\u00abEstamos todos los d\u00edas dando atenci\u00f3n a candidatas y candidatos, a dirigentes que son amenazados, en algunos casos desgraciadamente les quitan la vida como ocurri\u00f3 con el candidato de Cajeme\u00bb, sostuvo L\u00f3pez Obrador un d\u00eda despu\u00e9s del asesinato de Murrieta.<br \/>\nDe septiembre a mediados de mayo, las amenazas contra candidatos y pol\u00edticos sumaron 665 y han renunciado 18 contendientes, dijo Etellekt.<br \/>\nEn los \u00faltimos dos meses, la seguridad p\u00fablica ha sido vista como el principal problema que enfrenta M\u00e9xico, y dos de cada tres ciudadanos piensan que el Gobierno est\u00e1 manejando mal el tema, seg\u00fan una encuesta reciente para el diario El Financiero.<br \/>\nMientras tanto, el apoyo a AMLO cay\u00f3 en abril cuatro puntos frente al mes previo a un 57%, mostr\u00f3 el sondeo. Una encuesta de seguimiento diaria de Consulta Mitofsky sugiere que su calificaci\u00f3n baj\u00f3 a\u00fan m\u00e1s despu\u00e9s del mortal accidente en el metro de Ciudad de M\u00e9xico el 3 de mayo.<br \/>\nLa oficina de L\u00f3pez Obrador no respondi\u00f3 a una solicitud de comentarios sobre la violencia pol\u00edtica y c\u00f3mo esta situaci\u00f3n afecta a su Gobierno.<\/p>\n<p>CRIMEN<br \/>\nAlgunos de los candidatos lograron sobrevivir, pero ahora se desplazan con cautela e incluso tuvieron que tomar medidas como reducir sus m\u00edtines de campa\u00f1a en zonas de mayor violencia.<br \/>\nErick Ram\u00edrez cort\u00f3 de tajo su discurso en una empobrecida comunidad del sure\u00f1o estado Guerrero cuando escuch\u00f3 disparos y a toda prisa fue a su auto para salvar su vida. El pol\u00edtico dijo a Reuters que antes de iniciar el mitin, en mayo, fue amenazado de muerte por hombres armados.<br \/>\nEl candidato a la alcald\u00eda del municipio Cocula, tambi\u00e9n por Movimiento Ciudadano, dijo a Reuters que estaba vivo \u00abde milagro\u00bb, aunque lament\u00f3 que estos ataques sean comunes en la violenta localidad, donde otros pol\u00edticos han sido secuestrados temporalmente y amenazados.<br \/>\n\u00abAntes de esto ya hab\u00eda tenido amenazas de muerte con gente armada que me cerraba el paso con camionetas para gritarme con groser\u00edas que renuncie\u00bb, dijo por tel\u00e9fono.<br \/>\n\u00abNo lo voy a hacer\u00bb, a\u00f1adi\u00f3 el candidato, que comparti\u00f3 videos del ataque y denuncias presentadas ante la fiscal\u00eda estatal de atentados previos.<br \/>\nLa fiscal\u00eda de Guerrero no respondi\u00f3 de inmediato a solicitudes de comentarios de Reuters.<br \/>\n\u00abHa cambiado mi vida de manera dr\u00e1stica, mi familia est\u00e1 muy preocupada, pero me apoyan\u00bb, sostuvo Ram\u00edrez.<br \/>\nEn otro caso, Cristina Delgado, candidata del opositor Partido Revolucionario Institucional (PRI), recibi\u00f3 en enero una amenaza de muerte escrita en un cartel\u00f3n blanco junto con una cabeza de puerco cercenada, poco antes de registrarse como postulante a una alcald\u00eda en el estado Oaxaca.<br \/>\n\u00abEsta es mi zona y tiene due\u00f1o, te voy a matar cuando te asomes (&#8230;) ya estas advertida\u00bb, dec\u00eda el cartel, que fue difundido en redes y medios locales. Delgado al final no se registr\u00f3 para la contienda.<br \/>\nGran parte de las agresiones se ha concentrado en estados con fuerte presencia del crimen organizado como Veracruz, Oaxaca, Puebla, Guerrero, Estado de M\u00e9xico y Michoac\u00e1n, dijo Etellekt, lo cual no implica que sean orquestadas por ellos.<br \/>\n\u00abLos agresores entendieron que hay un mayor riesgo en cometer actos de violencia letal por lo que han migrado a otros delitos que les permitan actuar con impunidad\u00bb, dijo a Reuters el director de Etellekt, Rub\u00e9n Salazar. \u00abEl objetivo es que el candidato renuncie o pierda presencia en las urnas\u00bb, a\u00f1adi\u00f3.<br \/>\nM\u00e9xico vive uno de los peores momentos de violencia en su historia, con decenas de miles de personas asesinadas y desaparecidas. Organismos internacionales han dicho que la naci\u00f3n vive una \u00abcrisis humanitaria\u00bb.<br \/>\n\u00abVa a ser muy dif\u00edcil que la gente vote con libertad, no hay garant\u00eda de nada porque est\u00e1n a merced del crimen organizado en algunas regiones del pa\u00eds\u00bb, dijo Vicente S\u00e1nchez, investigador del Colegio de la Frontera Norte (Colef). \u00abLos costos a nivel de democracia pueden ser muy altos\u00bb agreg\u00f3. (Reuters)<\/p>\n","protected":false},"excerpt":{"rendered":"<p>Ciudad de M\u00e9xico.- Mientras repart\u00eda volantes con sus propuestas pol\u00edticas, Abel Murrieta fue baleado a quemarropa a plena luz del d\u00eda por una persona que luego huy\u00f3 a pie, engrosando la lista de decenas de aspirantes asesinados rumbo a los comicios del 6 de junio, los m\u00e1s violentos en la historia de M\u00e9xico, de acuerdo [&hellip;]<\/p>\n","protected":false},"author":1,"featured_media":5966,"comment_status":"closed","ping_status":"closed","sticky":false,"template":"","format":"standard","meta":{"_acf_changed":false,"footnotes":""},"categories":[3],"tags":[],"class_list":["post-5965","post","type-post","status-publish","format-standard","has-post-thumbnail","category-internacional"],"acf":{"antetitulo":""},"yoast_head":"<!-- This site is optimized with the Yoast SEO plugin v28.3 - https:\/\/yoast.com\/product\/yoast-seo-wordpress\/ -->\n<title>Sangrienta campa\u00f1a electoral en M\u00e9xico - El Diario - Bolivia<\/title>\n<meta name=\"robots\" content=\"index, follow, max-snippet:-1, max-image-preview:large, max-video-preview:-1\" \/>\n<link rel=\"canonical\" href=\"https:\/\/www.eldiario.net\/portal\/2021\/05\/24\/sangrienta-campana-electoral-en-mexico\/\" \/>\n<meta property=\"og:locale\" content=\"es_ES\" \/>\n<meta property=\"og:type\" content=\"article\" \/>\n<meta property=\"og:title\" content=\"Sangrienta campa\u00f1a electoral en M\u00e9xico - El Diario - Bolivia\" \/>\n<meta property=\"og:description\" content=\"Ciudad de M\u00e9xico.- Mientras repart\u00eda volantes con sus propuestas pol\u00edticas, Abel Murrieta fue baleado a quemarropa a plena luz del d\u00eda por una persona que luego huy\u00f3 a pie, engrosando la lista de decenas de aspirantes asesinados rumbo a los comicios del 6 de junio, los m\u00e1s violentos en la historia de M\u00e9xico, de acuerdo [&hellip;]\" \/>\n<meta property=\"og:url\" content=\"https:\/\/www.eldiario.net\/portal\/2021\/05\/24\/sangrienta-campana-electoral-en-mexico\/\" \/>\n<meta property=\"og:site_name\" content=\"El Diario - Bolivia\" \/>\n<meta property=\"article:publisher\" content=\"https:\/\/www.facebook.com\/eldiario.bolivia\/\" \/>\n<meta property=\"article:published_time\" content=\"2021-05-24T09:35:35+00:00\" \/>\n<meta name=\"author\" content=\"Jeanette\" \/>\n<meta name=\"twitter:card\" content=\"summary_large_image\" \/>\n<meta name=\"twitter:creator\" content=\"@eldiario_net\" \/>\n<meta name=\"twitter:site\" content=\"@eldiario_net\" \/>\n<meta name=\"twitter:label1\" content=\"Escrito por\" \/>\n\t<meta name=\"twitter:data1\" content=\"Jeanette\" \/>\n\t<meta name=\"twitter:label2\" content=\"Tiempo de lectura\" \/>\n\t<meta name=\"twitter:data2\" content=\"5 minutos\" \/>\n<script type=\"application\/ld+json\" class=\"yoast-schema-graph\">{\"@context\":\"https:\\\/\\\/schema.org\",\"@graph\":[{\"@type\":\"Article\",\"@id\":\"https:\\\/\\\/www.eldiario.net\\\/portal\\\/2021\\\/05\\\/24\\\/sangrienta-campana-electoral-en-mexico\\\/#article\",\"isPartOf\":{\"@id\":\"https:\\\/\\\/www.eldiario.net\\\/portal\\\/2021\\\/05\\\/24\\\/sangrienta-campana-electoral-en-mexico\\\/\"},\"author\":{\"name\":\"Jeanette\",\"@id\":\"https:\\\/\\\/www.eldiario.net\\\/portal\\\/#\\\/schema\\\/person\\\/f46445640444750d7d753ccd04ae01b7\"},\"headline\":\"Sangrienta campa\u00f1a electoral en M\u00e9xico\",\"datePublished\":\"2021-05-24T09:35:35+00:00\",\"mainEntityOfPage\":{\"@id\":\"https:\\\/\\\/www.eldiario.net\\\/portal\\\/2021\\\/05\\\/24\\\/sangrienta-campana-electoral-en-mexico\\\/\"},\"wordCount\":1233,\"publisher\":{\"@id\":\"https:\\\/\\\/www.eldiario.net\\\/portal\\\/#organization\"},\"image\":{\"@id\":\"https:\\\/\\\/www.eldiario.net\\\/portal\\\/2021\\\/05\\\/24\\\/sangrienta-campana-electoral-en-mexico\\\/#primaryimage\"},\"thumbnailUrl\":\"\",\"articleSection\":[\"Internacional\"],\"inLanguage\":\"es\"},{\"@type\":\"WebPage\",\"@id\":\"https:\\\/\\\/www.eldiario.net\\\/portal\\\/2021\\\/05\\\/24\\\/sangrienta-campana-electoral-en-mexico\\\/\",\"url\":\"https:\\\/\\\/www.eldiario.net\\\/portal\\\/2021\\\/05\\\/24\\\/sangrienta-campana-electoral-en-mexico\\\/\",\"name\":\"Sangrienta campa\u00f1a electoral en M\u00e9xico - El Diario - Bolivia\",\"isPartOf\":{\"@id\":\"https:\\\/\\\/www.eldiario.net\\\/portal\\\/#website\"},\"primaryImageOfPage\":{\"@id\":\"https:\\\/\\\/www.eldiario.net\\\/portal\\\/2021\\\/05\\\/24\\\/sangrienta-campana-electoral-en-mexico\\\/#primaryimage\"},\"image\":{\"@id\":\"https:\\\/\\\/www.eldiario.net\\\/portal\\\/2021\\\/05\\\/24\\\/sangrienta-campana-electoral-en-mexico\\\/#primaryimage\"},\"thumbnailUrl\":\"\",\"datePublished\":\"2021-05-24T09:35:35+00:00\",\"breadcrumb\":{\"@id\":\"https:\\\/\\\/www.eldiario.net\\\/portal\\\/2021\\\/05\\\/24\\\/sangrienta-campana-electoral-en-mexico\\\/#breadcrumb\"},\"inLanguage\":\"es\",\"potentialAction\":[{\"@type\":\"ReadAction\",\"target\":[\"https:\\\/\\\/www.eldiario.net\\\/portal\\\/2021\\\/05\\\/24\\\/sangrienta-campana-electoral-en-mexico\\\/\"]}]},{\"@type\":\"ImageObject\",\"inLanguage\":\"es\",\"@id\":\"https:\\\/\\\/www.eldiario.net\\\/portal\\\/2021\\\/05\\\/24\\\/sangrienta-campana-electoral-en-mexico\\\/#primaryimage\",\"url\":\"\",\"contentUrl\":\"\"},{\"@type\":\"BreadcrumbList\",\"@id\":\"https:\\\/\\\/www.eldiario.net\\\/portal\\\/2021\\\/05\\\/24\\\/sangrienta-campana-electoral-en-mexico\\\/#breadcrumb\",\"itemListElement\":[{\"@type\":\"ListItem\",\"position\":1,\"name\":\"Portada\",\"item\":\"https:\\\/\\\/www.eldiario.net\\\/portal\\\/\"},{\"@type\":\"ListItem\",\"position\":2,\"name\":\"Sangrienta campa\u00f1a electoral en M\u00e9xico\"}]},{\"@type\":\"WebSite\",\"@id\":\"https:\\\/\\\/www.eldiario.net\\\/portal\\\/#website\",\"url\":\"https:\\\/\\\/www.eldiario.net\\\/portal\\\/\",\"name\":\"El Diario - Decano de la prensa nacional\",\"description\":\"El Diario - Decano de la prensa nacional\",\"publisher\":{\"@id\":\"https:\\\/\\\/www.eldiario.net\\\/portal\\\/#organization\"},\"potentialAction\":[{\"@type\":\"SearchAction\",\"target\":{\"@type\":\"EntryPoint\",\"urlTemplate\":\"https:\\\/\\\/www.eldiario.net\\\/portal\\\/?s={search_term_string}\"},\"query-input\":{\"@type\":\"PropertyValueSpecification\",\"valueRequired\":true,\"valueName\":\"search_term_string\"}}],\"inLanguage\":\"es\"},{\"@type\":\"Organization\",\"@id\":\"https:\\\/\\\/www.eldiario.net\\\/portal\\\/#organization\",\"name\":\"El Diario - Decano de la prensa nacional\",\"url\":\"https:\\\/\\\/www.eldiario.net\\\/portal\\\/\",\"logo\":{\"@type\":\"ImageObject\",\"inLanguage\":\"es\",\"@id\":\"https:\\\/\\\/www.eldiario.net\\\/portal\\\/#\\\/schema\\\/logo\\\/image\\\/\",\"url\":\"https:\\\/\\\/www.eldiario.net\\\/portal\\\/wp-content\\\/uploads\\\/2023\\\/07\\\/logo_ED.jpg\",\"contentUrl\":\"https:\\\/\\\/www.eldiario.net\\\/portal\\\/wp-content\\\/uploads\\\/2023\\\/07\\\/logo_ED.jpg\",\"width\":272,\"height\":52,\"caption\":\"El Diario - Decano de la prensa nacional\"},\"image\":{\"@id\":\"https:\\\/\\\/www.eldiario.net\\\/portal\\\/#\\\/schema\\\/logo\\\/image\\\/\"},\"sameAs\":[\"https:\\\/\\\/www.facebook.com\\\/eldiario.bolivia\\\/\",\"https:\\\/\\\/x.com\\\/eldiario_net\"]},{\"@type\":\"Person\",\"@id\":\"https:\\\/\\\/www.eldiario.net\\\/portal\\\/#\\\/schema\\\/person\\\/f46445640444750d7d753ccd04ae01b7\",\"name\":\"Jeanette\",\"image\":{\"@type\":\"ImageObject\",\"inLanguage\":\"es\",\"@id\":\"https:\\\/\\\/secure.gravatar.com\\\/avatar\\\/3ea2118a5f7dad2b7138b1187a6b7ee55f160b9968b66013c3a3ef39dd7e5798?s=96&d=mm&r=g\",\"url\":\"https:\\\/\\\/secure.gravatar.com\\\/avatar\\\/3ea2118a5f7dad2b7138b1187a6b7ee55f160b9968b66013c3a3ef39dd7e5798?s=96&d=mm&r=g\",\"contentUrl\":\"https:\\\/\\\/secure.gravatar.com\\\/avatar\\\/3ea2118a5f7dad2b7138b1187a6b7ee55f160b9968b66013c3a3ef39dd7e5798?s=96&d=mm&r=g\",\"caption\":\"Jeanette\"},\"sameAs\":[\"https:\\\/\\\/www.eldiario.net\\\/portal\"],\"url\":\"https:\\\/\\\/www.eldiario.net\\\/portal\\\/author\\\/jeanette\\\/\"}]}<\/script>\n<!-- \/ Yoast SEO plugin. -->","yoast_head_json":{"title":"Sangrienta campa\u00f1a electoral en M\u00e9xico - El Diario - Bolivia","robots":{"index":"index","follow":"follow","max-snippet":"max-snippet:-1","max-image-preview":"max-image-preview:large","max-video-preview":"max-video-preview:-1"},"canonical":"https:\/\/www.eldiario.net\/portal\/2021\/05\/24\/sangrienta-campana-electoral-en-mexico\/","og_locale":"es_ES","og_type":"article","og_title":"Sangrienta campa\u00f1a electoral en M\u00e9xico - El Diario - Bolivia","og_description":"Ciudad de M\u00e9xico.- Mientras repart\u00eda volantes con sus propuestas pol\u00edticas, Abel Murrieta fue baleado a quemarropa a plena luz del d\u00eda por una persona que luego huy\u00f3 a pie, engrosando la lista de decenas de aspirantes asesinados rumbo a los comicios del 6 de junio, los m\u00e1s violentos en la historia de M\u00e9xico, de acuerdo [&hellip;]","og_url":"https:\/\/www.eldiario.net\/portal\/2021\/05\/24\/sangrienta-campana-electoral-en-mexico\/","og_site_name":"El Diario - Bolivia","article_publisher":"https:\/\/www.facebook.com\/eldiario.bolivia\/","article_published_time":"2021-05-24T09:35:35+00:00","author":"Jeanette","twitter_card":"summary_large_image","twitter_creator":"@eldiario_net","twitter_site":"@eldiario_net","twitter_misc":{"Escrito por":"Jeanette","Tiempo de lectura":"5 minutos"},"schema":{"@context":"https:\/\/schema.org","@graph":[{"@type":"Article","@id":"https:\/\/www.eldiario.net\/portal\/2021\/05\/24\/sangrienta-campana-electoral-en-mexico\/#article","isPartOf":{"@id":"https:\/\/www.eldiario.net\/portal\/2021\/05\/24\/sangrienta-campana-electoral-en-mexico\/"},"author":{"name":"Jeanette","@id":"https:\/\/www.eldiario.net\/portal\/#\/schema\/person\/f46445640444750d7d753ccd04ae01b7"},"headline":"Sangrienta campa\u00f1a electoral en M\u00e9xico","datePublished":"2021-05-24T09:35:35+00:00","mainEntityOfPage":{"@id":"https:\/\/www.eldiario.net\/portal\/2021\/05\/24\/sangrienta-campana-electoral-en-mexico\/"},"wordCount":1233,"publisher":{"@id":"https:\/\/www.eldiario.net\/portal\/#organization"},"image":{"@id":"https:\/\/www.eldiario.net\/portal\/2021\/05\/24\/sangrienta-campana-electoral-en-mexico\/#primaryimage"},"thumbnailUrl":"","articleSection":["Internacional"],"inLanguage":"es"},{"@type":"WebPage","@id":"https:\/\/www.eldiario.net\/portal\/2021\/05\/24\/sangrienta-campana-electoral-en-mexico\/","url":"https:\/\/www.eldiario.net\/portal\/2021\/05\/24\/sangrienta-campana-electoral-en-mexico\/","name":"Sangrienta campa\u00f1a electoral en M\u00e9xico - El Diario - Bolivia","isPartOf":{"@id":"https:\/\/www.eldiario.net\/portal\/#website"},"primaryImageOfPage":{"@id":"https:\/\/www.eldiario.net\/portal\/2021\/05\/24\/sangrienta-campana-electoral-en-mexico\/#primaryimage"},"image":{"@id":"https:\/\/www.eldiario.net\/portal\/2021\/05\/24\/sangrienta-campana-electoral-en-mexico\/#primaryimage"},"thumbnailUrl":"","datePublished":"2021-05-24T09:35:35+00:00","breadcrumb":{"@id":"https:\/\/www.eldiario.net\/portal\/2021\/05\/24\/sangrienta-campana-electoral-en-mexico\/#breadcrumb"},"inLanguage":"es","potentialAction":[{"@type":"ReadAction","target":["https:\/\/www.eldiario.net\/portal\/2021\/05\/24\/sangrienta-campana-electoral-en-mexico\/"]}]},{"@type":"ImageObject","inLanguage":"es","@id":"https:\/\/www.eldiario.net\/portal\/2021\/05\/24\/sangrienta-campana-electoral-en-mexico\/#primaryimage","url":"","contentUrl":""},{"@type":"BreadcrumbList","@id":"https:\/\/www.eldiario.net\/portal\/2021\/05\/24\/sangrienta-campana-electoral-en-mexico\/#breadcrumb","itemListElement":[{"@type":"ListItem","position":1,"name":"Portada","item":"https:\/\/www.eldiario.net\/portal\/"},{"@type":"ListItem","position":2,"name":"Sangrienta campa\u00f1a electoral en M\u00e9xico"}]},{"@type":"WebSite","@id":"https:\/\/www.eldiario.net\/portal\/#website","url":"https:\/\/www.eldiario.net\/portal\/","name":"El Diario - Decano de la prensa nacional","description":"El Diario - Decano de la prensa nacional","publisher":{"@id":"https:\/\/www.eldiario.net\/portal\/#organization"},"potentialAction":[{"@type":"SearchAction","target":{"@type":"EntryPoint","urlTemplate":"https:\/\/www.eldiario.net\/portal\/?s={search_term_string}"},"query-input":{"@type":"PropertyValueSpecification","valueRequired":true,"valueName":"search_term_string"}}],"inLanguage":"es"},{"@type":"Organization","@id":"https:\/\/www.eldiario.net\/portal\/#organization","name":"El Diario - Decano de la prensa nacional","url":"https:\/\/www.eldiario.net\/portal\/","logo":{"@type":"ImageObject","inLanguage":"es","@id":"https:\/\/www.eldiario.net\/portal\/#\/schema\/logo\/image\/","url":"https:\/\/www.eldiario.net\/portal\/wp-content\/uploads\/2023\/07\/logo_ED.jpg","contentUrl":"https:\/\/www.eldiario.net\/portal\/wp-content\/uploads\/2023\/07\/logo_ED.jpg","width":272,"height":52,"caption":"El Diario - Decano de la prensa nacional"},"image":{"@id":"https:\/\/www.eldiario.net\/portal\/#\/schema\/logo\/image\/"},"sameAs":["https:\/\/www.facebook.com\/eldiario.bolivia\/","https:\/\/x.com\/eldiario_net"]},{"@type":"Person","@id":"https:\/\/www.eldiario.net\/portal\/#\/schema\/person\/f46445640444750d7d753ccd04ae01b7","name":"Jeanette","image":{"@type":"ImageObject","inLanguage":"es","@id":"https:\/\/secure.gravatar.com\/avatar\/3ea2118a5f7dad2b7138b1187a6b7ee55f160b9968b66013c3a3ef39dd7e5798?s=96&d=mm&r=g","url":"https:\/\/secure.gravatar.com\/avatar\/3ea2118a5f7dad2b7138b1187a6b7ee55f160b9968b66013c3a3ef39dd7e5798?s=96&d=mm&r=g","contentUrl":"https:\/\/secure.gravatar.com\/avatar\/3ea2118a5f7dad2b7138b1187a6b7ee55f160b9968b66013c3a3ef39dd7e5798?s=96&d=mm&r=g","caption":"Jeanette"},"sameAs":["https:\/\/www.eldiario.net\/portal"],"url":"https:\/\/www.eldiario.net\/portal\/author\/jeanette\/"}]}},"_links":{"self":[{"href":"https:\/\/www.eldiario.net\/portal\/wp-json\/wp\/v2\/posts\/5965","targetHints":{"allow":["GET"]}}],"collection":[{"href":"https:\/\/www.eldiario.net\/portal\/wp-json\/wp\/v2\/posts"}],"about":[{"href":"https:\/\/www.eldiario.net\/portal\/wp-json\/wp\/v2\/types\/post"}],"author":[{"embeddable":true,"href":"https:\/\/www.eldiario.net\/portal\/wp-json\/wp\/v2\/users\/1"}],"replies":[{"embeddable":true,"href":"https:\/\/www.eldiario.net\/portal\/wp-json\/wp\/v2\/comments?post=5965"}],"version-history":[{"count":0,"href":"https:\/\/www.eldiario.net\/portal\/wp-json\/wp\/v2\/posts\/5965\/revisions"}],"wp:attachment":[{"href":"https:\/\/www.eldiario.net\/portal\/wp-json\/wp\/v2\/media?parent=5965"}],"wp:term":[{"taxonomy":"category","embeddable":true,"href":"https:\/\/www.eldiario.net\/portal\/wp-json\/wp\/v2\/categories?post=5965"},{"taxonomy":"post_tag","embeddable":true,"href":"https:\/\/www.eldiario.net\/portal\/wp-json\/wp\/v2\/tags?post=5965"}],"curies":[{"name":"wp","href":"https:\/\/api.w.org\/{rel}","templated":true}]}}