{"id":5959,"date":"2021-05-24T05:33:13","date_gmt":"2021-05-24T09:33:13","guid":{"rendered":"https:\/\/www.eldiario.net\/portal\/?p=5959"},"modified":"2021-05-24T05:33:13","modified_gmt":"2021-05-24T09:33:13","slug":"bajan-contagios-diarios-en-estados-unidos","status":"publish","type":"post","link":"https:\/\/www.eldiario.net\/portal\/2021\/05\/24\/bajan-contagios-diarios-en-estados-unidos\/","title":{"rendered":"Bajan contagios diarios en Estados Unidos"},"content":{"rendered":"<p>Washington.- Los datos diarios de contagios de coronavirus en Estados Unidos bajaron de los 30.000, por primera vez, desde el pasado verano, de acuerdo con un an\u00e1lisis publicado por \u201cThe Wall Street Journal\u201d. .<br \/>\nEste jueves se registraron 29.128 nuevos casos de covid-19 en Estados Unidos, as\u00ed como 669 fallecimientos mientras que el promedio nacional a lo largo de las dos \u00faltimas semanas hab\u00eda sido de 32.256 casos al d\u00eda.<br \/>\nEste descenso de los contagios est\u00e1 relacionado con el nivel de vacunaci\u00f3n en la poblaci\u00f3n del pa\u00eds, ya que el 40 por ciento de los estadounidenses tienen ya la pauta completa.<br \/>\nAdem\u00e1s, el presidente de Estados Unidos, Joe Biden, ha apuntado que espera que el 70 por ciento de la ciudadan\u00eda sea inmune al virus para el D\u00eda de la Independencia \u2013el 4 de julio\u2013.<br \/>\nSin embargo, estados como Alabama, Arkansas o Misisipi a\u00fan se encuentran luchando para controlar el avance de la pandemia, y sus promedios de contagios son m\u00e1s altos que el del conjunto del pa\u00eds.<br \/>\nEstados Unidos vive ahora una fase de desescalada en lo que a las medidas de seguridad sanitaria se refiere, ya que la semana pasada el Centro para el Control y Prevenci\u00f3n de Enfermedades aval\u00f3 el fin de la obligatoriedad del uso de mascarilla de aquellas personas que est\u00e9n vacunadas. (Europa Press TV)<\/p>\n","protected":false},"excerpt":{"rendered":"<p>Washington.- Los datos diarios de contagios de coronavirus en Estados Unidos bajaron de los 30.000, por primera vez, desde el pasado verano, de acuerdo con un an\u00e1lisis publicado por \u201cThe Wall Street Journal\u201d. . Este jueves se registraron 29.128 nuevos casos de covid-19 en Estados Unidos, as\u00ed como 669 fallecimientos mientras que el promedio nacional [&hellip;]<\/p>\n","protected":false},"author":1,"featured_media":5960,"comment_status":"closed","ping_status":"closed","sticky":false,"template":"","format":"standard","meta":{"_acf_changed":false,"footnotes":""},"categories":[3],"tags":[],"class_list":["post-5959","post","type-post","status-publish","format-standard","has-post-thumbnail","category-internacional"],"acf":{"antetitulo":""},"yoast_head":"<!-- This site is optimized with the Yoast SEO plugin v28.4 - https:\/\/yoast.com\/product\/yoast-seo-wordpress\/ -->\n<title>Bajan contagios diarios en Estados Unidos - El Diario - Bolivia<\/title>\n<meta name=\"robots\" content=\"index, follow, max-snippet:-1, max-image-preview:large, max-video-preview:-1\" \/>\n<link rel=\"canonical\" href=\"https:\/\/www.eldiario.net\/portal\/2021\/05\/24\/bajan-contagios-diarios-en-estados-unidos\/\" \/>\n<meta property=\"og:locale\" content=\"es_ES\" \/>\n<meta property=\"og:type\" content=\"article\" \/>\n<meta property=\"og:title\" content=\"Bajan contagios diarios en Estados Unidos - El Diario - Bolivia\" \/>\n<meta property=\"og:description\" content=\"Washington.- Los datos diarios de contagios de coronavirus en Estados Unidos bajaron de los 30.000, por primera vez, desde el pasado verano, de acuerdo con un an\u00e1lisis publicado por \u201cThe Wall Street Journal\u201d. . Este jueves se registraron 29.128 nuevos casos de covid-19 en Estados Unidos, as\u00ed como 669 fallecimientos mientras que el promedio nacional [&hellip;]\" \/>\n<meta property=\"og:url\" content=\"https:\/\/www.eldiario.net\/portal\/2021\/05\/24\/bajan-contagios-diarios-en-estados-unidos\/\" \/>\n<meta property=\"og:site_name\" content=\"El Diario - Bolivia\" \/>\n<meta property=\"article:publisher\" content=\"https:\/\/www.facebook.com\/eldiario.bolivia\/\" \/>\n<meta property=\"article:published_time\" content=\"2021-05-24T09:33:13+00:00\" \/>\n<meta name=\"author\" content=\"Jeanette\" \/>\n<meta name=\"twitter:card\" content=\"summary_large_image\" \/>\n<meta name=\"twitter:creator\" content=\"@eldiario_net\" \/>\n<meta name=\"twitter:site\" content=\"@eldiario_net\" \/>\n<meta name=\"twitter:label1\" content=\"Escrito por\" \/>\n\t<meta name=\"twitter:data1\" content=\"Jeanette\" \/>\n\t<meta name=\"twitter:label2\" content=\"Tiempo de lectura\" \/>\n\t<meta name=\"twitter:data2\" content=\"1 minuto\" \/>\n<script type=\"application\/ld+json\" class=\"yoast-schema-graph\">{\"@context\":\"https:\\\/\\\/schema.org\",\"@graph\":[{\"@type\":\"Article\",\"@id\":\"https:\\\/\\\/www.eldiario.net\\\/portal\\\/2021\\\/05\\\/24\\\/bajan-contagios-diarios-en-estados-unidos\\\/#article\",\"isPartOf\":{\"@id\":\"https:\\\/\\\/www.eldiario.net\\\/portal\\\/2021\\\/05\\\/24\\\/bajan-contagios-diarios-en-estados-unidos\\\/\"},\"author\":{\"name\":\"Jeanette\",\"@id\":\"https:\\\/\\\/www.eldiario.net\\\/portal\\\/#\\\/schema\\\/person\\\/f46445640444750d7d753ccd04ae01b7\"},\"headline\":\"Bajan contagios diarios en Estados Unidos\",\"datePublished\":\"2021-05-24T09:33:13+00:00\",\"mainEntityOfPage\":{\"@id\":\"https:\\\/\\\/www.eldiario.net\\\/portal\\\/2021\\\/05\\\/24\\\/bajan-contagios-diarios-en-estados-unidos\\\/\"},\"wordCount\":233,\"publisher\":{\"@id\":\"https:\\\/\\\/www.eldiario.net\\\/portal\\\/#organization\"},\"image\":{\"@id\":\"https:\\\/\\\/www.eldiario.net\\\/portal\\\/2021\\\/05\\\/24\\\/bajan-contagios-diarios-en-estados-unidos\\\/#primaryimage\"},\"thumbnailUrl\":\"\",\"articleSection\":[\"Internacional\"],\"inLanguage\":\"es\"},{\"@type\":\"WebPage\",\"@id\":\"https:\\\/\\\/www.eldiario.net\\\/portal\\\/2021\\\/05\\\/24\\\/bajan-contagios-diarios-en-estados-unidos\\\/\",\"url\":\"https:\\\/\\\/www.eldiario.net\\\/portal\\\/2021\\\/05\\\/24\\\/bajan-contagios-diarios-en-estados-unidos\\\/\",\"name\":\"Bajan contagios diarios en Estados Unidos - El Diario - Bolivia\",\"isPartOf\":{\"@id\":\"https:\\\/\\\/www.eldiario.net\\\/portal\\\/#website\"},\"primaryImageOfPage\":{\"@id\":\"https:\\\/\\\/www.eldiario.net\\\/portal\\\/2021\\\/05\\\/24\\\/bajan-contagios-diarios-en-estados-unidos\\\/#primaryimage\"},\"image\":{\"@id\":\"https:\\\/\\\/www.eldiario.net\\\/portal\\\/2021\\\/05\\\/24\\\/bajan-contagios-diarios-en-estados-unidos\\\/#primaryimage\"},\"thumbnailUrl\":\"\",\"datePublished\":\"2021-05-24T09:33:13+00:00\",\"breadcrumb\":{\"@id\":\"https:\\\/\\\/www.eldiario.net\\\/portal\\\/2021\\\/05\\\/24\\\/bajan-contagios-diarios-en-estados-unidos\\\/#breadcrumb\"},\"inLanguage\":\"es\",\"potentialAction\":[{\"@type\":\"ReadAction\",\"target\":[\"https:\\\/\\\/www.eldiario.net\\\/portal\\\/2021\\\/05\\\/24\\\/bajan-contagios-diarios-en-estados-unidos\\\/\"]}]},{\"@type\":\"ImageObject\",\"inLanguage\":\"es\",\"@id\":\"https:\\\/\\\/www.eldiario.net\\\/portal\\\/2021\\\/05\\\/24\\\/bajan-contagios-diarios-en-estados-unidos\\\/#primaryimage\",\"url\":\"\",\"contentUrl\":\"\"},{\"@type\":\"BreadcrumbList\",\"@id\":\"https:\\\/\\\/www.eldiario.net\\\/portal\\\/2021\\\/05\\\/24\\\/bajan-contagios-diarios-en-estados-unidos\\\/#breadcrumb\",\"itemListElement\":[{\"@type\":\"ListItem\",\"position\":1,\"name\":\"Portada\",\"item\":\"https:\\\/\\\/www.eldiario.net\\\/portal\\\/\"},{\"@type\":\"ListItem\",\"position\":2,\"name\":\"Bajan contagios diarios en Estados Unidos\"}]},{\"@type\":\"WebSite\",\"@id\":\"https:\\\/\\\/www.eldiario.net\\\/portal\\\/#website\",\"url\":\"https:\\\/\\\/www.eldiario.net\\\/portal\\\/\",\"name\":\"El Diario - Decano de la prensa nacional\",\"description\":\"El Diario - Decano de la prensa nacional\",\"publisher\":{\"@id\":\"https:\\\/\\\/www.eldiario.net\\\/portal\\\/#organization\"},\"potentialAction\":[{\"@type\":\"SearchAction\",\"target\":{\"@type\":\"EntryPoint\",\"urlTemplate\":\"https:\\\/\\\/www.eldiario.net\\\/portal\\\/?s={search_term_string}\"},\"query-input\":{\"@type\":\"PropertyValueSpecification\",\"valueRequired\":true,\"valueName\":\"search_term_string\"}}],\"inLanguage\":\"es\"},{\"@type\":\"Organization\",\"@id\":\"https:\\\/\\\/www.eldiario.net\\\/portal\\\/#organization\",\"name\":\"El Diario - Decano de la prensa nacional\",\"url\":\"https:\\\/\\\/www.eldiario.net\\\/portal\\\/\",\"logo\":{\"@type\":\"ImageObject\",\"inLanguage\":\"es\",\"@id\":\"https:\\\/\\\/www.eldiario.net\\\/portal\\\/#\\\/schema\\\/logo\\\/image\\\/\",\"url\":\"https:\\\/\\\/www.eldiario.net\\\/portal\\\/wp-content\\\/uploads\\\/2023\\\/07\\\/logo_ED.jpg\",\"contentUrl\":\"https:\\\/\\\/www.eldiario.net\\\/portal\\\/wp-content\\\/uploads\\\/2023\\\/07\\\/logo_ED.jpg\",\"width\":272,\"height\":52,\"caption\":\"El Diario - Decano de la prensa nacional\"},\"image\":{\"@id\":\"https:\\\/\\\/www.eldiario.net\\\/portal\\\/#\\\/schema\\\/logo\\\/image\\\/\"},\"sameAs\":[\"https:\\\/\\\/www.facebook.com\\\/eldiario.bolivia\\\/\",\"https:\\\/\\\/x.com\\\/eldiario_net\"]},{\"@type\":\"Person\",\"@id\":\"https:\\\/\\\/www.eldiario.net\\\/portal\\\/#\\\/schema\\\/person\\\/f46445640444750d7d753ccd04ae01b7\",\"name\":\"Jeanette\",\"image\":{\"@type\":\"ImageObject\",\"inLanguage\":\"es\",\"@id\":\"https:\\\/\\\/secure.gravatar.com\\\/avatar\\\/3ea2118a5f7dad2b7138b1187a6b7ee55f160b9968b66013c3a3ef39dd7e5798?s=96&d=mm&r=g\",\"url\":\"https:\\\/\\\/secure.gravatar.com\\\/avatar\\\/3ea2118a5f7dad2b7138b1187a6b7ee55f160b9968b66013c3a3ef39dd7e5798?s=96&d=mm&r=g\",\"contentUrl\":\"https:\\\/\\\/secure.gravatar.com\\\/avatar\\\/3ea2118a5f7dad2b7138b1187a6b7ee55f160b9968b66013c3a3ef39dd7e5798?s=96&d=mm&r=g\",\"caption\":\"Jeanette\"},\"sameAs\":[\"https:\\\/\\\/www.eldiario.net\\\/portal\"],\"url\":\"https:\\\/\\\/www.eldiario.net\\\/portal\\\/author\\\/jeanette\\\/\"}]}<\/script>\n<!-- \/ Yoast SEO plugin. -->","yoast_head_json":{"title":"Bajan contagios diarios en Estados Unidos - El Diario - Bolivia","robots":{"index":"index","follow":"follow","max-snippet":"max-snippet:-1","max-image-preview":"max-image-preview:large","max-video-preview":"max-video-preview:-1"},"canonical":"https:\/\/www.eldiario.net\/portal\/2021\/05\/24\/bajan-contagios-diarios-en-estados-unidos\/","og_locale":"es_ES","og_type":"article","og_title":"Bajan contagios diarios en Estados Unidos - El Diario - Bolivia","og_description":"Washington.- Los datos diarios de contagios de coronavirus en Estados Unidos bajaron de los 30.000, por primera vez, desde el pasado verano, de acuerdo con un an\u00e1lisis publicado por \u201cThe Wall Street Journal\u201d. . Este jueves se registraron 29.128 nuevos casos de covid-19 en Estados Unidos, as\u00ed como 669 fallecimientos mientras que el promedio nacional [&hellip;]","og_url":"https:\/\/www.eldiario.net\/portal\/2021\/05\/24\/bajan-contagios-diarios-en-estados-unidos\/","og_site_name":"El Diario - Bolivia","article_publisher":"https:\/\/www.facebook.com\/eldiario.bolivia\/","article_published_time":"2021-05-24T09:33:13+00:00","author":"Jeanette","twitter_card":"summary_large_image","twitter_creator":"@eldiario_net","twitter_site":"@eldiario_net","twitter_misc":{"Escrito por":"Jeanette","Tiempo de lectura":"1 minuto"},"schema":{"@context":"https:\/\/schema.org","@graph":[{"@type":"Article","@id":"https:\/\/www.eldiario.net\/portal\/2021\/05\/24\/bajan-contagios-diarios-en-estados-unidos\/#article","isPartOf":{"@id":"https:\/\/www.eldiario.net\/portal\/2021\/05\/24\/bajan-contagios-diarios-en-estados-unidos\/"},"author":{"name":"Jeanette","@id":"https:\/\/www.eldiario.net\/portal\/#\/schema\/person\/f46445640444750d7d753ccd04ae01b7"},"headline":"Bajan contagios diarios en Estados Unidos","datePublished":"2021-05-24T09:33:13+00:00","mainEntityOfPage":{"@id":"https:\/\/www.eldiario.net\/portal\/2021\/05\/24\/bajan-contagios-diarios-en-estados-unidos\/"},"wordCount":233,"publisher":{"@id":"https:\/\/www.eldiario.net\/portal\/#organization"},"image":{"@id":"https:\/\/www.eldiario.net\/portal\/2021\/05\/24\/bajan-contagios-diarios-en-estados-unidos\/#primaryimage"},"thumbnailUrl":"","articleSection":["Internacional"],"inLanguage":"es"},{"@type":"WebPage","@id":"https:\/\/www.eldiario.net\/portal\/2021\/05\/24\/bajan-contagios-diarios-en-estados-unidos\/","url":"https:\/\/www.eldiario.net\/portal\/2021\/05\/24\/bajan-contagios-diarios-en-estados-unidos\/","name":"Bajan contagios diarios en Estados Unidos - El Diario - Bolivia","isPartOf":{"@id":"https:\/\/www.eldiario.net\/portal\/#website"},"primaryImageOfPage":{"@id":"https:\/\/www.eldiario.net\/portal\/2021\/05\/24\/bajan-contagios-diarios-en-estados-unidos\/#primaryimage"},"image":{"@id":"https:\/\/www.eldiario.net\/portal\/2021\/05\/24\/bajan-contagios-diarios-en-estados-unidos\/#primaryimage"},"thumbnailUrl":"","datePublished":"2021-05-24T09:33:13+00:00","breadcrumb":{"@id":"https:\/\/www.eldiario.net\/portal\/2021\/05\/24\/bajan-contagios-diarios-en-estados-unidos\/#breadcrumb"},"inLanguage":"es","potentialAction":[{"@type":"ReadAction","target":["https:\/\/www.eldiario.net\/portal\/2021\/05\/24\/bajan-contagios-diarios-en-estados-unidos\/"]}]},{"@type":"ImageObject","inLanguage":"es","@id":"https:\/\/www.eldiario.net\/portal\/2021\/05\/24\/bajan-contagios-diarios-en-estados-unidos\/#primaryimage","url":"","contentUrl":""},{"@type":"BreadcrumbList","@id":"https:\/\/www.eldiario.net\/portal\/2021\/05\/24\/bajan-contagios-diarios-en-estados-unidos\/#breadcrumb","itemListElement":[{"@type":"ListItem","position":1,"name":"Portada","item":"https:\/\/www.eldiario.net\/portal\/"},{"@type":"ListItem","position":2,"name":"Bajan contagios diarios en Estados Unidos"}]},{"@type":"WebSite","@id":"https:\/\/www.eldiario.net\/portal\/#website","url":"https:\/\/www.eldiario.net\/portal\/","name":"El Diario - Decano de la prensa nacional","description":"El Diario - Decano de la prensa nacional","publisher":{"@id":"https:\/\/www.eldiario.net\/portal\/#organization"},"potentialAction":[{"@type":"SearchAction","target":{"@type":"EntryPoint","urlTemplate":"https:\/\/www.eldiario.net\/portal\/?s={search_term_string}"},"query-input":{"@type":"PropertyValueSpecification","valueRequired":true,"valueName":"search_term_string"}}],"inLanguage":"es"},{"@type":"Organization","@id":"https:\/\/www.eldiario.net\/portal\/#organization","name":"El Diario - Decano de la prensa nacional","url":"https:\/\/www.eldiario.net\/portal\/","logo":{"@type":"ImageObject","inLanguage":"es","@id":"https:\/\/www.eldiario.net\/portal\/#\/schema\/logo\/image\/","url":"https:\/\/www.eldiario.net\/portal\/wp-content\/uploads\/2023\/07\/logo_ED.jpg","contentUrl":"https:\/\/www.eldiario.net\/portal\/wp-content\/uploads\/2023\/07\/logo_ED.jpg","width":272,"height":52,"caption":"El Diario - Decano de la prensa nacional"},"image":{"@id":"https:\/\/www.eldiario.net\/portal\/#\/schema\/logo\/image\/"},"sameAs":["https:\/\/www.facebook.com\/eldiario.bolivia\/","https:\/\/x.com\/eldiario_net"]},{"@type":"Person","@id":"https:\/\/www.eldiario.net\/portal\/#\/schema\/person\/f46445640444750d7d753ccd04ae01b7","name":"Jeanette","image":{"@type":"ImageObject","inLanguage":"es","@id":"https:\/\/secure.gravatar.com\/avatar\/3ea2118a5f7dad2b7138b1187a6b7ee55f160b9968b66013c3a3ef39dd7e5798?s=96&d=mm&r=g","url":"https:\/\/secure.gravatar.com\/avatar\/3ea2118a5f7dad2b7138b1187a6b7ee55f160b9968b66013c3a3ef39dd7e5798?s=96&d=mm&r=g","contentUrl":"https:\/\/secure.gravatar.com\/avatar\/3ea2118a5f7dad2b7138b1187a6b7ee55f160b9968b66013c3a3ef39dd7e5798?s=96&d=mm&r=g","caption":"Jeanette"},"sameAs":["https:\/\/www.eldiario.net\/portal"],"url":"https:\/\/www.eldiario.net\/portal\/author\/jeanette\/"}]}},"_links":{"self":[{"href":"https:\/\/www.eldiario.net\/portal\/wp-json\/wp\/v2\/posts\/5959","targetHints":{"allow":["GET"]}}],"collection":[{"href":"https:\/\/www.eldiario.net\/portal\/wp-json\/wp\/v2\/posts"}],"about":[{"href":"https:\/\/www.eldiario.net\/portal\/wp-json\/wp\/v2\/types\/post"}],"author":[{"embeddable":true,"href":"https:\/\/www.eldiario.net\/portal\/wp-json\/wp\/v2\/users\/1"}],"replies":[{"embeddable":true,"href":"https:\/\/www.eldiario.net\/portal\/wp-json\/wp\/v2\/comments?post=5959"}],"version-history":[{"count":0,"href":"https:\/\/www.eldiario.net\/portal\/wp-json\/wp\/v2\/posts\/5959\/revisions"}],"wp:attachment":[{"href":"https:\/\/www.eldiario.net\/portal\/wp-json\/wp\/v2\/media?parent=5959"}],"wp:term":[{"taxonomy":"category","embeddable":true,"href":"https:\/\/www.eldiario.net\/portal\/wp-json\/wp\/v2\/categories?post=5959"},{"taxonomy":"post_tag","embeddable":true,"href":"https:\/\/www.eldiario.net\/portal\/wp-json\/wp\/v2\/tags?post=5959"}],"curies":[{"name":"wp","href":"https:\/\/api.w.org\/{rel}","templated":true}]}}