{"id":5883,"date":"2021-05-24T04:40:26","date_gmt":"2021-05-24T08:40:26","guid":{"rendered":"https:\/\/www.eldiario.net\/portal\/?p=5883"},"modified":"2021-05-24T04:40:26","modified_gmt":"2021-05-24T08:40:26","slug":"review-smartphone-tecno-canon-17","status":"publish","type":"post","link":"https:\/\/www.eldiario.net\/portal\/2021\/05\/24\/review-smartphone-tecno-canon-17\/","title":{"rendered":"Review Smartphone Tecno Canon 17"},"content":{"rendered":"<p>En esta oportunidad tenemos un nuevo celular bajo nuestra lupa de forma exclusiva, se trata del Smartphone Tecno Camon 17.<br \/>\nEs un equipo de gran tama\u00f1o gentileza de Starphone distribuidor oficial de la marca para Bolivia. Este equipo integra un procesador de la serie MediaTek Helio G, tiene una gran bater\u00eda de 5,000 mAh.<br \/>\nEn la parte lateral derecha encontramos tres botones para prendido apagado y control de volumen. En la parte superior vemos una peque\u00f1a ranura casi imperceptible donde viene el parlante, en el lateral izquierdo encontramos la bandeja SIM, en la parte inferior tenemos un jack para auriculares, el puerto de conexi\u00f3n de carga y datos micro USB 2.0 y el parlante inferior. En la parte trasera del equipo encontramos el conjunto de las c\u00e1maras que sobresalen en un delgado marco.<br \/>\nEl Camon 17 tiene diferentes opciones de color Frost Silver, Deep Sea y Tranquil Green.<\/p>\n<p><strong>Especificaciones t\u00e9cnicas:<\/strong><br \/>\nLa pantalla del Tecno Camon 17 es HD + 720 x 1600 de 6.6 pulgadas con una frecuencia de actualizaci\u00f3n de 90Hz IPS LCD . Est\u00e1 alimentado por el SoC MediaTek Helio G85 con una memoria de 4GB de RAM y 128GB de almacenamiento interno. Trabaja con el sistema operativo Android 11 de Google y tiene una m\u00e1scara HiOS 7.6 de la misma empresa en la parte superior.<br \/>\nSu gran bater\u00eda de 5,000 mAh tiene soporte para carga r\u00e1pida de 18 W.<br \/>\nRespecto al apartado fotogr\u00e1fico<br \/>\nEste Smartphone tiene una configuraci\u00f3n de c\u00e1mara triple en la parte posterior que con un sensor primario de 48 megap\u00edxeles, un sensor de profundidad de 2 megapixles y un sensor de IA que ayuda a las fotos con poca luz. No incluye lente ultra gran angular y telefoto. En la parte frontal, cuenta con un sensor de 8 megap\u00edxeles para tomar selfies.<br \/>\nLa c\u00e1mara delantera viene dentro de la misma pantalla en la parte superior izquierda tiene un solo flash.<br \/>\nOtras caracter\u00edsticas incluyen un sensor de huellas dactilares de montaje lateral, conector para auriculares de 3,5 mm, ranura para tarjeta MicroSD, aceler\u00f3metro, sensor de luz ambiental, br\u00fajula y sensor de proximidad.<br \/>\nLa bandeja nos ofrece espacio para dual SIM y espacio para una tarjeta de memoria, es decir cuanta con tres slots.<\/p>\n<p><strong>Conectividad 3G, 4G, Wi-Fi, Bluetooth.<\/strong><br \/>\nEl sensor de huellas dactilares lo encontramos en la parte trasera del tel\u00e9fono.<br \/>\nSu procesador es el MediaTek G85 que lo podemos comparar con un Snapdragon 662.<br \/>\nRespecto a la seguridad tenemos desbloqueo de pantalla, con patr\u00f3n pin o contrase\u00f1a, huella digital y desbloqueo facial.<br \/>\nEl desbloqueo f\u00e1cil es r\u00e1pido y funciona bien en condiciones de muy poca luz.<br \/>\nEste equipo incluye cargador y auriculares en la caja m\u00e1s una funda de protecci\u00f3n transparente de silicona.<br \/>\nEs un equipo b\u00e1sico pero con buena resoluci\u00f3n en su apartado fotogr\u00e1fico.<br \/>\nLas configuraciones de la c\u00e1mara son sencillas incluye Google Lenz<br \/>\nLogramos fotos claras, n\u00edtidas y con un buen nivel de saturaci\u00f3n. Encontramos un modo supernoche para las fotos con poca luz con buenos resultados.<br \/>\nEn cuanto a los videos alcanzan una resoluci\u00f3n hasta 2K.<br \/>\nLa tasa de refresco hace referencia a la velocidad con la que el contenido de la pantalla se actualiza en este caso es de 90 Hz lo que lo coloca en una media en el mercado.<\/p>\n<p><strong>Bater\u00eda<\/strong><br \/>\nLogramos la carga total partiendo de 0% a 100 % en dos horas.<br \/>\nCon un uso intensivo alcanzamos a terminar la jornada con una sola carga.<\/p>\n<p><strong>Software<\/strong><br \/>\nComo indicamos el equipo viene con Android 11 y una capa de personalizaci\u00f3n, llega con toda la suit de Google.<\/p>\n<p><strong>Conclusiones<\/strong><br \/>\nEl Tecno Camon 17 es un celular b\u00e1sico que responde con un buen nivel. Nos gust\u00f3 el tama\u00f1o de su bater\u00eda cuya carga nos da para toda una jornada. Respecto a las fotos encontramos herramientas b\u00e1sicas pero suficientes para tomar instant\u00e1neas. La carcasa carece del cl\u00e1sico decorado reflectante. Afortunadamente llega con cargador y aud\u00edfonos.<br \/>\nSe espera este nuevo equipo est\u00e9 disponible en el mercado para finales de este mes.<\/p>\n","protected":false},"excerpt":{"rendered":"<p>En esta oportunidad tenemos un nuevo celular bajo nuestra lupa de forma exclusiva, se trata del Smartphone Tecno Camon 17. Es un equipo de gran tama\u00f1o gentileza de Starphone distribuidor oficial de la marca para Bolivia. Este equipo integra un procesador de la serie MediaTek Helio G, tiene una gran bater\u00eda de 5,000 mAh. En [&hellip;]<\/p>\n","protected":false},"author":1,"featured_media":5884,"comment_status":"closed","ping_status":"closed","sticky":false,"template":"","format":"standard","meta":{"_acf_changed":false,"footnotes":""},"categories":[46],"tags":[],"class_list":["post-5883","post","type-post","status-publish","format-standard","has-post-thumbnail","category-ciencia-computacion"],"acf":{"antetitulo":""},"yoast_head":"<!-- This site is optimized with the Yoast SEO plugin v28.4 - https:\/\/yoast.com\/product\/yoast-seo-wordpress\/ -->\n<title>Review Smartphone Tecno Canon 17 - El Diario - Bolivia<\/title>\n<meta name=\"robots\" content=\"index, follow, max-snippet:-1, max-image-preview:large, max-video-preview:-1\" \/>\n<link rel=\"canonical\" href=\"https:\/\/www.eldiario.net\/portal\/2021\/05\/24\/review-smartphone-tecno-canon-17\/\" \/>\n<meta property=\"og:locale\" content=\"es_ES\" \/>\n<meta property=\"og:type\" content=\"article\" \/>\n<meta property=\"og:title\" content=\"Review Smartphone Tecno Canon 17 - El Diario - Bolivia\" \/>\n<meta property=\"og:description\" content=\"En esta oportunidad tenemos un nuevo celular bajo nuestra lupa de forma exclusiva, se trata del Smartphone Tecno Camon 17. Es un equipo de gran tama\u00f1o gentileza de Starphone distribuidor oficial de la marca para Bolivia. Este equipo integra un procesador de la serie MediaTek Helio G, tiene una gran bater\u00eda de 5,000 mAh. En [&hellip;]\" \/>\n<meta property=\"og:url\" content=\"https:\/\/www.eldiario.net\/portal\/2021\/05\/24\/review-smartphone-tecno-canon-17\/\" \/>\n<meta property=\"og:site_name\" content=\"El Diario - Bolivia\" \/>\n<meta property=\"article:publisher\" content=\"https:\/\/www.facebook.com\/eldiario.bolivia\/\" \/>\n<meta property=\"article:published_time\" content=\"2021-05-24T08:40:26+00:00\" \/>\n<meta name=\"author\" content=\"Jeanette\" \/>\n<meta name=\"twitter:card\" content=\"summary_large_image\" \/>\n<meta name=\"twitter:creator\" content=\"@eldiario_net\" \/>\n<meta name=\"twitter:site\" content=\"@eldiario_net\" \/>\n<meta name=\"twitter:label1\" content=\"Escrito por\" \/>\n\t<meta name=\"twitter:data1\" content=\"Jeanette\" \/>\n\t<meta name=\"twitter:label2\" content=\"Tiempo de lectura\" \/>\n\t<meta name=\"twitter:data2\" content=\"3 minutos\" \/>\n<script type=\"application\/ld+json\" class=\"yoast-schema-graph\">{\"@context\":\"https:\\\/\\\/schema.org\",\"@graph\":[{\"@type\":\"Article\",\"@id\":\"https:\\\/\\\/www.eldiario.net\\\/portal\\\/2021\\\/05\\\/24\\\/review-smartphone-tecno-canon-17\\\/#article\",\"isPartOf\":{\"@id\":\"https:\\\/\\\/www.eldiario.net\\\/portal\\\/2021\\\/05\\\/24\\\/review-smartphone-tecno-canon-17\\\/\"},\"author\":{\"name\":\"Jeanette\",\"@id\":\"https:\\\/\\\/www.eldiario.net\\\/portal\\\/#\\\/schema\\\/person\\\/2c57cf2b7a7ae032e449e4c9b1019eac\"},\"headline\":\"Review Smartphone Tecno Canon 17\",\"datePublished\":\"2021-05-24T08:40:26+00:00\",\"mainEntityOfPage\":{\"@id\":\"https:\\\/\\\/www.eldiario.net\\\/portal\\\/2021\\\/05\\\/24\\\/review-smartphone-tecno-canon-17\\\/\"},\"wordCount\":680,\"publisher\":{\"@id\":\"https:\\\/\\\/www.eldiario.net\\\/portal\\\/#organization\"},\"image\":{\"@id\":\"https:\\\/\\\/www.eldiario.net\\\/portal\\\/2021\\\/05\\\/24\\\/review-smartphone-tecno-canon-17\\\/#primaryimage\"},\"thumbnailUrl\":\"\",\"articleSection\":[\"Ciencia y Computaci\u00f3n\"],\"inLanguage\":\"es\"},{\"@type\":\"WebPage\",\"@id\":\"https:\\\/\\\/www.eldiario.net\\\/portal\\\/2021\\\/05\\\/24\\\/review-smartphone-tecno-canon-17\\\/\",\"url\":\"https:\\\/\\\/www.eldiario.net\\\/portal\\\/2021\\\/05\\\/24\\\/review-smartphone-tecno-canon-17\\\/\",\"name\":\"Review Smartphone Tecno Canon 17 - El Diario - Bolivia\",\"isPartOf\":{\"@id\":\"https:\\\/\\\/www.eldiario.net\\\/portal\\\/#website\"},\"primaryImageOfPage\":{\"@id\":\"https:\\\/\\\/www.eldiario.net\\\/portal\\\/2021\\\/05\\\/24\\\/review-smartphone-tecno-canon-17\\\/#primaryimage\"},\"image\":{\"@id\":\"https:\\\/\\\/www.eldiario.net\\\/portal\\\/2021\\\/05\\\/24\\\/review-smartphone-tecno-canon-17\\\/#primaryimage\"},\"thumbnailUrl\":\"\",\"datePublished\":\"2021-05-24T08:40:26+00:00\",\"breadcrumb\":{\"@id\":\"https:\\\/\\\/www.eldiario.net\\\/portal\\\/2021\\\/05\\\/24\\\/review-smartphone-tecno-canon-17\\\/#breadcrumb\"},\"inLanguage\":\"es\",\"potentialAction\":[{\"@type\":\"ReadAction\",\"target\":[\"https:\\\/\\\/www.eldiario.net\\\/portal\\\/2021\\\/05\\\/24\\\/review-smartphone-tecno-canon-17\\\/\"]}]},{\"@type\":\"ImageObject\",\"inLanguage\":\"es\",\"@id\":\"https:\\\/\\\/www.eldiario.net\\\/portal\\\/2021\\\/05\\\/24\\\/review-smartphone-tecno-canon-17\\\/#primaryimage\",\"url\":\"\",\"contentUrl\":\"\"},{\"@type\":\"BreadcrumbList\",\"@id\":\"https:\\\/\\\/www.eldiario.net\\\/portal\\\/2021\\\/05\\\/24\\\/review-smartphone-tecno-canon-17\\\/#breadcrumb\",\"itemListElement\":[{\"@type\":\"ListItem\",\"position\":1,\"name\":\"Portada\",\"item\":\"https:\\\/\\\/www.eldiario.net\\\/portal\\\/\"},{\"@type\":\"ListItem\",\"position\":2,\"name\":\"Review Smartphone Tecno Canon 17\"}]},{\"@type\":\"WebSite\",\"@id\":\"https:\\\/\\\/www.eldiario.net\\\/portal\\\/#website\",\"url\":\"https:\\\/\\\/www.eldiario.net\\\/portal\\\/\",\"name\":\"El Diario - Decano de la prensa nacional\",\"description\":\"El Diario - Decano de la prensa nacional\",\"publisher\":{\"@id\":\"https:\\\/\\\/www.eldiario.net\\\/portal\\\/#organization\"},\"potentialAction\":[{\"@type\":\"SearchAction\",\"target\":{\"@type\":\"EntryPoint\",\"urlTemplate\":\"https:\\\/\\\/www.eldiario.net\\\/portal\\\/?s={search_term_string}\"},\"query-input\":{\"@type\":\"PropertyValueSpecification\",\"valueRequired\":true,\"valueName\":\"search_term_string\"}}],\"inLanguage\":\"es\"},{\"@type\":\"Organization\",\"@id\":\"https:\\\/\\\/www.eldiario.net\\\/portal\\\/#organization\",\"name\":\"El Diario - Decano de la prensa nacional\",\"url\":\"https:\\\/\\\/www.eldiario.net\\\/portal\\\/\",\"logo\":{\"@type\":\"ImageObject\",\"inLanguage\":\"es\",\"@id\":\"https:\\\/\\\/www.eldiario.net\\\/portal\\\/#\\\/schema\\\/logo\\\/image\\\/\",\"url\":\"https:\\\/\\\/www.eldiario.net\\\/portal\\\/wp-content\\\/uploads\\\/2023\\\/07\\\/logo_ED.jpg\",\"contentUrl\":\"https:\\\/\\\/www.eldiario.net\\\/portal\\\/wp-content\\\/uploads\\\/2023\\\/07\\\/logo_ED.jpg\",\"width\":272,\"height\":52,\"caption\":\"El Diario - Decano de la prensa nacional\"},\"image\":{\"@id\":\"https:\\\/\\\/www.eldiario.net\\\/portal\\\/#\\\/schema\\\/logo\\\/image\\\/\"},\"sameAs\":[\"https:\\\/\\\/www.facebook.com\\\/eldiario.bolivia\\\/\",\"https:\\\/\\\/x.com\\\/eldiario_net\"]},{\"@type\":\"Person\",\"@id\":\"https:\\\/\\\/www.eldiario.net\\\/portal\\\/#\\\/schema\\\/person\\\/2c57cf2b7a7ae032e449e4c9b1019eac\",\"name\":\"Jeanette\",\"image\":{\"@type\":\"ImageObject\",\"inLanguage\":\"es\",\"@id\":\"https:\\\/\\\/secure.gravatar.com\\\/avatar\\\/3ea2118a5f7dad2b7138b1187a6b7ee55f160b9968b66013c3a3ef39dd7e5798?s=96&d=mm&r=g\",\"url\":\"https:\\\/\\\/secure.gravatar.com\\\/avatar\\\/3ea2118a5f7dad2b7138b1187a6b7ee55f160b9968b66013c3a3ef39dd7e5798?s=96&d=mm&r=g\",\"contentUrl\":\"https:\\\/\\\/secure.gravatar.com\\\/avatar\\\/3ea2118a5f7dad2b7138b1187a6b7ee55f160b9968b66013c3a3ef39dd7e5798?s=96&d=mm&r=g\",\"caption\":\"Jeanette\"},\"sameAs\":[\"https:\\\/\\\/www.eldiario.net\\\/portal\"],\"url\":\"https:\\\/\\\/www.eldiario.net\\\/portal\\\/author\\\/jeanette\\\/\"}]}<\/script>\n<!-- \/ Yoast SEO plugin. -->","yoast_head_json":{"title":"Review Smartphone Tecno Canon 17 - El Diario - Bolivia","robots":{"index":"index","follow":"follow","max-snippet":"max-snippet:-1","max-image-preview":"max-image-preview:large","max-video-preview":"max-video-preview:-1"},"canonical":"https:\/\/www.eldiario.net\/portal\/2021\/05\/24\/review-smartphone-tecno-canon-17\/","og_locale":"es_ES","og_type":"article","og_title":"Review Smartphone Tecno Canon 17 - El Diario - Bolivia","og_description":"En esta oportunidad tenemos un nuevo celular bajo nuestra lupa de forma exclusiva, se trata del Smartphone Tecno Camon 17. Es un equipo de gran tama\u00f1o gentileza de Starphone distribuidor oficial de la marca para Bolivia. Este equipo integra un procesador de la serie MediaTek Helio G, tiene una gran bater\u00eda de 5,000 mAh. En [&hellip;]","og_url":"https:\/\/www.eldiario.net\/portal\/2021\/05\/24\/review-smartphone-tecno-canon-17\/","og_site_name":"El Diario - Bolivia","article_publisher":"https:\/\/www.facebook.com\/eldiario.bolivia\/","article_published_time":"2021-05-24T08:40:26+00:00","author":"Jeanette","twitter_card":"summary_large_image","twitter_creator":"@eldiario_net","twitter_site":"@eldiario_net","twitter_misc":{"Escrito por":"Jeanette","Tiempo de lectura":"3 minutos"},"schema":{"@context":"https:\/\/schema.org","@graph":[{"@type":"Article","@id":"https:\/\/www.eldiario.net\/portal\/2021\/05\/24\/review-smartphone-tecno-canon-17\/#article","isPartOf":{"@id":"https:\/\/www.eldiario.net\/portal\/2021\/05\/24\/review-smartphone-tecno-canon-17\/"},"author":{"name":"Jeanette","@id":"https:\/\/www.eldiario.net\/portal\/#\/schema\/person\/2c57cf2b7a7ae032e449e4c9b1019eac"},"headline":"Review Smartphone Tecno Canon 17","datePublished":"2021-05-24T08:40:26+00:00","mainEntityOfPage":{"@id":"https:\/\/www.eldiario.net\/portal\/2021\/05\/24\/review-smartphone-tecno-canon-17\/"},"wordCount":680,"publisher":{"@id":"https:\/\/www.eldiario.net\/portal\/#organization"},"image":{"@id":"https:\/\/www.eldiario.net\/portal\/2021\/05\/24\/review-smartphone-tecno-canon-17\/#primaryimage"},"thumbnailUrl":"","articleSection":["Ciencia y Computaci\u00f3n"],"inLanguage":"es"},{"@type":"WebPage","@id":"https:\/\/www.eldiario.net\/portal\/2021\/05\/24\/review-smartphone-tecno-canon-17\/","url":"https:\/\/www.eldiario.net\/portal\/2021\/05\/24\/review-smartphone-tecno-canon-17\/","name":"Review Smartphone Tecno Canon 17 - El Diario - Bolivia","isPartOf":{"@id":"https:\/\/www.eldiario.net\/portal\/#website"},"primaryImageOfPage":{"@id":"https:\/\/www.eldiario.net\/portal\/2021\/05\/24\/review-smartphone-tecno-canon-17\/#primaryimage"},"image":{"@id":"https:\/\/www.eldiario.net\/portal\/2021\/05\/24\/review-smartphone-tecno-canon-17\/#primaryimage"},"thumbnailUrl":"","datePublished":"2021-05-24T08:40:26+00:00","breadcrumb":{"@id":"https:\/\/www.eldiario.net\/portal\/2021\/05\/24\/review-smartphone-tecno-canon-17\/#breadcrumb"},"inLanguage":"es","potentialAction":[{"@type":"ReadAction","target":["https:\/\/www.eldiario.net\/portal\/2021\/05\/24\/review-smartphone-tecno-canon-17\/"]}]},{"@type":"ImageObject","inLanguage":"es","@id":"https:\/\/www.eldiario.net\/portal\/2021\/05\/24\/review-smartphone-tecno-canon-17\/#primaryimage","url":"","contentUrl":""},{"@type":"BreadcrumbList","@id":"https:\/\/www.eldiario.net\/portal\/2021\/05\/24\/review-smartphone-tecno-canon-17\/#breadcrumb","itemListElement":[{"@type":"ListItem","position":1,"name":"Portada","item":"https:\/\/www.eldiario.net\/portal\/"},{"@type":"ListItem","position":2,"name":"Review Smartphone Tecno Canon 17"}]},{"@type":"WebSite","@id":"https:\/\/www.eldiario.net\/portal\/#website","url":"https:\/\/www.eldiario.net\/portal\/","name":"El Diario - Decano de la prensa nacional","description":"El Diario - Decano de la prensa nacional","publisher":{"@id":"https:\/\/www.eldiario.net\/portal\/#organization"},"potentialAction":[{"@type":"SearchAction","target":{"@type":"EntryPoint","urlTemplate":"https:\/\/www.eldiario.net\/portal\/?s={search_term_string}"},"query-input":{"@type":"PropertyValueSpecification","valueRequired":true,"valueName":"search_term_string"}}],"inLanguage":"es"},{"@type":"Organization","@id":"https:\/\/www.eldiario.net\/portal\/#organization","name":"El Diario - Decano de la prensa nacional","url":"https:\/\/www.eldiario.net\/portal\/","logo":{"@type":"ImageObject","inLanguage":"es","@id":"https:\/\/www.eldiario.net\/portal\/#\/schema\/logo\/image\/","url":"https:\/\/www.eldiario.net\/portal\/wp-content\/uploads\/2023\/07\/logo_ED.jpg","contentUrl":"https:\/\/www.eldiario.net\/portal\/wp-content\/uploads\/2023\/07\/logo_ED.jpg","width":272,"height":52,"caption":"El Diario - Decano de la prensa nacional"},"image":{"@id":"https:\/\/www.eldiario.net\/portal\/#\/schema\/logo\/image\/"},"sameAs":["https:\/\/www.facebook.com\/eldiario.bolivia\/","https:\/\/x.com\/eldiario_net"]},{"@type":"Person","@id":"https:\/\/www.eldiario.net\/portal\/#\/schema\/person\/2c57cf2b7a7ae032e449e4c9b1019eac","name":"Jeanette","image":{"@type":"ImageObject","inLanguage":"es","@id":"https:\/\/secure.gravatar.com\/avatar\/3ea2118a5f7dad2b7138b1187a6b7ee55f160b9968b66013c3a3ef39dd7e5798?s=96&d=mm&r=g","url":"https:\/\/secure.gravatar.com\/avatar\/3ea2118a5f7dad2b7138b1187a6b7ee55f160b9968b66013c3a3ef39dd7e5798?s=96&d=mm&r=g","contentUrl":"https:\/\/secure.gravatar.com\/avatar\/3ea2118a5f7dad2b7138b1187a6b7ee55f160b9968b66013c3a3ef39dd7e5798?s=96&d=mm&r=g","caption":"Jeanette"},"sameAs":["https:\/\/www.eldiario.net\/portal"],"url":"https:\/\/www.eldiario.net\/portal\/author\/jeanette\/"}]}},"_links":{"self":[{"href":"https:\/\/www.eldiario.net\/portal\/wp-json\/wp\/v2\/posts\/5883","targetHints":{"allow":["GET"]}}],"collection":[{"href":"https:\/\/www.eldiario.net\/portal\/wp-json\/wp\/v2\/posts"}],"about":[{"href":"https:\/\/www.eldiario.net\/portal\/wp-json\/wp\/v2\/types\/post"}],"author":[{"embeddable":true,"href":"https:\/\/www.eldiario.net\/portal\/wp-json\/wp\/v2\/users\/1"}],"replies":[{"embeddable":true,"href":"https:\/\/www.eldiario.net\/portal\/wp-json\/wp\/v2\/comments?post=5883"}],"version-history":[{"count":0,"href":"https:\/\/www.eldiario.net\/portal\/wp-json\/wp\/v2\/posts\/5883\/revisions"}],"wp:attachment":[{"href":"https:\/\/www.eldiario.net\/portal\/wp-json\/wp\/v2\/media?parent=5883"}],"wp:term":[{"taxonomy":"category","embeddable":true,"href":"https:\/\/www.eldiario.net\/portal\/wp-json\/wp\/v2\/categories?post=5883"},{"taxonomy":"post_tag","embeddable":true,"href":"https:\/\/www.eldiario.net\/portal\/wp-json\/wp\/v2\/tags?post=5883"}],"curies":[{"name":"wp","href":"https:\/\/api.w.org\/{rel}","templated":true}]}}