{"id":5873,"date":"2021-05-24T04:34:55","date_gmt":"2021-05-24T08:34:55","guid":{"rendered":"https:\/\/www.eldiario.net\/portal\/?p=5873"},"modified":"2021-05-24T04:34:55","modified_gmt":"2021-05-24T08:34:55","slug":"samsung-acompano-a-miss-bolivia-universo-con-tecnologia-de-alta-gama","status":"publish","type":"post","link":"https:\/\/www.eldiario.net\/portal\/2021\/05\/24\/samsung-acompano-a-miss-bolivia-universo-con-tecnologia-de-alta-gama\/","title":{"rendered":"Samsung acompa\u00f1\u00f3 a Miss Bolivia Universo con tecnolog\u00eda de alta gama"},"content":{"rendered":"<p>Lenka Nemer, la boliviana representante de belleza en el Miss Universo 2020, disfrut\u00f3 de la sofisticaci\u00f3n y funcionalidad de los dispositivos premium Galaxy S21 Plus, Galaxy Buds Live y Galaxy Watch 3, para registrar y compartir su experiencia durante el certamen internacional.<br \/>\nMiss Bolivia Universo, Lenka Nemer, se mantuvo conectada con sus seguidores a trav\u00e9s de videos y fotos en las que comparti\u00f3 detalles de su experiencia en el m\u00e1ximo certamen de belleza internacional. Al t\u00e9rmino de cada d\u00eda, la beldad comparti\u00f3 con sus seguidores un compilado de los momentos m\u00e1s destacados de su jornada. Para esta aventura, la tecnolog\u00eda es su importante aliada, es por eso que Samsung la acompa\u00f1a a cada paso con productos de alta gama de su portafolio: un Galaxy S21 Plus, los aud\u00edfonos Galaxy Buds Live y el reloj inteligente Galaxy Watch 3.<br \/>\n\u201cDesde la primera semana de uso descubr\u00ed un celular asombroso; su c\u00e1mara es muy buena y toma fotograf\u00edas n\u00edtidas que comparto en mis redes sociales. Estoy con muy contenta con el Galaxy S21 Plus y sus accesorios. \u00a1Recomendado al cien por ciento!\u201d, expresa Lenka Nemer a trav\u00e9s de un contacto directo desde Miami \u2013 Florida, sede del evento.<br \/>\nActualmente la Miss Bolivia disfruta de la tecnolog\u00eda Samsung durante m\u00e1s de doce horas cargadas de los compromisos caracter\u00edsticos en los d\u00edas previos a la coronaci\u00f3n. Comenta que el smartphone de gama alta le permite mantenerse comunicada en todo momento, adem\u00e1s de facilitarle m\u00faltiples tareas de organizaci\u00f3n, entretenci\u00f3n y actualizaci\u00f3n sobre lo que sucede tanto en el certamen como en el pa\u00eds.<br \/>\n\u201cEs un verdadero honor acompa\u00f1ar a nuestra representante de belleza en su camino hacia la corona de Miss Universo 2020. A trav\u00e9s de sus fotos y videos, podemos seguir la excelente participaci\u00f3n que est\u00e1 teniendo. Estamos seguros que ella dejar\u00e1 en alto el nombre de Bolivia. Independientemente del resultado, nos enorgullece ver c\u00f3mo ella se est\u00e1 desenvolviendo, as\u00ed que estamos muy felices de ser parte de su experiencia de la mano de nuestra tecnolog\u00eda\u201d, asegur\u00f3 Carolina Zamora, gerente de Marketing de Samsung Bolivia.<\/p>\n","protected":false},"excerpt":{"rendered":"<p>Lenka Nemer, la boliviana representante de belleza en el Miss Universo 2020, disfrut\u00f3 de la sofisticaci\u00f3n y funcionalidad de los dispositivos premium Galaxy S21 Plus, Galaxy Buds Live y Galaxy Watch 3, para registrar y compartir su experiencia durante el certamen internacional. Miss Bolivia Universo, Lenka Nemer, se mantuvo conectada con sus seguidores a trav\u00e9s [&hellip;]<\/p>\n","protected":false},"author":1,"featured_media":5874,"comment_status":"closed","ping_status":"closed","sticky":false,"template":"","format":"standard","meta":{"_acf_changed":false,"footnotes":""},"categories":[46],"tags":[],"class_list":["post-5873","post","type-post","status-publish","format-standard","has-post-thumbnail","category-ciencia-computacion"],"acf":{"antetitulo":""},"yoast_head":"<!-- This site is optimized with the Yoast SEO plugin v28.4 - https:\/\/yoast.com\/product\/yoast-seo-wordpress\/ -->\n<title>Samsung acompa\u00f1\u00f3 a Miss Bolivia Universo con tecnolog\u00eda de alta gama - El Diario - Bolivia<\/title>\n<meta name=\"robots\" content=\"index, follow, max-snippet:-1, max-image-preview:large, max-video-preview:-1\" \/>\n<link rel=\"canonical\" href=\"https:\/\/www.eldiario.net\/portal\/2021\/05\/24\/samsung-acompano-a-miss-bolivia-universo-con-tecnologia-de-alta-gama\/\" \/>\n<meta property=\"og:locale\" content=\"es_ES\" \/>\n<meta property=\"og:type\" content=\"article\" \/>\n<meta property=\"og:title\" content=\"Samsung acompa\u00f1\u00f3 a Miss Bolivia Universo con tecnolog\u00eda de alta gama - El Diario - Bolivia\" \/>\n<meta property=\"og:description\" content=\"Lenka Nemer, la boliviana representante de belleza en el Miss Universo 2020, disfrut\u00f3 de la sofisticaci\u00f3n y funcionalidad de los dispositivos premium Galaxy S21 Plus, Galaxy Buds Live y Galaxy Watch 3, para registrar y compartir su experiencia durante el certamen internacional. Miss Bolivia Universo, Lenka Nemer, se mantuvo conectada con sus seguidores a trav\u00e9s [&hellip;]\" \/>\n<meta property=\"og:url\" content=\"https:\/\/www.eldiario.net\/portal\/2021\/05\/24\/samsung-acompano-a-miss-bolivia-universo-con-tecnologia-de-alta-gama\/\" \/>\n<meta property=\"og:site_name\" content=\"El Diario - Bolivia\" \/>\n<meta property=\"article:publisher\" content=\"https:\/\/www.facebook.com\/eldiario.bolivia\/\" \/>\n<meta property=\"article:published_time\" content=\"2021-05-24T08:34:55+00:00\" \/>\n<meta property=\"og:image\" content=\"https:\/\/www.eldiario.net\/portal\/wp-content\/uploads\/2021\/05\/3-C-2.jpg\" \/>\n\t<meta property=\"og:image:width\" content=\"1000\" \/>\n\t<meta property=\"og:image:height\" content=\"890\" \/>\n\t<meta property=\"og:image:type\" content=\"image\/jpeg\" \/>\n<meta name=\"author\" content=\"Jeanette\" \/>\n<meta name=\"twitter:card\" content=\"summary_large_image\" \/>\n<meta name=\"twitter:creator\" content=\"@eldiario_net\" \/>\n<meta name=\"twitter:site\" content=\"@eldiario_net\" \/>\n<meta name=\"twitter:label1\" content=\"Escrito por\" \/>\n\t<meta name=\"twitter:data1\" content=\"Jeanette\" \/>\n\t<meta name=\"twitter:label2\" content=\"Tiempo de lectura\" \/>\n\t<meta name=\"twitter:data2\" content=\"2 minutos\" \/>\n<script type=\"application\/ld+json\" class=\"yoast-schema-graph\">{\"@context\":\"https:\\\/\\\/schema.org\",\"@graph\":[{\"@type\":\"Article\",\"@id\":\"https:\\\/\\\/www.eldiario.net\\\/portal\\\/2021\\\/05\\\/24\\\/samsung-acompano-a-miss-bolivia-universo-con-tecnologia-de-alta-gama\\\/#article\",\"isPartOf\":{\"@id\":\"https:\\\/\\\/www.eldiario.net\\\/portal\\\/2021\\\/05\\\/24\\\/samsung-acompano-a-miss-bolivia-universo-con-tecnologia-de-alta-gama\\\/\"},\"author\":{\"name\":\"Jeanette\",\"@id\":\"https:\\\/\\\/www.eldiario.net\\\/portal\\\/#\\\/schema\\\/person\\\/2c57cf2b7a7ae032e449e4c9b1019eac\"},\"headline\":\"Samsung acompa\u00f1\u00f3 a Miss Bolivia Universo con tecnolog\u00eda de alta gama\",\"datePublished\":\"2021-05-24T08:34:55+00:00\",\"mainEntityOfPage\":{\"@id\":\"https:\\\/\\\/www.eldiario.net\\\/portal\\\/2021\\\/05\\\/24\\\/samsung-acompano-a-miss-bolivia-universo-con-tecnologia-de-alta-gama\\\/\"},\"wordCount\":377,\"publisher\":{\"@id\":\"https:\\\/\\\/www.eldiario.net\\\/portal\\\/#organization\"},\"image\":{\"@id\":\"https:\\\/\\\/www.eldiario.net\\\/portal\\\/2021\\\/05\\\/24\\\/samsung-acompano-a-miss-bolivia-universo-con-tecnologia-de-alta-gama\\\/#primaryimage\"},\"thumbnailUrl\":\"https:\\\/\\\/www.eldiario.net\\\/portal\\\/wp-content\\\/uploads\\\/2021\\\/05\\\/3-C-2.jpg\",\"articleSection\":[\"Ciencia y Computaci\u00f3n\"],\"inLanguage\":\"es\"},{\"@type\":\"WebPage\",\"@id\":\"https:\\\/\\\/www.eldiario.net\\\/portal\\\/2021\\\/05\\\/24\\\/samsung-acompano-a-miss-bolivia-universo-con-tecnologia-de-alta-gama\\\/\",\"url\":\"https:\\\/\\\/www.eldiario.net\\\/portal\\\/2021\\\/05\\\/24\\\/samsung-acompano-a-miss-bolivia-universo-con-tecnologia-de-alta-gama\\\/\",\"name\":\"Samsung acompa\u00f1\u00f3 a Miss Bolivia Universo con tecnolog\u00eda de alta gama - El Diario - Bolivia\",\"isPartOf\":{\"@id\":\"https:\\\/\\\/www.eldiario.net\\\/portal\\\/#website\"},\"primaryImageOfPage\":{\"@id\":\"https:\\\/\\\/www.eldiario.net\\\/portal\\\/2021\\\/05\\\/24\\\/samsung-acompano-a-miss-bolivia-universo-con-tecnologia-de-alta-gama\\\/#primaryimage\"},\"image\":{\"@id\":\"https:\\\/\\\/www.eldiario.net\\\/portal\\\/2021\\\/05\\\/24\\\/samsung-acompano-a-miss-bolivia-universo-con-tecnologia-de-alta-gama\\\/#primaryimage\"},\"thumbnailUrl\":\"https:\\\/\\\/www.eldiario.net\\\/portal\\\/wp-content\\\/uploads\\\/2021\\\/05\\\/3-C-2.jpg\",\"datePublished\":\"2021-05-24T08:34:55+00:00\",\"breadcrumb\":{\"@id\":\"https:\\\/\\\/www.eldiario.net\\\/portal\\\/2021\\\/05\\\/24\\\/samsung-acompano-a-miss-bolivia-universo-con-tecnologia-de-alta-gama\\\/#breadcrumb\"},\"inLanguage\":\"es\",\"potentialAction\":[{\"@type\":\"ReadAction\",\"target\":[\"https:\\\/\\\/www.eldiario.net\\\/portal\\\/2021\\\/05\\\/24\\\/samsung-acompano-a-miss-bolivia-universo-con-tecnologia-de-alta-gama\\\/\"]}]},{\"@type\":\"ImageObject\",\"inLanguage\":\"es\",\"@id\":\"https:\\\/\\\/www.eldiario.net\\\/portal\\\/2021\\\/05\\\/24\\\/samsung-acompano-a-miss-bolivia-universo-con-tecnologia-de-alta-gama\\\/#primaryimage\",\"url\":\"https:\\\/\\\/www.eldiario.net\\\/portal\\\/wp-content\\\/uploads\\\/2021\\\/05\\\/3-C-2.jpg\",\"contentUrl\":\"https:\\\/\\\/www.eldiario.net\\\/portal\\\/wp-content\\\/uploads\\\/2021\\\/05\\\/3-C-2.jpg\",\"width\":1000,\"height\":890},{\"@type\":\"BreadcrumbList\",\"@id\":\"https:\\\/\\\/www.eldiario.net\\\/portal\\\/2021\\\/05\\\/24\\\/samsung-acompano-a-miss-bolivia-universo-con-tecnologia-de-alta-gama\\\/#breadcrumb\",\"itemListElement\":[{\"@type\":\"ListItem\",\"position\":1,\"name\":\"Portada\",\"item\":\"https:\\\/\\\/www.eldiario.net\\\/portal\\\/\"},{\"@type\":\"ListItem\",\"position\":2,\"name\":\"Samsung acompa\u00f1\u00f3 a Miss Bolivia Universo con tecnolog\u00eda de alta gama\"}]},{\"@type\":\"WebSite\",\"@id\":\"https:\\\/\\\/www.eldiario.net\\\/portal\\\/#website\",\"url\":\"https:\\\/\\\/www.eldiario.net\\\/portal\\\/\",\"name\":\"El Diario - Decano de la prensa nacional\",\"description\":\"El Diario - Decano de la prensa nacional\",\"publisher\":{\"@id\":\"https:\\\/\\\/www.eldiario.net\\\/portal\\\/#organization\"},\"potentialAction\":[{\"@type\":\"SearchAction\",\"target\":{\"@type\":\"EntryPoint\",\"urlTemplate\":\"https:\\\/\\\/www.eldiario.net\\\/portal\\\/?s={search_term_string}\"},\"query-input\":{\"@type\":\"PropertyValueSpecification\",\"valueRequired\":true,\"valueName\":\"search_term_string\"}}],\"inLanguage\":\"es\"},{\"@type\":\"Organization\",\"@id\":\"https:\\\/\\\/www.eldiario.net\\\/portal\\\/#organization\",\"name\":\"El Diario - Decano de la prensa nacional\",\"url\":\"https:\\\/\\\/www.eldiario.net\\\/portal\\\/\",\"logo\":{\"@type\":\"ImageObject\",\"inLanguage\":\"es\",\"@id\":\"https:\\\/\\\/www.eldiario.net\\\/portal\\\/#\\\/schema\\\/logo\\\/image\\\/\",\"url\":\"https:\\\/\\\/www.eldiario.net\\\/portal\\\/wp-content\\\/uploads\\\/2023\\\/07\\\/logo_ED.jpg\",\"contentUrl\":\"https:\\\/\\\/www.eldiario.net\\\/portal\\\/wp-content\\\/uploads\\\/2023\\\/07\\\/logo_ED.jpg\",\"width\":272,\"height\":52,\"caption\":\"El Diario - Decano de la prensa nacional\"},\"image\":{\"@id\":\"https:\\\/\\\/www.eldiario.net\\\/portal\\\/#\\\/schema\\\/logo\\\/image\\\/\"},\"sameAs\":[\"https:\\\/\\\/www.facebook.com\\\/eldiario.bolivia\\\/\",\"https:\\\/\\\/x.com\\\/eldiario_net\"]},{\"@type\":\"Person\",\"@id\":\"https:\\\/\\\/www.eldiario.net\\\/portal\\\/#\\\/schema\\\/person\\\/2c57cf2b7a7ae032e449e4c9b1019eac\",\"name\":\"Jeanette\",\"image\":{\"@type\":\"ImageObject\",\"inLanguage\":\"es\",\"@id\":\"https:\\\/\\\/secure.gravatar.com\\\/avatar\\\/3ea2118a5f7dad2b7138b1187a6b7ee55f160b9968b66013c3a3ef39dd7e5798?s=96&d=mm&r=g\",\"url\":\"https:\\\/\\\/secure.gravatar.com\\\/avatar\\\/3ea2118a5f7dad2b7138b1187a6b7ee55f160b9968b66013c3a3ef39dd7e5798?s=96&d=mm&r=g\",\"contentUrl\":\"https:\\\/\\\/secure.gravatar.com\\\/avatar\\\/3ea2118a5f7dad2b7138b1187a6b7ee55f160b9968b66013c3a3ef39dd7e5798?s=96&d=mm&r=g\",\"caption\":\"Jeanette\"},\"sameAs\":[\"https:\\\/\\\/www.eldiario.net\\\/portal\"],\"url\":\"https:\\\/\\\/www.eldiario.net\\\/portal\\\/author\\\/jeanette\\\/\"}]}<\/script>\n<!-- \/ Yoast SEO plugin. -->","yoast_head_json":{"title":"Samsung acompa\u00f1\u00f3 a Miss Bolivia Universo con tecnolog\u00eda de alta gama - El Diario - Bolivia","robots":{"index":"index","follow":"follow","max-snippet":"max-snippet:-1","max-image-preview":"max-image-preview:large","max-video-preview":"max-video-preview:-1"},"canonical":"https:\/\/www.eldiario.net\/portal\/2021\/05\/24\/samsung-acompano-a-miss-bolivia-universo-con-tecnologia-de-alta-gama\/","og_locale":"es_ES","og_type":"article","og_title":"Samsung acompa\u00f1\u00f3 a Miss Bolivia Universo con tecnolog\u00eda de alta gama - El Diario - Bolivia","og_description":"Lenka Nemer, la boliviana representante de belleza en el Miss Universo 2020, disfrut\u00f3 de la sofisticaci\u00f3n y funcionalidad de los dispositivos premium Galaxy S21 Plus, Galaxy Buds Live y Galaxy Watch 3, para registrar y compartir su experiencia durante el certamen internacional. Miss Bolivia Universo, Lenka Nemer, se mantuvo conectada con sus seguidores a trav\u00e9s [&hellip;]","og_url":"https:\/\/www.eldiario.net\/portal\/2021\/05\/24\/samsung-acompano-a-miss-bolivia-universo-con-tecnologia-de-alta-gama\/","og_site_name":"El Diario - Bolivia","article_publisher":"https:\/\/www.facebook.com\/eldiario.bolivia\/","article_published_time":"2021-05-24T08:34:55+00:00","og_image":[{"width":1000,"height":890,"url":"https:\/\/www.eldiario.net\/portal\/wp-content\/uploads\/2021\/05\/3-C-2.jpg","type":"image\/jpeg"}],"author":"Jeanette","twitter_card":"summary_large_image","twitter_creator":"@eldiario_net","twitter_site":"@eldiario_net","twitter_misc":{"Escrito por":"Jeanette","Tiempo de lectura":"2 minutos"},"schema":{"@context":"https:\/\/schema.org","@graph":[{"@type":"Article","@id":"https:\/\/www.eldiario.net\/portal\/2021\/05\/24\/samsung-acompano-a-miss-bolivia-universo-con-tecnologia-de-alta-gama\/#article","isPartOf":{"@id":"https:\/\/www.eldiario.net\/portal\/2021\/05\/24\/samsung-acompano-a-miss-bolivia-universo-con-tecnologia-de-alta-gama\/"},"author":{"name":"Jeanette","@id":"https:\/\/www.eldiario.net\/portal\/#\/schema\/person\/2c57cf2b7a7ae032e449e4c9b1019eac"},"headline":"Samsung acompa\u00f1\u00f3 a Miss Bolivia Universo con tecnolog\u00eda de alta gama","datePublished":"2021-05-24T08:34:55+00:00","mainEntityOfPage":{"@id":"https:\/\/www.eldiario.net\/portal\/2021\/05\/24\/samsung-acompano-a-miss-bolivia-universo-con-tecnologia-de-alta-gama\/"},"wordCount":377,"publisher":{"@id":"https:\/\/www.eldiario.net\/portal\/#organization"},"image":{"@id":"https:\/\/www.eldiario.net\/portal\/2021\/05\/24\/samsung-acompano-a-miss-bolivia-universo-con-tecnologia-de-alta-gama\/#primaryimage"},"thumbnailUrl":"https:\/\/www.eldiario.net\/portal\/wp-content\/uploads\/2021\/05\/3-C-2.jpg","articleSection":["Ciencia y Computaci\u00f3n"],"inLanguage":"es"},{"@type":"WebPage","@id":"https:\/\/www.eldiario.net\/portal\/2021\/05\/24\/samsung-acompano-a-miss-bolivia-universo-con-tecnologia-de-alta-gama\/","url":"https:\/\/www.eldiario.net\/portal\/2021\/05\/24\/samsung-acompano-a-miss-bolivia-universo-con-tecnologia-de-alta-gama\/","name":"Samsung acompa\u00f1\u00f3 a Miss Bolivia Universo con tecnolog\u00eda de alta gama - El Diario - Bolivia","isPartOf":{"@id":"https:\/\/www.eldiario.net\/portal\/#website"},"primaryImageOfPage":{"@id":"https:\/\/www.eldiario.net\/portal\/2021\/05\/24\/samsung-acompano-a-miss-bolivia-universo-con-tecnologia-de-alta-gama\/#primaryimage"},"image":{"@id":"https:\/\/www.eldiario.net\/portal\/2021\/05\/24\/samsung-acompano-a-miss-bolivia-universo-con-tecnologia-de-alta-gama\/#primaryimage"},"thumbnailUrl":"https:\/\/www.eldiario.net\/portal\/wp-content\/uploads\/2021\/05\/3-C-2.jpg","datePublished":"2021-05-24T08:34:55+00:00","breadcrumb":{"@id":"https:\/\/www.eldiario.net\/portal\/2021\/05\/24\/samsung-acompano-a-miss-bolivia-universo-con-tecnologia-de-alta-gama\/#breadcrumb"},"inLanguage":"es","potentialAction":[{"@type":"ReadAction","target":["https:\/\/www.eldiario.net\/portal\/2021\/05\/24\/samsung-acompano-a-miss-bolivia-universo-con-tecnologia-de-alta-gama\/"]}]},{"@type":"ImageObject","inLanguage":"es","@id":"https:\/\/www.eldiario.net\/portal\/2021\/05\/24\/samsung-acompano-a-miss-bolivia-universo-con-tecnologia-de-alta-gama\/#primaryimage","url":"https:\/\/www.eldiario.net\/portal\/wp-content\/uploads\/2021\/05\/3-C-2.jpg","contentUrl":"https:\/\/www.eldiario.net\/portal\/wp-content\/uploads\/2021\/05\/3-C-2.jpg","width":1000,"height":890},{"@type":"BreadcrumbList","@id":"https:\/\/www.eldiario.net\/portal\/2021\/05\/24\/samsung-acompano-a-miss-bolivia-universo-con-tecnologia-de-alta-gama\/#breadcrumb","itemListElement":[{"@type":"ListItem","position":1,"name":"Portada","item":"https:\/\/www.eldiario.net\/portal\/"},{"@type":"ListItem","position":2,"name":"Samsung acompa\u00f1\u00f3 a Miss Bolivia Universo con tecnolog\u00eda de alta gama"}]},{"@type":"WebSite","@id":"https:\/\/www.eldiario.net\/portal\/#website","url":"https:\/\/www.eldiario.net\/portal\/","name":"El Diario - Decano de la prensa nacional","description":"El Diario - Decano de la prensa nacional","publisher":{"@id":"https:\/\/www.eldiario.net\/portal\/#organization"},"potentialAction":[{"@type":"SearchAction","target":{"@type":"EntryPoint","urlTemplate":"https:\/\/www.eldiario.net\/portal\/?s={search_term_string}"},"query-input":{"@type":"PropertyValueSpecification","valueRequired":true,"valueName":"search_term_string"}}],"inLanguage":"es"},{"@type":"Organization","@id":"https:\/\/www.eldiario.net\/portal\/#organization","name":"El Diario - Decano de la prensa nacional","url":"https:\/\/www.eldiario.net\/portal\/","logo":{"@type":"ImageObject","inLanguage":"es","@id":"https:\/\/www.eldiario.net\/portal\/#\/schema\/logo\/image\/","url":"https:\/\/www.eldiario.net\/portal\/wp-content\/uploads\/2023\/07\/logo_ED.jpg","contentUrl":"https:\/\/www.eldiario.net\/portal\/wp-content\/uploads\/2023\/07\/logo_ED.jpg","width":272,"height":52,"caption":"El Diario - Decano de la prensa nacional"},"image":{"@id":"https:\/\/www.eldiario.net\/portal\/#\/schema\/logo\/image\/"},"sameAs":["https:\/\/www.facebook.com\/eldiario.bolivia\/","https:\/\/x.com\/eldiario_net"]},{"@type":"Person","@id":"https:\/\/www.eldiario.net\/portal\/#\/schema\/person\/2c57cf2b7a7ae032e449e4c9b1019eac","name":"Jeanette","image":{"@type":"ImageObject","inLanguage":"es","@id":"https:\/\/secure.gravatar.com\/avatar\/3ea2118a5f7dad2b7138b1187a6b7ee55f160b9968b66013c3a3ef39dd7e5798?s=96&d=mm&r=g","url":"https:\/\/secure.gravatar.com\/avatar\/3ea2118a5f7dad2b7138b1187a6b7ee55f160b9968b66013c3a3ef39dd7e5798?s=96&d=mm&r=g","contentUrl":"https:\/\/secure.gravatar.com\/avatar\/3ea2118a5f7dad2b7138b1187a6b7ee55f160b9968b66013c3a3ef39dd7e5798?s=96&d=mm&r=g","caption":"Jeanette"},"sameAs":["https:\/\/www.eldiario.net\/portal"],"url":"https:\/\/www.eldiario.net\/portal\/author\/jeanette\/"}]}},"_links":{"self":[{"href":"https:\/\/www.eldiario.net\/portal\/wp-json\/wp\/v2\/posts\/5873","targetHints":{"allow":["GET"]}}],"collection":[{"href":"https:\/\/www.eldiario.net\/portal\/wp-json\/wp\/v2\/posts"}],"about":[{"href":"https:\/\/www.eldiario.net\/portal\/wp-json\/wp\/v2\/types\/post"}],"author":[{"embeddable":true,"href":"https:\/\/www.eldiario.net\/portal\/wp-json\/wp\/v2\/users\/1"}],"replies":[{"embeddable":true,"href":"https:\/\/www.eldiario.net\/portal\/wp-json\/wp\/v2\/comments?post=5873"}],"version-history":[{"count":0,"href":"https:\/\/www.eldiario.net\/portal\/wp-json\/wp\/v2\/posts\/5873\/revisions"}],"wp:featuredmedia":[{"embeddable":true,"href":"https:\/\/www.eldiario.net\/portal\/wp-json\/wp\/v2\/media\/5874"}],"wp:attachment":[{"href":"https:\/\/www.eldiario.net\/portal\/wp-json\/wp\/v2\/media?parent=5873"}],"wp:term":[{"taxonomy":"category","embeddable":true,"href":"https:\/\/www.eldiario.net\/portal\/wp-json\/wp\/v2\/categories?post=5873"},{"taxonomy":"post_tag","embeddable":true,"href":"https:\/\/www.eldiario.net\/portal\/wp-json\/wp\/v2\/tags?post=5873"}],"curies":[{"name":"wp","href":"https:\/\/api.w.org\/{rel}","templated":true}]}}